{"id":6426,"date":"2021-05-26T06:34:09","date_gmt":"2021-05-26T10:34:09","guid":{"rendered":"https:\/\/www.eldiario.net\/portal\/?p=6426"},"modified":"2021-05-26T06:34:09","modified_gmt":"2021-05-26T10:34:09","slug":"advierten-irregularidades-en-designacion-de-jueces","status":"publish","type":"post","link":"https:\/\/www.eldiario.net\/portal\/2021\/05\/26\/advierten-irregularidades-en-designacion-de-jueces\/","title":{"rendered":"Advierten \u201cirregularidades\u201d  en designaci\u00f3n de jueces"},"content":{"rendered":"<p>Despu\u00e9s de conocerse que el ex fiscal departamental de La Paz, Edwin Blanco, denunciado por haber ocultado pruebas que demostraban la inocencia del m\u00e9dico Jhiery Fern\u00e1ndez, fue designado como juez de sentencia de La Paz, el Ministerio de Justicia inform\u00f3 que solicit\u00f3 al Consejo de la Magistratura copias legalizadas del proceso de selecci\u00f3n, tras verificar irregularidades.<br \/>\n\u201cEsta cartera de Estado hizo el requerimiento al verificar irregularidades y anomal\u00edas en la administraci\u00f3n de pruebas y proceso de calificaci\u00f3n de los postulantes\u201d, se lee en parte del comunicado difundi\u00f3 ayer el Ministerio de Justicia a trav\u00e9s de sus redes sociales.<br \/>\nEl Ministerio de Justicia record\u00f3 que la sociedad aguarda que esos nombramientos recaigan en profesionales del derecho sin antecedentes de prevaricato o manipulaci\u00f3n de la justicia.<br \/>\nExhort\u00f3 al Consejo de la Magistratura a privilegiar en todo momento la elecci\u00f3n de autoridades bajo criterios de meritocracia, independencia, \u00e9tica y probidad moral y profesional.<\/p>\n<p>JUECES OBSERVADOS<br \/>\nDespu\u00e9s de conocerse que el exfiscal Blanco y el exjuez Franz Zabaleta, quien fue enviado con detenci\u00f3n preventiva, tras ser sorprendido consumiendo bebidas alcoh\u00f3licas con litigantes en Chulumani, las redes sociales se llenaron de cuestionamientos y rechazo a estas nuevas autoridades judiciales.<br \/>\nEl representante distrital del Consejo de la Magistratura en La Paz, Marco C\u00e1rdenas, manifest\u00f3 que el exfiscal Blanco hab\u00eda conseguido el cuarto lugar en puntajes entre los postulantes.<br \/>\n\u201cEn el caso del doctor Blanco no tiene antecedentes de procesos disciplinarios porque nunca fue autoridad judicial (\u2026), se hace las solicitudes de declaraciones juradas para ver que no haya tenido procesos ni en el Colegio de Abogados ni el Ministerio de Justicia, ha tendido las certificaciones de que no tiene procesos que tenga una sentencia ejecutoriada (\u2026). Se hace la verificaci\u00f3n de m\u00e9ritos, una vez que se verifican los m\u00e9ritos ellos est\u00e1n habilitados para un examen, en este caso, el doctor Blanco ocupaba el cuarto lugar con un m\u00e9rito de 18, la prueba de examen ha sacado 47 y teniendo una nota final de 65. Posteriormente viene un examen psicol\u00f3gico y entrevista, eso lo realizan en Sucre\u201d, precis\u00f3 a radio Compa\u00f1era.<br \/>\nAclar\u00f3 que para el juzgado para el cual se postul\u00f3 Blanco, hubo seis personas habilitadas de un total de 15 postulantes. De los postulantes finalistas, cualquiera pod\u00eda ser juez, empero los consejeros de la Magistratura optaron por Blanco.<br \/>\nPor otro lado, explic\u00f3 que solo hay tres opciones para que Blanco no se haga del cargo, la primera es que no recoja su memor\u00e1ndum de asignaci\u00f3n, que tenga una sentencia ejecutoriada y que tenga un proceso disciplinario por faltas graves.<br \/>\nBlanco promovi\u00f3 la sentencia del m\u00e9dico Jhiery Fern\u00e1ndez sin tener pruebas cient\u00edficas que demuestran la culpabilidad en el hecho. A la fecha es investigado por la presunta comisi\u00f3n de los delitos de incumplimiento de deberes y resoluciones contrarias a la ley y la Constituci\u00f3n.<\/p>\n","protected":false},"excerpt":{"rendered":"<p>Despu\u00e9s de conocerse que el ex fiscal departamental de La Paz, Edwin Blanco, denunciado por haber ocultado pruebas que demostraban la inocencia del m\u00e9dico Jhiery Fern\u00e1ndez, fue designado como juez de sentencia de La Paz, el Ministerio de Justicia inform\u00f3 que solicit\u00f3 al Consejo de la Magistratura copias legalizadas del proceso de selecci\u00f3n, tras verificar [&hellip;]<\/p>\n","protected":false},"author":1,"featured_media":6427,"comment_status":"closed","ping_status":"closed","sticky":false,"template":"","format":"standard","meta":{"_acf_changed":false,"footnotes":""},"categories":[39],"tags":[],"class_list":["post-6426","post","type-post","status-publish","format-standard","has-post-thumbnail","category-sociedad"],"acf":{"antetitulo":""},"yoast_head":"<!-- This site is optimized with the Yoast SEO plugin v28.3 - https:\/\/yoast.com\/product\/yoast-seo-wordpress\/ -->\n<title>Advierten \u201cirregularidades\u201d en designaci\u00f3n de jueces - El Diario - Bolivia<\/title>\n<meta name=\"robots\" content=\"index, follow, max-snippet:-1, max-image-preview:large, max-video-preview:-1\" \/>\n<link rel=\"canonical\" href=\"https:\/\/www.eldiario.net\/portal\/2021\/05\/26\/advierten-irregularidades-en-designacion-de-jueces\/\" \/>\n<meta property=\"og:locale\" content=\"es_ES\" \/>\n<meta property=\"og:type\" content=\"article\" \/>\n<meta property=\"og:title\" content=\"Advierten \u201cirregularidades\u201d en designaci\u00f3n de jueces - El Diario - Bolivia\" \/>\n<meta property=\"og:description\" content=\"Despu\u00e9s de conocerse que el ex fiscal departamental de La Paz, Edwin Blanco, denunciado por haber ocultado pruebas que demostraban la inocencia del m\u00e9dico Jhiery Fern\u00e1ndez, fue designado como juez de sentencia de La Paz, el Ministerio de Justicia inform\u00f3 que solicit\u00f3 al Consejo de la Magistratura copias legalizadas del proceso de selecci\u00f3n, tras verificar [&hellip;]\" \/>\n<meta property=\"og:url\" content=\"https:\/\/www.eldiario.net\/portal\/2021\/05\/26\/advierten-irregularidades-en-designacion-de-jueces\/\" \/>\n<meta property=\"og:site_name\" content=\"El Diario - Bolivia\" \/>\n<meta property=\"article:publisher\" content=\"https:\/\/www.facebook.com\/eldiario.bolivia\/\" \/>\n<meta property=\"article:published_time\" content=\"2021-05-26T10:34:09+00:00\" \/>\n<meta name=\"author\" content=\"Jeanette\" \/>\n<meta name=\"twitter:card\" content=\"summary_large_image\" \/>\n<meta name=\"twitter:creator\" content=\"@eldiario_net\" \/>\n<meta name=\"twitter:site\" content=\"@eldiario_net\" \/>\n<meta name=\"twitter:label1\" content=\"Escrito por\" \/>\n\t<meta name=\"twitter:data1\" content=\"Jeanette\" \/>\n\t<meta name=\"twitter:label2\" content=\"Tiempo de lectura\" \/>\n\t<meta name=\"twitter:data2\" content=\"3 minutos\" \/>\n<script type=\"application\/ld+json\" class=\"yoast-schema-graph\">{\"@context\":\"https:\\\/\\\/schema.org\",\"@graph\":[{\"@type\":\"Article\",\"@id\":\"https:\\\/\\\/www.eldiario.net\\\/portal\\\/2021\\\/05\\\/26\\\/advierten-irregularidades-en-designacion-de-jueces\\\/#article\",\"isPartOf\":{\"@id\":\"https:\\\/\\\/www.eldiario.net\\\/portal\\\/2021\\\/05\\\/26\\\/advierten-irregularidades-en-designacion-de-jueces\\\/\"},\"author\":{\"name\":\"Jeanette\",\"@id\":\"https:\\\/\\\/www.eldiario.net\\\/portal\\\/#\\\/schema\\\/person\\\/f46445640444750d7d753ccd04ae01b7\"},\"headline\":\"Advierten \u201cirregularidades\u201d en designaci\u00f3n de jueces\",\"datePublished\":\"2021-05-26T10:34:09+00:00\",\"mainEntityOfPage\":{\"@id\":\"https:\\\/\\\/www.eldiario.net\\\/portal\\\/2021\\\/05\\\/26\\\/advierten-irregularidades-en-designacion-de-jueces\\\/\"},\"wordCount\":498,\"publisher\":{\"@id\":\"https:\\\/\\\/www.eldiario.net\\\/portal\\\/#organization\"},\"image\":{\"@id\":\"https:\\\/\\\/www.eldiario.net\\\/portal\\\/2021\\\/05\\\/26\\\/advierten-irregularidades-en-designacion-de-jueces\\\/#primaryimage\"},\"thumbnailUrl\":\"\",\"articleSection\":[\"Sociedad - Seguridad\"],\"inLanguage\":\"es\"},{\"@type\":\"WebPage\",\"@id\":\"https:\\\/\\\/www.eldiario.net\\\/portal\\\/2021\\\/05\\\/26\\\/advierten-irregularidades-en-designacion-de-jueces\\\/\",\"url\":\"https:\\\/\\\/www.eldiario.net\\\/portal\\\/2021\\\/05\\\/26\\\/advierten-irregularidades-en-designacion-de-jueces\\\/\",\"name\":\"Advierten \u201cirregularidades\u201d en designaci\u00f3n de jueces - El Diario - Bolivia\",\"isPartOf\":{\"@id\":\"https:\\\/\\\/www.eldiario.net\\\/portal\\\/#website\"},\"primaryImageOfPage\":{\"@id\":\"https:\\\/\\\/www.eldiario.net\\\/portal\\\/2021\\\/05\\\/26\\\/advierten-irregularidades-en-designacion-de-jueces\\\/#primaryimage\"},\"image\":{\"@id\":\"https:\\\/\\\/www.eldiario.net\\\/portal\\\/2021\\\/05\\\/26\\\/advierten-irregularidades-en-designacion-de-jueces\\\/#primaryimage\"},\"thumbnailUrl\":\"\",\"datePublished\":\"2021-05-26T10:34:09+00:00\",\"breadcrumb\":{\"@id\":\"https:\\\/\\\/www.eldiario.net\\\/portal\\\/2021\\\/05\\\/26\\\/advierten-irregularidades-en-designacion-de-jueces\\\/#breadcrumb\"},\"inLanguage\":\"es\",\"potentialAction\":[{\"@type\":\"ReadAction\",\"target\":[\"https:\\\/\\\/www.eldiario.net\\\/portal\\\/2021\\\/05\\\/26\\\/advierten-irregularidades-en-designacion-de-jueces\\\/\"]}]},{\"@type\":\"ImageObject\",\"inLanguage\":\"es\",\"@id\":\"https:\\\/\\\/www.eldiario.net\\\/portal\\\/2021\\\/05\\\/26\\\/advierten-irregularidades-en-designacion-de-jueces\\\/#primaryimage\",\"url\":\"\",\"contentUrl\":\"\"},{\"@type\":\"BreadcrumbList\",\"@id\":\"https:\\\/\\\/www.eldiario.net\\\/portal\\\/2021\\\/05\\\/26\\\/advierten-irregularidades-en-designacion-de-jueces\\\/#breadcrumb\",\"itemListElement\":[{\"@type\":\"ListItem\",\"position\":1,\"name\":\"Portada\",\"item\":\"https:\\\/\\\/www.eldiario.net\\\/portal\\\/\"},{\"@type\":\"ListItem\",\"position\":2,\"name\":\"Advierten \u201cirregularidades\u201d en designaci\u00f3n de jueces\"}]},{\"@type\":\"WebSite\",\"@id\":\"https:\\\/\\\/www.eldiario.net\\\/portal\\\/#website\",\"url\":\"https:\\\/\\\/www.eldiario.net\\\/portal\\\/\",\"name\":\"El Diario - Decano de la prensa nacional\",\"description\":\"El Diario - Decano de la prensa nacional\",\"publisher\":{\"@id\":\"https:\\\/\\\/www.eldiario.net\\\/portal\\\/#organization\"},\"potentialAction\":[{\"@type\":\"SearchAction\",\"target\":{\"@type\":\"EntryPoint\",\"urlTemplate\":\"https:\\\/\\\/www.eldiario.net\\\/portal\\\/?s={search_term_string}\"},\"query-input\":{\"@type\":\"PropertyValueSpecification\",\"valueRequired\":true,\"valueName\":\"search_term_string\"}}],\"inLanguage\":\"es\"},{\"@type\":\"Organization\",\"@id\":\"https:\\\/\\\/www.eldiario.net\\\/portal\\\/#organization\",\"name\":\"El Diario - Decano de la prensa nacional\",\"url\":\"https:\\\/\\\/www.eldiario.net\\\/portal\\\/\",\"logo\":{\"@type\":\"ImageObject\",\"inLanguage\":\"es\",\"@id\":\"https:\\\/\\\/www.eldiario.net\\\/portal\\\/#\\\/schema\\\/logo\\\/image\\\/\",\"url\":\"https:\\\/\\\/www.eldiario.net\\\/portal\\\/wp-content\\\/uploads\\\/2023\\\/07\\\/logo_ED.jpg\",\"contentUrl\":\"https:\\\/\\\/www.eldiario.net\\\/portal\\\/wp-content\\\/uploads\\\/2023\\\/07\\\/logo_ED.jpg\",\"width\":272,\"height\":52,\"caption\":\"El Diario - Decano de la prensa nacional\"},\"image\":{\"@id\":\"https:\\\/\\\/www.eldiario.net\\\/portal\\\/#\\\/schema\\\/logo\\\/image\\\/\"},\"sameAs\":[\"https:\\\/\\\/www.facebook.com\\\/eldiario.bolivia\\\/\",\"https:\\\/\\\/x.com\\\/eldiario_net\"]},{\"@type\":\"Person\",\"@id\":\"https:\\\/\\\/www.eldiario.net\\\/portal\\\/#\\\/schema\\\/person\\\/f46445640444750d7d753ccd04ae01b7\",\"name\":\"Jeanette\",\"image\":{\"@type\":\"ImageObject\",\"inLanguage\":\"es\",\"@id\":\"https:\\\/\\\/secure.gravatar.com\\\/avatar\\\/3ea2118a5f7dad2b7138b1187a6b7ee55f160b9968b66013c3a3ef39dd7e5798?s=96&d=mm&r=g\",\"url\":\"https:\\\/\\\/secure.gravatar.com\\\/avatar\\\/3ea2118a5f7dad2b7138b1187a6b7ee55f160b9968b66013c3a3ef39dd7e5798?s=96&d=mm&r=g\",\"contentUrl\":\"https:\\\/\\\/secure.gravatar.com\\\/avatar\\\/3ea2118a5f7dad2b7138b1187a6b7ee55f160b9968b66013c3a3ef39dd7e5798?s=96&d=mm&r=g\",\"caption\":\"Jeanette\"},\"sameAs\":[\"https:\\\/\\\/www.eldiario.net\\\/portal\"],\"url\":\"https:\\\/\\\/www.eldiario.net\\\/portal\\\/author\\\/jeanette\\\/\"}]}<\/script>\n<!-- \/ Yoast SEO plugin. -->","yoast_head_json":{"title":"Advierten \u201cirregularidades\u201d en designaci\u00f3n de jueces - El Diario - Bolivia","robots":{"index":"index","follow":"follow","max-snippet":"max-snippet:-1","max-image-preview":"max-image-preview:large","max-video-preview":"max-video-preview:-1"},"canonical":"https:\/\/www.eldiario.net\/portal\/2021\/05\/26\/advierten-irregularidades-en-designacion-de-jueces\/","og_locale":"es_ES","og_type":"article","og_title":"Advierten \u201cirregularidades\u201d en designaci\u00f3n de jueces - El Diario - Bolivia","og_description":"Despu\u00e9s de conocerse que el ex fiscal departamental de La Paz, Edwin Blanco, denunciado por haber ocultado pruebas que demostraban la inocencia del m\u00e9dico Jhiery Fern\u00e1ndez, fue designado como juez de sentencia de La Paz, el Ministerio de Justicia inform\u00f3 que solicit\u00f3 al Consejo de la Magistratura copias legalizadas del proceso de selecci\u00f3n, tras verificar [&hellip;]","og_url":"https:\/\/www.eldiario.net\/portal\/2021\/05\/26\/advierten-irregularidades-en-designacion-de-jueces\/","og_site_name":"El Diario - Bolivia","article_publisher":"https:\/\/www.facebook.com\/eldiario.bolivia\/","article_published_time":"2021-05-26T10:34:09+00:00","author":"Jeanette","twitter_card":"summary_large_image","twitter_creator":"@eldiario_net","twitter_site":"@eldiario_net","twitter_misc":{"Escrito por":"Jeanette","Tiempo de lectura":"3 minutos"},"schema":{"@context":"https:\/\/schema.org","@graph":[{"@type":"Article","@id":"https:\/\/www.eldiario.net\/portal\/2021\/05\/26\/advierten-irregularidades-en-designacion-de-jueces\/#article","isPartOf":{"@id":"https:\/\/www.eldiario.net\/portal\/2021\/05\/26\/advierten-irregularidades-en-designacion-de-jueces\/"},"author":{"name":"Jeanette","@id":"https:\/\/www.eldiario.net\/portal\/#\/schema\/person\/f46445640444750d7d753ccd04ae01b7"},"headline":"Advierten \u201cirregularidades\u201d en designaci\u00f3n de jueces","datePublished":"2021-05-26T10:34:09+00:00","mainEntityOfPage":{"@id":"https:\/\/www.eldiario.net\/portal\/2021\/05\/26\/advierten-irregularidades-en-designacion-de-jueces\/"},"wordCount":498,"publisher":{"@id":"https:\/\/www.eldiario.net\/portal\/#organization"},"image":{"@id":"https:\/\/www.eldiario.net\/portal\/2021\/05\/26\/advierten-irregularidades-en-designacion-de-jueces\/#primaryimage"},"thumbnailUrl":"","articleSection":["Sociedad - Seguridad"],"inLanguage":"es"},{"@type":"WebPage","@id":"https:\/\/www.eldiario.net\/portal\/2021\/05\/26\/advierten-irregularidades-en-designacion-de-jueces\/","url":"https:\/\/www.eldiario.net\/portal\/2021\/05\/26\/advierten-irregularidades-en-designacion-de-jueces\/","name":"Advierten \u201cirregularidades\u201d en designaci\u00f3n de jueces - El Diario - Bolivia","isPartOf":{"@id":"https:\/\/www.eldiario.net\/portal\/#website"},"primaryImageOfPage":{"@id":"https:\/\/www.eldiario.net\/portal\/2021\/05\/26\/advierten-irregularidades-en-designacion-de-jueces\/#primaryimage"},"image":{"@id":"https:\/\/www.eldiario.net\/portal\/2021\/05\/26\/advierten-irregularidades-en-designacion-de-jueces\/#primaryimage"},"thumbnailUrl":"","datePublished":"2021-05-26T10:34:09+00:00","breadcrumb":{"@id":"https:\/\/www.eldiario.net\/portal\/2021\/05\/26\/advierten-irregularidades-en-designacion-de-jueces\/#breadcrumb"},"inLanguage":"es","potentialAction":[{"@type":"ReadAction","target":["https:\/\/www.eldiario.net\/portal\/2021\/05\/26\/advierten-irregularidades-en-designacion-de-jueces\/"]}]},{"@type":"ImageObject","inLanguage":"es","@id":"https:\/\/www.eldiario.net\/portal\/2021\/05\/26\/advierten-irregularidades-en-designacion-de-jueces\/#primaryimage","url":"","contentUrl":""},{"@type":"BreadcrumbList","@id":"https:\/\/www.eldiario.net\/portal\/2021\/05\/26\/advierten-irregularidades-en-designacion-de-jueces\/#breadcrumb","itemListElement":[{"@type":"ListItem","position":1,"name":"Portada","item":"https:\/\/www.eldiario.net\/portal\/"},{"@type":"ListItem","position":2,"name":"Advierten \u201cirregularidades\u201d en designaci\u00f3n de jueces"}]},{"@type":"WebSite","@id":"https:\/\/www.eldiario.net\/portal\/#website","url":"https:\/\/www.eldiario.net\/portal\/","name":"El Diario - Decano de la prensa nacional","description":"El Diario - Decano de la prensa nacional","publisher":{"@id":"https:\/\/www.eldiario.net\/portal\/#organization"},"potentialAction":[{"@type":"SearchAction","target":{"@type":"EntryPoint","urlTemplate":"https:\/\/www.eldiario.net\/portal\/?s={search_term_string}"},"query-input":{"@type":"PropertyValueSpecification","valueRequired":true,"valueName":"search_term_string"}}],"inLanguage":"es"},{"@type":"Organization","@id":"https:\/\/www.eldiario.net\/portal\/#organization","name":"El Diario - Decano de la prensa nacional","url":"https:\/\/www.eldiario.net\/portal\/","logo":{"@type":"ImageObject","inLanguage":"es","@id":"https:\/\/www.eldiario.net\/portal\/#\/schema\/logo\/image\/","url":"https:\/\/www.eldiario.net\/portal\/wp-content\/uploads\/2023\/07\/logo_ED.jpg","contentUrl":"https:\/\/www.eldiario.net\/portal\/wp-content\/uploads\/2023\/07\/logo_ED.jpg","width":272,"height":52,"caption":"El Diario - Decano de la prensa nacional"},"image":{"@id":"https:\/\/www.eldiario.net\/portal\/#\/schema\/logo\/image\/"},"sameAs":["https:\/\/www.facebook.com\/eldiario.bolivia\/","https:\/\/x.com\/eldiario_net"]},{"@type":"Person","@id":"https:\/\/www.eldiario.net\/portal\/#\/schema\/person\/f46445640444750d7d753ccd04ae01b7","name":"Jeanette","image":{"@type":"ImageObject","inLanguage":"es","@id":"https:\/\/secure.gravatar.com\/avatar\/3ea2118a5f7dad2b7138b1187a6b7ee55f160b9968b66013c3a3ef39dd7e5798?s=96&d=mm&r=g","url":"https:\/\/secure.gravatar.com\/avatar\/3ea2118a5f7dad2b7138b1187a6b7ee55f160b9968b66013c3a3ef39dd7e5798?s=96&d=mm&r=g","contentUrl":"https:\/\/secure.gravatar.com\/avatar\/3ea2118a5f7dad2b7138b1187a6b7ee55f160b9968b66013c3a3ef39dd7e5798?s=96&d=mm&r=g","caption":"Jeanette"},"sameAs":["https:\/\/www.eldiario.net\/portal"],"url":"https:\/\/www.eldiario.net\/portal\/author\/jeanette\/"}]}},"_links":{"self":[{"href":"https:\/\/www.eldiario.net\/portal\/wp-json\/wp\/v2\/posts\/6426","targetHints":{"allow":["GET"]}}],"collection":[{"href":"https:\/\/www.eldiario.net\/portal\/wp-json\/wp\/v2\/posts"}],"about":[{"href":"https:\/\/www.eldiario.net\/portal\/wp-json\/wp\/v2\/types\/post"}],"author":[{"embeddable":true,"href":"https:\/\/www.eldiario.net\/portal\/wp-json\/wp\/v2\/users\/1"}],"replies":[{"embeddable":true,"href":"https:\/\/www.eldiario.net\/portal\/wp-json\/wp\/v2\/comments?post=6426"}],"version-history":[{"count":0,"href":"https:\/\/www.eldiario.net\/portal\/wp-json\/wp\/v2\/posts\/6426\/revisions"}],"wp:attachment":[{"href":"https:\/\/www.eldiario.net\/portal\/wp-json\/wp\/v2\/media?parent=6426"}],"wp:term":[{"taxonomy":"category","embeddable":true,"href":"https:\/\/www.eldiario.net\/portal\/wp-json\/wp\/v2\/categories?post=6426"},{"taxonomy":"post_tag","embeddable":true,"href":"https:\/\/www.eldiario.net\/portal\/wp-json\/wp\/v2\/tags?post=6426"}],"curies":[{"name":"wp","href":"https:\/\/api.w.org\/{rel}","templated":true}]}}