{"id":6423,"date":"2021-05-26T06:32:45","date_gmt":"2021-05-26T10:32:45","guid":{"rendered":"https:\/\/www.eldiario.net\/portal\/?p=6423"},"modified":"2021-05-26T06:32:45","modified_gmt":"2021-05-26T10:32:45","slug":"amplian-vacunacion-para-mayores-de-40-anos-y-conductores-publicos","status":"publish","type":"post","link":"https:\/\/www.eldiario.net\/portal\/2021\/05\/26\/amplian-vacunacion-para-mayores-de-40-anos-y-conductores-publicos\/","title":{"rendered":"Ampl\u00edan vacunaci\u00f3n para mayores de 40 a\u00f1os y conductores p\u00fablicos"},"content":{"rendered":"<p>El Gobierno nacional anunci\u00f3 que desde hoy el plan de vacunaci\u00f3n contra el covid-19 se ampl\u00eda para beneficiar a personas mayores de 40 a\u00f1os y todo el sector del autotransporte urbano en todo el pa\u00eds.<br \/>\n\u201cEl Gobierno del Estado Plurinacional de Bolivia informa a la poblaci\u00f3n que a partir de este mi\u00e9rcoles, 26 de mayo, la vacunaci\u00f3n contra el covid-19 se extiende a personas mayores de 40 a\u00f1os, incluyendo a todo el sector de choferes del transporte p\u00fablico urbano en todo el territorio nacional\u201d, dice un comunicado publicado ayer por el Viceministerio de Comunicaci\u00f3n.<br \/>\nHasta ayer la vacunaci\u00f3n era para personas mayores de 50 a\u00f1os y otros sectores, incluyendo a maestros de escuela y periodistas.<br \/>\nHasta el 24 de mayo se vacun\u00f3 con la primera dosis a 1.112.812 personas, mientras que 302.808 recibieron la segunda, reflej\u00f3 Erbol.<br \/>\nPor otro lado, el mecanismo Covax anunci\u00f3 que hoy entrega a Bolivia un nuevo lote de vacunas Pfizer contra el covid-19. La recepci\u00f3n se realizar\u00e1 en el Instituto Nacional de Laboratorios de Salud (Inlasa), localizado en la ciudad de La Paz.<br \/>\nSeg\u00fan la publicaci\u00f3n de ABI, Covax est\u00e1 dirigido por la coalici\u00f3n para las Innovaciones en la Preparaci\u00f3n ante Epidemias (CEPI), la Alianza Global para las Vacunas (Gavi) y la Organizaci\u00f3n Mundial de la Salud, junto al socio clave en la ejecuci\u00f3n, Unicef.<br \/>\nLa llegada de este nuevo lote de inmunizantes del mecanismo Covax, se sumar\u00e1 al arribo de un mill\u00f3n de vacunas chinas Sinopharm en junio pr\u00f3ximo, con lo que se reforzar\u00e1 la campa\u00f1a de inmunizaci\u00f3n masiva.<br \/>\nUn total de 2.517 nuevos contagios de coronavirus y 59 decesos fueron reportados hasta la noche del lunes en el pa\u00eds, inform\u00f3 el Ministerio de Salud y Deportes.<br \/>\nCon el total de casos, el acumulado se increment\u00f3 352.170. En el caso de las personas que perdieron la batalla contra el virus subi\u00f3 a 14.024.<br \/>\nEn el reporte epidemiol\u00f3gico, Santa Cruz report\u00f3 820 casos, Cochabamba 769, La Paz 303, Tarija 277, Chuquisaca 128, Oruro 115, Potos\u00ed 41, Beni 36 y Pando 28.<\/p>\n","protected":false},"excerpt":{"rendered":"<p>El Gobierno nacional anunci\u00f3 que desde hoy el plan de vacunaci\u00f3n contra el covid-19 se ampl\u00eda para beneficiar a personas mayores de 40 a\u00f1os y todo el sector del autotransporte urbano en todo el pa\u00eds. \u201cEl Gobierno del Estado Plurinacional de Bolivia informa a la poblaci\u00f3n que a partir de este mi\u00e9rcoles, 26 de mayo, [&hellip;]<\/p>\n","protected":false},"author":1,"featured_media":6424,"comment_status":"closed","ping_status":"closed","sticky":false,"template":"","format":"standard","meta":{"_acf_changed":false,"footnotes":""},"categories":[12],"tags":[],"class_list":["post-6423","post","type-post","status-publish","format-standard","has-post-thumbnail","category-nacional"],"acf":{"antetitulo":""},"yoast_head":"<!-- This site is optimized with the Yoast SEO plugin v28.3 - https:\/\/yoast.com\/product\/yoast-seo-wordpress\/ -->\n<title>Ampl\u00edan vacunaci\u00f3n para mayores de 40 a\u00f1os y conductores p\u00fablicos - El Diario - Bolivia<\/title>\n<meta name=\"robots\" content=\"index, follow, max-snippet:-1, max-image-preview:large, max-video-preview:-1\" \/>\n<link rel=\"canonical\" href=\"https:\/\/www.eldiario.net\/portal\/2021\/05\/26\/amplian-vacunacion-para-mayores-de-40-anos-y-conductores-publicos\/\" \/>\n<meta property=\"og:locale\" content=\"es_ES\" \/>\n<meta property=\"og:type\" content=\"article\" \/>\n<meta property=\"og:title\" content=\"Ampl\u00edan vacunaci\u00f3n para mayores de 40 a\u00f1os y conductores p\u00fablicos - El Diario - Bolivia\" \/>\n<meta property=\"og:description\" content=\"El Gobierno nacional anunci\u00f3 que desde hoy el plan de vacunaci\u00f3n contra el covid-19 se ampl\u00eda para beneficiar a personas mayores de 40 a\u00f1os y todo el sector del autotransporte urbano en todo el pa\u00eds. \u201cEl Gobierno del Estado Plurinacional de Bolivia informa a la poblaci\u00f3n que a partir de este mi\u00e9rcoles, 26 de mayo, [&hellip;]\" \/>\n<meta property=\"og:url\" content=\"https:\/\/www.eldiario.net\/portal\/2021\/05\/26\/amplian-vacunacion-para-mayores-de-40-anos-y-conductores-publicos\/\" \/>\n<meta property=\"og:site_name\" content=\"El Diario - Bolivia\" \/>\n<meta property=\"article:publisher\" content=\"https:\/\/www.facebook.com\/eldiario.bolivia\/\" \/>\n<meta property=\"article:published_time\" content=\"2021-05-26T10:32:45+00:00\" \/>\n<meta name=\"author\" content=\"Jeanette\" \/>\n<meta name=\"twitter:card\" content=\"summary_large_image\" \/>\n<meta name=\"twitter:creator\" content=\"@eldiario_net\" \/>\n<meta name=\"twitter:site\" content=\"@eldiario_net\" \/>\n<meta name=\"twitter:label1\" content=\"Escrito por\" \/>\n\t<meta name=\"twitter:data1\" content=\"Jeanette\" \/>\n\t<meta name=\"twitter:label2\" content=\"Tiempo de lectura\" \/>\n\t<meta name=\"twitter:data2\" content=\"2 minutos\" \/>\n<script type=\"application\/ld+json\" class=\"yoast-schema-graph\">{\"@context\":\"https:\\\/\\\/schema.org\",\"@graph\":[{\"@type\":\"Article\",\"@id\":\"https:\\\/\\\/www.eldiario.net\\\/portal\\\/2021\\\/05\\\/26\\\/amplian-vacunacion-para-mayores-de-40-anos-y-conductores-publicos\\\/#article\",\"isPartOf\":{\"@id\":\"https:\\\/\\\/www.eldiario.net\\\/portal\\\/2021\\\/05\\\/26\\\/amplian-vacunacion-para-mayores-de-40-anos-y-conductores-publicos\\\/\"},\"author\":{\"name\":\"Jeanette\",\"@id\":\"https:\\\/\\\/www.eldiario.net\\\/portal\\\/#\\\/schema\\\/person\\\/f46445640444750d7d753ccd04ae01b7\"},\"headline\":\"Ampl\u00edan vacunaci\u00f3n para mayores de 40 a\u00f1os y conductores p\u00fablicos\",\"datePublished\":\"2021-05-26T10:32:45+00:00\",\"mainEntityOfPage\":{\"@id\":\"https:\\\/\\\/www.eldiario.net\\\/portal\\\/2021\\\/05\\\/26\\\/amplian-vacunacion-para-mayores-de-40-anos-y-conductores-publicos\\\/\"},\"wordCount\":354,\"publisher\":{\"@id\":\"https:\\\/\\\/www.eldiario.net\\\/portal\\\/#organization\"},\"image\":{\"@id\":\"https:\\\/\\\/www.eldiario.net\\\/portal\\\/2021\\\/05\\\/26\\\/amplian-vacunacion-para-mayores-de-40-anos-y-conductores-publicos\\\/#primaryimage\"},\"thumbnailUrl\":\"\",\"articleSection\":[\"Nacional\"],\"inLanguage\":\"es\"},{\"@type\":\"WebPage\",\"@id\":\"https:\\\/\\\/www.eldiario.net\\\/portal\\\/2021\\\/05\\\/26\\\/amplian-vacunacion-para-mayores-de-40-anos-y-conductores-publicos\\\/\",\"url\":\"https:\\\/\\\/www.eldiario.net\\\/portal\\\/2021\\\/05\\\/26\\\/amplian-vacunacion-para-mayores-de-40-anos-y-conductores-publicos\\\/\",\"name\":\"Ampl\u00edan vacunaci\u00f3n para mayores de 40 a\u00f1os y conductores p\u00fablicos - El Diario - Bolivia\",\"isPartOf\":{\"@id\":\"https:\\\/\\\/www.eldiario.net\\\/portal\\\/#website\"},\"primaryImageOfPage\":{\"@id\":\"https:\\\/\\\/www.eldiario.net\\\/portal\\\/2021\\\/05\\\/26\\\/amplian-vacunacion-para-mayores-de-40-anos-y-conductores-publicos\\\/#primaryimage\"},\"image\":{\"@id\":\"https:\\\/\\\/www.eldiario.net\\\/portal\\\/2021\\\/05\\\/26\\\/amplian-vacunacion-para-mayores-de-40-anos-y-conductores-publicos\\\/#primaryimage\"},\"thumbnailUrl\":\"\",\"datePublished\":\"2021-05-26T10:32:45+00:00\",\"breadcrumb\":{\"@id\":\"https:\\\/\\\/www.eldiario.net\\\/portal\\\/2021\\\/05\\\/26\\\/amplian-vacunacion-para-mayores-de-40-anos-y-conductores-publicos\\\/#breadcrumb\"},\"inLanguage\":\"es\",\"potentialAction\":[{\"@type\":\"ReadAction\",\"target\":[\"https:\\\/\\\/www.eldiario.net\\\/portal\\\/2021\\\/05\\\/26\\\/amplian-vacunacion-para-mayores-de-40-anos-y-conductores-publicos\\\/\"]}]},{\"@type\":\"ImageObject\",\"inLanguage\":\"es\",\"@id\":\"https:\\\/\\\/www.eldiario.net\\\/portal\\\/2021\\\/05\\\/26\\\/amplian-vacunacion-para-mayores-de-40-anos-y-conductores-publicos\\\/#primaryimage\",\"url\":\"\",\"contentUrl\":\"\"},{\"@type\":\"BreadcrumbList\",\"@id\":\"https:\\\/\\\/www.eldiario.net\\\/portal\\\/2021\\\/05\\\/26\\\/amplian-vacunacion-para-mayores-de-40-anos-y-conductores-publicos\\\/#breadcrumb\",\"itemListElement\":[{\"@type\":\"ListItem\",\"position\":1,\"name\":\"Portada\",\"item\":\"https:\\\/\\\/www.eldiario.net\\\/portal\\\/\"},{\"@type\":\"ListItem\",\"position\":2,\"name\":\"Ampl\u00edan vacunaci\u00f3n para mayores de 40 a\u00f1os y conductores p\u00fablicos\"}]},{\"@type\":\"WebSite\",\"@id\":\"https:\\\/\\\/www.eldiario.net\\\/portal\\\/#website\",\"url\":\"https:\\\/\\\/www.eldiario.net\\\/portal\\\/\",\"name\":\"El Diario - Decano de la prensa nacional\",\"description\":\"El Diario - Decano de la prensa nacional\",\"publisher\":{\"@id\":\"https:\\\/\\\/www.eldiario.net\\\/portal\\\/#organization\"},\"potentialAction\":[{\"@type\":\"SearchAction\",\"target\":{\"@type\":\"EntryPoint\",\"urlTemplate\":\"https:\\\/\\\/www.eldiario.net\\\/portal\\\/?s={search_term_string}\"},\"query-input\":{\"@type\":\"PropertyValueSpecification\",\"valueRequired\":true,\"valueName\":\"search_term_string\"}}],\"inLanguage\":\"es\"},{\"@type\":\"Organization\",\"@id\":\"https:\\\/\\\/www.eldiario.net\\\/portal\\\/#organization\",\"name\":\"El Diario - Decano de la prensa nacional\",\"url\":\"https:\\\/\\\/www.eldiario.net\\\/portal\\\/\",\"logo\":{\"@type\":\"ImageObject\",\"inLanguage\":\"es\",\"@id\":\"https:\\\/\\\/www.eldiario.net\\\/portal\\\/#\\\/schema\\\/logo\\\/image\\\/\",\"url\":\"https:\\\/\\\/www.eldiario.net\\\/portal\\\/wp-content\\\/uploads\\\/2023\\\/07\\\/logo_ED.jpg\",\"contentUrl\":\"https:\\\/\\\/www.eldiario.net\\\/portal\\\/wp-content\\\/uploads\\\/2023\\\/07\\\/logo_ED.jpg\",\"width\":272,\"height\":52,\"caption\":\"El Diario - Decano de la prensa nacional\"},\"image\":{\"@id\":\"https:\\\/\\\/www.eldiario.net\\\/portal\\\/#\\\/schema\\\/logo\\\/image\\\/\"},\"sameAs\":[\"https:\\\/\\\/www.facebook.com\\\/eldiario.bolivia\\\/\",\"https:\\\/\\\/x.com\\\/eldiario_net\"]},{\"@type\":\"Person\",\"@id\":\"https:\\\/\\\/www.eldiario.net\\\/portal\\\/#\\\/schema\\\/person\\\/f46445640444750d7d753ccd04ae01b7\",\"name\":\"Jeanette\",\"image\":{\"@type\":\"ImageObject\",\"inLanguage\":\"es\",\"@id\":\"https:\\\/\\\/secure.gravatar.com\\\/avatar\\\/3ea2118a5f7dad2b7138b1187a6b7ee55f160b9968b66013c3a3ef39dd7e5798?s=96&d=mm&r=g\",\"url\":\"https:\\\/\\\/secure.gravatar.com\\\/avatar\\\/3ea2118a5f7dad2b7138b1187a6b7ee55f160b9968b66013c3a3ef39dd7e5798?s=96&d=mm&r=g\",\"contentUrl\":\"https:\\\/\\\/secure.gravatar.com\\\/avatar\\\/3ea2118a5f7dad2b7138b1187a6b7ee55f160b9968b66013c3a3ef39dd7e5798?s=96&d=mm&r=g\",\"caption\":\"Jeanette\"},\"sameAs\":[\"https:\\\/\\\/www.eldiario.net\\\/portal\"],\"url\":\"https:\\\/\\\/www.eldiario.net\\\/portal\\\/author\\\/jeanette\\\/\"}]}<\/script>\n<!-- \/ Yoast SEO plugin. -->","yoast_head_json":{"title":"Ampl\u00edan vacunaci\u00f3n para mayores de 40 a\u00f1os y conductores p\u00fablicos - El Diario - Bolivia","robots":{"index":"index","follow":"follow","max-snippet":"max-snippet:-1","max-image-preview":"max-image-preview:large","max-video-preview":"max-video-preview:-1"},"canonical":"https:\/\/www.eldiario.net\/portal\/2021\/05\/26\/amplian-vacunacion-para-mayores-de-40-anos-y-conductores-publicos\/","og_locale":"es_ES","og_type":"article","og_title":"Ampl\u00edan vacunaci\u00f3n para mayores de 40 a\u00f1os y conductores p\u00fablicos - El Diario - Bolivia","og_description":"El Gobierno nacional anunci\u00f3 que desde hoy el plan de vacunaci\u00f3n contra el covid-19 se ampl\u00eda para beneficiar a personas mayores de 40 a\u00f1os y todo el sector del autotransporte urbano en todo el pa\u00eds. \u201cEl Gobierno del Estado Plurinacional de Bolivia informa a la poblaci\u00f3n que a partir de este mi\u00e9rcoles, 26 de mayo, [&hellip;]","og_url":"https:\/\/www.eldiario.net\/portal\/2021\/05\/26\/amplian-vacunacion-para-mayores-de-40-anos-y-conductores-publicos\/","og_site_name":"El Diario - Bolivia","article_publisher":"https:\/\/www.facebook.com\/eldiario.bolivia\/","article_published_time":"2021-05-26T10:32:45+00:00","author":"Jeanette","twitter_card":"summary_large_image","twitter_creator":"@eldiario_net","twitter_site":"@eldiario_net","twitter_misc":{"Escrito por":"Jeanette","Tiempo de lectura":"2 minutos"},"schema":{"@context":"https:\/\/schema.org","@graph":[{"@type":"Article","@id":"https:\/\/www.eldiario.net\/portal\/2021\/05\/26\/amplian-vacunacion-para-mayores-de-40-anos-y-conductores-publicos\/#article","isPartOf":{"@id":"https:\/\/www.eldiario.net\/portal\/2021\/05\/26\/amplian-vacunacion-para-mayores-de-40-anos-y-conductores-publicos\/"},"author":{"name":"Jeanette","@id":"https:\/\/www.eldiario.net\/portal\/#\/schema\/person\/f46445640444750d7d753ccd04ae01b7"},"headline":"Ampl\u00edan vacunaci\u00f3n para mayores de 40 a\u00f1os y conductores p\u00fablicos","datePublished":"2021-05-26T10:32:45+00:00","mainEntityOfPage":{"@id":"https:\/\/www.eldiario.net\/portal\/2021\/05\/26\/amplian-vacunacion-para-mayores-de-40-anos-y-conductores-publicos\/"},"wordCount":354,"publisher":{"@id":"https:\/\/www.eldiario.net\/portal\/#organization"},"image":{"@id":"https:\/\/www.eldiario.net\/portal\/2021\/05\/26\/amplian-vacunacion-para-mayores-de-40-anos-y-conductores-publicos\/#primaryimage"},"thumbnailUrl":"","articleSection":["Nacional"],"inLanguage":"es"},{"@type":"WebPage","@id":"https:\/\/www.eldiario.net\/portal\/2021\/05\/26\/amplian-vacunacion-para-mayores-de-40-anos-y-conductores-publicos\/","url":"https:\/\/www.eldiario.net\/portal\/2021\/05\/26\/amplian-vacunacion-para-mayores-de-40-anos-y-conductores-publicos\/","name":"Ampl\u00edan vacunaci\u00f3n para mayores de 40 a\u00f1os y conductores p\u00fablicos - El Diario - Bolivia","isPartOf":{"@id":"https:\/\/www.eldiario.net\/portal\/#website"},"primaryImageOfPage":{"@id":"https:\/\/www.eldiario.net\/portal\/2021\/05\/26\/amplian-vacunacion-para-mayores-de-40-anos-y-conductores-publicos\/#primaryimage"},"image":{"@id":"https:\/\/www.eldiario.net\/portal\/2021\/05\/26\/amplian-vacunacion-para-mayores-de-40-anos-y-conductores-publicos\/#primaryimage"},"thumbnailUrl":"","datePublished":"2021-05-26T10:32:45+00:00","breadcrumb":{"@id":"https:\/\/www.eldiario.net\/portal\/2021\/05\/26\/amplian-vacunacion-para-mayores-de-40-anos-y-conductores-publicos\/#breadcrumb"},"inLanguage":"es","potentialAction":[{"@type":"ReadAction","target":["https:\/\/www.eldiario.net\/portal\/2021\/05\/26\/amplian-vacunacion-para-mayores-de-40-anos-y-conductores-publicos\/"]}]},{"@type":"ImageObject","inLanguage":"es","@id":"https:\/\/www.eldiario.net\/portal\/2021\/05\/26\/amplian-vacunacion-para-mayores-de-40-anos-y-conductores-publicos\/#primaryimage","url":"","contentUrl":""},{"@type":"BreadcrumbList","@id":"https:\/\/www.eldiario.net\/portal\/2021\/05\/26\/amplian-vacunacion-para-mayores-de-40-anos-y-conductores-publicos\/#breadcrumb","itemListElement":[{"@type":"ListItem","position":1,"name":"Portada","item":"https:\/\/www.eldiario.net\/portal\/"},{"@type":"ListItem","position":2,"name":"Ampl\u00edan vacunaci\u00f3n para mayores de 40 a\u00f1os y conductores p\u00fablicos"}]},{"@type":"WebSite","@id":"https:\/\/www.eldiario.net\/portal\/#website","url":"https:\/\/www.eldiario.net\/portal\/","name":"El Diario - Decano de la prensa nacional","description":"El Diario - Decano de la prensa nacional","publisher":{"@id":"https:\/\/www.eldiario.net\/portal\/#organization"},"potentialAction":[{"@type":"SearchAction","target":{"@type":"EntryPoint","urlTemplate":"https:\/\/www.eldiario.net\/portal\/?s={search_term_string}"},"query-input":{"@type":"PropertyValueSpecification","valueRequired":true,"valueName":"search_term_string"}}],"inLanguage":"es"},{"@type":"Organization","@id":"https:\/\/www.eldiario.net\/portal\/#organization","name":"El Diario - Decano de la prensa nacional","url":"https:\/\/www.eldiario.net\/portal\/","logo":{"@type":"ImageObject","inLanguage":"es","@id":"https:\/\/www.eldiario.net\/portal\/#\/schema\/logo\/image\/","url":"https:\/\/www.eldiario.net\/portal\/wp-content\/uploads\/2023\/07\/logo_ED.jpg","contentUrl":"https:\/\/www.eldiario.net\/portal\/wp-content\/uploads\/2023\/07\/logo_ED.jpg","width":272,"height":52,"caption":"El Diario - Decano de la prensa nacional"},"image":{"@id":"https:\/\/www.eldiario.net\/portal\/#\/schema\/logo\/image\/"},"sameAs":["https:\/\/www.facebook.com\/eldiario.bolivia\/","https:\/\/x.com\/eldiario_net"]},{"@type":"Person","@id":"https:\/\/www.eldiario.net\/portal\/#\/schema\/person\/f46445640444750d7d753ccd04ae01b7","name":"Jeanette","image":{"@type":"ImageObject","inLanguage":"es","@id":"https:\/\/secure.gravatar.com\/avatar\/3ea2118a5f7dad2b7138b1187a6b7ee55f160b9968b66013c3a3ef39dd7e5798?s=96&d=mm&r=g","url":"https:\/\/secure.gravatar.com\/avatar\/3ea2118a5f7dad2b7138b1187a6b7ee55f160b9968b66013c3a3ef39dd7e5798?s=96&d=mm&r=g","contentUrl":"https:\/\/secure.gravatar.com\/avatar\/3ea2118a5f7dad2b7138b1187a6b7ee55f160b9968b66013c3a3ef39dd7e5798?s=96&d=mm&r=g","caption":"Jeanette"},"sameAs":["https:\/\/www.eldiario.net\/portal"],"url":"https:\/\/www.eldiario.net\/portal\/author\/jeanette\/"}]}},"_links":{"self":[{"href":"https:\/\/www.eldiario.net\/portal\/wp-json\/wp\/v2\/posts\/6423","targetHints":{"allow":["GET"]}}],"collection":[{"href":"https:\/\/www.eldiario.net\/portal\/wp-json\/wp\/v2\/posts"}],"about":[{"href":"https:\/\/www.eldiario.net\/portal\/wp-json\/wp\/v2\/types\/post"}],"author":[{"embeddable":true,"href":"https:\/\/www.eldiario.net\/portal\/wp-json\/wp\/v2\/users\/1"}],"replies":[{"embeddable":true,"href":"https:\/\/www.eldiario.net\/portal\/wp-json\/wp\/v2\/comments?post=6423"}],"version-history":[{"count":0,"href":"https:\/\/www.eldiario.net\/portal\/wp-json\/wp\/v2\/posts\/6423\/revisions"}],"wp:attachment":[{"href":"https:\/\/www.eldiario.net\/portal\/wp-json\/wp\/v2\/media?parent=6423"}],"wp:term":[{"taxonomy":"category","embeddable":true,"href":"https:\/\/www.eldiario.net\/portal\/wp-json\/wp\/v2\/categories?post=6423"},{"taxonomy":"post_tag","embeddable":true,"href":"https:\/\/www.eldiario.net\/portal\/wp-json\/wp\/v2\/tags?post=6423"}],"curies":[{"name":"wp","href":"https:\/\/api.w.org\/{rel}","templated":true}]}}