{"id":6415,"date":"2021-05-26T06:22:53","date_gmt":"2021-05-26T10:22:53","guid":{"rendered":"https:\/\/www.eldiario.net\/portal\/?p=6415"},"modified":"2021-05-26T06:22:53","modified_gmt":"2021-05-26T10:22:53","slug":"funciona-ruta-de-la-vida-y-brigadas-de-autocontrol","status":"publish","type":"post","link":"https:\/\/www.eldiario.net\/portal\/2021\/05\/26\/funciona-ruta-de-la-vida-y-brigadas-de-autocontrol\/","title":{"rendered":"Funciona \u201cRuta de la Vida\u201d y brigadas de autocontrol"},"content":{"rendered":"<p>El alcalde Iv\u00e1n Arias inici\u00f3 ayer el plan denominado \u201cRuta de la Vida\u201d para contener el covid-19 en el municipio pace\u00f1o y para ello pidi\u00f3 a la poblaci\u00f3n apoyar a las brigadas de autocontrol integradas por gremiales que exigir\u00e1n el uso obligatorio de barbijos, distancia f\u00edsica y evitar aglomeraciones, en mercados y calles de La Paz.<br \/>\n\u201cPor favor ciudadanos, ciudadanas, amigas y amigos, colegas, compa\u00f1eras, compa\u00f1eros, mam\u00e1, pap\u00e1, cualquier expresi\u00f3n que pueda usar para que nos puedan ayudar con esta tarea que empezamos hoy (ayer) con las brigadas de control ciudadano que hemos inaugurado y que hemos firmado el acuerdo con los gremios; las federaciones unidas por la vida es lo que queremos\u201d, afirm\u00f3 el burgomaestre durante el lanzamiento del plan \u201cRuta de la Vida\u201d, en afueras del Cementerio General.<br \/>\nEl plan se enmarca a la alerta naranja determinada por el Comit\u00e9 Operaciones de Emergencia Municipal, el 14 de mayo. Arias asegur\u00f3 que las 18 acciones preventivas se cumplen con efectividad. La \u201cRuta de la vida\u201d incluye consultorios m\u00f3viles en ambulancias que recorrer\u00e1n en horas de la noche para hacer pruebas ant\u00edgenas nasales y entregar kits de medicamentos a sospechosos y de covid-19.<br \/>\nExplic\u00f3 que son 10 veh\u00edculos de la comuna que servir\u00e1n como consultorios m\u00f3viles, 600 m\u00e9dicos y profesionales en Enfermer\u00eda estar\u00e1n a disposici\u00f3n; por otro lado, 64 funcionarios municipales de la Direcci\u00f3n de Mercados est\u00e1n en apronte, 214 efectivos de la Guardia Municipal y otro 230 de la Guardia Municipal de Transporte para concientizar a la poblaci\u00f3n en el cumplimento de las medidas de bioseguridad.<br \/>\nArias precis\u00f3 que 70 funcionarios de la Intendencia Municipal trabajar\u00e1n en la \u201cRuta de la Vida\u201d y est\u00e1n a disposici\u00f3n 200 mochilas de desinfecci\u00f3n para la limpieza de lugares con alta afluencia de personas. La autoridad asegur\u00f3 que la desinfecci\u00f3n de mercados y el control en bares y locales ser\u00e1n continuos. \u201cNo se olviden que el aforo es al 50%\u201d, les dijo el alcalde a los comerciantes y p\u00fablico en general que participaron de la inauguraci\u00f3n del plan municipal.<\/p>\n","protected":false},"excerpt":{"rendered":"<p>El alcalde Iv\u00e1n Arias inici\u00f3 ayer el plan denominado \u201cRuta de la Vida\u201d para contener el covid-19 en el municipio pace\u00f1o y para ello pidi\u00f3 a la poblaci\u00f3n apoyar a las brigadas de autocontrol integradas por gremiales que exigir\u00e1n el uso obligatorio de barbijos, distancia f\u00edsica y evitar aglomeraciones, en mercados y calles de La [&hellip;]<\/p>\n","protected":false},"author":1,"featured_media":6416,"comment_status":"closed","ping_status":"closed","sticky":false,"template":"","format":"standard","meta":{"_acf_changed":false,"footnotes":""},"categories":[12],"tags":[],"class_list":["post-6415","post","type-post","status-publish","format-standard","has-post-thumbnail","category-nacional"],"acf":{"antetitulo":""},"yoast_head":"<!-- This site is optimized with the Yoast SEO plugin v28.3 - https:\/\/yoast.com\/product\/yoast-seo-wordpress\/ -->\n<title>Funciona \u201cRuta de la Vida\u201d y brigadas de autocontrol - El Diario - Bolivia<\/title>\n<meta name=\"robots\" content=\"index, follow, max-snippet:-1, max-image-preview:large, max-video-preview:-1\" \/>\n<link rel=\"canonical\" href=\"https:\/\/www.eldiario.net\/portal\/2021\/05\/26\/funciona-ruta-de-la-vida-y-brigadas-de-autocontrol\/\" \/>\n<meta property=\"og:locale\" content=\"es_ES\" \/>\n<meta property=\"og:type\" content=\"article\" \/>\n<meta property=\"og:title\" content=\"Funciona \u201cRuta de la Vida\u201d y brigadas de autocontrol - El Diario - Bolivia\" \/>\n<meta property=\"og:description\" content=\"El alcalde Iv\u00e1n Arias inici\u00f3 ayer el plan denominado \u201cRuta de la Vida\u201d para contener el covid-19 en el municipio pace\u00f1o y para ello pidi\u00f3 a la poblaci\u00f3n apoyar a las brigadas de autocontrol integradas por gremiales que exigir\u00e1n el uso obligatorio de barbijos, distancia f\u00edsica y evitar aglomeraciones, en mercados y calles de La [&hellip;]\" \/>\n<meta property=\"og:url\" content=\"https:\/\/www.eldiario.net\/portal\/2021\/05\/26\/funciona-ruta-de-la-vida-y-brigadas-de-autocontrol\/\" \/>\n<meta property=\"og:site_name\" content=\"El Diario - Bolivia\" \/>\n<meta property=\"article:publisher\" content=\"https:\/\/www.facebook.com\/eldiario.bolivia\/\" \/>\n<meta property=\"article:published_time\" content=\"2021-05-26T10:22:53+00:00\" \/>\n<meta property=\"og:image\" content=\"https:\/\/www.eldiario.net\/portal\/wp-content\/uploads\/2021\/05\/7LP.jpg\" \/>\n\t<meta property=\"og:image:width\" content=\"1280\" \/>\n\t<meta property=\"og:image:height\" content=\"853\" \/>\n\t<meta property=\"og:image:type\" content=\"image\/jpeg\" \/>\n<meta name=\"author\" content=\"Jeanette\" \/>\n<meta name=\"twitter:card\" content=\"summary_large_image\" \/>\n<meta name=\"twitter:creator\" content=\"@eldiario_net\" \/>\n<meta name=\"twitter:site\" content=\"@eldiario_net\" \/>\n<meta name=\"twitter:label1\" content=\"Escrito por\" \/>\n\t<meta name=\"twitter:data1\" content=\"Jeanette\" \/>\n\t<meta name=\"twitter:label2\" content=\"Tiempo de lectura\" \/>\n\t<meta name=\"twitter:data2\" content=\"2 minutos\" \/>\n<script type=\"application\/ld+json\" class=\"yoast-schema-graph\">{\"@context\":\"https:\\\/\\\/schema.org\",\"@graph\":[{\"@type\":\"Article\",\"@id\":\"https:\\\/\\\/www.eldiario.net\\\/portal\\\/2021\\\/05\\\/26\\\/funciona-ruta-de-la-vida-y-brigadas-de-autocontrol\\\/#article\",\"isPartOf\":{\"@id\":\"https:\\\/\\\/www.eldiario.net\\\/portal\\\/2021\\\/05\\\/26\\\/funciona-ruta-de-la-vida-y-brigadas-de-autocontrol\\\/\"},\"author\":{\"name\":\"Jeanette\",\"@id\":\"https:\\\/\\\/www.eldiario.net\\\/portal\\\/#\\\/schema\\\/person\\\/f46445640444750d7d753ccd04ae01b7\"},\"headline\":\"Funciona \u201cRuta de la Vida\u201d y brigadas de autocontrol\",\"datePublished\":\"2021-05-26T10:22:53+00:00\",\"mainEntityOfPage\":{\"@id\":\"https:\\\/\\\/www.eldiario.net\\\/portal\\\/2021\\\/05\\\/26\\\/funciona-ruta-de-la-vida-y-brigadas-de-autocontrol\\\/\"},\"wordCount\":364,\"publisher\":{\"@id\":\"https:\\\/\\\/www.eldiario.net\\\/portal\\\/#organization\"},\"image\":{\"@id\":\"https:\\\/\\\/www.eldiario.net\\\/portal\\\/2021\\\/05\\\/26\\\/funciona-ruta-de-la-vida-y-brigadas-de-autocontrol\\\/#primaryimage\"},\"thumbnailUrl\":\"https:\\\/\\\/www.eldiario.net\\\/portal\\\/wp-content\\\/uploads\\\/2021\\\/05\\\/7LP.jpg\",\"articleSection\":[\"Nacional\"],\"inLanguage\":\"es\"},{\"@type\":\"WebPage\",\"@id\":\"https:\\\/\\\/www.eldiario.net\\\/portal\\\/2021\\\/05\\\/26\\\/funciona-ruta-de-la-vida-y-brigadas-de-autocontrol\\\/\",\"url\":\"https:\\\/\\\/www.eldiario.net\\\/portal\\\/2021\\\/05\\\/26\\\/funciona-ruta-de-la-vida-y-brigadas-de-autocontrol\\\/\",\"name\":\"Funciona \u201cRuta de la Vida\u201d y brigadas de autocontrol - El Diario - Bolivia\",\"isPartOf\":{\"@id\":\"https:\\\/\\\/www.eldiario.net\\\/portal\\\/#website\"},\"primaryImageOfPage\":{\"@id\":\"https:\\\/\\\/www.eldiario.net\\\/portal\\\/2021\\\/05\\\/26\\\/funciona-ruta-de-la-vida-y-brigadas-de-autocontrol\\\/#primaryimage\"},\"image\":{\"@id\":\"https:\\\/\\\/www.eldiario.net\\\/portal\\\/2021\\\/05\\\/26\\\/funciona-ruta-de-la-vida-y-brigadas-de-autocontrol\\\/#primaryimage\"},\"thumbnailUrl\":\"https:\\\/\\\/www.eldiario.net\\\/portal\\\/wp-content\\\/uploads\\\/2021\\\/05\\\/7LP.jpg\",\"datePublished\":\"2021-05-26T10:22:53+00:00\",\"breadcrumb\":{\"@id\":\"https:\\\/\\\/www.eldiario.net\\\/portal\\\/2021\\\/05\\\/26\\\/funciona-ruta-de-la-vida-y-brigadas-de-autocontrol\\\/#breadcrumb\"},\"inLanguage\":\"es\",\"potentialAction\":[{\"@type\":\"ReadAction\",\"target\":[\"https:\\\/\\\/www.eldiario.net\\\/portal\\\/2021\\\/05\\\/26\\\/funciona-ruta-de-la-vida-y-brigadas-de-autocontrol\\\/\"]}]},{\"@type\":\"ImageObject\",\"inLanguage\":\"es\",\"@id\":\"https:\\\/\\\/www.eldiario.net\\\/portal\\\/2021\\\/05\\\/26\\\/funciona-ruta-de-la-vida-y-brigadas-de-autocontrol\\\/#primaryimage\",\"url\":\"https:\\\/\\\/www.eldiario.net\\\/portal\\\/wp-content\\\/uploads\\\/2021\\\/05\\\/7LP.jpg\",\"contentUrl\":\"https:\\\/\\\/www.eldiario.net\\\/portal\\\/wp-content\\\/uploads\\\/2021\\\/05\\\/7LP.jpg\",\"width\":1280,\"height\":853},{\"@type\":\"BreadcrumbList\",\"@id\":\"https:\\\/\\\/www.eldiario.net\\\/portal\\\/2021\\\/05\\\/26\\\/funciona-ruta-de-la-vida-y-brigadas-de-autocontrol\\\/#breadcrumb\",\"itemListElement\":[{\"@type\":\"ListItem\",\"position\":1,\"name\":\"Portada\",\"item\":\"https:\\\/\\\/www.eldiario.net\\\/portal\\\/\"},{\"@type\":\"ListItem\",\"position\":2,\"name\":\"Funciona \u201cRuta de la Vida\u201d y brigadas de autocontrol\"}]},{\"@type\":\"WebSite\",\"@id\":\"https:\\\/\\\/www.eldiario.net\\\/portal\\\/#website\",\"url\":\"https:\\\/\\\/www.eldiario.net\\\/portal\\\/\",\"name\":\"El Diario - Decano de la prensa nacional\",\"description\":\"El Diario - Decano de la prensa nacional\",\"publisher\":{\"@id\":\"https:\\\/\\\/www.eldiario.net\\\/portal\\\/#organization\"},\"potentialAction\":[{\"@type\":\"SearchAction\",\"target\":{\"@type\":\"EntryPoint\",\"urlTemplate\":\"https:\\\/\\\/www.eldiario.net\\\/portal\\\/?s={search_term_string}\"},\"query-input\":{\"@type\":\"PropertyValueSpecification\",\"valueRequired\":true,\"valueName\":\"search_term_string\"}}],\"inLanguage\":\"es\"},{\"@type\":\"Organization\",\"@id\":\"https:\\\/\\\/www.eldiario.net\\\/portal\\\/#organization\",\"name\":\"El Diario - Decano de la prensa nacional\",\"url\":\"https:\\\/\\\/www.eldiario.net\\\/portal\\\/\",\"logo\":{\"@type\":\"ImageObject\",\"inLanguage\":\"es\",\"@id\":\"https:\\\/\\\/www.eldiario.net\\\/portal\\\/#\\\/schema\\\/logo\\\/image\\\/\",\"url\":\"https:\\\/\\\/www.eldiario.net\\\/portal\\\/wp-content\\\/uploads\\\/2023\\\/07\\\/logo_ED.jpg\",\"contentUrl\":\"https:\\\/\\\/www.eldiario.net\\\/portal\\\/wp-content\\\/uploads\\\/2023\\\/07\\\/logo_ED.jpg\",\"width\":272,\"height\":52,\"caption\":\"El Diario - Decano de la prensa nacional\"},\"image\":{\"@id\":\"https:\\\/\\\/www.eldiario.net\\\/portal\\\/#\\\/schema\\\/logo\\\/image\\\/\"},\"sameAs\":[\"https:\\\/\\\/www.facebook.com\\\/eldiario.bolivia\\\/\",\"https:\\\/\\\/x.com\\\/eldiario_net\"]},{\"@type\":\"Person\",\"@id\":\"https:\\\/\\\/www.eldiario.net\\\/portal\\\/#\\\/schema\\\/person\\\/f46445640444750d7d753ccd04ae01b7\",\"name\":\"Jeanette\",\"image\":{\"@type\":\"ImageObject\",\"inLanguage\":\"es\",\"@id\":\"https:\\\/\\\/secure.gravatar.com\\\/avatar\\\/3ea2118a5f7dad2b7138b1187a6b7ee55f160b9968b66013c3a3ef39dd7e5798?s=96&d=mm&r=g\",\"url\":\"https:\\\/\\\/secure.gravatar.com\\\/avatar\\\/3ea2118a5f7dad2b7138b1187a6b7ee55f160b9968b66013c3a3ef39dd7e5798?s=96&d=mm&r=g\",\"contentUrl\":\"https:\\\/\\\/secure.gravatar.com\\\/avatar\\\/3ea2118a5f7dad2b7138b1187a6b7ee55f160b9968b66013c3a3ef39dd7e5798?s=96&d=mm&r=g\",\"caption\":\"Jeanette\"},\"sameAs\":[\"https:\\\/\\\/www.eldiario.net\\\/portal\"],\"url\":\"https:\\\/\\\/www.eldiario.net\\\/portal\\\/author\\\/jeanette\\\/\"}]}<\/script>\n<!-- \/ Yoast SEO plugin. -->","yoast_head_json":{"title":"Funciona \u201cRuta de la Vida\u201d y brigadas de autocontrol - El Diario - Bolivia","robots":{"index":"index","follow":"follow","max-snippet":"max-snippet:-1","max-image-preview":"max-image-preview:large","max-video-preview":"max-video-preview:-1"},"canonical":"https:\/\/www.eldiario.net\/portal\/2021\/05\/26\/funciona-ruta-de-la-vida-y-brigadas-de-autocontrol\/","og_locale":"es_ES","og_type":"article","og_title":"Funciona \u201cRuta de la Vida\u201d y brigadas de autocontrol - El Diario - Bolivia","og_description":"El alcalde Iv\u00e1n Arias inici\u00f3 ayer el plan denominado \u201cRuta de la Vida\u201d para contener el covid-19 en el municipio pace\u00f1o y para ello pidi\u00f3 a la poblaci\u00f3n apoyar a las brigadas de autocontrol integradas por gremiales que exigir\u00e1n el uso obligatorio de barbijos, distancia f\u00edsica y evitar aglomeraciones, en mercados y calles de La [&hellip;]","og_url":"https:\/\/www.eldiario.net\/portal\/2021\/05\/26\/funciona-ruta-de-la-vida-y-brigadas-de-autocontrol\/","og_site_name":"El Diario - Bolivia","article_publisher":"https:\/\/www.facebook.com\/eldiario.bolivia\/","article_published_time":"2021-05-26T10:22:53+00:00","og_image":[{"width":1280,"height":853,"url":"https:\/\/www.eldiario.net\/portal\/wp-content\/uploads\/2021\/05\/7LP.jpg","type":"image\/jpeg"}],"author":"Jeanette","twitter_card":"summary_large_image","twitter_creator":"@eldiario_net","twitter_site":"@eldiario_net","twitter_misc":{"Escrito por":"Jeanette","Tiempo de lectura":"2 minutos"},"schema":{"@context":"https:\/\/schema.org","@graph":[{"@type":"Article","@id":"https:\/\/www.eldiario.net\/portal\/2021\/05\/26\/funciona-ruta-de-la-vida-y-brigadas-de-autocontrol\/#article","isPartOf":{"@id":"https:\/\/www.eldiario.net\/portal\/2021\/05\/26\/funciona-ruta-de-la-vida-y-brigadas-de-autocontrol\/"},"author":{"name":"Jeanette","@id":"https:\/\/www.eldiario.net\/portal\/#\/schema\/person\/f46445640444750d7d753ccd04ae01b7"},"headline":"Funciona \u201cRuta de la Vida\u201d y brigadas de autocontrol","datePublished":"2021-05-26T10:22:53+00:00","mainEntityOfPage":{"@id":"https:\/\/www.eldiario.net\/portal\/2021\/05\/26\/funciona-ruta-de-la-vida-y-brigadas-de-autocontrol\/"},"wordCount":364,"publisher":{"@id":"https:\/\/www.eldiario.net\/portal\/#organization"},"image":{"@id":"https:\/\/www.eldiario.net\/portal\/2021\/05\/26\/funciona-ruta-de-la-vida-y-brigadas-de-autocontrol\/#primaryimage"},"thumbnailUrl":"https:\/\/www.eldiario.net\/portal\/wp-content\/uploads\/2021\/05\/7LP.jpg","articleSection":["Nacional"],"inLanguage":"es"},{"@type":"WebPage","@id":"https:\/\/www.eldiario.net\/portal\/2021\/05\/26\/funciona-ruta-de-la-vida-y-brigadas-de-autocontrol\/","url":"https:\/\/www.eldiario.net\/portal\/2021\/05\/26\/funciona-ruta-de-la-vida-y-brigadas-de-autocontrol\/","name":"Funciona \u201cRuta de la Vida\u201d y brigadas de autocontrol - El Diario - Bolivia","isPartOf":{"@id":"https:\/\/www.eldiario.net\/portal\/#website"},"primaryImageOfPage":{"@id":"https:\/\/www.eldiario.net\/portal\/2021\/05\/26\/funciona-ruta-de-la-vida-y-brigadas-de-autocontrol\/#primaryimage"},"image":{"@id":"https:\/\/www.eldiario.net\/portal\/2021\/05\/26\/funciona-ruta-de-la-vida-y-brigadas-de-autocontrol\/#primaryimage"},"thumbnailUrl":"https:\/\/www.eldiario.net\/portal\/wp-content\/uploads\/2021\/05\/7LP.jpg","datePublished":"2021-05-26T10:22:53+00:00","breadcrumb":{"@id":"https:\/\/www.eldiario.net\/portal\/2021\/05\/26\/funciona-ruta-de-la-vida-y-brigadas-de-autocontrol\/#breadcrumb"},"inLanguage":"es","potentialAction":[{"@type":"ReadAction","target":["https:\/\/www.eldiario.net\/portal\/2021\/05\/26\/funciona-ruta-de-la-vida-y-brigadas-de-autocontrol\/"]}]},{"@type":"ImageObject","inLanguage":"es","@id":"https:\/\/www.eldiario.net\/portal\/2021\/05\/26\/funciona-ruta-de-la-vida-y-brigadas-de-autocontrol\/#primaryimage","url":"https:\/\/www.eldiario.net\/portal\/wp-content\/uploads\/2021\/05\/7LP.jpg","contentUrl":"https:\/\/www.eldiario.net\/portal\/wp-content\/uploads\/2021\/05\/7LP.jpg","width":1280,"height":853},{"@type":"BreadcrumbList","@id":"https:\/\/www.eldiario.net\/portal\/2021\/05\/26\/funciona-ruta-de-la-vida-y-brigadas-de-autocontrol\/#breadcrumb","itemListElement":[{"@type":"ListItem","position":1,"name":"Portada","item":"https:\/\/www.eldiario.net\/portal\/"},{"@type":"ListItem","position":2,"name":"Funciona \u201cRuta de la Vida\u201d y brigadas de autocontrol"}]},{"@type":"WebSite","@id":"https:\/\/www.eldiario.net\/portal\/#website","url":"https:\/\/www.eldiario.net\/portal\/","name":"El Diario - Decano de la prensa nacional","description":"El Diario - Decano de la prensa nacional","publisher":{"@id":"https:\/\/www.eldiario.net\/portal\/#organization"},"potentialAction":[{"@type":"SearchAction","target":{"@type":"EntryPoint","urlTemplate":"https:\/\/www.eldiario.net\/portal\/?s={search_term_string}"},"query-input":{"@type":"PropertyValueSpecification","valueRequired":true,"valueName":"search_term_string"}}],"inLanguage":"es"},{"@type":"Organization","@id":"https:\/\/www.eldiario.net\/portal\/#organization","name":"El Diario - Decano de la prensa nacional","url":"https:\/\/www.eldiario.net\/portal\/","logo":{"@type":"ImageObject","inLanguage":"es","@id":"https:\/\/www.eldiario.net\/portal\/#\/schema\/logo\/image\/","url":"https:\/\/www.eldiario.net\/portal\/wp-content\/uploads\/2023\/07\/logo_ED.jpg","contentUrl":"https:\/\/www.eldiario.net\/portal\/wp-content\/uploads\/2023\/07\/logo_ED.jpg","width":272,"height":52,"caption":"El Diario - Decano de la prensa nacional"},"image":{"@id":"https:\/\/www.eldiario.net\/portal\/#\/schema\/logo\/image\/"},"sameAs":["https:\/\/www.facebook.com\/eldiario.bolivia\/","https:\/\/x.com\/eldiario_net"]},{"@type":"Person","@id":"https:\/\/www.eldiario.net\/portal\/#\/schema\/person\/f46445640444750d7d753ccd04ae01b7","name":"Jeanette","image":{"@type":"ImageObject","inLanguage":"es","@id":"https:\/\/secure.gravatar.com\/avatar\/3ea2118a5f7dad2b7138b1187a6b7ee55f160b9968b66013c3a3ef39dd7e5798?s=96&d=mm&r=g","url":"https:\/\/secure.gravatar.com\/avatar\/3ea2118a5f7dad2b7138b1187a6b7ee55f160b9968b66013c3a3ef39dd7e5798?s=96&d=mm&r=g","contentUrl":"https:\/\/secure.gravatar.com\/avatar\/3ea2118a5f7dad2b7138b1187a6b7ee55f160b9968b66013c3a3ef39dd7e5798?s=96&d=mm&r=g","caption":"Jeanette"},"sameAs":["https:\/\/www.eldiario.net\/portal"],"url":"https:\/\/www.eldiario.net\/portal\/author\/jeanette\/"}]}},"_links":{"self":[{"href":"https:\/\/www.eldiario.net\/portal\/wp-json\/wp\/v2\/posts\/6415","targetHints":{"allow":["GET"]}}],"collection":[{"href":"https:\/\/www.eldiario.net\/portal\/wp-json\/wp\/v2\/posts"}],"about":[{"href":"https:\/\/www.eldiario.net\/portal\/wp-json\/wp\/v2\/types\/post"}],"author":[{"embeddable":true,"href":"https:\/\/www.eldiario.net\/portal\/wp-json\/wp\/v2\/users\/1"}],"replies":[{"embeddable":true,"href":"https:\/\/www.eldiario.net\/portal\/wp-json\/wp\/v2\/comments?post=6415"}],"version-history":[{"count":0,"href":"https:\/\/www.eldiario.net\/portal\/wp-json\/wp\/v2\/posts\/6415\/revisions"}],"wp:featuredmedia":[{"embeddable":true,"href":"https:\/\/www.eldiario.net\/portal\/wp-json\/wp\/v2\/media\/6416"}],"wp:attachment":[{"href":"https:\/\/www.eldiario.net\/portal\/wp-json\/wp\/v2\/media?parent=6415"}],"wp:term":[{"taxonomy":"category","embeddable":true,"href":"https:\/\/www.eldiario.net\/portal\/wp-json\/wp\/v2\/categories?post=6415"},{"taxonomy":"post_tag","embeddable":true,"href":"https:\/\/www.eldiario.net\/portal\/wp-json\/wp\/v2\/tags?post=6415"}],"curies":[{"name":"wp","href":"https:\/\/api.w.org\/{rel}","templated":true}]}}