{"id":6413,"date":"2021-05-26T06:21:18","date_gmt":"2021-05-26T10:21:18","guid":{"rendered":"https:\/\/www.eldiario.net\/portal\/?p=6413"},"modified":"2021-05-26T06:21:18","modified_gmt":"2021-05-26T10:21:18","slug":"alcalde-arias-y-ministro-pactan-coordinar-acciones","status":"publish","type":"post","link":"https:\/\/www.eldiario.net\/portal\/2021\/05\/26\/alcalde-arias-y-ministro-pactan-coordinar-acciones\/","title":{"rendered":"Alcalde Arias y ministro pactan coordinar acciones"},"content":{"rendered":"<p>El alcalde pace\u00f1o, Iv\u00e1n Arias, y el ministro de Gobierno, Eduardo Del Castillo, se reunieron ayer y coincidieron en trabajar de forma coordinada contra la pandemia del Covid-19, aunque sin medidas de represi\u00f3n, sino buscando la concientizaci\u00f3n de la poblaci\u00f3n para el cuidado.<br \/>\n\u201cTodo va por el camino no de la represi\u00f3n, sino de la concientizaci\u00f3n y esa medida est\u00e1 dando resultados en La Paz\u201d, indic\u00f3 el alcalde Arias.<br \/>\nEl burgomaestre afirm\u00f3 que algunos medios de comunicaci\u00f3n exigen medidas duras, pero \u201csin entender que en el caso de La Paz hemos optado por el camino de la concientizaci\u00f3n y del autocontrol\u201d.<br \/>\nMencion\u00f3 que los choferes ya implementan su autocontrol y que los gremiales har\u00e1n lo mismo. Indic\u00f3 que la evaluaci\u00f3n se har\u00e1 este 27 de mayo en reuni\u00f3n del Comit\u00e9 de Operaciones de Emergencia.<br \/>\nEl ministro Del Castillo tambi\u00e9n habl\u00f3 de coordinaci\u00f3n para la lucha contra la pandemia, pero sin represi\u00f3n.<br \/>\n\u201cEn tema sanitario no necesitamos meter a nadie en la c\u00e1rcel, ni generar multas, sino necesitamos la conciencia del pueblo. No necesitamos reprimir para buscar soluciones en beneficio del pueblo boliviano\u201d, asever\u00f3.<br \/>\nArias indic\u00f3 que se coordinar\u00e1 acciones para el control de locales que funcionen fuera de horario establecido. El Ministro acot\u00f3 que la polic\u00eda actuar\u00e1 para evitar las aglomeraciones en espacios no autorizados.<br \/>\nEl Ministro de Gobierno se\u00f1al\u00f3 que con el Alcalde se acord\u00f3 una agenda de ocho puntos.<br \/>\nEntre los proyectos, plantearon un plan piloto para evitar la revictimizaci\u00f3n de las personas afectadas por la violencia. Explicaron que en un macrodistrito se instalar\u00e1n en un mismo espacio las distintas oficinas que atienden estos casos para evitar que las mujeres tengan que \u201cperegrinar\u201d.<br \/>\nTambi\u00e9n pactaron descentralizar el Servicio General de Identificaci\u00f3n en los diferentes macrodistritos de la ciudad, report\u00f3 Erbol.<br \/>\nAsimismo, coordinaron para interconectar c\u00e1maras de vigilancia. Arias indic\u00f3 que ahora se tienen como 400, pero se pretende subir a 600, habilitando otras 200 que carecen de conectividad de fibra \u00f3ptica.<\/p>\n","protected":false},"excerpt":{"rendered":"<p>El alcalde pace\u00f1o, Iv\u00e1n Arias, y el ministro de Gobierno, Eduardo Del Castillo, se reunieron ayer y coincidieron en trabajar de forma coordinada contra la pandemia del Covid-19, aunque sin medidas de represi\u00f3n, sino buscando la concientizaci\u00f3n de la poblaci\u00f3n para el cuidado. \u201cTodo va por el camino no de la represi\u00f3n, sino de la [&hellip;]<\/p>\n","protected":false},"author":1,"featured_media":0,"comment_status":"closed","ping_status":"closed","sticky":false,"template":"","format":"standard","meta":{"_acf_changed":false,"footnotes":""},"categories":[12],"tags":[],"class_list":["post-6413","post","type-post","status-publish","format-standard","category-nacional"],"acf":{"antetitulo":""},"yoast_head":"<!-- This site is optimized with the Yoast SEO plugin v28.3 - https:\/\/yoast.com\/product\/yoast-seo-wordpress\/ -->\n<title>Alcalde Arias y ministro pactan coordinar acciones - El Diario - Bolivia<\/title>\n<meta name=\"robots\" content=\"index, follow, max-snippet:-1, max-image-preview:large, max-video-preview:-1\" \/>\n<link rel=\"canonical\" href=\"https:\/\/www.eldiario.net\/portal\/2021\/05\/26\/alcalde-arias-y-ministro-pactan-coordinar-acciones\/\" \/>\n<meta property=\"og:locale\" content=\"es_ES\" \/>\n<meta property=\"og:type\" content=\"article\" \/>\n<meta property=\"og:title\" content=\"Alcalde Arias y ministro pactan coordinar acciones - El Diario - Bolivia\" \/>\n<meta property=\"og:description\" content=\"El alcalde pace\u00f1o, Iv\u00e1n Arias, y el ministro de Gobierno, Eduardo Del Castillo, se reunieron ayer y coincidieron en trabajar de forma coordinada contra la pandemia del Covid-19, aunque sin medidas de represi\u00f3n, sino buscando la concientizaci\u00f3n de la poblaci\u00f3n para el cuidado. \u201cTodo va por el camino no de la represi\u00f3n, sino de la [&hellip;]\" \/>\n<meta property=\"og:url\" content=\"https:\/\/www.eldiario.net\/portal\/2021\/05\/26\/alcalde-arias-y-ministro-pactan-coordinar-acciones\/\" \/>\n<meta property=\"og:site_name\" content=\"El Diario - Bolivia\" \/>\n<meta property=\"article:publisher\" content=\"https:\/\/www.facebook.com\/eldiario.bolivia\/\" \/>\n<meta property=\"article:published_time\" content=\"2021-05-26T10:21:18+00:00\" \/>\n<meta name=\"author\" content=\"Jeanette\" \/>\n<meta name=\"twitter:card\" content=\"summary_large_image\" \/>\n<meta name=\"twitter:creator\" content=\"@eldiario_net\" \/>\n<meta name=\"twitter:site\" content=\"@eldiario_net\" \/>\n<meta name=\"twitter:label1\" content=\"Escrito por\" \/>\n\t<meta name=\"twitter:data1\" content=\"Jeanette\" \/>\n\t<meta name=\"twitter:label2\" content=\"Tiempo de lectura\" \/>\n\t<meta name=\"twitter:data2\" content=\"2 minutos\" \/>\n<script type=\"application\/ld+json\" class=\"yoast-schema-graph\">{\"@context\":\"https:\\\/\\\/schema.org\",\"@graph\":[{\"@type\":\"Article\",\"@id\":\"https:\\\/\\\/www.eldiario.net\\\/portal\\\/2021\\\/05\\\/26\\\/alcalde-arias-y-ministro-pactan-coordinar-acciones\\\/#article\",\"isPartOf\":{\"@id\":\"https:\\\/\\\/www.eldiario.net\\\/portal\\\/2021\\\/05\\\/26\\\/alcalde-arias-y-ministro-pactan-coordinar-acciones\\\/\"},\"author\":{\"name\":\"Jeanette\",\"@id\":\"https:\\\/\\\/www.eldiario.net\\\/portal\\\/#\\\/schema\\\/person\\\/f46445640444750d7d753ccd04ae01b7\"},\"headline\":\"Alcalde Arias y ministro pactan coordinar acciones\",\"datePublished\":\"2021-05-26T10:21:18+00:00\",\"mainEntityOfPage\":{\"@id\":\"https:\\\/\\\/www.eldiario.net\\\/portal\\\/2021\\\/05\\\/26\\\/alcalde-arias-y-ministro-pactan-coordinar-acciones\\\/\"},\"wordCount\":349,\"publisher\":{\"@id\":\"https:\\\/\\\/www.eldiario.net\\\/portal\\\/#organization\"},\"articleSection\":[\"Nacional\"],\"inLanguage\":\"es\"},{\"@type\":\"WebPage\",\"@id\":\"https:\\\/\\\/www.eldiario.net\\\/portal\\\/2021\\\/05\\\/26\\\/alcalde-arias-y-ministro-pactan-coordinar-acciones\\\/\",\"url\":\"https:\\\/\\\/www.eldiario.net\\\/portal\\\/2021\\\/05\\\/26\\\/alcalde-arias-y-ministro-pactan-coordinar-acciones\\\/\",\"name\":\"Alcalde Arias y ministro pactan coordinar acciones - El Diario - Bolivia\",\"isPartOf\":{\"@id\":\"https:\\\/\\\/www.eldiario.net\\\/portal\\\/#website\"},\"datePublished\":\"2021-05-26T10:21:18+00:00\",\"breadcrumb\":{\"@id\":\"https:\\\/\\\/www.eldiario.net\\\/portal\\\/2021\\\/05\\\/26\\\/alcalde-arias-y-ministro-pactan-coordinar-acciones\\\/#breadcrumb\"},\"inLanguage\":\"es\",\"potentialAction\":[{\"@type\":\"ReadAction\",\"target\":[\"https:\\\/\\\/www.eldiario.net\\\/portal\\\/2021\\\/05\\\/26\\\/alcalde-arias-y-ministro-pactan-coordinar-acciones\\\/\"]}]},{\"@type\":\"BreadcrumbList\",\"@id\":\"https:\\\/\\\/www.eldiario.net\\\/portal\\\/2021\\\/05\\\/26\\\/alcalde-arias-y-ministro-pactan-coordinar-acciones\\\/#breadcrumb\",\"itemListElement\":[{\"@type\":\"ListItem\",\"position\":1,\"name\":\"Portada\",\"item\":\"https:\\\/\\\/www.eldiario.net\\\/portal\\\/\"},{\"@type\":\"ListItem\",\"position\":2,\"name\":\"Alcalde Arias y ministro pactan coordinar acciones\"}]},{\"@type\":\"WebSite\",\"@id\":\"https:\\\/\\\/www.eldiario.net\\\/portal\\\/#website\",\"url\":\"https:\\\/\\\/www.eldiario.net\\\/portal\\\/\",\"name\":\"El Diario - Decano de la prensa nacional\",\"description\":\"El Diario - Decano de la prensa nacional\",\"publisher\":{\"@id\":\"https:\\\/\\\/www.eldiario.net\\\/portal\\\/#organization\"},\"potentialAction\":[{\"@type\":\"SearchAction\",\"target\":{\"@type\":\"EntryPoint\",\"urlTemplate\":\"https:\\\/\\\/www.eldiario.net\\\/portal\\\/?s={search_term_string}\"},\"query-input\":{\"@type\":\"PropertyValueSpecification\",\"valueRequired\":true,\"valueName\":\"search_term_string\"}}],\"inLanguage\":\"es\"},{\"@type\":\"Organization\",\"@id\":\"https:\\\/\\\/www.eldiario.net\\\/portal\\\/#organization\",\"name\":\"El Diario - Decano de la prensa nacional\",\"url\":\"https:\\\/\\\/www.eldiario.net\\\/portal\\\/\",\"logo\":{\"@type\":\"ImageObject\",\"inLanguage\":\"es\",\"@id\":\"https:\\\/\\\/www.eldiario.net\\\/portal\\\/#\\\/schema\\\/logo\\\/image\\\/\",\"url\":\"https:\\\/\\\/www.eldiario.net\\\/portal\\\/wp-content\\\/uploads\\\/2023\\\/07\\\/logo_ED.jpg\",\"contentUrl\":\"https:\\\/\\\/www.eldiario.net\\\/portal\\\/wp-content\\\/uploads\\\/2023\\\/07\\\/logo_ED.jpg\",\"width\":272,\"height\":52,\"caption\":\"El Diario - Decano de la prensa nacional\"},\"image\":{\"@id\":\"https:\\\/\\\/www.eldiario.net\\\/portal\\\/#\\\/schema\\\/logo\\\/image\\\/\"},\"sameAs\":[\"https:\\\/\\\/www.facebook.com\\\/eldiario.bolivia\\\/\",\"https:\\\/\\\/x.com\\\/eldiario_net\"]},{\"@type\":\"Person\",\"@id\":\"https:\\\/\\\/www.eldiario.net\\\/portal\\\/#\\\/schema\\\/person\\\/f46445640444750d7d753ccd04ae01b7\",\"name\":\"Jeanette\",\"image\":{\"@type\":\"ImageObject\",\"inLanguage\":\"es\",\"@id\":\"https:\\\/\\\/secure.gravatar.com\\\/avatar\\\/3ea2118a5f7dad2b7138b1187a6b7ee55f160b9968b66013c3a3ef39dd7e5798?s=96&d=mm&r=g\",\"url\":\"https:\\\/\\\/secure.gravatar.com\\\/avatar\\\/3ea2118a5f7dad2b7138b1187a6b7ee55f160b9968b66013c3a3ef39dd7e5798?s=96&d=mm&r=g\",\"contentUrl\":\"https:\\\/\\\/secure.gravatar.com\\\/avatar\\\/3ea2118a5f7dad2b7138b1187a6b7ee55f160b9968b66013c3a3ef39dd7e5798?s=96&d=mm&r=g\",\"caption\":\"Jeanette\"},\"sameAs\":[\"https:\\\/\\\/www.eldiario.net\\\/portal\"],\"url\":\"https:\\\/\\\/www.eldiario.net\\\/portal\\\/author\\\/jeanette\\\/\"}]}<\/script>\n<!-- \/ Yoast SEO plugin. -->","yoast_head_json":{"title":"Alcalde Arias y ministro pactan coordinar acciones - El Diario - Bolivia","robots":{"index":"index","follow":"follow","max-snippet":"max-snippet:-1","max-image-preview":"max-image-preview:large","max-video-preview":"max-video-preview:-1"},"canonical":"https:\/\/www.eldiario.net\/portal\/2021\/05\/26\/alcalde-arias-y-ministro-pactan-coordinar-acciones\/","og_locale":"es_ES","og_type":"article","og_title":"Alcalde Arias y ministro pactan coordinar acciones - El Diario - Bolivia","og_description":"El alcalde pace\u00f1o, Iv\u00e1n Arias, y el ministro de Gobierno, Eduardo Del Castillo, se reunieron ayer y coincidieron en trabajar de forma coordinada contra la pandemia del Covid-19, aunque sin medidas de represi\u00f3n, sino buscando la concientizaci\u00f3n de la poblaci\u00f3n para el cuidado. \u201cTodo va por el camino no de la represi\u00f3n, sino de la [&hellip;]","og_url":"https:\/\/www.eldiario.net\/portal\/2021\/05\/26\/alcalde-arias-y-ministro-pactan-coordinar-acciones\/","og_site_name":"El Diario - Bolivia","article_publisher":"https:\/\/www.facebook.com\/eldiario.bolivia\/","article_published_time":"2021-05-26T10:21:18+00:00","author":"Jeanette","twitter_card":"summary_large_image","twitter_creator":"@eldiario_net","twitter_site":"@eldiario_net","twitter_misc":{"Escrito por":"Jeanette","Tiempo de lectura":"2 minutos"},"schema":{"@context":"https:\/\/schema.org","@graph":[{"@type":"Article","@id":"https:\/\/www.eldiario.net\/portal\/2021\/05\/26\/alcalde-arias-y-ministro-pactan-coordinar-acciones\/#article","isPartOf":{"@id":"https:\/\/www.eldiario.net\/portal\/2021\/05\/26\/alcalde-arias-y-ministro-pactan-coordinar-acciones\/"},"author":{"name":"Jeanette","@id":"https:\/\/www.eldiario.net\/portal\/#\/schema\/person\/f46445640444750d7d753ccd04ae01b7"},"headline":"Alcalde Arias y ministro pactan coordinar acciones","datePublished":"2021-05-26T10:21:18+00:00","mainEntityOfPage":{"@id":"https:\/\/www.eldiario.net\/portal\/2021\/05\/26\/alcalde-arias-y-ministro-pactan-coordinar-acciones\/"},"wordCount":349,"publisher":{"@id":"https:\/\/www.eldiario.net\/portal\/#organization"},"articleSection":["Nacional"],"inLanguage":"es"},{"@type":"WebPage","@id":"https:\/\/www.eldiario.net\/portal\/2021\/05\/26\/alcalde-arias-y-ministro-pactan-coordinar-acciones\/","url":"https:\/\/www.eldiario.net\/portal\/2021\/05\/26\/alcalde-arias-y-ministro-pactan-coordinar-acciones\/","name":"Alcalde Arias y ministro pactan coordinar acciones - El Diario - Bolivia","isPartOf":{"@id":"https:\/\/www.eldiario.net\/portal\/#website"},"datePublished":"2021-05-26T10:21:18+00:00","breadcrumb":{"@id":"https:\/\/www.eldiario.net\/portal\/2021\/05\/26\/alcalde-arias-y-ministro-pactan-coordinar-acciones\/#breadcrumb"},"inLanguage":"es","potentialAction":[{"@type":"ReadAction","target":["https:\/\/www.eldiario.net\/portal\/2021\/05\/26\/alcalde-arias-y-ministro-pactan-coordinar-acciones\/"]}]},{"@type":"BreadcrumbList","@id":"https:\/\/www.eldiario.net\/portal\/2021\/05\/26\/alcalde-arias-y-ministro-pactan-coordinar-acciones\/#breadcrumb","itemListElement":[{"@type":"ListItem","position":1,"name":"Portada","item":"https:\/\/www.eldiario.net\/portal\/"},{"@type":"ListItem","position":2,"name":"Alcalde Arias y ministro pactan coordinar acciones"}]},{"@type":"WebSite","@id":"https:\/\/www.eldiario.net\/portal\/#website","url":"https:\/\/www.eldiario.net\/portal\/","name":"El Diario - Decano de la prensa nacional","description":"El Diario - Decano de la prensa nacional","publisher":{"@id":"https:\/\/www.eldiario.net\/portal\/#organization"},"potentialAction":[{"@type":"SearchAction","target":{"@type":"EntryPoint","urlTemplate":"https:\/\/www.eldiario.net\/portal\/?s={search_term_string}"},"query-input":{"@type":"PropertyValueSpecification","valueRequired":true,"valueName":"search_term_string"}}],"inLanguage":"es"},{"@type":"Organization","@id":"https:\/\/www.eldiario.net\/portal\/#organization","name":"El Diario - Decano de la prensa nacional","url":"https:\/\/www.eldiario.net\/portal\/","logo":{"@type":"ImageObject","inLanguage":"es","@id":"https:\/\/www.eldiario.net\/portal\/#\/schema\/logo\/image\/","url":"https:\/\/www.eldiario.net\/portal\/wp-content\/uploads\/2023\/07\/logo_ED.jpg","contentUrl":"https:\/\/www.eldiario.net\/portal\/wp-content\/uploads\/2023\/07\/logo_ED.jpg","width":272,"height":52,"caption":"El Diario - Decano de la prensa nacional"},"image":{"@id":"https:\/\/www.eldiario.net\/portal\/#\/schema\/logo\/image\/"},"sameAs":["https:\/\/www.facebook.com\/eldiario.bolivia\/","https:\/\/x.com\/eldiario_net"]},{"@type":"Person","@id":"https:\/\/www.eldiario.net\/portal\/#\/schema\/person\/f46445640444750d7d753ccd04ae01b7","name":"Jeanette","image":{"@type":"ImageObject","inLanguage":"es","@id":"https:\/\/secure.gravatar.com\/avatar\/3ea2118a5f7dad2b7138b1187a6b7ee55f160b9968b66013c3a3ef39dd7e5798?s=96&d=mm&r=g","url":"https:\/\/secure.gravatar.com\/avatar\/3ea2118a5f7dad2b7138b1187a6b7ee55f160b9968b66013c3a3ef39dd7e5798?s=96&d=mm&r=g","contentUrl":"https:\/\/secure.gravatar.com\/avatar\/3ea2118a5f7dad2b7138b1187a6b7ee55f160b9968b66013c3a3ef39dd7e5798?s=96&d=mm&r=g","caption":"Jeanette"},"sameAs":["https:\/\/www.eldiario.net\/portal"],"url":"https:\/\/www.eldiario.net\/portal\/author\/jeanette\/"}]}},"_links":{"self":[{"href":"https:\/\/www.eldiario.net\/portal\/wp-json\/wp\/v2\/posts\/6413","targetHints":{"allow":["GET"]}}],"collection":[{"href":"https:\/\/www.eldiario.net\/portal\/wp-json\/wp\/v2\/posts"}],"about":[{"href":"https:\/\/www.eldiario.net\/portal\/wp-json\/wp\/v2\/types\/post"}],"author":[{"embeddable":true,"href":"https:\/\/www.eldiario.net\/portal\/wp-json\/wp\/v2\/users\/1"}],"replies":[{"embeddable":true,"href":"https:\/\/www.eldiario.net\/portal\/wp-json\/wp\/v2\/comments?post=6413"}],"version-history":[{"count":0,"href":"https:\/\/www.eldiario.net\/portal\/wp-json\/wp\/v2\/posts\/6413\/revisions"}],"wp:attachment":[{"href":"https:\/\/www.eldiario.net\/portal\/wp-json\/wp\/v2\/media?parent=6413"}],"wp:term":[{"taxonomy":"category","embeddable":true,"href":"https:\/\/www.eldiario.net\/portal\/wp-json\/wp\/v2\/categories?post=6413"},{"taxonomy":"post_tag","embeddable":true,"href":"https:\/\/www.eldiario.net\/portal\/wp-json\/wp\/v2\/tags?post=6413"}],"curies":[{"name":"wp","href":"https:\/\/api.w.org\/{rel}","templated":true}]}}