{"id":6408,"date":"2021-05-26T06:19:31","date_gmt":"2021-05-26T10:19:31","guid":{"rendered":"https:\/\/www.eldiario.net\/portal\/?p=6408"},"modified":"2021-05-26T06:19:31","modified_gmt":"2021-05-26T10:19:31","slug":"gobierno-apuesta-al-crecimiento-a-pesar-del-alto-indice-de-contagios","status":"publish","type":"post","link":"https:\/\/www.eldiario.net\/portal\/2021\/05\/26\/gobierno-apuesta-al-crecimiento-a-pesar-del-alto-indice-de-contagios\/","title":{"rendered":"Gobierno apuesta al crecimiento a pesar del alto \u00edndice de contagios"},"content":{"rendered":"<p>Una recuperaci\u00f3n tenue de la econom\u00eda empez\u00f3 con el levantamiento de la cuarentena r\u00edgida en julio de 2020, empero el Gobierno no lo tiene consignado en sus planes a pesar de los altos \u00edndices de contagio y prefiere apostar al crecimiento, que seg\u00fan el \u00cdndice Global de Actividad Econ\u00f3mica (IGAE) hasta abril registr\u00f3 5,3 %.<br \/>\nPero los datos fueron negativos a pesar de la medida aplicada, y la mayor cifra que se registr\u00f3 en agosto con -11,26 %, y en septiembre empez\u00f3 a reducir la cifra hasta llegar a noviembre con un IGAE de -8,17 %, seg\u00fan la informaci\u00f3n del Instituto Nacional de Estad\u00edstica (INE).<br \/>\nPero los datos del INE muestran que en marzo la actividad econ\u00f3mica empez\u00f3 a sentir los efectos de la pandemia cuando registr\u00f3 un IGAE de 0,56 %.<\/p>\n<p>Positivos<br \/>\nDe acuerdo al economista Hugo Siles, si bien los datos macroecon\u00f3micos son positivos, los microecon\u00f3micos deben llamar la atenci\u00f3n, ya que las empresas no pueden vender sus productos.<br \/>\nDijo que la recuperaci\u00f3n viene por dos caminos el comercio exterior y la inversi\u00f3n p\u00fablica, pero para reactivar la econom\u00eda se requiere inyectar liquidez a trav\u00e9s de la creaci\u00f3n de un fondo de garant\u00eda y otros mecanismos de financiamiento.<br \/>\nLos empresarios se\u00f1alaron en reiteradas oportunidades que las medidas son insuficientes para la recuperaci\u00f3n econ\u00f3mica, y demandaron coordinar acciones para impulsar la demanda interna y la oferta.<br \/>\nEl ministro de Econom\u00eda y Finanzas P\u00fablicas, Marcelo Montenegro, en la presentaci\u00f3n del IGAE, dijo que si bien desde el punto de vista de los empresarios puede parecer insignificante, hay tomar en cuenta \u201cel desastre econ\u00f3mico\u201d, y adem\u00e1s todo se hace con recursos.<\/p>\n<p>Cuarentena<br \/>\nAsimismo, sostuvo que los encapsulamientos realizados el fin de semana tienen su impacto en la econom\u00eda, y por ello llam\u00f3 a coordinar con el Gobierno central a los Servicios Departamentales de Salud (Sedes), dependientes de las Gobernaciones, y a los municipios, para no implementar cuarentenas r\u00edgidas.<br \/>\nEl n\u00famero de contagios aument\u00f3 a nivel nacional, y los hospitales colapsan, y por ello algunos municipios decidieron aplicar restricciones y encapsulamientos para frenar el n\u00famero de pacientes, as\u00ed como los decesos.<\/p>\n<p>Datos<br \/>\nLa miner\u00eda puso su parte para impulsar el crecimiento de la econom\u00eda y generar una balanza comercial positiva, de la mano de los hidrocarburos, mientras a nivel nacional el sector de la construcci\u00f3n gener\u00f3 empleo y redujo la tasa de desempleo.<br \/>\nLos precios de las materias primas nuevamente suben en el mercado internacional, empujado principalmente por China, que ya desde fines de 2020 empez\u00f3 su recuperaci\u00f3n, y fue casi la \u00fanica econom\u00eda en crecer a pesar de la pandemia.<br \/>\nMontenegro dijo que hasta abril se incorporaron al mercado laboral 800 mil personas, y que la tasa de ocupados alcanz\u00f3 a 3,9 %.<br \/>\nLos minerales y el petr\u00f3leo registraron cotizaciones altas, debido a la demanda de pa\u00edses desarrollados.<br \/>\nAl respecto, Montenegro dijo que no solo el precio alto de las materias primas tuvo que ver con el crecimiento, sino que los sectores respondieron al volumen de la demanda.<\/p>\n<p>Inversi\u00f3n p\u00fablica<br \/>\nLa autoridad destac\u00f3 la inversi\u00f3n p\u00fablica, y que la misma se ir\u00e1 reactivando de manera gradual en funci\u00f3n de muchos de los proyectos paralizados.<br \/>\nExplic\u00f3 que se tiene que negociar con las empresas constructoras y readecuar los contratos.<br \/>\nMencion\u00f3 que se inyectar\u00e1 600 millones de bolivianos para la construcci\u00f3n de carreteras, pero tambi\u00e9n se atiende al sector productivo, a trav\u00e9s de la compra de productos agr\u00edcolas, como el trigo, mediante un precio referencial.<\/p>\n<p>Comparaciones<br \/>\nLa autoridad indic\u00f3 que el crecimiento acumulado del IGAE hasta abril de 2020 lleg\u00f3 a -7,5 %, mientras que a similar periodo de 2021, la cifra alcanz\u00f3 a 5,3 %.<br \/>\nDer acuerdo a datos del Instituto Nacional de Estad\u00edstica, a abril de 2020 la variaci\u00f3n acumulada registr\u00f3 -6,77 %<br \/>\nDetall\u00f3 que el sector de la miner\u00eda present\u00f3 un crecimiento acumulado de 34,2%; construcci\u00f3n 17,9 %; hidrocarburos 10%; la industria de manufacturas 9,6 %; comercio 8,4 %; y otros servicios 8,1 %.<br \/>\nDurante el per\u00edodo enero y abril de 2021, se registr\u00f3 una recuperaci\u00f3n de los indicadores de comercio exterior. Las exportaciones, en promedio, llegaron a 3.096 millones de d\u00f3lares, con un crecimiento de 34 %, mientras que las importaciones alcanzaron a 2.643 millones, un ascenso de 15,8 %, seg\u00fan cifras publicadas por el INE.<br \/>\nSe registr\u00f3 tambi\u00e9n una fuerte recuperaci\u00f3n de las exportaciones de la industria manufacturera y de minerales; se logr\u00f3 una balanza comercial positiva, precis\u00f3.<br \/>\nRespecto a la tasa de desempleo abierto urbano, se registr\u00f3 descenso de 9,7 % en enero de 2021 a 7,6 % hasta abril de 2021.<\/p>\n","protected":false},"excerpt":{"rendered":"<p>Una recuperaci\u00f3n tenue de la econom\u00eda empez\u00f3 con el levantamiento de la cuarentena r\u00edgida en julio de 2020, empero el Gobierno no lo tiene consignado en sus planes a pesar de los altos \u00edndices de contagio y prefiere apostar al crecimiento, que seg\u00fan el \u00cdndice Global de Actividad Econ\u00f3mica (IGAE) hasta abril registr\u00f3 5,3 %. [&hellip;]<\/p>\n","protected":false},"author":1,"featured_media":6409,"comment_status":"closed","ping_status":"closed","sticky":false,"template":"","format":"standard","meta":{"_acf_changed":false,"footnotes":""},"categories":[7],"tags":[],"class_list":["post-6408","post","type-post","status-publish","format-standard","has-post-thumbnail","category-economia"],"acf":{"antetitulo":""},"yoast_head":"<!-- This site is optimized with the Yoast SEO plugin v28.3 - https:\/\/yoast.com\/product\/yoast-seo-wordpress\/ -->\n<title>Gobierno apuesta al crecimiento a pesar del alto \u00edndice de contagios - El Diario - Bolivia<\/title>\n<meta name=\"robots\" content=\"index, follow, max-snippet:-1, max-image-preview:large, max-video-preview:-1\" \/>\n<link rel=\"canonical\" href=\"https:\/\/www.eldiario.net\/portal\/2021\/05\/26\/gobierno-apuesta-al-crecimiento-a-pesar-del-alto-indice-de-contagios\/\" \/>\n<meta property=\"og:locale\" content=\"es_ES\" \/>\n<meta property=\"og:type\" content=\"article\" \/>\n<meta property=\"og:title\" content=\"Gobierno apuesta al crecimiento a pesar del alto \u00edndice de contagios - El Diario - Bolivia\" \/>\n<meta property=\"og:description\" content=\"Una recuperaci\u00f3n tenue de la econom\u00eda empez\u00f3 con el levantamiento de la cuarentena r\u00edgida en julio de 2020, empero el Gobierno no lo tiene consignado en sus planes a pesar de los altos \u00edndices de contagio y prefiere apostar al crecimiento, que seg\u00fan el \u00cdndice Global de Actividad Econ\u00f3mica (IGAE) hasta abril registr\u00f3 5,3 %. [&hellip;]\" \/>\n<meta property=\"og:url\" content=\"https:\/\/www.eldiario.net\/portal\/2021\/05\/26\/gobierno-apuesta-al-crecimiento-a-pesar-del-alto-indice-de-contagios\/\" \/>\n<meta property=\"og:site_name\" content=\"El Diario - Bolivia\" \/>\n<meta property=\"article:publisher\" content=\"https:\/\/www.facebook.com\/eldiario.bolivia\/\" \/>\n<meta property=\"article:published_time\" content=\"2021-05-26T10:19:31+00:00\" \/>\n<meta name=\"author\" content=\"Jeanette\" \/>\n<meta name=\"twitter:card\" content=\"summary_large_image\" \/>\n<meta name=\"twitter:creator\" content=\"@eldiario_net\" \/>\n<meta name=\"twitter:site\" content=\"@eldiario_net\" \/>\n<meta name=\"twitter:label1\" content=\"Escrito por\" \/>\n\t<meta name=\"twitter:data1\" content=\"Jeanette\" \/>\n\t<meta name=\"twitter:label2\" content=\"Tiempo de lectura\" \/>\n\t<meta name=\"twitter:data2\" content=\"4 minutos\" \/>\n<script type=\"application\/ld+json\" class=\"yoast-schema-graph\">{\"@context\":\"https:\\\/\\\/schema.org\",\"@graph\":[{\"@type\":\"Article\",\"@id\":\"https:\\\/\\\/www.eldiario.net\\\/portal\\\/2021\\\/05\\\/26\\\/gobierno-apuesta-al-crecimiento-a-pesar-del-alto-indice-de-contagios\\\/#article\",\"isPartOf\":{\"@id\":\"https:\\\/\\\/www.eldiario.net\\\/portal\\\/2021\\\/05\\\/26\\\/gobierno-apuesta-al-crecimiento-a-pesar-del-alto-indice-de-contagios\\\/\"},\"author\":{\"name\":\"Jeanette\",\"@id\":\"https:\\\/\\\/www.eldiario.net\\\/portal\\\/#\\\/schema\\\/person\\\/f46445640444750d7d753ccd04ae01b7\"},\"headline\":\"Gobierno apuesta al crecimiento a pesar del alto \u00edndice de contagios\",\"datePublished\":\"2021-05-26T10:19:31+00:00\",\"mainEntityOfPage\":{\"@id\":\"https:\\\/\\\/www.eldiario.net\\\/portal\\\/2021\\\/05\\\/26\\\/gobierno-apuesta-al-crecimiento-a-pesar-del-alto-indice-de-contagios\\\/\"},\"wordCount\":781,\"publisher\":{\"@id\":\"https:\\\/\\\/www.eldiario.net\\\/portal\\\/#organization\"},\"image\":{\"@id\":\"https:\\\/\\\/www.eldiario.net\\\/portal\\\/2021\\\/05\\\/26\\\/gobierno-apuesta-al-crecimiento-a-pesar-del-alto-indice-de-contagios\\\/#primaryimage\"},\"thumbnailUrl\":\"\",\"articleSection\":[\"Econom\u00eda\"],\"inLanguage\":\"es\"},{\"@type\":\"WebPage\",\"@id\":\"https:\\\/\\\/www.eldiario.net\\\/portal\\\/2021\\\/05\\\/26\\\/gobierno-apuesta-al-crecimiento-a-pesar-del-alto-indice-de-contagios\\\/\",\"url\":\"https:\\\/\\\/www.eldiario.net\\\/portal\\\/2021\\\/05\\\/26\\\/gobierno-apuesta-al-crecimiento-a-pesar-del-alto-indice-de-contagios\\\/\",\"name\":\"Gobierno apuesta al crecimiento a pesar del alto \u00edndice de contagios - El Diario - Bolivia\",\"isPartOf\":{\"@id\":\"https:\\\/\\\/www.eldiario.net\\\/portal\\\/#website\"},\"primaryImageOfPage\":{\"@id\":\"https:\\\/\\\/www.eldiario.net\\\/portal\\\/2021\\\/05\\\/26\\\/gobierno-apuesta-al-crecimiento-a-pesar-del-alto-indice-de-contagios\\\/#primaryimage\"},\"image\":{\"@id\":\"https:\\\/\\\/www.eldiario.net\\\/portal\\\/2021\\\/05\\\/26\\\/gobierno-apuesta-al-crecimiento-a-pesar-del-alto-indice-de-contagios\\\/#primaryimage\"},\"thumbnailUrl\":\"\",\"datePublished\":\"2021-05-26T10:19:31+00:00\",\"breadcrumb\":{\"@id\":\"https:\\\/\\\/www.eldiario.net\\\/portal\\\/2021\\\/05\\\/26\\\/gobierno-apuesta-al-crecimiento-a-pesar-del-alto-indice-de-contagios\\\/#breadcrumb\"},\"inLanguage\":\"es\",\"potentialAction\":[{\"@type\":\"ReadAction\",\"target\":[\"https:\\\/\\\/www.eldiario.net\\\/portal\\\/2021\\\/05\\\/26\\\/gobierno-apuesta-al-crecimiento-a-pesar-del-alto-indice-de-contagios\\\/\"]}]},{\"@type\":\"ImageObject\",\"inLanguage\":\"es\",\"@id\":\"https:\\\/\\\/www.eldiario.net\\\/portal\\\/2021\\\/05\\\/26\\\/gobierno-apuesta-al-crecimiento-a-pesar-del-alto-indice-de-contagios\\\/#primaryimage\",\"url\":\"\",\"contentUrl\":\"\"},{\"@type\":\"BreadcrumbList\",\"@id\":\"https:\\\/\\\/www.eldiario.net\\\/portal\\\/2021\\\/05\\\/26\\\/gobierno-apuesta-al-crecimiento-a-pesar-del-alto-indice-de-contagios\\\/#breadcrumb\",\"itemListElement\":[{\"@type\":\"ListItem\",\"position\":1,\"name\":\"Portada\",\"item\":\"https:\\\/\\\/www.eldiario.net\\\/portal\\\/\"},{\"@type\":\"ListItem\",\"position\":2,\"name\":\"Gobierno apuesta al crecimiento a pesar del alto \u00edndice de contagios\"}]},{\"@type\":\"WebSite\",\"@id\":\"https:\\\/\\\/www.eldiario.net\\\/portal\\\/#website\",\"url\":\"https:\\\/\\\/www.eldiario.net\\\/portal\\\/\",\"name\":\"El Diario - Decano de la prensa nacional\",\"description\":\"El Diario - Decano de la prensa nacional\",\"publisher\":{\"@id\":\"https:\\\/\\\/www.eldiario.net\\\/portal\\\/#organization\"},\"potentialAction\":[{\"@type\":\"SearchAction\",\"target\":{\"@type\":\"EntryPoint\",\"urlTemplate\":\"https:\\\/\\\/www.eldiario.net\\\/portal\\\/?s={search_term_string}\"},\"query-input\":{\"@type\":\"PropertyValueSpecification\",\"valueRequired\":true,\"valueName\":\"search_term_string\"}}],\"inLanguage\":\"es\"},{\"@type\":\"Organization\",\"@id\":\"https:\\\/\\\/www.eldiario.net\\\/portal\\\/#organization\",\"name\":\"El Diario - Decano de la prensa nacional\",\"url\":\"https:\\\/\\\/www.eldiario.net\\\/portal\\\/\",\"logo\":{\"@type\":\"ImageObject\",\"inLanguage\":\"es\",\"@id\":\"https:\\\/\\\/www.eldiario.net\\\/portal\\\/#\\\/schema\\\/logo\\\/image\\\/\",\"url\":\"https:\\\/\\\/www.eldiario.net\\\/portal\\\/wp-content\\\/uploads\\\/2023\\\/07\\\/logo_ED.jpg\",\"contentUrl\":\"https:\\\/\\\/www.eldiario.net\\\/portal\\\/wp-content\\\/uploads\\\/2023\\\/07\\\/logo_ED.jpg\",\"width\":272,\"height\":52,\"caption\":\"El Diario - Decano de la prensa nacional\"},\"image\":{\"@id\":\"https:\\\/\\\/www.eldiario.net\\\/portal\\\/#\\\/schema\\\/logo\\\/image\\\/\"},\"sameAs\":[\"https:\\\/\\\/www.facebook.com\\\/eldiario.bolivia\\\/\",\"https:\\\/\\\/x.com\\\/eldiario_net\"]},{\"@type\":\"Person\",\"@id\":\"https:\\\/\\\/www.eldiario.net\\\/portal\\\/#\\\/schema\\\/person\\\/f46445640444750d7d753ccd04ae01b7\",\"name\":\"Jeanette\",\"image\":{\"@type\":\"ImageObject\",\"inLanguage\":\"es\",\"@id\":\"https:\\\/\\\/secure.gravatar.com\\\/avatar\\\/3ea2118a5f7dad2b7138b1187a6b7ee55f160b9968b66013c3a3ef39dd7e5798?s=96&d=mm&r=g\",\"url\":\"https:\\\/\\\/secure.gravatar.com\\\/avatar\\\/3ea2118a5f7dad2b7138b1187a6b7ee55f160b9968b66013c3a3ef39dd7e5798?s=96&d=mm&r=g\",\"contentUrl\":\"https:\\\/\\\/secure.gravatar.com\\\/avatar\\\/3ea2118a5f7dad2b7138b1187a6b7ee55f160b9968b66013c3a3ef39dd7e5798?s=96&d=mm&r=g\",\"caption\":\"Jeanette\"},\"sameAs\":[\"https:\\\/\\\/www.eldiario.net\\\/portal\"],\"url\":\"https:\\\/\\\/www.eldiario.net\\\/portal\\\/author\\\/jeanette\\\/\"}]}<\/script>\n<!-- \/ Yoast SEO plugin. -->","yoast_head_json":{"title":"Gobierno apuesta al crecimiento a pesar del alto \u00edndice de contagios - El Diario - Bolivia","robots":{"index":"index","follow":"follow","max-snippet":"max-snippet:-1","max-image-preview":"max-image-preview:large","max-video-preview":"max-video-preview:-1"},"canonical":"https:\/\/www.eldiario.net\/portal\/2021\/05\/26\/gobierno-apuesta-al-crecimiento-a-pesar-del-alto-indice-de-contagios\/","og_locale":"es_ES","og_type":"article","og_title":"Gobierno apuesta al crecimiento a pesar del alto \u00edndice de contagios - El Diario - Bolivia","og_description":"Una recuperaci\u00f3n tenue de la econom\u00eda empez\u00f3 con el levantamiento de la cuarentena r\u00edgida en julio de 2020, empero el Gobierno no lo tiene consignado en sus planes a pesar de los altos \u00edndices de contagio y prefiere apostar al crecimiento, que seg\u00fan el \u00cdndice Global de Actividad Econ\u00f3mica (IGAE) hasta abril registr\u00f3 5,3 %. [&hellip;]","og_url":"https:\/\/www.eldiario.net\/portal\/2021\/05\/26\/gobierno-apuesta-al-crecimiento-a-pesar-del-alto-indice-de-contagios\/","og_site_name":"El Diario - Bolivia","article_publisher":"https:\/\/www.facebook.com\/eldiario.bolivia\/","article_published_time":"2021-05-26T10:19:31+00:00","author":"Jeanette","twitter_card":"summary_large_image","twitter_creator":"@eldiario_net","twitter_site":"@eldiario_net","twitter_misc":{"Escrito por":"Jeanette","Tiempo de lectura":"4 minutos"},"schema":{"@context":"https:\/\/schema.org","@graph":[{"@type":"Article","@id":"https:\/\/www.eldiario.net\/portal\/2021\/05\/26\/gobierno-apuesta-al-crecimiento-a-pesar-del-alto-indice-de-contagios\/#article","isPartOf":{"@id":"https:\/\/www.eldiario.net\/portal\/2021\/05\/26\/gobierno-apuesta-al-crecimiento-a-pesar-del-alto-indice-de-contagios\/"},"author":{"name":"Jeanette","@id":"https:\/\/www.eldiario.net\/portal\/#\/schema\/person\/f46445640444750d7d753ccd04ae01b7"},"headline":"Gobierno apuesta al crecimiento a pesar del alto \u00edndice de contagios","datePublished":"2021-05-26T10:19:31+00:00","mainEntityOfPage":{"@id":"https:\/\/www.eldiario.net\/portal\/2021\/05\/26\/gobierno-apuesta-al-crecimiento-a-pesar-del-alto-indice-de-contagios\/"},"wordCount":781,"publisher":{"@id":"https:\/\/www.eldiario.net\/portal\/#organization"},"image":{"@id":"https:\/\/www.eldiario.net\/portal\/2021\/05\/26\/gobierno-apuesta-al-crecimiento-a-pesar-del-alto-indice-de-contagios\/#primaryimage"},"thumbnailUrl":"","articleSection":["Econom\u00eda"],"inLanguage":"es"},{"@type":"WebPage","@id":"https:\/\/www.eldiario.net\/portal\/2021\/05\/26\/gobierno-apuesta-al-crecimiento-a-pesar-del-alto-indice-de-contagios\/","url":"https:\/\/www.eldiario.net\/portal\/2021\/05\/26\/gobierno-apuesta-al-crecimiento-a-pesar-del-alto-indice-de-contagios\/","name":"Gobierno apuesta al crecimiento a pesar del alto \u00edndice de contagios - El Diario - Bolivia","isPartOf":{"@id":"https:\/\/www.eldiario.net\/portal\/#website"},"primaryImageOfPage":{"@id":"https:\/\/www.eldiario.net\/portal\/2021\/05\/26\/gobierno-apuesta-al-crecimiento-a-pesar-del-alto-indice-de-contagios\/#primaryimage"},"image":{"@id":"https:\/\/www.eldiario.net\/portal\/2021\/05\/26\/gobierno-apuesta-al-crecimiento-a-pesar-del-alto-indice-de-contagios\/#primaryimage"},"thumbnailUrl":"","datePublished":"2021-05-26T10:19:31+00:00","breadcrumb":{"@id":"https:\/\/www.eldiario.net\/portal\/2021\/05\/26\/gobierno-apuesta-al-crecimiento-a-pesar-del-alto-indice-de-contagios\/#breadcrumb"},"inLanguage":"es","potentialAction":[{"@type":"ReadAction","target":["https:\/\/www.eldiario.net\/portal\/2021\/05\/26\/gobierno-apuesta-al-crecimiento-a-pesar-del-alto-indice-de-contagios\/"]}]},{"@type":"ImageObject","inLanguage":"es","@id":"https:\/\/www.eldiario.net\/portal\/2021\/05\/26\/gobierno-apuesta-al-crecimiento-a-pesar-del-alto-indice-de-contagios\/#primaryimage","url":"","contentUrl":""},{"@type":"BreadcrumbList","@id":"https:\/\/www.eldiario.net\/portal\/2021\/05\/26\/gobierno-apuesta-al-crecimiento-a-pesar-del-alto-indice-de-contagios\/#breadcrumb","itemListElement":[{"@type":"ListItem","position":1,"name":"Portada","item":"https:\/\/www.eldiario.net\/portal\/"},{"@type":"ListItem","position":2,"name":"Gobierno apuesta al crecimiento a pesar del alto \u00edndice de contagios"}]},{"@type":"WebSite","@id":"https:\/\/www.eldiario.net\/portal\/#website","url":"https:\/\/www.eldiario.net\/portal\/","name":"El Diario - Decano de la prensa nacional","description":"El Diario - Decano de la prensa nacional","publisher":{"@id":"https:\/\/www.eldiario.net\/portal\/#organization"},"potentialAction":[{"@type":"SearchAction","target":{"@type":"EntryPoint","urlTemplate":"https:\/\/www.eldiario.net\/portal\/?s={search_term_string}"},"query-input":{"@type":"PropertyValueSpecification","valueRequired":true,"valueName":"search_term_string"}}],"inLanguage":"es"},{"@type":"Organization","@id":"https:\/\/www.eldiario.net\/portal\/#organization","name":"El Diario - Decano de la prensa nacional","url":"https:\/\/www.eldiario.net\/portal\/","logo":{"@type":"ImageObject","inLanguage":"es","@id":"https:\/\/www.eldiario.net\/portal\/#\/schema\/logo\/image\/","url":"https:\/\/www.eldiario.net\/portal\/wp-content\/uploads\/2023\/07\/logo_ED.jpg","contentUrl":"https:\/\/www.eldiario.net\/portal\/wp-content\/uploads\/2023\/07\/logo_ED.jpg","width":272,"height":52,"caption":"El Diario - Decano de la prensa nacional"},"image":{"@id":"https:\/\/www.eldiario.net\/portal\/#\/schema\/logo\/image\/"},"sameAs":["https:\/\/www.facebook.com\/eldiario.bolivia\/","https:\/\/x.com\/eldiario_net"]},{"@type":"Person","@id":"https:\/\/www.eldiario.net\/portal\/#\/schema\/person\/f46445640444750d7d753ccd04ae01b7","name":"Jeanette","image":{"@type":"ImageObject","inLanguage":"es","@id":"https:\/\/secure.gravatar.com\/avatar\/3ea2118a5f7dad2b7138b1187a6b7ee55f160b9968b66013c3a3ef39dd7e5798?s=96&d=mm&r=g","url":"https:\/\/secure.gravatar.com\/avatar\/3ea2118a5f7dad2b7138b1187a6b7ee55f160b9968b66013c3a3ef39dd7e5798?s=96&d=mm&r=g","contentUrl":"https:\/\/secure.gravatar.com\/avatar\/3ea2118a5f7dad2b7138b1187a6b7ee55f160b9968b66013c3a3ef39dd7e5798?s=96&d=mm&r=g","caption":"Jeanette"},"sameAs":["https:\/\/www.eldiario.net\/portal"],"url":"https:\/\/www.eldiario.net\/portal\/author\/jeanette\/"}]}},"_links":{"self":[{"href":"https:\/\/www.eldiario.net\/portal\/wp-json\/wp\/v2\/posts\/6408","targetHints":{"allow":["GET"]}}],"collection":[{"href":"https:\/\/www.eldiario.net\/portal\/wp-json\/wp\/v2\/posts"}],"about":[{"href":"https:\/\/www.eldiario.net\/portal\/wp-json\/wp\/v2\/types\/post"}],"author":[{"embeddable":true,"href":"https:\/\/www.eldiario.net\/portal\/wp-json\/wp\/v2\/users\/1"}],"replies":[{"embeddable":true,"href":"https:\/\/www.eldiario.net\/portal\/wp-json\/wp\/v2\/comments?post=6408"}],"version-history":[{"count":0,"href":"https:\/\/www.eldiario.net\/portal\/wp-json\/wp\/v2\/posts\/6408\/revisions"}],"wp:attachment":[{"href":"https:\/\/www.eldiario.net\/portal\/wp-json\/wp\/v2\/media?parent=6408"}],"wp:term":[{"taxonomy":"category","embeddable":true,"href":"https:\/\/www.eldiario.net\/portal\/wp-json\/wp\/v2\/categories?post=6408"},{"taxonomy":"post_tag","embeddable":true,"href":"https:\/\/www.eldiario.net\/portal\/wp-json\/wp\/v2\/tags?post=6408"}],"curies":[{"name":"wp","href":"https:\/\/api.w.org\/{rel}","templated":true}]}}