{"id":6405,"date":"2021-05-26T06:18:19","date_gmt":"2021-05-26T10:18:19","guid":{"rendered":"https:\/\/www.eldiario.net\/portal\/?p=6405"},"modified":"2021-05-26T06:18:19","modified_gmt":"2021-05-26T10:18:19","slug":"sector-forestal-busca-generar-mas-de-400-000-empleos","status":"publish","type":"post","link":"https:\/\/www.eldiario.net\/portal\/2021\/05\/26\/sector-forestal-busca-generar-mas-de-400-000-empleos\/","title":{"rendered":"Sector forestal busca generar m\u00e1s de 400.000 empleos"},"content":{"rendered":"<p>La C\u00e1mara Forestal de Bolivia (CFB) y el Instituto Boliviano de Comercio Exterior (IBCE) presentaron el \u201cEspecial Forestal\u201d, que da a conocer las actividades, problem\u00e1ticas, proyecciones y propuestas de reactivaci\u00f3n del sector en funci\u00f3n de aportar a la recuperaci\u00f3n econ\u00f3mica del pa\u00eds. En la presentaci\u00f3n anunciaron que hay la posibilidad de crear 419.000 empleos directos e indirectos.<br \/>\nEl sector forestal est\u00e1 con posibilidades de aumentar a 32.000 empresas formales; lograr 5.000.000 de m3 de producci\u00f3n maderera; 450 millones de d\u00f3lares de ventas en el mercado interno; 1.200 millones de d\u00f3lares por exportaciones con alto valor agregado y, en 10 a\u00f1os, lograr 100.000 hect\u00e1reas de plantaciones forestales creando 80.000 empleos\/a\u00f1o, detall\u00f3 Diego Justiniano Pinto, presidente de la CFB, en conferencia de prensa en Oficinas del IBCE.<br \/>\nEl sector que sufri\u00f3 un fuerte retroceso en la \u00faltima d\u00e9cada, al extremo de haber cambiado el perfil comercial forestal\/maderero de Bolivia, torn\u00e1ndolo deficitario entre 2014 y 2018; la crecida de las importaciones madereras fue tan impresionante, que de menos de 9 millones de d\u00f3lares en 2006 subi\u00f3 a casi 67 millones en 2014, mientras que las exportaciones del sector ca\u00edan desde un pico de 127 millones de d\u00f3lares en 2007 a un m\u00ednimo de 50 millones en 2016, dijo Demetrio Soruco Henicke, presidente del IBCE.<br \/>\nSi bien el d\u00e9ficit se revirti\u00f3 desde 2019, sus exportaciones hoy son la mitad de lo que fueron en su mejor momento, mientras que las importaciones siguen siendo muy mayores que en 2006; con buenas pol\u00edticas para su reactivaci\u00f3n \u2013con un mercado mundial de 130.000 millones de d\u00f3lares\u2013 f\u00e1cil ser\u00eda generar m\u00e1s divisas por exportaci\u00f3n y, recuperando el mercado interno, lograr m\u00e1s empleo para los bolivianos e impuestos para el Estado, complement\u00f3.<\/p>\n<p>Crisis en sector<br \/>\nforestal\/maderero<br \/>\n\u201cEl sector forestal de Bolivia \u2013el maderero en particular\u2013 atraviesa una crisis profunda por la baja producci\u00f3n formal (35 % de la capacidad instalada), la sustituci\u00f3n de la madera por metales y PVC, la subida exponencial de las importaciones, la falta de mercado interno para el producto nacional, la ca\u00edda de mercados externos y la contracci\u00f3n de la econom\u00eda comunitaria y privada por falta de financiamiento en la Banca, ocasionando el cierre de miles de unidades productivas, desde grandes a peque\u00f1as, y el despido de m\u00e1s de 25.000 trabajadores en los \u00faltimos 8 a\u00f1os\u201d, inform\u00f3 el Presidente de la CFB.<br \/>\nSeg\u00fan Justiniano, \u201clas medidas para reactivar el sector forestal de Bolivia han sido consensuadas con todos los actores involucrados en la cadena productiva, pensando en una soluci\u00f3n integral para los actores forestales y madereros\u201d.<br \/>\nPlantean cinco medidas para la reactivaci\u00f3n del sector Forestal-Maderero Boliviano, que consisten en la recuperaci\u00f3n del mercado interno a trav\u00e9s de mecanismos que racionalicen las importaciones como la Licencia Previa para las importaciones de productos de madera, lucha anticontrabando y compras estatales de productos nacionales.<br \/>\nTambi\u00e9n est\u00e1 el financiamiento para capital de operaciones, reconversi\u00f3n tecnol\u00f3gica y promoci\u00f3n, comercializaci\u00f3n, investigaci\u00f3n y desarrollo; los ajustes en la estructura tributaria, que deber\u00eda consistir en la rebaja de aranceles de importaci\u00f3n para bienes de capital, diferimiento del IVA y creaci\u00f3n del R\u00e9gimen Unificado Forestal.<br \/>\nOtro planteamiento est\u00e1 en los mecanismos institucionales, mediante una agenda para el desarrollo forestal, acuerdos de complementariedad comunidad-empresa y negocios inclusivos; y, finalmente, implementar pol\u00edticas para plantaciones forestales industriales y agroforestales, con seguridad jur\u00eddica y polos industriales, apoyo financiero e incentivos tributarios y simplicidad t\u00e9cnica\/administrativa para su establecimiento y manejo.<br \/>\nEl impacto que se espera en 5 a\u00f1os est\u00e1 aumentar empleos de 90.000 a 419.000, entre directos e indirectos; mayor registro\/formalizaci\u00f3n de empresas e industrias madereras, desde 15.000 a m\u00e1s de 32.000, entre peque\u00f1as, medianas y grandes empresas, subir la producci\u00f3n formal de madera de 1,4 hasta 5 millones de m3, subir las compras del mercado interno entre 350 a 450 millones de d\u00f3lares y aumentar a 1.200 millones de d\u00f3lares la exportaci\u00f3n maderera con alto valor agregado.<\/p>\n","protected":false},"excerpt":{"rendered":"<p>La C\u00e1mara Forestal de Bolivia (CFB) y el Instituto Boliviano de Comercio Exterior (IBCE) presentaron el \u201cEspecial Forestal\u201d, que da a conocer las actividades, problem\u00e1ticas, proyecciones y propuestas de reactivaci\u00f3n del sector en funci\u00f3n de aportar a la recuperaci\u00f3n econ\u00f3mica del pa\u00eds. En la presentaci\u00f3n anunciaron que hay la posibilidad de crear 419.000 empleos directos [&hellip;]<\/p>\n","protected":false},"author":1,"featured_media":6406,"comment_status":"closed","ping_status":"closed","sticky":false,"template":"","format":"standard","meta":{"_acf_changed":false,"footnotes":""},"categories":[7],"tags":[],"class_list":["post-6405","post","type-post","status-publish","format-standard","has-post-thumbnail","category-economia"],"acf":{"antetitulo":""},"yoast_head":"<!-- This site is optimized with the Yoast SEO plugin v28.3 - https:\/\/yoast.com\/product\/yoast-seo-wordpress\/ -->\n<title>Sector forestal busca generar m\u00e1s de 400.000 empleos - El Diario - Bolivia<\/title>\n<meta name=\"robots\" content=\"index, follow, max-snippet:-1, max-image-preview:large, max-video-preview:-1\" \/>\n<link rel=\"canonical\" href=\"https:\/\/www.eldiario.net\/portal\/2021\/05\/26\/sector-forestal-busca-generar-mas-de-400-000-empleos\/\" \/>\n<meta property=\"og:locale\" content=\"es_ES\" \/>\n<meta property=\"og:type\" content=\"article\" \/>\n<meta property=\"og:title\" content=\"Sector forestal busca generar m\u00e1s de 400.000 empleos - El Diario - Bolivia\" \/>\n<meta property=\"og:description\" content=\"La C\u00e1mara Forestal de Bolivia (CFB) y el Instituto Boliviano de Comercio Exterior (IBCE) presentaron el \u201cEspecial Forestal\u201d, que da a conocer las actividades, problem\u00e1ticas, proyecciones y propuestas de reactivaci\u00f3n del sector en funci\u00f3n de aportar a la recuperaci\u00f3n econ\u00f3mica del pa\u00eds. En la presentaci\u00f3n anunciaron que hay la posibilidad de crear 419.000 empleos directos [&hellip;]\" \/>\n<meta property=\"og:url\" content=\"https:\/\/www.eldiario.net\/portal\/2021\/05\/26\/sector-forestal-busca-generar-mas-de-400-000-empleos\/\" \/>\n<meta property=\"og:site_name\" content=\"El Diario - Bolivia\" \/>\n<meta property=\"article:publisher\" content=\"https:\/\/www.facebook.com\/eldiario.bolivia\/\" \/>\n<meta property=\"article:published_time\" content=\"2021-05-26T10:18:19+00:00\" \/>\n<meta name=\"author\" content=\"Jeanette\" \/>\n<meta name=\"twitter:card\" content=\"summary_large_image\" \/>\n<meta name=\"twitter:creator\" content=\"@eldiario_net\" \/>\n<meta name=\"twitter:site\" content=\"@eldiario_net\" \/>\n<meta name=\"twitter:label1\" content=\"Escrito por\" \/>\n\t<meta name=\"twitter:data1\" content=\"Jeanette\" \/>\n\t<meta name=\"twitter:label2\" content=\"Tiempo de lectura\" \/>\n\t<meta name=\"twitter:data2\" content=\"3 minutos\" \/>\n<script type=\"application\/ld+json\" class=\"yoast-schema-graph\">{\"@context\":\"https:\\\/\\\/schema.org\",\"@graph\":[{\"@type\":\"Article\",\"@id\":\"https:\\\/\\\/www.eldiario.net\\\/portal\\\/2021\\\/05\\\/26\\\/sector-forestal-busca-generar-mas-de-400-000-empleos\\\/#article\",\"isPartOf\":{\"@id\":\"https:\\\/\\\/www.eldiario.net\\\/portal\\\/2021\\\/05\\\/26\\\/sector-forestal-busca-generar-mas-de-400-000-empleos\\\/\"},\"author\":{\"name\":\"Jeanette\",\"@id\":\"https:\\\/\\\/www.eldiario.net\\\/portal\\\/#\\\/schema\\\/person\\\/f46445640444750d7d753ccd04ae01b7\"},\"headline\":\"Sector forestal busca generar m\u00e1s de 400.000 empleos\",\"datePublished\":\"2021-05-26T10:18:19+00:00\",\"mainEntityOfPage\":{\"@id\":\"https:\\\/\\\/www.eldiario.net\\\/portal\\\/2021\\\/05\\\/26\\\/sector-forestal-busca-generar-mas-de-400-000-empleos\\\/\"},\"wordCount\":680,\"publisher\":{\"@id\":\"https:\\\/\\\/www.eldiario.net\\\/portal\\\/#organization\"},\"image\":{\"@id\":\"https:\\\/\\\/www.eldiario.net\\\/portal\\\/2021\\\/05\\\/26\\\/sector-forestal-busca-generar-mas-de-400-000-empleos\\\/#primaryimage\"},\"thumbnailUrl\":\"\",\"articleSection\":[\"Econom\u00eda\"],\"inLanguage\":\"es\"},{\"@type\":\"WebPage\",\"@id\":\"https:\\\/\\\/www.eldiario.net\\\/portal\\\/2021\\\/05\\\/26\\\/sector-forestal-busca-generar-mas-de-400-000-empleos\\\/\",\"url\":\"https:\\\/\\\/www.eldiario.net\\\/portal\\\/2021\\\/05\\\/26\\\/sector-forestal-busca-generar-mas-de-400-000-empleos\\\/\",\"name\":\"Sector forestal busca generar m\u00e1s de 400.000 empleos - El Diario - Bolivia\",\"isPartOf\":{\"@id\":\"https:\\\/\\\/www.eldiario.net\\\/portal\\\/#website\"},\"primaryImageOfPage\":{\"@id\":\"https:\\\/\\\/www.eldiario.net\\\/portal\\\/2021\\\/05\\\/26\\\/sector-forestal-busca-generar-mas-de-400-000-empleos\\\/#primaryimage\"},\"image\":{\"@id\":\"https:\\\/\\\/www.eldiario.net\\\/portal\\\/2021\\\/05\\\/26\\\/sector-forestal-busca-generar-mas-de-400-000-empleos\\\/#primaryimage\"},\"thumbnailUrl\":\"\",\"datePublished\":\"2021-05-26T10:18:19+00:00\",\"breadcrumb\":{\"@id\":\"https:\\\/\\\/www.eldiario.net\\\/portal\\\/2021\\\/05\\\/26\\\/sector-forestal-busca-generar-mas-de-400-000-empleos\\\/#breadcrumb\"},\"inLanguage\":\"es\",\"potentialAction\":[{\"@type\":\"ReadAction\",\"target\":[\"https:\\\/\\\/www.eldiario.net\\\/portal\\\/2021\\\/05\\\/26\\\/sector-forestal-busca-generar-mas-de-400-000-empleos\\\/\"]}]},{\"@type\":\"ImageObject\",\"inLanguage\":\"es\",\"@id\":\"https:\\\/\\\/www.eldiario.net\\\/portal\\\/2021\\\/05\\\/26\\\/sector-forestal-busca-generar-mas-de-400-000-empleos\\\/#primaryimage\",\"url\":\"\",\"contentUrl\":\"\"},{\"@type\":\"BreadcrumbList\",\"@id\":\"https:\\\/\\\/www.eldiario.net\\\/portal\\\/2021\\\/05\\\/26\\\/sector-forestal-busca-generar-mas-de-400-000-empleos\\\/#breadcrumb\",\"itemListElement\":[{\"@type\":\"ListItem\",\"position\":1,\"name\":\"Portada\",\"item\":\"https:\\\/\\\/www.eldiario.net\\\/portal\\\/\"},{\"@type\":\"ListItem\",\"position\":2,\"name\":\"Sector forestal busca generar m\u00e1s de 400.000 empleos\"}]},{\"@type\":\"WebSite\",\"@id\":\"https:\\\/\\\/www.eldiario.net\\\/portal\\\/#website\",\"url\":\"https:\\\/\\\/www.eldiario.net\\\/portal\\\/\",\"name\":\"El Diario - Decano de la prensa nacional\",\"description\":\"El Diario - Decano de la prensa nacional\",\"publisher\":{\"@id\":\"https:\\\/\\\/www.eldiario.net\\\/portal\\\/#organization\"},\"potentialAction\":[{\"@type\":\"SearchAction\",\"target\":{\"@type\":\"EntryPoint\",\"urlTemplate\":\"https:\\\/\\\/www.eldiario.net\\\/portal\\\/?s={search_term_string}\"},\"query-input\":{\"@type\":\"PropertyValueSpecification\",\"valueRequired\":true,\"valueName\":\"search_term_string\"}}],\"inLanguage\":\"es\"},{\"@type\":\"Organization\",\"@id\":\"https:\\\/\\\/www.eldiario.net\\\/portal\\\/#organization\",\"name\":\"El Diario - Decano de la prensa nacional\",\"url\":\"https:\\\/\\\/www.eldiario.net\\\/portal\\\/\",\"logo\":{\"@type\":\"ImageObject\",\"inLanguage\":\"es\",\"@id\":\"https:\\\/\\\/www.eldiario.net\\\/portal\\\/#\\\/schema\\\/logo\\\/image\\\/\",\"url\":\"https:\\\/\\\/www.eldiario.net\\\/portal\\\/wp-content\\\/uploads\\\/2023\\\/07\\\/logo_ED.jpg\",\"contentUrl\":\"https:\\\/\\\/www.eldiario.net\\\/portal\\\/wp-content\\\/uploads\\\/2023\\\/07\\\/logo_ED.jpg\",\"width\":272,\"height\":52,\"caption\":\"El Diario - Decano de la prensa nacional\"},\"image\":{\"@id\":\"https:\\\/\\\/www.eldiario.net\\\/portal\\\/#\\\/schema\\\/logo\\\/image\\\/\"},\"sameAs\":[\"https:\\\/\\\/www.facebook.com\\\/eldiario.bolivia\\\/\",\"https:\\\/\\\/x.com\\\/eldiario_net\"]},{\"@type\":\"Person\",\"@id\":\"https:\\\/\\\/www.eldiario.net\\\/portal\\\/#\\\/schema\\\/person\\\/f46445640444750d7d753ccd04ae01b7\",\"name\":\"Jeanette\",\"image\":{\"@type\":\"ImageObject\",\"inLanguage\":\"es\",\"@id\":\"https:\\\/\\\/secure.gravatar.com\\\/avatar\\\/3ea2118a5f7dad2b7138b1187a6b7ee55f160b9968b66013c3a3ef39dd7e5798?s=96&d=mm&r=g\",\"url\":\"https:\\\/\\\/secure.gravatar.com\\\/avatar\\\/3ea2118a5f7dad2b7138b1187a6b7ee55f160b9968b66013c3a3ef39dd7e5798?s=96&d=mm&r=g\",\"contentUrl\":\"https:\\\/\\\/secure.gravatar.com\\\/avatar\\\/3ea2118a5f7dad2b7138b1187a6b7ee55f160b9968b66013c3a3ef39dd7e5798?s=96&d=mm&r=g\",\"caption\":\"Jeanette\"},\"sameAs\":[\"https:\\\/\\\/www.eldiario.net\\\/portal\"],\"url\":\"https:\\\/\\\/www.eldiario.net\\\/portal\\\/author\\\/jeanette\\\/\"}]}<\/script>\n<!-- \/ Yoast SEO plugin. -->","yoast_head_json":{"title":"Sector forestal busca generar m\u00e1s de 400.000 empleos - El Diario - Bolivia","robots":{"index":"index","follow":"follow","max-snippet":"max-snippet:-1","max-image-preview":"max-image-preview:large","max-video-preview":"max-video-preview:-1"},"canonical":"https:\/\/www.eldiario.net\/portal\/2021\/05\/26\/sector-forestal-busca-generar-mas-de-400-000-empleos\/","og_locale":"es_ES","og_type":"article","og_title":"Sector forestal busca generar m\u00e1s de 400.000 empleos - El Diario - Bolivia","og_description":"La C\u00e1mara Forestal de Bolivia (CFB) y el Instituto Boliviano de Comercio Exterior (IBCE) presentaron el \u201cEspecial Forestal\u201d, que da a conocer las actividades, problem\u00e1ticas, proyecciones y propuestas de reactivaci\u00f3n del sector en funci\u00f3n de aportar a la recuperaci\u00f3n econ\u00f3mica del pa\u00eds. En la presentaci\u00f3n anunciaron que hay la posibilidad de crear 419.000 empleos directos [&hellip;]","og_url":"https:\/\/www.eldiario.net\/portal\/2021\/05\/26\/sector-forestal-busca-generar-mas-de-400-000-empleos\/","og_site_name":"El Diario - Bolivia","article_publisher":"https:\/\/www.facebook.com\/eldiario.bolivia\/","article_published_time":"2021-05-26T10:18:19+00:00","author":"Jeanette","twitter_card":"summary_large_image","twitter_creator":"@eldiario_net","twitter_site":"@eldiario_net","twitter_misc":{"Escrito por":"Jeanette","Tiempo de lectura":"3 minutos"},"schema":{"@context":"https:\/\/schema.org","@graph":[{"@type":"Article","@id":"https:\/\/www.eldiario.net\/portal\/2021\/05\/26\/sector-forestal-busca-generar-mas-de-400-000-empleos\/#article","isPartOf":{"@id":"https:\/\/www.eldiario.net\/portal\/2021\/05\/26\/sector-forestal-busca-generar-mas-de-400-000-empleos\/"},"author":{"name":"Jeanette","@id":"https:\/\/www.eldiario.net\/portal\/#\/schema\/person\/f46445640444750d7d753ccd04ae01b7"},"headline":"Sector forestal busca generar m\u00e1s de 400.000 empleos","datePublished":"2021-05-26T10:18:19+00:00","mainEntityOfPage":{"@id":"https:\/\/www.eldiario.net\/portal\/2021\/05\/26\/sector-forestal-busca-generar-mas-de-400-000-empleos\/"},"wordCount":680,"publisher":{"@id":"https:\/\/www.eldiario.net\/portal\/#organization"},"image":{"@id":"https:\/\/www.eldiario.net\/portal\/2021\/05\/26\/sector-forestal-busca-generar-mas-de-400-000-empleos\/#primaryimage"},"thumbnailUrl":"","articleSection":["Econom\u00eda"],"inLanguage":"es"},{"@type":"WebPage","@id":"https:\/\/www.eldiario.net\/portal\/2021\/05\/26\/sector-forestal-busca-generar-mas-de-400-000-empleos\/","url":"https:\/\/www.eldiario.net\/portal\/2021\/05\/26\/sector-forestal-busca-generar-mas-de-400-000-empleos\/","name":"Sector forestal busca generar m\u00e1s de 400.000 empleos - El Diario - Bolivia","isPartOf":{"@id":"https:\/\/www.eldiario.net\/portal\/#website"},"primaryImageOfPage":{"@id":"https:\/\/www.eldiario.net\/portal\/2021\/05\/26\/sector-forestal-busca-generar-mas-de-400-000-empleos\/#primaryimage"},"image":{"@id":"https:\/\/www.eldiario.net\/portal\/2021\/05\/26\/sector-forestal-busca-generar-mas-de-400-000-empleos\/#primaryimage"},"thumbnailUrl":"","datePublished":"2021-05-26T10:18:19+00:00","breadcrumb":{"@id":"https:\/\/www.eldiario.net\/portal\/2021\/05\/26\/sector-forestal-busca-generar-mas-de-400-000-empleos\/#breadcrumb"},"inLanguage":"es","potentialAction":[{"@type":"ReadAction","target":["https:\/\/www.eldiario.net\/portal\/2021\/05\/26\/sector-forestal-busca-generar-mas-de-400-000-empleos\/"]}]},{"@type":"ImageObject","inLanguage":"es","@id":"https:\/\/www.eldiario.net\/portal\/2021\/05\/26\/sector-forestal-busca-generar-mas-de-400-000-empleos\/#primaryimage","url":"","contentUrl":""},{"@type":"BreadcrumbList","@id":"https:\/\/www.eldiario.net\/portal\/2021\/05\/26\/sector-forestal-busca-generar-mas-de-400-000-empleos\/#breadcrumb","itemListElement":[{"@type":"ListItem","position":1,"name":"Portada","item":"https:\/\/www.eldiario.net\/portal\/"},{"@type":"ListItem","position":2,"name":"Sector forestal busca generar m\u00e1s de 400.000 empleos"}]},{"@type":"WebSite","@id":"https:\/\/www.eldiario.net\/portal\/#website","url":"https:\/\/www.eldiario.net\/portal\/","name":"El Diario - Decano de la prensa nacional","description":"El Diario - Decano de la prensa nacional","publisher":{"@id":"https:\/\/www.eldiario.net\/portal\/#organization"},"potentialAction":[{"@type":"SearchAction","target":{"@type":"EntryPoint","urlTemplate":"https:\/\/www.eldiario.net\/portal\/?s={search_term_string}"},"query-input":{"@type":"PropertyValueSpecification","valueRequired":true,"valueName":"search_term_string"}}],"inLanguage":"es"},{"@type":"Organization","@id":"https:\/\/www.eldiario.net\/portal\/#organization","name":"El Diario - Decano de la prensa nacional","url":"https:\/\/www.eldiario.net\/portal\/","logo":{"@type":"ImageObject","inLanguage":"es","@id":"https:\/\/www.eldiario.net\/portal\/#\/schema\/logo\/image\/","url":"https:\/\/www.eldiario.net\/portal\/wp-content\/uploads\/2023\/07\/logo_ED.jpg","contentUrl":"https:\/\/www.eldiario.net\/portal\/wp-content\/uploads\/2023\/07\/logo_ED.jpg","width":272,"height":52,"caption":"El Diario - Decano de la prensa nacional"},"image":{"@id":"https:\/\/www.eldiario.net\/portal\/#\/schema\/logo\/image\/"},"sameAs":["https:\/\/www.facebook.com\/eldiario.bolivia\/","https:\/\/x.com\/eldiario_net"]},{"@type":"Person","@id":"https:\/\/www.eldiario.net\/portal\/#\/schema\/person\/f46445640444750d7d753ccd04ae01b7","name":"Jeanette","image":{"@type":"ImageObject","inLanguage":"es","@id":"https:\/\/secure.gravatar.com\/avatar\/3ea2118a5f7dad2b7138b1187a6b7ee55f160b9968b66013c3a3ef39dd7e5798?s=96&d=mm&r=g","url":"https:\/\/secure.gravatar.com\/avatar\/3ea2118a5f7dad2b7138b1187a6b7ee55f160b9968b66013c3a3ef39dd7e5798?s=96&d=mm&r=g","contentUrl":"https:\/\/secure.gravatar.com\/avatar\/3ea2118a5f7dad2b7138b1187a6b7ee55f160b9968b66013c3a3ef39dd7e5798?s=96&d=mm&r=g","caption":"Jeanette"},"sameAs":["https:\/\/www.eldiario.net\/portal"],"url":"https:\/\/www.eldiario.net\/portal\/author\/jeanette\/"}]}},"_links":{"self":[{"href":"https:\/\/www.eldiario.net\/portal\/wp-json\/wp\/v2\/posts\/6405","targetHints":{"allow":["GET"]}}],"collection":[{"href":"https:\/\/www.eldiario.net\/portal\/wp-json\/wp\/v2\/posts"}],"about":[{"href":"https:\/\/www.eldiario.net\/portal\/wp-json\/wp\/v2\/types\/post"}],"author":[{"embeddable":true,"href":"https:\/\/www.eldiario.net\/portal\/wp-json\/wp\/v2\/users\/1"}],"replies":[{"embeddable":true,"href":"https:\/\/www.eldiario.net\/portal\/wp-json\/wp\/v2\/comments?post=6405"}],"version-history":[{"count":0,"href":"https:\/\/www.eldiario.net\/portal\/wp-json\/wp\/v2\/posts\/6405\/revisions"}],"wp:attachment":[{"href":"https:\/\/www.eldiario.net\/portal\/wp-json\/wp\/v2\/media?parent=6405"}],"wp:term":[{"taxonomy":"category","embeddable":true,"href":"https:\/\/www.eldiario.net\/portal\/wp-json\/wp\/v2\/categories?post=6405"},{"taxonomy":"post_tag","embeddable":true,"href":"https:\/\/www.eldiario.net\/portal\/wp-json\/wp\/v2\/tags?post=6405"}],"curies":[{"name":"wp","href":"https:\/\/api.w.org\/{rel}","templated":true}]}}