{"id":6396,"date":"2021-05-26T06:13:43","date_gmt":"2021-05-26T10:13:43","guid":{"rendered":"https:\/\/www.eldiario.net\/portal\/?p=6396"},"modified":"2021-05-26T06:13:43","modified_gmt":"2021-05-26T10:13:43","slug":"civicos-chiquitanos-plantean-asamblea-de-la-crucenidad","status":"publish","type":"post","link":"https:\/\/www.eldiario.net\/portal\/2021\/05\/26\/civicos-chiquitanos-plantean-asamblea-de-la-crucenidad\/","title":{"rendered":"C\u00edvicos chiquitanos plantean Asamblea de la Cruce\u00f1idad"},"content":{"rendered":"<p>La asamblea de la institucionalidad de San Ignacio de Velasco, realizada la tarde del pasado lunes, determin\u00f3 mediante un voto resolutivo exigir al Comit\u00e9 Pro Santa Cruz convoque a la Asamblea de la Cruce\u00f1idad, con el prop\u00f3sito de defender las tierras de los municipios cruce\u00f1os, que son avasalladas por campesinos, ind\u00edgenas e interculturales afines al gobierno de turno.<br \/>\nEn el voto resolutivo, se pide al gobernador de Santa Cruz, Luis Fernando Camacho, la conformaci\u00f3n de la Comisi\u00f3n Agraria Departamental (CAD) para detener la dotaci\u00f3n de tierras en la zona chiquitana en favor de personas afines al Movimiento al Socialismo (MAS).<br \/>\nLa asamblea se realiz\u00f3 en el sal\u00f3n Motoyo\u00e9 del Club Social de San Ignacio, de la que participaron autoridades locales y c\u00edvicos provinciales, dirigentes de algunos municipios de la regi\u00f3n, otros no asistieron por estar enfermos de covid-19, tambi\u00e9n participaron representantes de instituciones y organizaciones sociales.<br \/>\nA pesar de ser invitado con anticipaci\u00f3n, el director nacional (ai) del INRA, Eulogio N\u00fa\u00f1ez no asisti\u00f3 a la asamblea de la ignacianidad, para informar sobre la dotaci\u00f3n de Resoluciones de asentamientos humanos y dotaci\u00f3n t\u00edtulos a nuevas comunidades en territorio de los pueblos chiquitanos.<br \/>\nEl presidente del Comit\u00e9 C\u00edvico de San Ignacio, Dino Franco, dijo que el director del INRA, en la tercera carta de invitaci\u00f3n que se le curs\u00f3 confirm\u00f3 que el 5 de junio estar\u00e1 presente en San Ignacio de Velasco y dependiendo de los resultados de esa reuni\u00f3n se tomar\u00e1n las medidas de hecho que corresponda.<br \/>\nEl voto resolutivo tambi\u00e9n autoriza al alcalde ignaciano, Ruddy Dorado, para que inicie los procesos que correspondan para desalojar a quienes han avasallado el aeropuerto local, Juan Cochamanidis, que el 21 de este mes fue cerrado y la Direcci\u00f3n General de Aeron\u00e1utica Civil (DGAC) desautoriz\u00f3 los vuelos de avionetas y aviones por el peligro que existe, pues hay construcciones a 20 metros y a ambos lados del eje de aterrizaje.<br \/>\nTambi\u00e9n cursar\u00e1n una invitaci\u00f3n al Ministro de Desarrollo Rural y Tierras para que venga a San Ignacio y se pueda viabilizar que se suspenda la restricci\u00f3n a la exportaci\u00f3n de carne de res desde la Chiquitania, pues esta poblaci\u00f3n cuenta con la \u00fanica empresa de producci\u00f3n de carne de calidad y este problema ha provocado el despido de cientos de trabajadores.<br \/>\nAsimismo, el documento se\u00f1ala que se convocar\u00e1 a las autoridades nacionales, departamentales y competentes para la verificaci\u00f3n in situ e informar sobre las 15 concesiones mineras que operan en el municipio.<br \/>\nEl alcalde Ruddy Dorado dijo que no comparte la idea de avasallamientos en el centro ignaciano y tampoco a 200 kil\u00f3metros de San Ignacio, \u201cLas tierras se tienen que respetar, sean de quien sean, apoyo todo lo que se determine en la asamblea, favor de la conservaci\u00f3n de los bosques\u201d, se\u00f1al\u00f3.<br \/>\nEste mi\u00e9rcoles, la autoridad edil sostendr\u00e1 una reuni\u00f3n v\u00eda zoom con el Ministro de Obras P\u00fablica para tratar una soluci\u00f3n definitiva sobre el antiguo y nuevo aeropuerto internacional que est\u00e1n inhabilitados. \u201cComo Gobierno Municipal nos hemos comprometido en realizar el mantenimiento del camino de acceso al aeropuerto internacional para que empiece a recibir vuelos nacionales. Los avasallamientos nos perjudican en el aeropuerto antiguo que ha sido cerrado en plena pandemia del coronavirus y eso no se permitir\u00e1, dijo el edil.<br \/>\nDesde el viernes 21 no aterrizan avionetas en el aeropuerto local. Los avasallamientos de los terrenos de Aasana se iniciaron el 23 de enero de este a\u00f1o.<br \/>\nEl voto resolutivo tambi\u00e9n respalda a la di\u00f3cesis de San Ignacio porque el Ministerio de Defensa no ha desistido de su af\u00e1n de expropiar el Cerro de La Cruz que son terrenos de la iglesia. (Noticiero Chiquitano)<\/p>\n","protected":false},"excerpt":{"rendered":"<p>La asamblea de la institucionalidad de San Ignacio de Velasco, realizada la tarde del pasado lunes, determin\u00f3 mediante un voto resolutivo exigir al Comit\u00e9 Pro Santa Cruz convoque a la Asamblea de la Cruce\u00f1idad, con el prop\u00f3sito de defender las tierras de los municipios cruce\u00f1os, que son avasalladas por campesinos, ind\u00edgenas e interculturales afines al [&hellip;]<\/p>\n","protected":false},"author":1,"featured_media":6397,"comment_status":"closed","ping_status":"closed","sticky":false,"template":"","format":"standard","meta":{"_acf_changed":false,"footnotes":""},"categories":[12],"tags":[],"class_list":["post-6396","post","type-post","status-publish","format-standard","has-post-thumbnail","category-nacional"],"acf":{"antetitulo":""},"yoast_head":"<!-- This site is optimized with the Yoast SEO plugin v28.3 - https:\/\/yoast.com\/product\/yoast-seo-wordpress\/ -->\n<title>C\u00edvicos chiquitanos plantean Asamblea de la Cruce\u00f1idad - El Diario - Bolivia<\/title>\n<meta name=\"robots\" content=\"index, follow, max-snippet:-1, max-image-preview:large, max-video-preview:-1\" \/>\n<link rel=\"canonical\" href=\"https:\/\/www.eldiario.net\/portal\/2021\/05\/26\/civicos-chiquitanos-plantean-asamblea-de-la-crucenidad\/\" \/>\n<meta property=\"og:locale\" content=\"es_ES\" \/>\n<meta property=\"og:type\" content=\"article\" \/>\n<meta property=\"og:title\" content=\"C\u00edvicos chiquitanos plantean Asamblea de la Cruce\u00f1idad - El Diario - Bolivia\" \/>\n<meta property=\"og:description\" content=\"La asamblea de la institucionalidad de San Ignacio de Velasco, realizada la tarde del pasado lunes, determin\u00f3 mediante un voto resolutivo exigir al Comit\u00e9 Pro Santa Cruz convoque a la Asamblea de la Cruce\u00f1idad, con el prop\u00f3sito de defender las tierras de los municipios cruce\u00f1os, que son avasalladas por campesinos, ind\u00edgenas e interculturales afines al [&hellip;]\" \/>\n<meta property=\"og:url\" content=\"https:\/\/www.eldiario.net\/portal\/2021\/05\/26\/civicos-chiquitanos-plantean-asamblea-de-la-crucenidad\/\" \/>\n<meta property=\"og:site_name\" content=\"El Diario - Bolivia\" \/>\n<meta property=\"article:publisher\" content=\"https:\/\/www.facebook.com\/eldiario.bolivia\/\" \/>\n<meta property=\"article:published_time\" content=\"2021-05-26T10:13:43+00:00\" \/>\n<meta property=\"og:image\" content=\"https:\/\/www.eldiario.net\/portal\/wp-content\/uploads\/2021\/05\/Nal-250.jpg\" \/>\n\t<meta property=\"og:image:width\" content=\"825\" \/>\n\t<meta property=\"og:image:height\" content=\"583\" \/>\n\t<meta property=\"og:image:type\" content=\"image\/jpeg\" \/>\n<meta name=\"author\" content=\"Jeanette\" \/>\n<meta name=\"twitter:card\" content=\"summary_large_image\" \/>\n<meta name=\"twitter:creator\" content=\"@eldiario_net\" \/>\n<meta name=\"twitter:site\" content=\"@eldiario_net\" \/>\n<meta name=\"twitter:label1\" content=\"Escrito por\" \/>\n\t<meta name=\"twitter:data1\" content=\"Jeanette\" \/>\n\t<meta name=\"twitter:label2\" content=\"Tiempo de lectura\" \/>\n\t<meta name=\"twitter:data2\" content=\"3 minutos\" \/>\n<script type=\"application\/ld+json\" class=\"yoast-schema-graph\">{\"@context\":\"https:\\\/\\\/schema.org\",\"@graph\":[{\"@type\":\"Article\",\"@id\":\"https:\\\/\\\/www.eldiario.net\\\/portal\\\/2021\\\/05\\\/26\\\/civicos-chiquitanos-plantean-asamblea-de-la-crucenidad\\\/#article\",\"isPartOf\":{\"@id\":\"https:\\\/\\\/www.eldiario.net\\\/portal\\\/2021\\\/05\\\/26\\\/civicos-chiquitanos-plantean-asamblea-de-la-crucenidad\\\/\"},\"author\":{\"name\":\"Jeanette\",\"@id\":\"https:\\\/\\\/www.eldiario.net\\\/portal\\\/#\\\/schema\\\/person\\\/f46445640444750d7d753ccd04ae01b7\"},\"headline\":\"C\u00edvicos chiquitanos plantean Asamblea de la Cruce\u00f1idad\",\"datePublished\":\"2021-05-26T10:13:43+00:00\",\"mainEntityOfPage\":{\"@id\":\"https:\\\/\\\/www.eldiario.net\\\/portal\\\/2021\\\/05\\\/26\\\/civicos-chiquitanos-plantean-asamblea-de-la-crucenidad\\\/\"},\"wordCount\":650,\"publisher\":{\"@id\":\"https:\\\/\\\/www.eldiario.net\\\/portal\\\/#organization\"},\"image\":{\"@id\":\"https:\\\/\\\/www.eldiario.net\\\/portal\\\/2021\\\/05\\\/26\\\/civicos-chiquitanos-plantean-asamblea-de-la-crucenidad\\\/#primaryimage\"},\"thumbnailUrl\":\"https:\\\/\\\/www.eldiario.net\\\/portal\\\/wp-content\\\/uploads\\\/2021\\\/05\\\/Nal-250.jpg\",\"articleSection\":[\"Nacional\"],\"inLanguage\":\"es\"},{\"@type\":\"WebPage\",\"@id\":\"https:\\\/\\\/www.eldiario.net\\\/portal\\\/2021\\\/05\\\/26\\\/civicos-chiquitanos-plantean-asamblea-de-la-crucenidad\\\/\",\"url\":\"https:\\\/\\\/www.eldiario.net\\\/portal\\\/2021\\\/05\\\/26\\\/civicos-chiquitanos-plantean-asamblea-de-la-crucenidad\\\/\",\"name\":\"C\u00edvicos chiquitanos plantean Asamblea de la Cruce\u00f1idad - El Diario - Bolivia\",\"isPartOf\":{\"@id\":\"https:\\\/\\\/www.eldiario.net\\\/portal\\\/#website\"},\"primaryImageOfPage\":{\"@id\":\"https:\\\/\\\/www.eldiario.net\\\/portal\\\/2021\\\/05\\\/26\\\/civicos-chiquitanos-plantean-asamblea-de-la-crucenidad\\\/#primaryimage\"},\"image\":{\"@id\":\"https:\\\/\\\/www.eldiario.net\\\/portal\\\/2021\\\/05\\\/26\\\/civicos-chiquitanos-plantean-asamblea-de-la-crucenidad\\\/#primaryimage\"},\"thumbnailUrl\":\"https:\\\/\\\/www.eldiario.net\\\/portal\\\/wp-content\\\/uploads\\\/2021\\\/05\\\/Nal-250.jpg\",\"datePublished\":\"2021-05-26T10:13:43+00:00\",\"breadcrumb\":{\"@id\":\"https:\\\/\\\/www.eldiario.net\\\/portal\\\/2021\\\/05\\\/26\\\/civicos-chiquitanos-plantean-asamblea-de-la-crucenidad\\\/#breadcrumb\"},\"inLanguage\":\"es\",\"potentialAction\":[{\"@type\":\"ReadAction\",\"target\":[\"https:\\\/\\\/www.eldiario.net\\\/portal\\\/2021\\\/05\\\/26\\\/civicos-chiquitanos-plantean-asamblea-de-la-crucenidad\\\/\"]}]},{\"@type\":\"ImageObject\",\"inLanguage\":\"es\",\"@id\":\"https:\\\/\\\/www.eldiario.net\\\/portal\\\/2021\\\/05\\\/26\\\/civicos-chiquitanos-plantean-asamblea-de-la-crucenidad\\\/#primaryimage\",\"url\":\"https:\\\/\\\/www.eldiario.net\\\/portal\\\/wp-content\\\/uploads\\\/2021\\\/05\\\/Nal-250.jpg\",\"contentUrl\":\"https:\\\/\\\/www.eldiario.net\\\/portal\\\/wp-content\\\/uploads\\\/2021\\\/05\\\/Nal-250.jpg\",\"width\":825,\"height\":583},{\"@type\":\"BreadcrumbList\",\"@id\":\"https:\\\/\\\/www.eldiario.net\\\/portal\\\/2021\\\/05\\\/26\\\/civicos-chiquitanos-plantean-asamblea-de-la-crucenidad\\\/#breadcrumb\",\"itemListElement\":[{\"@type\":\"ListItem\",\"position\":1,\"name\":\"Portada\",\"item\":\"https:\\\/\\\/www.eldiario.net\\\/portal\\\/\"},{\"@type\":\"ListItem\",\"position\":2,\"name\":\"C\u00edvicos chiquitanos plantean Asamblea de la Cruce\u00f1idad\"}]},{\"@type\":\"WebSite\",\"@id\":\"https:\\\/\\\/www.eldiario.net\\\/portal\\\/#website\",\"url\":\"https:\\\/\\\/www.eldiario.net\\\/portal\\\/\",\"name\":\"El Diario - Decano de la prensa nacional\",\"description\":\"El Diario - Decano de la prensa nacional\",\"publisher\":{\"@id\":\"https:\\\/\\\/www.eldiario.net\\\/portal\\\/#organization\"},\"potentialAction\":[{\"@type\":\"SearchAction\",\"target\":{\"@type\":\"EntryPoint\",\"urlTemplate\":\"https:\\\/\\\/www.eldiario.net\\\/portal\\\/?s={search_term_string}\"},\"query-input\":{\"@type\":\"PropertyValueSpecification\",\"valueRequired\":true,\"valueName\":\"search_term_string\"}}],\"inLanguage\":\"es\"},{\"@type\":\"Organization\",\"@id\":\"https:\\\/\\\/www.eldiario.net\\\/portal\\\/#organization\",\"name\":\"El Diario - Decano de la prensa nacional\",\"url\":\"https:\\\/\\\/www.eldiario.net\\\/portal\\\/\",\"logo\":{\"@type\":\"ImageObject\",\"inLanguage\":\"es\",\"@id\":\"https:\\\/\\\/www.eldiario.net\\\/portal\\\/#\\\/schema\\\/logo\\\/image\\\/\",\"url\":\"https:\\\/\\\/www.eldiario.net\\\/portal\\\/wp-content\\\/uploads\\\/2023\\\/07\\\/logo_ED.jpg\",\"contentUrl\":\"https:\\\/\\\/www.eldiario.net\\\/portal\\\/wp-content\\\/uploads\\\/2023\\\/07\\\/logo_ED.jpg\",\"width\":272,\"height\":52,\"caption\":\"El Diario - Decano de la prensa nacional\"},\"image\":{\"@id\":\"https:\\\/\\\/www.eldiario.net\\\/portal\\\/#\\\/schema\\\/logo\\\/image\\\/\"},\"sameAs\":[\"https:\\\/\\\/www.facebook.com\\\/eldiario.bolivia\\\/\",\"https:\\\/\\\/x.com\\\/eldiario_net\"]},{\"@type\":\"Person\",\"@id\":\"https:\\\/\\\/www.eldiario.net\\\/portal\\\/#\\\/schema\\\/person\\\/f46445640444750d7d753ccd04ae01b7\",\"name\":\"Jeanette\",\"image\":{\"@type\":\"ImageObject\",\"inLanguage\":\"es\",\"@id\":\"https:\\\/\\\/secure.gravatar.com\\\/avatar\\\/3ea2118a5f7dad2b7138b1187a6b7ee55f160b9968b66013c3a3ef39dd7e5798?s=96&d=mm&r=g\",\"url\":\"https:\\\/\\\/secure.gravatar.com\\\/avatar\\\/3ea2118a5f7dad2b7138b1187a6b7ee55f160b9968b66013c3a3ef39dd7e5798?s=96&d=mm&r=g\",\"contentUrl\":\"https:\\\/\\\/secure.gravatar.com\\\/avatar\\\/3ea2118a5f7dad2b7138b1187a6b7ee55f160b9968b66013c3a3ef39dd7e5798?s=96&d=mm&r=g\",\"caption\":\"Jeanette\"},\"sameAs\":[\"https:\\\/\\\/www.eldiario.net\\\/portal\"],\"url\":\"https:\\\/\\\/www.eldiario.net\\\/portal\\\/author\\\/jeanette\\\/\"}]}<\/script>\n<!-- \/ Yoast SEO plugin. -->","yoast_head_json":{"title":"C\u00edvicos chiquitanos plantean Asamblea de la Cruce\u00f1idad - El Diario - Bolivia","robots":{"index":"index","follow":"follow","max-snippet":"max-snippet:-1","max-image-preview":"max-image-preview:large","max-video-preview":"max-video-preview:-1"},"canonical":"https:\/\/www.eldiario.net\/portal\/2021\/05\/26\/civicos-chiquitanos-plantean-asamblea-de-la-crucenidad\/","og_locale":"es_ES","og_type":"article","og_title":"C\u00edvicos chiquitanos plantean Asamblea de la Cruce\u00f1idad - El Diario - Bolivia","og_description":"La asamblea de la institucionalidad de San Ignacio de Velasco, realizada la tarde del pasado lunes, determin\u00f3 mediante un voto resolutivo exigir al Comit\u00e9 Pro Santa Cruz convoque a la Asamblea de la Cruce\u00f1idad, con el prop\u00f3sito de defender las tierras de los municipios cruce\u00f1os, que son avasalladas por campesinos, ind\u00edgenas e interculturales afines al [&hellip;]","og_url":"https:\/\/www.eldiario.net\/portal\/2021\/05\/26\/civicos-chiquitanos-plantean-asamblea-de-la-crucenidad\/","og_site_name":"El Diario - Bolivia","article_publisher":"https:\/\/www.facebook.com\/eldiario.bolivia\/","article_published_time":"2021-05-26T10:13:43+00:00","og_image":[{"width":825,"height":583,"url":"https:\/\/www.eldiario.net\/portal\/wp-content\/uploads\/2021\/05\/Nal-250.jpg","type":"image\/jpeg"}],"author":"Jeanette","twitter_card":"summary_large_image","twitter_creator":"@eldiario_net","twitter_site":"@eldiario_net","twitter_misc":{"Escrito por":"Jeanette","Tiempo de lectura":"3 minutos"},"schema":{"@context":"https:\/\/schema.org","@graph":[{"@type":"Article","@id":"https:\/\/www.eldiario.net\/portal\/2021\/05\/26\/civicos-chiquitanos-plantean-asamblea-de-la-crucenidad\/#article","isPartOf":{"@id":"https:\/\/www.eldiario.net\/portal\/2021\/05\/26\/civicos-chiquitanos-plantean-asamblea-de-la-crucenidad\/"},"author":{"name":"Jeanette","@id":"https:\/\/www.eldiario.net\/portal\/#\/schema\/person\/f46445640444750d7d753ccd04ae01b7"},"headline":"C\u00edvicos chiquitanos plantean Asamblea de la Cruce\u00f1idad","datePublished":"2021-05-26T10:13:43+00:00","mainEntityOfPage":{"@id":"https:\/\/www.eldiario.net\/portal\/2021\/05\/26\/civicos-chiquitanos-plantean-asamblea-de-la-crucenidad\/"},"wordCount":650,"publisher":{"@id":"https:\/\/www.eldiario.net\/portal\/#organization"},"image":{"@id":"https:\/\/www.eldiario.net\/portal\/2021\/05\/26\/civicos-chiquitanos-plantean-asamblea-de-la-crucenidad\/#primaryimage"},"thumbnailUrl":"https:\/\/www.eldiario.net\/portal\/wp-content\/uploads\/2021\/05\/Nal-250.jpg","articleSection":["Nacional"],"inLanguage":"es"},{"@type":"WebPage","@id":"https:\/\/www.eldiario.net\/portal\/2021\/05\/26\/civicos-chiquitanos-plantean-asamblea-de-la-crucenidad\/","url":"https:\/\/www.eldiario.net\/portal\/2021\/05\/26\/civicos-chiquitanos-plantean-asamblea-de-la-crucenidad\/","name":"C\u00edvicos chiquitanos plantean Asamblea de la Cruce\u00f1idad - El Diario - Bolivia","isPartOf":{"@id":"https:\/\/www.eldiario.net\/portal\/#website"},"primaryImageOfPage":{"@id":"https:\/\/www.eldiario.net\/portal\/2021\/05\/26\/civicos-chiquitanos-plantean-asamblea-de-la-crucenidad\/#primaryimage"},"image":{"@id":"https:\/\/www.eldiario.net\/portal\/2021\/05\/26\/civicos-chiquitanos-plantean-asamblea-de-la-crucenidad\/#primaryimage"},"thumbnailUrl":"https:\/\/www.eldiario.net\/portal\/wp-content\/uploads\/2021\/05\/Nal-250.jpg","datePublished":"2021-05-26T10:13:43+00:00","breadcrumb":{"@id":"https:\/\/www.eldiario.net\/portal\/2021\/05\/26\/civicos-chiquitanos-plantean-asamblea-de-la-crucenidad\/#breadcrumb"},"inLanguage":"es","potentialAction":[{"@type":"ReadAction","target":["https:\/\/www.eldiario.net\/portal\/2021\/05\/26\/civicos-chiquitanos-plantean-asamblea-de-la-crucenidad\/"]}]},{"@type":"ImageObject","inLanguage":"es","@id":"https:\/\/www.eldiario.net\/portal\/2021\/05\/26\/civicos-chiquitanos-plantean-asamblea-de-la-crucenidad\/#primaryimage","url":"https:\/\/www.eldiario.net\/portal\/wp-content\/uploads\/2021\/05\/Nal-250.jpg","contentUrl":"https:\/\/www.eldiario.net\/portal\/wp-content\/uploads\/2021\/05\/Nal-250.jpg","width":825,"height":583},{"@type":"BreadcrumbList","@id":"https:\/\/www.eldiario.net\/portal\/2021\/05\/26\/civicos-chiquitanos-plantean-asamblea-de-la-crucenidad\/#breadcrumb","itemListElement":[{"@type":"ListItem","position":1,"name":"Portada","item":"https:\/\/www.eldiario.net\/portal\/"},{"@type":"ListItem","position":2,"name":"C\u00edvicos chiquitanos plantean Asamblea de la Cruce\u00f1idad"}]},{"@type":"WebSite","@id":"https:\/\/www.eldiario.net\/portal\/#website","url":"https:\/\/www.eldiario.net\/portal\/","name":"El Diario - Decano de la prensa nacional","description":"El Diario - Decano de la prensa nacional","publisher":{"@id":"https:\/\/www.eldiario.net\/portal\/#organization"},"potentialAction":[{"@type":"SearchAction","target":{"@type":"EntryPoint","urlTemplate":"https:\/\/www.eldiario.net\/portal\/?s={search_term_string}"},"query-input":{"@type":"PropertyValueSpecification","valueRequired":true,"valueName":"search_term_string"}}],"inLanguage":"es"},{"@type":"Organization","@id":"https:\/\/www.eldiario.net\/portal\/#organization","name":"El Diario - Decano de la prensa nacional","url":"https:\/\/www.eldiario.net\/portal\/","logo":{"@type":"ImageObject","inLanguage":"es","@id":"https:\/\/www.eldiario.net\/portal\/#\/schema\/logo\/image\/","url":"https:\/\/www.eldiario.net\/portal\/wp-content\/uploads\/2023\/07\/logo_ED.jpg","contentUrl":"https:\/\/www.eldiario.net\/portal\/wp-content\/uploads\/2023\/07\/logo_ED.jpg","width":272,"height":52,"caption":"El Diario - Decano de la prensa nacional"},"image":{"@id":"https:\/\/www.eldiario.net\/portal\/#\/schema\/logo\/image\/"},"sameAs":["https:\/\/www.facebook.com\/eldiario.bolivia\/","https:\/\/x.com\/eldiario_net"]},{"@type":"Person","@id":"https:\/\/www.eldiario.net\/portal\/#\/schema\/person\/f46445640444750d7d753ccd04ae01b7","name":"Jeanette","image":{"@type":"ImageObject","inLanguage":"es","@id":"https:\/\/secure.gravatar.com\/avatar\/3ea2118a5f7dad2b7138b1187a6b7ee55f160b9968b66013c3a3ef39dd7e5798?s=96&d=mm&r=g","url":"https:\/\/secure.gravatar.com\/avatar\/3ea2118a5f7dad2b7138b1187a6b7ee55f160b9968b66013c3a3ef39dd7e5798?s=96&d=mm&r=g","contentUrl":"https:\/\/secure.gravatar.com\/avatar\/3ea2118a5f7dad2b7138b1187a6b7ee55f160b9968b66013c3a3ef39dd7e5798?s=96&d=mm&r=g","caption":"Jeanette"},"sameAs":["https:\/\/www.eldiario.net\/portal"],"url":"https:\/\/www.eldiario.net\/portal\/author\/jeanette\/"}]}},"_links":{"self":[{"href":"https:\/\/www.eldiario.net\/portal\/wp-json\/wp\/v2\/posts\/6396","targetHints":{"allow":["GET"]}}],"collection":[{"href":"https:\/\/www.eldiario.net\/portal\/wp-json\/wp\/v2\/posts"}],"about":[{"href":"https:\/\/www.eldiario.net\/portal\/wp-json\/wp\/v2\/types\/post"}],"author":[{"embeddable":true,"href":"https:\/\/www.eldiario.net\/portal\/wp-json\/wp\/v2\/users\/1"}],"replies":[{"embeddable":true,"href":"https:\/\/www.eldiario.net\/portal\/wp-json\/wp\/v2\/comments?post=6396"}],"version-history":[{"count":0,"href":"https:\/\/www.eldiario.net\/portal\/wp-json\/wp\/v2\/posts\/6396\/revisions"}],"wp:featuredmedia":[{"embeddable":true,"href":"https:\/\/www.eldiario.net\/portal\/wp-json\/wp\/v2\/media\/6397"}],"wp:attachment":[{"href":"https:\/\/www.eldiario.net\/portal\/wp-json\/wp\/v2\/media?parent=6396"}],"wp:term":[{"taxonomy":"category","embeddable":true,"href":"https:\/\/www.eldiario.net\/portal\/wp-json\/wp\/v2\/categories?post=6396"},{"taxonomy":"post_tag","embeddable":true,"href":"https:\/\/www.eldiario.net\/portal\/wp-json\/wp\/v2\/tags?post=6396"}],"curies":[{"name":"wp","href":"https:\/\/api.w.org\/{rel}","templated":true}]}}