{"id":6393,"date":"2021-05-26T06:12:31","date_gmt":"2021-05-26T10:12:31","guid":{"rendered":"https:\/\/www.eldiario.net\/portal\/?p=6393"},"modified":"2021-05-26T06:12:31","modified_gmt":"2021-05-26T10:12:31","slug":"gobernacion-anuncia-nuevo-encapsulamiento-en-tarija","status":"publish","type":"post","link":"https:\/\/www.eldiario.net\/portal\/2021\/05\/26\/gobernacion-anuncia-nuevo-encapsulamiento-en-tarija\/","title":{"rendered":"Gobernaci\u00f3n anuncia nuevo encapsulamiento en Tarija"},"content":{"rendered":"<p>El gobernador de Tarija, Oscar Montes, anunci\u00f3 un nuevo encapsulamiento para el domingo; mientras que los horarios restrictivos de la semana se mantendr\u00e1n en el departamento, por lo que est\u00e1 prohibida la circulaci\u00f3n de veh\u00edculos y peatones desde las 22.00 hasta las 04.00 horas.<br \/>\nLos locales que incumplan con las medidas de los horarios establecidos van a ser pasibles a cortes de energ\u00eda y gas.<br \/>\n\u201cEn este momento estamos en una curva ascendente, necesitamos que todos usen barbijo, usen las distancias, por favor suspendan las fiestas, los pasanakus, los cumplea\u00f1os para m\u00e1s adelante. Continuaremos las restricciones, los horarios\u00a0se mantendr\u00e1n de 04.00 a 22.00 horas la circulaci\u00f3n, sabemos que tiene un costo pol\u00edtico pero es por la salud de la poblaci\u00f3n\u201d, manifest\u00f3 Montes.<br \/>\nSeg\u00fan publicaci\u00f3n de La Voz de Tarija, la autoridad explic\u00f3 que las personas o veh\u00edculos que no cuenten con permiso no se les permitir\u00e1n circular y as\u00ed tambi\u00e9n se empezar\u00e1\u00a0una campa\u00f1a para recordar a la poblaci\u00f3n cu\u00e1les son las actividades esenciales que est\u00e1n permitidas.<br \/>\n\u201cEn este COED estamos trabajando, agradezco a todos los alcaldes y a las Fuerzas Armadas que estar\u00e1n en las calles para disuadir a la poblaci\u00f3n para que puedan retornar a sus hogares\u201d, mencion\u00f3.<br \/>\n\u201cQueremos anunciar que hay algunos locales que est\u00e1n funcionando sin tener permiso ni respetar a la autoridad, estamos\u00a0sacando una resoluci\u00f3n por parte de Setar y Emtagas para que aquellos locales que est\u00e9n funcionando sin permiso se les cortar\u00e1 la luz y gas, como una medida restrictiva.\u00a0Queremos recomendar a la poblaci\u00f3n que ponga de su parte, poner m\u00e1s camas, ox\u00edgeno no es la soluci\u00f3n, la soluci\u00f3n es no contagiarnos, usar barbijo, alcohol y distanciamiento son cosas muy f\u00e1ciles\u201d, dijo.<br \/>\nFinalmente, para evitar conflicto con el sector gremial, el gobernador Montes ha pedido paciencia puesto que las ferias que se desarrollaban los\u00a0d\u00edas\u00a0domingos ser\u00e1n distribuidas a lo largo de la semana.<\/p>\n","protected":false},"excerpt":{"rendered":"<p>El gobernador de Tarija, Oscar Montes, anunci\u00f3 un nuevo encapsulamiento para el domingo; mientras que los horarios restrictivos de la semana se mantendr\u00e1n en el departamento, por lo que est\u00e1 prohibida la circulaci\u00f3n de veh\u00edculos y peatones desde las 22.00 hasta las 04.00 horas. Los locales que incumplan con las medidas de los horarios establecidos [&hellip;]<\/p>\n","protected":false},"author":1,"featured_media":6394,"comment_status":"closed","ping_status":"closed","sticky":false,"template":"","format":"standard","meta":{"_acf_changed":false,"footnotes":""},"categories":[12],"tags":[],"class_list":["post-6393","post","type-post","status-publish","format-standard","has-post-thumbnail","category-nacional"],"acf":{"antetitulo":""},"yoast_head":"<!-- This site is optimized with the Yoast SEO plugin v28.3 - https:\/\/yoast.com\/product\/yoast-seo-wordpress\/ -->\n<title>Gobernaci\u00f3n anuncia nuevo encapsulamiento en Tarija - El Diario - Bolivia<\/title>\n<meta name=\"robots\" content=\"index, follow, max-snippet:-1, max-image-preview:large, max-video-preview:-1\" \/>\n<link rel=\"canonical\" href=\"https:\/\/www.eldiario.net\/portal\/2021\/05\/26\/gobernacion-anuncia-nuevo-encapsulamiento-en-tarija\/\" \/>\n<meta property=\"og:locale\" content=\"es_ES\" \/>\n<meta property=\"og:type\" content=\"article\" \/>\n<meta property=\"og:title\" content=\"Gobernaci\u00f3n anuncia nuevo encapsulamiento en Tarija - El Diario - Bolivia\" \/>\n<meta property=\"og:description\" content=\"El gobernador de Tarija, Oscar Montes, anunci\u00f3 un nuevo encapsulamiento para el domingo; mientras que los horarios restrictivos de la semana se mantendr\u00e1n en el departamento, por lo que est\u00e1 prohibida la circulaci\u00f3n de veh\u00edculos y peatones desde las 22.00 hasta las 04.00 horas. Los locales que incumplan con las medidas de los horarios establecidos [&hellip;]\" \/>\n<meta property=\"og:url\" content=\"https:\/\/www.eldiario.net\/portal\/2021\/05\/26\/gobernacion-anuncia-nuevo-encapsulamiento-en-tarija\/\" \/>\n<meta property=\"og:site_name\" content=\"El Diario - Bolivia\" \/>\n<meta property=\"article:publisher\" content=\"https:\/\/www.facebook.com\/eldiario.bolivia\/\" \/>\n<meta property=\"article:published_time\" content=\"2021-05-26T10:12:31+00:00\" \/>\n<meta name=\"author\" content=\"Jeanette\" \/>\n<meta name=\"twitter:card\" content=\"summary_large_image\" \/>\n<meta name=\"twitter:creator\" content=\"@eldiario_net\" \/>\n<meta name=\"twitter:site\" content=\"@eldiario_net\" \/>\n<meta name=\"twitter:label1\" content=\"Escrito por\" \/>\n\t<meta name=\"twitter:data1\" content=\"Jeanette\" \/>\n\t<meta name=\"twitter:label2\" content=\"Tiempo de lectura\" \/>\n\t<meta name=\"twitter:data2\" content=\"2 minutos\" \/>\n<script type=\"application\/ld+json\" class=\"yoast-schema-graph\">{\"@context\":\"https:\\\/\\\/schema.org\",\"@graph\":[{\"@type\":\"Article\",\"@id\":\"https:\\\/\\\/www.eldiario.net\\\/portal\\\/2021\\\/05\\\/26\\\/gobernacion-anuncia-nuevo-encapsulamiento-en-tarija\\\/#article\",\"isPartOf\":{\"@id\":\"https:\\\/\\\/www.eldiario.net\\\/portal\\\/2021\\\/05\\\/26\\\/gobernacion-anuncia-nuevo-encapsulamiento-en-tarija\\\/\"},\"author\":{\"name\":\"Jeanette\",\"@id\":\"https:\\\/\\\/www.eldiario.net\\\/portal\\\/#\\\/schema\\\/person\\\/f46445640444750d7d753ccd04ae01b7\"},\"headline\":\"Gobernaci\u00f3n anuncia nuevo encapsulamiento en Tarija\",\"datePublished\":\"2021-05-26T10:12:31+00:00\",\"mainEntityOfPage\":{\"@id\":\"https:\\\/\\\/www.eldiario.net\\\/portal\\\/2021\\\/05\\\/26\\\/gobernacion-anuncia-nuevo-encapsulamiento-en-tarija\\\/\"},\"wordCount\":348,\"publisher\":{\"@id\":\"https:\\\/\\\/www.eldiario.net\\\/portal\\\/#organization\"},\"image\":{\"@id\":\"https:\\\/\\\/www.eldiario.net\\\/portal\\\/2021\\\/05\\\/26\\\/gobernacion-anuncia-nuevo-encapsulamiento-en-tarija\\\/#primaryimage\"},\"thumbnailUrl\":\"\",\"articleSection\":[\"Nacional\"],\"inLanguage\":\"es\"},{\"@type\":\"WebPage\",\"@id\":\"https:\\\/\\\/www.eldiario.net\\\/portal\\\/2021\\\/05\\\/26\\\/gobernacion-anuncia-nuevo-encapsulamiento-en-tarija\\\/\",\"url\":\"https:\\\/\\\/www.eldiario.net\\\/portal\\\/2021\\\/05\\\/26\\\/gobernacion-anuncia-nuevo-encapsulamiento-en-tarija\\\/\",\"name\":\"Gobernaci\u00f3n anuncia nuevo encapsulamiento en Tarija - El Diario - Bolivia\",\"isPartOf\":{\"@id\":\"https:\\\/\\\/www.eldiario.net\\\/portal\\\/#website\"},\"primaryImageOfPage\":{\"@id\":\"https:\\\/\\\/www.eldiario.net\\\/portal\\\/2021\\\/05\\\/26\\\/gobernacion-anuncia-nuevo-encapsulamiento-en-tarija\\\/#primaryimage\"},\"image\":{\"@id\":\"https:\\\/\\\/www.eldiario.net\\\/portal\\\/2021\\\/05\\\/26\\\/gobernacion-anuncia-nuevo-encapsulamiento-en-tarija\\\/#primaryimage\"},\"thumbnailUrl\":\"\",\"datePublished\":\"2021-05-26T10:12:31+00:00\",\"breadcrumb\":{\"@id\":\"https:\\\/\\\/www.eldiario.net\\\/portal\\\/2021\\\/05\\\/26\\\/gobernacion-anuncia-nuevo-encapsulamiento-en-tarija\\\/#breadcrumb\"},\"inLanguage\":\"es\",\"potentialAction\":[{\"@type\":\"ReadAction\",\"target\":[\"https:\\\/\\\/www.eldiario.net\\\/portal\\\/2021\\\/05\\\/26\\\/gobernacion-anuncia-nuevo-encapsulamiento-en-tarija\\\/\"]}]},{\"@type\":\"ImageObject\",\"inLanguage\":\"es\",\"@id\":\"https:\\\/\\\/www.eldiario.net\\\/portal\\\/2021\\\/05\\\/26\\\/gobernacion-anuncia-nuevo-encapsulamiento-en-tarija\\\/#primaryimage\",\"url\":\"\",\"contentUrl\":\"\"},{\"@type\":\"BreadcrumbList\",\"@id\":\"https:\\\/\\\/www.eldiario.net\\\/portal\\\/2021\\\/05\\\/26\\\/gobernacion-anuncia-nuevo-encapsulamiento-en-tarija\\\/#breadcrumb\",\"itemListElement\":[{\"@type\":\"ListItem\",\"position\":1,\"name\":\"Portada\",\"item\":\"https:\\\/\\\/www.eldiario.net\\\/portal\\\/\"},{\"@type\":\"ListItem\",\"position\":2,\"name\":\"Gobernaci\u00f3n anuncia nuevo encapsulamiento en Tarija\"}]},{\"@type\":\"WebSite\",\"@id\":\"https:\\\/\\\/www.eldiario.net\\\/portal\\\/#website\",\"url\":\"https:\\\/\\\/www.eldiario.net\\\/portal\\\/\",\"name\":\"El Diario - Decano de la prensa nacional\",\"description\":\"El Diario - Decano de la prensa nacional\",\"publisher\":{\"@id\":\"https:\\\/\\\/www.eldiario.net\\\/portal\\\/#organization\"},\"potentialAction\":[{\"@type\":\"SearchAction\",\"target\":{\"@type\":\"EntryPoint\",\"urlTemplate\":\"https:\\\/\\\/www.eldiario.net\\\/portal\\\/?s={search_term_string}\"},\"query-input\":{\"@type\":\"PropertyValueSpecification\",\"valueRequired\":true,\"valueName\":\"search_term_string\"}}],\"inLanguage\":\"es\"},{\"@type\":\"Organization\",\"@id\":\"https:\\\/\\\/www.eldiario.net\\\/portal\\\/#organization\",\"name\":\"El Diario - Decano de la prensa nacional\",\"url\":\"https:\\\/\\\/www.eldiario.net\\\/portal\\\/\",\"logo\":{\"@type\":\"ImageObject\",\"inLanguage\":\"es\",\"@id\":\"https:\\\/\\\/www.eldiario.net\\\/portal\\\/#\\\/schema\\\/logo\\\/image\\\/\",\"url\":\"https:\\\/\\\/www.eldiario.net\\\/portal\\\/wp-content\\\/uploads\\\/2023\\\/07\\\/logo_ED.jpg\",\"contentUrl\":\"https:\\\/\\\/www.eldiario.net\\\/portal\\\/wp-content\\\/uploads\\\/2023\\\/07\\\/logo_ED.jpg\",\"width\":272,\"height\":52,\"caption\":\"El Diario - Decano de la prensa nacional\"},\"image\":{\"@id\":\"https:\\\/\\\/www.eldiario.net\\\/portal\\\/#\\\/schema\\\/logo\\\/image\\\/\"},\"sameAs\":[\"https:\\\/\\\/www.facebook.com\\\/eldiario.bolivia\\\/\",\"https:\\\/\\\/x.com\\\/eldiario_net\"]},{\"@type\":\"Person\",\"@id\":\"https:\\\/\\\/www.eldiario.net\\\/portal\\\/#\\\/schema\\\/person\\\/f46445640444750d7d753ccd04ae01b7\",\"name\":\"Jeanette\",\"image\":{\"@type\":\"ImageObject\",\"inLanguage\":\"es\",\"@id\":\"https:\\\/\\\/secure.gravatar.com\\\/avatar\\\/3ea2118a5f7dad2b7138b1187a6b7ee55f160b9968b66013c3a3ef39dd7e5798?s=96&d=mm&r=g\",\"url\":\"https:\\\/\\\/secure.gravatar.com\\\/avatar\\\/3ea2118a5f7dad2b7138b1187a6b7ee55f160b9968b66013c3a3ef39dd7e5798?s=96&d=mm&r=g\",\"contentUrl\":\"https:\\\/\\\/secure.gravatar.com\\\/avatar\\\/3ea2118a5f7dad2b7138b1187a6b7ee55f160b9968b66013c3a3ef39dd7e5798?s=96&d=mm&r=g\",\"caption\":\"Jeanette\"},\"sameAs\":[\"https:\\\/\\\/www.eldiario.net\\\/portal\"],\"url\":\"https:\\\/\\\/www.eldiario.net\\\/portal\\\/author\\\/jeanette\\\/\"}]}<\/script>\n<!-- \/ Yoast SEO plugin. -->","yoast_head_json":{"title":"Gobernaci\u00f3n anuncia nuevo encapsulamiento en Tarija - El Diario - Bolivia","robots":{"index":"index","follow":"follow","max-snippet":"max-snippet:-1","max-image-preview":"max-image-preview:large","max-video-preview":"max-video-preview:-1"},"canonical":"https:\/\/www.eldiario.net\/portal\/2021\/05\/26\/gobernacion-anuncia-nuevo-encapsulamiento-en-tarija\/","og_locale":"es_ES","og_type":"article","og_title":"Gobernaci\u00f3n anuncia nuevo encapsulamiento en Tarija - El Diario - Bolivia","og_description":"El gobernador de Tarija, Oscar Montes, anunci\u00f3 un nuevo encapsulamiento para el domingo; mientras que los horarios restrictivos de la semana se mantendr\u00e1n en el departamento, por lo que est\u00e1 prohibida la circulaci\u00f3n de veh\u00edculos y peatones desde las 22.00 hasta las 04.00 horas. Los locales que incumplan con las medidas de los horarios establecidos [&hellip;]","og_url":"https:\/\/www.eldiario.net\/portal\/2021\/05\/26\/gobernacion-anuncia-nuevo-encapsulamiento-en-tarija\/","og_site_name":"El Diario - Bolivia","article_publisher":"https:\/\/www.facebook.com\/eldiario.bolivia\/","article_published_time":"2021-05-26T10:12:31+00:00","author":"Jeanette","twitter_card":"summary_large_image","twitter_creator":"@eldiario_net","twitter_site":"@eldiario_net","twitter_misc":{"Escrito por":"Jeanette","Tiempo de lectura":"2 minutos"},"schema":{"@context":"https:\/\/schema.org","@graph":[{"@type":"Article","@id":"https:\/\/www.eldiario.net\/portal\/2021\/05\/26\/gobernacion-anuncia-nuevo-encapsulamiento-en-tarija\/#article","isPartOf":{"@id":"https:\/\/www.eldiario.net\/portal\/2021\/05\/26\/gobernacion-anuncia-nuevo-encapsulamiento-en-tarija\/"},"author":{"name":"Jeanette","@id":"https:\/\/www.eldiario.net\/portal\/#\/schema\/person\/f46445640444750d7d753ccd04ae01b7"},"headline":"Gobernaci\u00f3n anuncia nuevo encapsulamiento en Tarija","datePublished":"2021-05-26T10:12:31+00:00","mainEntityOfPage":{"@id":"https:\/\/www.eldiario.net\/portal\/2021\/05\/26\/gobernacion-anuncia-nuevo-encapsulamiento-en-tarija\/"},"wordCount":348,"publisher":{"@id":"https:\/\/www.eldiario.net\/portal\/#organization"},"image":{"@id":"https:\/\/www.eldiario.net\/portal\/2021\/05\/26\/gobernacion-anuncia-nuevo-encapsulamiento-en-tarija\/#primaryimage"},"thumbnailUrl":"","articleSection":["Nacional"],"inLanguage":"es"},{"@type":"WebPage","@id":"https:\/\/www.eldiario.net\/portal\/2021\/05\/26\/gobernacion-anuncia-nuevo-encapsulamiento-en-tarija\/","url":"https:\/\/www.eldiario.net\/portal\/2021\/05\/26\/gobernacion-anuncia-nuevo-encapsulamiento-en-tarija\/","name":"Gobernaci\u00f3n anuncia nuevo encapsulamiento en Tarija - El Diario - Bolivia","isPartOf":{"@id":"https:\/\/www.eldiario.net\/portal\/#website"},"primaryImageOfPage":{"@id":"https:\/\/www.eldiario.net\/portal\/2021\/05\/26\/gobernacion-anuncia-nuevo-encapsulamiento-en-tarija\/#primaryimage"},"image":{"@id":"https:\/\/www.eldiario.net\/portal\/2021\/05\/26\/gobernacion-anuncia-nuevo-encapsulamiento-en-tarija\/#primaryimage"},"thumbnailUrl":"","datePublished":"2021-05-26T10:12:31+00:00","breadcrumb":{"@id":"https:\/\/www.eldiario.net\/portal\/2021\/05\/26\/gobernacion-anuncia-nuevo-encapsulamiento-en-tarija\/#breadcrumb"},"inLanguage":"es","potentialAction":[{"@type":"ReadAction","target":["https:\/\/www.eldiario.net\/portal\/2021\/05\/26\/gobernacion-anuncia-nuevo-encapsulamiento-en-tarija\/"]}]},{"@type":"ImageObject","inLanguage":"es","@id":"https:\/\/www.eldiario.net\/portal\/2021\/05\/26\/gobernacion-anuncia-nuevo-encapsulamiento-en-tarija\/#primaryimage","url":"","contentUrl":""},{"@type":"BreadcrumbList","@id":"https:\/\/www.eldiario.net\/portal\/2021\/05\/26\/gobernacion-anuncia-nuevo-encapsulamiento-en-tarija\/#breadcrumb","itemListElement":[{"@type":"ListItem","position":1,"name":"Portada","item":"https:\/\/www.eldiario.net\/portal\/"},{"@type":"ListItem","position":2,"name":"Gobernaci\u00f3n anuncia nuevo encapsulamiento en Tarija"}]},{"@type":"WebSite","@id":"https:\/\/www.eldiario.net\/portal\/#website","url":"https:\/\/www.eldiario.net\/portal\/","name":"El Diario - Decano de la prensa nacional","description":"El Diario - Decano de la prensa nacional","publisher":{"@id":"https:\/\/www.eldiario.net\/portal\/#organization"},"potentialAction":[{"@type":"SearchAction","target":{"@type":"EntryPoint","urlTemplate":"https:\/\/www.eldiario.net\/portal\/?s={search_term_string}"},"query-input":{"@type":"PropertyValueSpecification","valueRequired":true,"valueName":"search_term_string"}}],"inLanguage":"es"},{"@type":"Organization","@id":"https:\/\/www.eldiario.net\/portal\/#organization","name":"El Diario - Decano de la prensa nacional","url":"https:\/\/www.eldiario.net\/portal\/","logo":{"@type":"ImageObject","inLanguage":"es","@id":"https:\/\/www.eldiario.net\/portal\/#\/schema\/logo\/image\/","url":"https:\/\/www.eldiario.net\/portal\/wp-content\/uploads\/2023\/07\/logo_ED.jpg","contentUrl":"https:\/\/www.eldiario.net\/portal\/wp-content\/uploads\/2023\/07\/logo_ED.jpg","width":272,"height":52,"caption":"El Diario - Decano de la prensa nacional"},"image":{"@id":"https:\/\/www.eldiario.net\/portal\/#\/schema\/logo\/image\/"},"sameAs":["https:\/\/www.facebook.com\/eldiario.bolivia\/","https:\/\/x.com\/eldiario_net"]},{"@type":"Person","@id":"https:\/\/www.eldiario.net\/portal\/#\/schema\/person\/f46445640444750d7d753ccd04ae01b7","name":"Jeanette","image":{"@type":"ImageObject","inLanguage":"es","@id":"https:\/\/secure.gravatar.com\/avatar\/3ea2118a5f7dad2b7138b1187a6b7ee55f160b9968b66013c3a3ef39dd7e5798?s=96&d=mm&r=g","url":"https:\/\/secure.gravatar.com\/avatar\/3ea2118a5f7dad2b7138b1187a6b7ee55f160b9968b66013c3a3ef39dd7e5798?s=96&d=mm&r=g","contentUrl":"https:\/\/secure.gravatar.com\/avatar\/3ea2118a5f7dad2b7138b1187a6b7ee55f160b9968b66013c3a3ef39dd7e5798?s=96&d=mm&r=g","caption":"Jeanette"},"sameAs":["https:\/\/www.eldiario.net\/portal"],"url":"https:\/\/www.eldiario.net\/portal\/author\/jeanette\/"}]}},"_links":{"self":[{"href":"https:\/\/www.eldiario.net\/portal\/wp-json\/wp\/v2\/posts\/6393","targetHints":{"allow":["GET"]}}],"collection":[{"href":"https:\/\/www.eldiario.net\/portal\/wp-json\/wp\/v2\/posts"}],"about":[{"href":"https:\/\/www.eldiario.net\/portal\/wp-json\/wp\/v2\/types\/post"}],"author":[{"embeddable":true,"href":"https:\/\/www.eldiario.net\/portal\/wp-json\/wp\/v2\/users\/1"}],"replies":[{"embeddable":true,"href":"https:\/\/www.eldiario.net\/portal\/wp-json\/wp\/v2\/comments?post=6393"}],"version-history":[{"count":0,"href":"https:\/\/www.eldiario.net\/portal\/wp-json\/wp\/v2\/posts\/6393\/revisions"}],"wp:attachment":[{"href":"https:\/\/www.eldiario.net\/portal\/wp-json\/wp\/v2\/media?parent=6393"}],"wp:term":[{"taxonomy":"category","embeddable":true,"href":"https:\/\/www.eldiario.net\/portal\/wp-json\/wp\/v2\/categories?post=6393"},{"taxonomy":"post_tag","embeddable":true,"href":"https:\/\/www.eldiario.net\/portal\/wp-json\/wp\/v2\/tags?post=6393"}],"curies":[{"name":"wp","href":"https:\/\/api.w.org\/{rel}","templated":true}]}}