{"id":6391,"date":"2021-05-26T06:10:43","date_gmt":"2021-05-26T10:10:43","guid":{"rendered":"https:\/\/www.eldiario.net\/portal\/?p=6391"},"modified":"2021-05-26T06:10:43","modified_gmt":"2021-05-26T10:10:43","slug":"25-de-mayo-1810-211-anos-de-historia-comun","status":"publish","type":"post","link":"https:\/\/www.eldiario.net\/portal\/2021\/05\/26\/25-de-mayo-1810-211-anos-de-historia-comun\/","title":{"rendered":"25 de mayo 1810 211 a\u00f1os de historia com\u00fan"},"content":{"rendered":"<p><span class=\"dropcap \" style=\"background-color: #ffffff; color: #000000; border-color: #ffffff;\">N<\/span>o parece que fuera casualidad la manera en que la historia y los acontecimientos se fueron dando en el nacimiento de nuestros pa\u00edses. Argentina y Bolivia se entrelazan a trav\u00e9s del tiempo y conforman un pasado \u00fanico, un pueblo con una historia com\u00fan, nacido y desarrollado al calor de ese mismo pasado.<br \/>\nDesde tiempos inmemoriales fuimos y somos parte de un mismo continente, nuestros pueblos antes de la llegada de los conquistadores conviv\u00edan como una sola unidad, siendo parte de las culturas andinas que se desarrollaban en el Abya Yala. Resistimos juntos ante la llegada de los espa\u00f1oles y luego luchamos juntos para liberarnos y comenzar la lucha independentista, que tuvo un sinn\u00famero de hechos y acontecimientos en los que nuestros h\u00e9roes independentistas fueron los mismos, con batallas libradas en lo que hoy es territorio boliviano y argentino, declaraciones y\u00a0sue\u00f1os llevados adelantes de manera conjunta.<br \/>\nPor ello, no es casualidad que un 25 de mayo de 1810, en el R\u00edo de la Plata\u00a0se formara un Primer Gobierno Patrio que ten\u00eda como antecedente los acontecimientos del 25 de mayo de 1809 cuando en Chuquisaca, hoy Sucre, se gestaba el primer grito libertario de Sudam\u00e9rica, o el levantamiento de La Paz de junio del mismo a\u00f1o. Lo cierto es que por estas tierras comenz\u00f3 una lucha\u00a0que se fue llevando adelante con batallas, triunfos y derrotas y donde nuestros soldados nacidos en lo que hoy es Bolivia o la Argentina dieron su sangre por la liberaci\u00f3n de un territorio que era una sola\u00a0unidad territorial, Las Provincias Unidas del R\u00edo de la Plata. Dicho territorio toma el nombre por el puerto y r\u00edo por donde sal\u00eda gran parte de la plata que proven\u00eda de Potos\u00ed, condici\u00f3n tambi\u00e9n que luego le dio nombre a nuestro pa\u00eds, que hoy est\u00e1 festejando y recordando 211 a\u00f1os del Primer Gobierno Patrio.<br \/>\nGobierno Patrio que la historia quiso que fuera su primer jefe un potosino, Cornelio Saavedra; historia que quiso que la primera batalla ganada por el Ej\u00e9rcito Argentino conformado por criollos, negros e indios\u00a0fuera en Suipacha en la zona de Tupiza, hoy Bolivia;\u00a0que la primera bandera argentina creada y usada por Belgrano en sus campa\u00f1as en el norte de las Provincias Unidas estuviera guardada, escondida durante 70 a\u00f1os en Macha, poblaci\u00f3n cercana a Potos\u00ed. Por todo ello, este 25 de mayo debemos recordarlo como una nueva oportunidad de reflotar la historia de nuestros pueblos con estos hechos que nos hermanaron en el pasado y que deben servir para hermanarnos en este presente. Despu\u00e9s de muchos acontecimientos que hemos vivido a lo largo de la historia est\u00e1 claro que nuestras suertes est\u00e1n atadas a un presente y futuro com\u00fan.<br \/>\nEste presente encuentra a los dos pa\u00edses recuper\u00e1ndose del paso de gobiernos neoliberales que arrasaron con sus econom\u00edas, tras el crecimiento y desarrollo logrados despu\u00e9s de gobiernos que hicieron todo para mejorar el bienestar de sus pueblos a lo largo de m\u00e1s de una d\u00e9cada, los gobiernos de los N\u00e9stor y Cristina Fern\u00e1ndez de\u00a0Kirchner en Argentina y de Evo Morales en Bolivia.<br \/>\nEste presente hace que juntos podamos levantarnos para mirar un futuro de cooperaci\u00f3n mutua y desarrollo igualitario; debemos trabajar juntos para que nuestras riquezas sean para el bienestar de nuestros pueblos. El litio y los hidrocarburos tienen que ser la punta del desarrollo de ambos pa\u00edses, explorando y explot\u00e1ndolos en forma conjunta, para que ello sirva a nuestros pueblos y no a las multinacionales de siempre.<br \/>\nEste 211\u00ba aniversario del Primer Gobierno Patrio debe empezar a revalorizar los deseos e intenciones que se vieron reflejados en las palabras que Sucre le dirigi\u00f3 al primer representante diplom\u00e1tico argentino ante Bolivia y que hoy se resignifican \u201cLa fatal discordia ha desaparecido entre argentinos y bolivianos, y hundi\u00e9ndose en el olvido las discusiones pasadas, las cosas y los hombres se colocar\u00e1n sobre bases, que ni aun el tiempo podr\u00e1 destruir. \u00a1Quiera el Cielo que as\u00ed sea! Y que, respet\u00e1ndose rec\u00edprocamente las dos Naciones y los dos Gobiernos en cuanto a su independencia y sus instituciones, compongan en todo lo dem\u00e1s, una sola familia estrechada por los sentimientos m\u00e1s generosos y cordiales. Sea La Quiaca solo la l\u00ednea geogr\u00e1fica que distinga los l\u00edmites de uno y otro Estado, pero apl\u00e1nense sus alturas siempre que los Bolivianos y Argentinos se busquen para amarse\u201d.<br \/>\nUn ejemplo importante de imitar y continuar, como lo est\u00e1n haciendo cada d\u00eda y en cada oportunidad nuestros actuales presidentes, Alberto Fern\u00e1ndez y Luis Arce Catacora. Que ese ejemplo vuelva a mostrarnos m\u00e1s que nunca los lazos indestructibles de hermandad y solidaridad que unen a nuestras dos Naciones.<\/p>\n<p>Ariel Basteiro, Embajador de la Rep\u00fablica Argentina en Bolivia.<\/p>\n","protected":false},"excerpt":{"rendered":"<p>No parece que fuera casualidad la manera en que la historia y los acontecimientos se fueron dando en el nacimiento de nuestros pa\u00edses. Argentina y Bolivia se entrelazan a trav\u00e9s del tiempo y conforman un pasado \u00fanico, un pueblo con una historia com\u00fan, nacido y desarrollado al calor de ese mismo pasado. Desde tiempos inmemoriales [&hellip;]<\/p>\n","protected":false},"author":1,"featured_media":0,"comment_status":"closed","ping_status":"closed","sticky":false,"template":"","format":"standard","meta":{"_acf_changed":false,"footnotes":""},"categories":[9],"tags":[],"class_list":["post-6391","post","type-post","status-publish","format-standard","category-opinion"],"acf":{"antetitulo":""},"yoast_head":"<!-- This site is optimized with the Yoast SEO plugin v28.3 - https:\/\/yoast.com\/product\/yoast-seo-wordpress\/ -->\n<title>25 de mayo 1810 211 a\u00f1os de historia com\u00fan - El Diario - Bolivia<\/title>\n<meta name=\"robots\" content=\"index, follow, max-snippet:-1, max-image-preview:large, max-video-preview:-1\" \/>\n<link rel=\"canonical\" href=\"https:\/\/www.eldiario.net\/portal\/2021\/05\/26\/25-de-mayo-1810-211-anos-de-historia-comun\/\" \/>\n<meta property=\"og:locale\" content=\"es_ES\" \/>\n<meta property=\"og:type\" content=\"article\" \/>\n<meta property=\"og:title\" content=\"25 de mayo 1810 211 a\u00f1os de historia com\u00fan - El Diario - Bolivia\" \/>\n<meta property=\"og:description\" content=\"No parece que fuera casualidad la manera en que la historia y los acontecimientos se fueron dando en el nacimiento de nuestros pa\u00edses. Argentina y Bolivia se entrelazan a trav\u00e9s del tiempo y conforman un pasado \u00fanico, un pueblo con una historia com\u00fan, nacido y desarrollado al calor de ese mismo pasado. Desde tiempos inmemoriales [&hellip;]\" \/>\n<meta property=\"og:url\" content=\"https:\/\/www.eldiario.net\/portal\/2021\/05\/26\/25-de-mayo-1810-211-anos-de-historia-comun\/\" \/>\n<meta property=\"og:site_name\" content=\"El Diario - Bolivia\" \/>\n<meta property=\"article:publisher\" content=\"https:\/\/www.facebook.com\/eldiario.bolivia\/\" \/>\n<meta property=\"article:published_time\" content=\"2021-05-26T10:10:43+00:00\" \/>\n<meta name=\"author\" content=\"Jeanette\" \/>\n<meta name=\"twitter:card\" content=\"summary_large_image\" \/>\n<meta name=\"twitter:creator\" content=\"@eldiario_net\" \/>\n<meta name=\"twitter:site\" content=\"@eldiario_net\" \/>\n<meta name=\"twitter:label1\" content=\"Escrito por\" \/>\n\t<meta name=\"twitter:data1\" content=\"Jeanette\" \/>\n\t<meta name=\"twitter:label2\" content=\"Tiempo de lectura\" \/>\n\t<meta name=\"twitter:data2\" content=\"4 minutos\" \/>\n<script type=\"application\/ld+json\" class=\"yoast-schema-graph\">{\"@context\":\"https:\\\/\\\/schema.org\",\"@graph\":[{\"@type\":\"Article\",\"@id\":\"https:\\\/\\\/www.eldiario.net\\\/portal\\\/2021\\\/05\\\/26\\\/25-de-mayo-1810-211-anos-de-historia-comun\\\/#article\",\"isPartOf\":{\"@id\":\"https:\\\/\\\/www.eldiario.net\\\/portal\\\/2021\\\/05\\\/26\\\/25-de-mayo-1810-211-anos-de-historia-comun\\\/\"},\"author\":{\"name\":\"Jeanette\",\"@id\":\"https:\\\/\\\/www.eldiario.net\\\/portal\\\/#\\\/schema\\\/person\\\/f46445640444750d7d753ccd04ae01b7\"},\"headline\":\"25 de mayo 1810 211 a\u00f1os de historia com\u00fan\",\"datePublished\":\"2021-05-26T10:10:43+00:00\",\"mainEntityOfPage\":{\"@id\":\"https:\\\/\\\/www.eldiario.net\\\/portal\\\/2021\\\/05\\\/26\\\/25-de-mayo-1810-211-anos-de-historia-comun\\\/\"},\"wordCount\":829,\"publisher\":{\"@id\":\"https:\\\/\\\/www.eldiario.net\\\/portal\\\/#organization\"},\"articleSection\":[\"Opini\u00f3n\"],\"inLanguage\":\"es\"},{\"@type\":\"WebPage\",\"@id\":\"https:\\\/\\\/www.eldiario.net\\\/portal\\\/2021\\\/05\\\/26\\\/25-de-mayo-1810-211-anos-de-historia-comun\\\/\",\"url\":\"https:\\\/\\\/www.eldiario.net\\\/portal\\\/2021\\\/05\\\/26\\\/25-de-mayo-1810-211-anos-de-historia-comun\\\/\",\"name\":\"25 de mayo 1810 211 a\u00f1os de historia com\u00fan - El Diario - Bolivia\",\"isPartOf\":{\"@id\":\"https:\\\/\\\/www.eldiario.net\\\/portal\\\/#website\"},\"datePublished\":\"2021-05-26T10:10:43+00:00\",\"breadcrumb\":{\"@id\":\"https:\\\/\\\/www.eldiario.net\\\/portal\\\/2021\\\/05\\\/26\\\/25-de-mayo-1810-211-anos-de-historia-comun\\\/#breadcrumb\"},\"inLanguage\":\"es\",\"potentialAction\":[{\"@type\":\"ReadAction\",\"target\":[\"https:\\\/\\\/www.eldiario.net\\\/portal\\\/2021\\\/05\\\/26\\\/25-de-mayo-1810-211-anos-de-historia-comun\\\/\"]}]},{\"@type\":\"BreadcrumbList\",\"@id\":\"https:\\\/\\\/www.eldiario.net\\\/portal\\\/2021\\\/05\\\/26\\\/25-de-mayo-1810-211-anos-de-historia-comun\\\/#breadcrumb\",\"itemListElement\":[{\"@type\":\"ListItem\",\"position\":1,\"name\":\"Portada\",\"item\":\"https:\\\/\\\/www.eldiario.net\\\/portal\\\/\"},{\"@type\":\"ListItem\",\"position\":2,\"name\":\"25 de mayo 1810 211 a\u00f1os de historia com\u00fan\"}]},{\"@type\":\"WebSite\",\"@id\":\"https:\\\/\\\/www.eldiario.net\\\/portal\\\/#website\",\"url\":\"https:\\\/\\\/www.eldiario.net\\\/portal\\\/\",\"name\":\"El Diario - Decano de la prensa nacional\",\"description\":\"El Diario - Decano de la prensa nacional\",\"publisher\":{\"@id\":\"https:\\\/\\\/www.eldiario.net\\\/portal\\\/#organization\"},\"potentialAction\":[{\"@type\":\"SearchAction\",\"target\":{\"@type\":\"EntryPoint\",\"urlTemplate\":\"https:\\\/\\\/www.eldiario.net\\\/portal\\\/?s={search_term_string}\"},\"query-input\":{\"@type\":\"PropertyValueSpecification\",\"valueRequired\":true,\"valueName\":\"search_term_string\"}}],\"inLanguage\":\"es\"},{\"@type\":\"Organization\",\"@id\":\"https:\\\/\\\/www.eldiario.net\\\/portal\\\/#organization\",\"name\":\"El Diario - Decano de la prensa nacional\",\"url\":\"https:\\\/\\\/www.eldiario.net\\\/portal\\\/\",\"logo\":{\"@type\":\"ImageObject\",\"inLanguage\":\"es\",\"@id\":\"https:\\\/\\\/www.eldiario.net\\\/portal\\\/#\\\/schema\\\/logo\\\/image\\\/\",\"url\":\"https:\\\/\\\/www.eldiario.net\\\/portal\\\/wp-content\\\/uploads\\\/2023\\\/07\\\/logo_ED.jpg\",\"contentUrl\":\"https:\\\/\\\/www.eldiario.net\\\/portal\\\/wp-content\\\/uploads\\\/2023\\\/07\\\/logo_ED.jpg\",\"width\":272,\"height\":52,\"caption\":\"El Diario - Decano de la prensa nacional\"},\"image\":{\"@id\":\"https:\\\/\\\/www.eldiario.net\\\/portal\\\/#\\\/schema\\\/logo\\\/image\\\/\"},\"sameAs\":[\"https:\\\/\\\/www.facebook.com\\\/eldiario.bolivia\\\/\",\"https:\\\/\\\/x.com\\\/eldiario_net\"]},{\"@type\":\"Person\",\"@id\":\"https:\\\/\\\/www.eldiario.net\\\/portal\\\/#\\\/schema\\\/person\\\/f46445640444750d7d753ccd04ae01b7\",\"name\":\"Jeanette\",\"image\":{\"@type\":\"ImageObject\",\"inLanguage\":\"es\",\"@id\":\"https:\\\/\\\/secure.gravatar.com\\\/avatar\\\/3ea2118a5f7dad2b7138b1187a6b7ee55f160b9968b66013c3a3ef39dd7e5798?s=96&d=mm&r=g\",\"url\":\"https:\\\/\\\/secure.gravatar.com\\\/avatar\\\/3ea2118a5f7dad2b7138b1187a6b7ee55f160b9968b66013c3a3ef39dd7e5798?s=96&d=mm&r=g\",\"contentUrl\":\"https:\\\/\\\/secure.gravatar.com\\\/avatar\\\/3ea2118a5f7dad2b7138b1187a6b7ee55f160b9968b66013c3a3ef39dd7e5798?s=96&d=mm&r=g\",\"caption\":\"Jeanette\"},\"sameAs\":[\"https:\\\/\\\/www.eldiario.net\\\/portal\"],\"url\":\"https:\\\/\\\/www.eldiario.net\\\/portal\\\/author\\\/jeanette\\\/\"}]}<\/script>\n<!-- \/ Yoast SEO plugin. -->","yoast_head_json":{"title":"25 de mayo 1810 211 a\u00f1os de historia com\u00fan - El Diario - Bolivia","robots":{"index":"index","follow":"follow","max-snippet":"max-snippet:-1","max-image-preview":"max-image-preview:large","max-video-preview":"max-video-preview:-1"},"canonical":"https:\/\/www.eldiario.net\/portal\/2021\/05\/26\/25-de-mayo-1810-211-anos-de-historia-comun\/","og_locale":"es_ES","og_type":"article","og_title":"25 de mayo 1810 211 a\u00f1os de historia com\u00fan - El Diario - Bolivia","og_description":"No parece que fuera casualidad la manera en que la historia y los acontecimientos se fueron dando en el nacimiento de nuestros pa\u00edses. Argentina y Bolivia se entrelazan a trav\u00e9s del tiempo y conforman un pasado \u00fanico, un pueblo con una historia com\u00fan, nacido y desarrollado al calor de ese mismo pasado. Desde tiempos inmemoriales [&hellip;]","og_url":"https:\/\/www.eldiario.net\/portal\/2021\/05\/26\/25-de-mayo-1810-211-anos-de-historia-comun\/","og_site_name":"El Diario - Bolivia","article_publisher":"https:\/\/www.facebook.com\/eldiario.bolivia\/","article_published_time":"2021-05-26T10:10:43+00:00","author":"Jeanette","twitter_card":"summary_large_image","twitter_creator":"@eldiario_net","twitter_site":"@eldiario_net","twitter_misc":{"Escrito por":"Jeanette","Tiempo de lectura":"4 minutos"},"schema":{"@context":"https:\/\/schema.org","@graph":[{"@type":"Article","@id":"https:\/\/www.eldiario.net\/portal\/2021\/05\/26\/25-de-mayo-1810-211-anos-de-historia-comun\/#article","isPartOf":{"@id":"https:\/\/www.eldiario.net\/portal\/2021\/05\/26\/25-de-mayo-1810-211-anos-de-historia-comun\/"},"author":{"name":"Jeanette","@id":"https:\/\/www.eldiario.net\/portal\/#\/schema\/person\/f46445640444750d7d753ccd04ae01b7"},"headline":"25 de mayo 1810 211 a\u00f1os de historia com\u00fan","datePublished":"2021-05-26T10:10:43+00:00","mainEntityOfPage":{"@id":"https:\/\/www.eldiario.net\/portal\/2021\/05\/26\/25-de-mayo-1810-211-anos-de-historia-comun\/"},"wordCount":829,"publisher":{"@id":"https:\/\/www.eldiario.net\/portal\/#organization"},"articleSection":["Opini\u00f3n"],"inLanguage":"es"},{"@type":"WebPage","@id":"https:\/\/www.eldiario.net\/portal\/2021\/05\/26\/25-de-mayo-1810-211-anos-de-historia-comun\/","url":"https:\/\/www.eldiario.net\/portal\/2021\/05\/26\/25-de-mayo-1810-211-anos-de-historia-comun\/","name":"25 de mayo 1810 211 a\u00f1os de historia com\u00fan - El Diario - Bolivia","isPartOf":{"@id":"https:\/\/www.eldiario.net\/portal\/#website"},"datePublished":"2021-05-26T10:10:43+00:00","breadcrumb":{"@id":"https:\/\/www.eldiario.net\/portal\/2021\/05\/26\/25-de-mayo-1810-211-anos-de-historia-comun\/#breadcrumb"},"inLanguage":"es","potentialAction":[{"@type":"ReadAction","target":["https:\/\/www.eldiario.net\/portal\/2021\/05\/26\/25-de-mayo-1810-211-anos-de-historia-comun\/"]}]},{"@type":"BreadcrumbList","@id":"https:\/\/www.eldiario.net\/portal\/2021\/05\/26\/25-de-mayo-1810-211-anos-de-historia-comun\/#breadcrumb","itemListElement":[{"@type":"ListItem","position":1,"name":"Portada","item":"https:\/\/www.eldiario.net\/portal\/"},{"@type":"ListItem","position":2,"name":"25 de mayo 1810 211 a\u00f1os de historia com\u00fan"}]},{"@type":"WebSite","@id":"https:\/\/www.eldiario.net\/portal\/#website","url":"https:\/\/www.eldiario.net\/portal\/","name":"El Diario - Decano de la prensa nacional","description":"El Diario - Decano de la prensa nacional","publisher":{"@id":"https:\/\/www.eldiario.net\/portal\/#organization"},"potentialAction":[{"@type":"SearchAction","target":{"@type":"EntryPoint","urlTemplate":"https:\/\/www.eldiario.net\/portal\/?s={search_term_string}"},"query-input":{"@type":"PropertyValueSpecification","valueRequired":true,"valueName":"search_term_string"}}],"inLanguage":"es"},{"@type":"Organization","@id":"https:\/\/www.eldiario.net\/portal\/#organization","name":"El Diario - Decano de la prensa nacional","url":"https:\/\/www.eldiario.net\/portal\/","logo":{"@type":"ImageObject","inLanguage":"es","@id":"https:\/\/www.eldiario.net\/portal\/#\/schema\/logo\/image\/","url":"https:\/\/www.eldiario.net\/portal\/wp-content\/uploads\/2023\/07\/logo_ED.jpg","contentUrl":"https:\/\/www.eldiario.net\/portal\/wp-content\/uploads\/2023\/07\/logo_ED.jpg","width":272,"height":52,"caption":"El Diario - Decano de la prensa nacional"},"image":{"@id":"https:\/\/www.eldiario.net\/portal\/#\/schema\/logo\/image\/"},"sameAs":["https:\/\/www.facebook.com\/eldiario.bolivia\/","https:\/\/x.com\/eldiario_net"]},{"@type":"Person","@id":"https:\/\/www.eldiario.net\/portal\/#\/schema\/person\/f46445640444750d7d753ccd04ae01b7","name":"Jeanette","image":{"@type":"ImageObject","inLanguage":"es","@id":"https:\/\/secure.gravatar.com\/avatar\/3ea2118a5f7dad2b7138b1187a6b7ee55f160b9968b66013c3a3ef39dd7e5798?s=96&d=mm&r=g","url":"https:\/\/secure.gravatar.com\/avatar\/3ea2118a5f7dad2b7138b1187a6b7ee55f160b9968b66013c3a3ef39dd7e5798?s=96&d=mm&r=g","contentUrl":"https:\/\/secure.gravatar.com\/avatar\/3ea2118a5f7dad2b7138b1187a6b7ee55f160b9968b66013c3a3ef39dd7e5798?s=96&d=mm&r=g","caption":"Jeanette"},"sameAs":["https:\/\/www.eldiario.net\/portal"],"url":"https:\/\/www.eldiario.net\/portal\/author\/jeanette\/"}]}},"_links":{"self":[{"href":"https:\/\/www.eldiario.net\/portal\/wp-json\/wp\/v2\/posts\/6391","targetHints":{"allow":["GET"]}}],"collection":[{"href":"https:\/\/www.eldiario.net\/portal\/wp-json\/wp\/v2\/posts"}],"about":[{"href":"https:\/\/www.eldiario.net\/portal\/wp-json\/wp\/v2\/types\/post"}],"author":[{"embeddable":true,"href":"https:\/\/www.eldiario.net\/portal\/wp-json\/wp\/v2\/users\/1"}],"replies":[{"embeddable":true,"href":"https:\/\/www.eldiario.net\/portal\/wp-json\/wp\/v2\/comments?post=6391"}],"version-history":[{"count":0,"href":"https:\/\/www.eldiario.net\/portal\/wp-json\/wp\/v2\/posts\/6391\/revisions"}],"wp:attachment":[{"href":"https:\/\/www.eldiario.net\/portal\/wp-json\/wp\/v2\/media?parent=6391"}],"wp:term":[{"taxonomy":"category","embeddable":true,"href":"https:\/\/www.eldiario.net\/portal\/wp-json\/wp\/v2\/categories?post=6391"},{"taxonomy":"post_tag","embeddable":true,"href":"https:\/\/www.eldiario.net\/portal\/wp-json\/wp\/v2\/tags?post=6391"}],"curies":[{"name":"wp","href":"https:\/\/api.w.org\/{rel}","templated":true}]}}