{"id":6389,"date":"2021-05-26T06:09:55","date_gmt":"2021-05-26T10:09:55","guid":{"rendered":"https:\/\/www.eldiario.net\/portal\/?p=6389"},"modified":"2021-05-26T06:09:55","modified_gmt":"2021-05-26T10:09:55","slug":"instalar-radio-am-potente-de-100-kw-para-clases-rurales","status":"publish","type":"post","link":"https:\/\/www.eldiario.net\/portal\/2021\/05\/26\/instalar-radio-am-potente-de-100-kw-para-clases-rurales\/","title":{"rendered":"Instalar radio AM potente  de 100 KW para clases rurales"},"content":{"rendered":"<p><span class=\"dropcap \" style=\"background-color: #ffffff; color: #000000; border-color: #ffffff;\">P<\/span>or la pandemia del coronavirus, en \u00e1reas rurales las clases presenciales, semipresenciales son discontinuadas y no hay virtuales por falta de internet de banda y dispositivos tecnol\u00f3gicos. Es preocupante, pues ya estamos en la mitad del a\u00f1o escolar de 2021. Si pese a esta discontinuidad los maestros aprobaran que pasen de curso los estudiantes, ser\u00e1 un enga\u00f1o. Si promocionan bachilleres no podr\u00e1n ingresar a las universidades. Para no perjudicar m\u00e1s a los estudiantes agrarios buscaremos soluciones. Bas\u00e1ndome en experiencias laborales e investigaciones sobre el comportamiento de las telecomunicaciones en el \u00e1mbito nacional e internacional, las clases en \u00e1rea rural se solucionar\u00edan con el plan Radio AM\/Clase A\/100 KW, que tiene como objetivo transmitir clases a distancia por radio a la poblaci\u00f3n estudiantil rural. Beneficios: recepci\u00f3n de clases en domicilios rurales dispersos. Beneficiarios: estudiantes, profesores, oyentes agrarios que viven en poblaciones rurales y alejadas. Alcance: provincias, \u00e1rea rural de pa\u00eds. Tecnolog\u00eda utilizada: radio receptor de escritorio o port\u00e1til. Transmisi\u00f3n: por ondas de radio AM. Presupuesto: Bs. 175.000. Financiamiento: Prontis. Tiempo de ejecuci\u00f3n: 30 d\u00edas calendarios.<br \/>\nLa especialidad de radiodifusi\u00f3n es amplia y se divide: radiodifusi\u00f3n en onda hectom\u00e9trica; radiodifusi\u00f3n en onda decam\u00e9trica; radiodifusi\u00f3n en onda m\u00e9trica. Nos dedicaremos solo a radiodifusi\u00f3n en ondas hectom\u00e9tricas (ondas medias).<br \/>\nSeg\u00fan el Reglamento de Radiocomunicaciones de la UIT, el servicio de radiodifusi\u00f3n sonora en ondas hectom\u00e9tricas: Clase A: tiene alcance nacional, potencia 100 KW, frecuencia 535 a 1005 kHz; Clase B: alcance regional, potencia 50 KW, 1005 a 1255 kHz; Clase C: alcance local, potencia 5 KW, 1255 a 1605 kHz.<br \/>\nConforme a esa norma internacional, la radio Onda Azul AM del Per\u00fa, en 640 kHz con transmisiones de 100 KW, llega con emisiones de calidad a Bolivia.<br \/>\nEn Bolivia esta norma ya fue aplicada por la ex Direcci\u00f3n General de Telecomunicaciones (DGT) con el Decreto Ley N\u00ba 09740.<br \/>\nSe aprovechar\u00eda esta norma para dictar clases a zonas rurales distantes. Para ello se requiere instalar una radiodifusora de gran potencia con alcance nacional, con estas caracter\u00edsticas t\u00e9cnicas:<br \/>\nRadiodifusi\u00f3n AM de Clase A en onda hectom\u00e9trica.<br \/>\nPotencia de transmisi\u00f3n m\u00e1xima de 100 KW (cien kilowatts) para que sus emisiones lleguen a todo el territorio nacional.<br \/>\nFrecuencia de transmisi\u00f3n 600 kHz, con asignaci\u00f3n nacional de la ATT, la misma no se asignar\u00eda a otras emisoras.<br \/>\nEl sistema de modulaci\u00f3n en amplitud de doble banda lateral, con portadora completa.<br \/>\nSe usar\u00e1 antena omnidireccional vertical y para la torre se deber\u00e1 construir un sistema de tierra constituido, como m\u00ednimo, por 90 conductores radiales de cobre (di\u00e1metro de 2,5 mil\u00edmetros) de una longitud no inferior a un cuarto (1\/4) de la longitud de onda de la frecuencia de operaci\u00f3n, espaciados radialmente a partir de la base (cero) de la torre.<br \/>\nEl largo de los radiales no ser\u00e1 menor a 0,25 de la longitud de onda.<br \/>\nEntre el transmisor y la l\u00ednea de transmisi\u00f3n y entre el transformado de impedancias y la antena se instalar\u00e1 amper\u00edmetro de radiofrecuencia (medidor de corriente). La impedancia de la antena ser\u00e1 medida en el medidor de corriente de la antena.<br \/>\nLas pruebas de intensidad de campo (uV\/m) en \u00e1reas primaria y secundaria; la conductividad del suelo, las haremos conocer en otra nota.<br \/>\nCon estos lineamientos t\u00e9cnicos, el gobierno nacional puede instalar Radio AM potente de 100 KW, Clase A, para que sus emisiones alcancen a todo el territorio nacional y dar clases rurales a distancia por radio. Es la \u00fanica soluci\u00f3n r\u00e1pida, sencilla y econ\u00f3mica para salvar la gesti\u00f3n escolar de 2021, en esta \u00e9poca de Covid-19.<\/p>\n<p>Fuente: Ingenier\u00eda R\u00edos SRL.<br \/>\nEl autor es consultor en telecomunicaciones.<br \/>\nelbiorios@hotmail.com<\/p>\n","protected":false},"excerpt":{"rendered":"<p>Por la pandemia del coronavirus, en \u00e1reas rurales las clases presenciales, semipresenciales son discontinuadas y no hay virtuales por falta de internet de banda y dispositivos tecnol\u00f3gicos. Es preocupante, pues ya estamos en la mitad del a\u00f1o escolar de 2021. Si pese a esta discontinuidad los maestros aprobaran que pasen de curso los estudiantes, ser\u00e1 [&hellip;]<\/p>\n","protected":false},"author":1,"featured_media":0,"comment_status":"closed","ping_status":"closed","sticky":false,"template":"","format":"standard","meta":{"_acf_changed":false,"footnotes":""},"categories":[9],"tags":[],"class_list":["post-6389","post","type-post","status-publish","format-standard","category-opinion"],"acf":{"antetitulo":""},"yoast_head":"<!-- This site is optimized with the Yoast SEO plugin v28.3 - https:\/\/yoast.com\/product\/yoast-seo-wordpress\/ -->\n<title>Instalar radio AM potente de 100 KW para clases rurales - El Diario - Bolivia<\/title>\n<meta name=\"robots\" content=\"index, follow, max-snippet:-1, max-image-preview:large, max-video-preview:-1\" \/>\n<link rel=\"canonical\" href=\"https:\/\/www.eldiario.net\/portal\/2021\/05\/26\/instalar-radio-am-potente-de-100-kw-para-clases-rurales\/\" \/>\n<meta property=\"og:locale\" content=\"es_ES\" \/>\n<meta property=\"og:type\" content=\"article\" \/>\n<meta property=\"og:title\" content=\"Instalar radio AM potente de 100 KW para clases rurales - El Diario - Bolivia\" \/>\n<meta property=\"og:description\" content=\"Por la pandemia del coronavirus, en \u00e1reas rurales las clases presenciales, semipresenciales son discontinuadas y no hay virtuales por falta de internet de banda y dispositivos tecnol\u00f3gicos. Es preocupante, pues ya estamos en la mitad del a\u00f1o escolar de 2021. Si pese a esta discontinuidad los maestros aprobaran que pasen de curso los estudiantes, ser\u00e1 [&hellip;]\" \/>\n<meta property=\"og:url\" content=\"https:\/\/www.eldiario.net\/portal\/2021\/05\/26\/instalar-radio-am-potente-de-100-kw-para-clases-rurales\/\" \/>\n<meta property=\"og:site_name\" content=\"El Diario - Bolivia\" \/>\n<meta property=\"article:publisher\" content=\"https:\/\/www.facebook.com\/eldiario.bolivia\/\" \/>\n<meta property=\"article:published_time\" content=\"2021-05-26T10:09:55+00:00\" \/>\n<meta name=\"author\" content=\"Jeanette\" \/>\n<meta name=\"twitter:card\" content=\"summary_large_image\" \/>\n<meta name=\"twitter:creator\" content=\"@eldiario_net\" \/>\n<meta name=\"twitter:site\" content=\"@eldiario_net\" \/>\n<meta name=\"twitter:label1\" content=\"Escrito por\" \/>\n\t<meta name=\"twitter:data1\" content=\"Jeanette\" \/>\n\t<meta name=\"twitter:label2\" content=\"Tiempo de lectura\" \/>\n\t<meta name=\"twitter:data2\" content=\"3 minutos\" \/>\n<script type=\"application\/ld+json\" class=\"yoast-schema-graph\">{\"@context\":\"https:\\\/\\\/schema.org\",\"@graph\":[{\"@type\":\"Article\",\"@id\":\"https:\\\/\\\/www.eldiario.net\\\/portal\\\/2021\\\/05\\\/26\\\/instalar-radio-am-potente-de-100-kw-para-clases-rurales\\\/#article\",\"isPartOf\":{\"@id\":\"https:\\\/\\\/www.eldiario.net\\\/portal\\\/2021\\\/05\\\/26\\\/instalar-radio-am-potente-de-100-kw-para-clases-rurales\\\/\"},\"author\":{\"name\":\"Jeanette\",\"@id\":\"https:\\\/\\\/www.eldiario.net\\\/portal\\\/#\\\/schema\\\/person\\\/f46445640444750d7d753ccd04ae01b7\"},\"headline\":\"Instalar radio AM potente de 100 KW para clases rurales\",\"datePublished\":\"2021-05-26T10:09:55+00:00\",\"mainEntityOfPage\":{\"@id\":\"https:\\\/\\\/www.eldiario.net\\\/portal\\\/2021\\\/05\\\/26\\\/instalar-radio-am-potente-de-100-kw-para-clases-rurales\\\/\"},\"wordCount\":636,\"publisher\":{\"@id\":\"https:\\\/\\\/www.eldiario.net\\\/portal\\\/#organization\"},\"articleSection\":[\"Opini\u00f3n\"],\"inLanguage\":\"es\"},{\"@type\":\"WebPage\",\"@id\":\"https:\\\/\\\/www.eldiario.net\\\/portal\\\/2021\\\/05\\\/26\\\/instalar-radio-am-potente-de-100-kw-para-clases-rurales\\\/\",\"url\":\"https:\\\/\\\/www.eldiario.net\\\/portal\\\/2021\\\/05\\\/26\\\/instalar-radio-am-potente-de-100-kw-para-clases-rurales\\\/\",\"name\":\"Instalar radio AM potente de 100 KW para clases rurales - El Diario - Bolivia\",\"isPartOf\":{\"@id\":\"https:\\\/\\\/www.eldiario.net\\\/portal\\\/#website\"},\"datePublished\":\"2021-05-26T10:09:55+00:00\",\"breadcrumb\":{\"@id\":\"https:\\\/\\\/www.eldiario.net\\\/portal\\\/2021\\\/05\\\/26\\\/instalar-radio-am-potente-de-100-kw-para-clases-rurales\\\/#breadcrumb\"},\"inLanguage\":\"es\",\"potentialAction\":[{\"@type\":\"ReadAction\",\"target\":[\"https:\\\/\\\/www.eldiario.net\\\/portal\\\/2021\\\/05\\\/26\\\/instalar-radio-am-potente-de-100-kw-para-clases-rurales\\\/\"]}]},{\"@type\":\"BreadcrumbList\",\"@id\":\"https:\\\/\\\/www.eldiario.net\\\/portal\\\/2021\\\/05\\\/26\\\/instalar-radio-am-potente-de-100-kw-para-clases-rurales\\\/#breadcrumb\",\"itemListElement\":[{\"@type\":\"ListItem\",\"position\":1,\"name\":\"Portada\",\"item\":\"https:\\\/\\\/www.eldiario.net\\\/portal\\\/\"},{\"@type\":\"ListItem\",\"position\":2,\"name\":\"Instalar radio AM potente de 100 KW para clases rurales\"}]},{\"@type\":\"WebSite\",\"@id\":\"https:\\\/\\\/www.eldiario.net\\\/portal\\\/#website\",\"url\":\"https:\\\/\\\/www.eldiario.net\\\/portal\\\/\",\"name\":\"El Diario - Decano de la prensa nacional\",\"description\":\"El Diario - Decano de la prensa nacional\",\"publisher\":{\"@id\":\"https:\\\/\\\/www.eldiario.net\\\/portal\\\/#organization\"},\"potentialAction\":[{\"@type\":\"SearchAction\",\"target\":{\"@type\":\"EntryPoint\",\"urlTemplate\":\"https:\\\/\\\/www.eldiario.net\\\/portal\\\/?s={search_term_string}\"},\"query-input\":{\"@type\":\"PropertyValueSpecification\",\"valueRequired\":true,\"valueName\":\"search_term_string\"}}],\"inLanguage\":\"es\"},{\"@type\":\"Organization\",\"@id\":\"https:\\\/\\\/www.eldiario.net\\\/portal\\\/#organization\",\"name\":\"El Diario - Decano de la prensa nacional\",\"url\":\"https:\\\/\\\/www.eldiario.net\\\/portal\\\/\",\"logo\":{\"@type\":\"ImageObject\",\"inLanguage\":\"es\",\"@id\":\"https:\\\/\\\/www.eldiario.net\\\/portal\\\/#\\\/schema\\\/logo\\\/image\\\/\",\"url\":\"https:\\\/\\\/www.eldiario.net\\\/portal\\\/wp-content\\\/uploads\\\/2023\\\/07\\\/logo_ED.jpg\",\"contentUrl\":\"https:\\\/\\\/www.eldiario.net\\\/portal\\\/wp-content\\\/uploads\\\/2023\\\/07\\\/logo_ED.jpg\",\"width\":272,\"height\":52,\"caption\":\"El Diario - Decano de la prensa nacional\"},\"image\":{\"@id\":\"https:\\\/\\\/www.eldiario.net\\\/portal\\\/#\\\/schema\\\/logo\\\/image\\\/\"},\"sameAs\":[\"https:\\\/\\\/www.facebook.com\\\/eldiario.bolivia\\\/\",\"https:\\\/\\\/x.com\\\/eldiario_net\"]},{\"@type\":\"Person\",\"@id\":\"https:\\\/\\\/www.eldiario.net\\\/portal\\\/#\\\/schema\\\/person\\\/f46445640444750d7d753ccd04ae01b7\",\"name\":\"Jeanette\",\"image\":{\"@type\":\"ImageObject\",\"inLanguage\":\"es\",\"@id\":\"https:\\\/\\\/secure.gravatar.com\\\/avatar\\\/3ea2118a5f7dad2b7138b1187a6b7ee55f160b9968b66013c3a3ef39dd7e5798?s=96&d=mm&r=g\",\"url\":\"https:\\\/\\\/secure.gravatar.com\\\/avatar\\\/3ea2118a5f7dad2b7138b1187a6b7ee55f160b9968b66013c3a3ef39dd7e5798?s=96&d=mm&r=g\",\"contentUrl\":\"https:\\\/\\\/secure.gravatar.com\\\/avatar\\\/3ea2118a5f7dad2b7138b1187a6b7ee55f160b9968b66013c3a3ef39dd7e5798?s=96&d=mm&r=g\",\"caption\":\"Jeanette\"},\"sameAs\":[\"https:\\\/\\\/www.eldiario.net\\\/portal\"],\"url\":\"https:\\\/\\\/www.eldiario.net\\\/portal\\\/author\\\/jeanette\\\/\"}]}<\/script>\n<!-- \/ Yoast SEO plugin. -->","yoast_head_json":{"title":"Instalar radio AM potente de 100 KW para clases rurales - El Diario - Bolivia","robots":{"index":"index","follow":"follow","max-snippet":"max-snippet:-1","max-image-preview":"max-image-preview:large","max-video-preview":"max-video-preview:-1"},"canonical":"https:\/\/www.eldiario.net\/portal\/2021\/05\/26\/instalar-radio-am-potente-de-100-kw-para-clases-rurales\/","og_locale":"es_ES","og_type":"article","og_title":"Instalar radio AM potente de 100 KW para clases rurales - El Diario - Bolivia","og_description":"Por la pandemia del coronavirus, en \u00e1reas rurales las clases presenciales, semipresenciales son discontinuadas y no hay virtuales por falta de internet de banda y dispositivos tecnol\u00f3gicos. Es preocupante, pues ya estamos en la mitad del a\u00f1o escolar de 2021. Si pese a esta discontinuidad los maestros aprobaran que pasen de curso los estudiantes, ser\u00e1 [&hellip;]","og_url":"https:\/\/www.eldiario.net\/portal\/2021\/05\/26\/instalar-radio-am-potente-de-100-kw-para-clases-rurales\/","og_site_name":"El Diario - Bolivia","article_publisher":"https:\/\/www.facebook.com\/eldiario.bolivia\/","article_published_time":"2021-05-26T10:09:55+00:00","author":"Jeanette","twitter_card":"summary_large_image","twitter_creator":"@eldiario_net","twitter_site":"@eldiario_net","twitter_misc":{"Escrito por":"Jeanette","Tiempo de lectura":"3 minutos"},"schema":{"@context":"https:\/\/schema.org","@graph":[{"@type":"Article","@id":"https:\/\/www.eldiario.net\/portal\/2021\/05\/26\/instalar-radio-am-potente-de-100-kw-para-clases-rurales\/#article","isPartOf":{"@id":"https:\/\/www.eldiario.net\/portal\/2021\/05\/26\/instalar-radio-am-potente-de-100-kw-para-clases-rurales\/"},"author":{"name":"Jeanette","@id":"https:\/\/www.eldiario.net\/portal\/#\/schema\/person\/f46445640444750d7d753ccd04ae01b7"},"headline":"Instalar radio AM potente de 100 KW para clases rurales","datePublished":"2021-05-26T10:09:55+00:00","mainEntityOfPage":{"@id":"https:\/\/www.eldiario.net\/portal\/2021\/05\/26\/instalar-radio-am-potente-de-100-kw-para-clases-rurales\/"},"wordCount":636,"publisher":{"@id":"https:\/\/www.eldiario.net\/portal\/#organization"},"articleSection":["Opini\u00f3n"],"inLanguage":"es"},{"@type":"WebPage","@id":"https:\/\/www.eldiario.net\/portal\/2021\/05\/26\/instalar-radio-am-potente-de-100-kw-para-clases-rurales\/","url":"https:\/\/www.eldiario.net\/portal\/2021\/05\/26\/instalar-radio-am-potente-de-100-kw-para-clases-rurales\/","name":"Instalar radio AM potente de 100 KW para clases rurales - El Diario - Bolivia","isPartOf":{"@id":"https:\/\/www.eldiario.net\/portal\/#website"},"datePublished":"2021-05-26T10:09:55+00:00","breadcrumb":{"@id":"https:\/\/www.eldiario.net\/portal\/2021\/05\/26\/instalar-radio-am-potente-de-100-kw-para-clases-rurales\/#breadcrumb"},"inLanguage":"es","potentialAction":[{"@type":"ReadAction","target":["https:\/\/www.eldiario.net\/portal\/2021\/05\/26\/instalar-radio-am-potente-de-100-kw-para-clases-rurales\/"]}]},{"@type":"BreadcrumbList","@id":"https:\/\/www.eldiario.net\/portal\/2021\/05\/26\/instalar-radio-am-potente-de-100-kw-para-clases-rurales\/#breadcrumb","itemListElement":[{"@type":"ListItem","position":1,"name":"Portada","item":"https:\/\/www.eldiario.net\/portal\/"},{"@type":"ListItem","position":2,"name":"Instalar radio AM potente de 100 KW para clases rurales"}]},{"@type":"WebSite","@id":"https:\/\/www.eldiario.net\/portal\/#website","url":"https:\/\/www.eldiario.net\/portal\/","name":"El Diario - Decano de la prensa nacional","description":"El Diario - Decano de la prensa nacional","publisher":{"@id":"https:\/\/www.eldiario.net\/portal\/#organization"},"potentialAction":[{"@type":"SearchAction","target":{"@type":"EntryPoint","urlTemplate":"https:\/\/www.eldiario.net\/portal\/?s={search_term_string}"},"query-input":{"@type":"PropertyValueSpecification","valueRequired":true,"valueName":"search_term_string"}}],"inLanguage":"es"},{"@type":"Organization","@id":"https:\/\/www.eldiario.net\/portal\/#organization","name":"El Diario - Decano de la prensa nacional","url":"https:\/\/www.eldiario.net\/portal\/","logo":{"@type":"ImageObject","inLanguage":"es","@id":"https:\/\/www.eldiario.net\/portal\/#\/schema\/logo\/image\/","url":"https:\/\/www.eldiario.net\/portal\/wp-content\/uploads\/2023\/07\/logo_ED.jpg","contentUrl":"https:\/\/www.eldiario.net\/portal\/wp-content\/uploads\/2023\/07\/logo_ED.jpg","width":272,"height":52,"caption":"El Diario - Decano de la prensa nacional"},"image":{"@id":"https:\/\/www.eldiario.net\/portal\/#\/schema\/logo\/image\/"},"sameAs":["https:\/\/www.facebook.com\/eldiario.bolivia\/","https:\/\/x.com\/eldiario_net"]},{"@type":"Person","@id":"https:\/\/www.eldiario.net\/portal\/#\/schema\/person\/f46445640444750d7d753ccd04ae01b7","name":"Jeanette","image":{"@type":"ImageObject","inLanguage":"es","@id":"https:\/\/secure.gravatar.com\/avatar\/3ea2118a5f7dad2b7138b1187a6b7ee55f160b9968b66013c3a3ef39dd7e5798?s=96&d=mm&r=g","url":"https:\/\/secure.gravatar.com\/avatar\/3ea2118a5f7dad2b7138b1187a6b7ee55f160b9968b66013c3a3ef39dd7e5798?s=96&d=mm&r=g","contentUrl":"https:\/\/secure.gravatar.com\/avatar\/3ea2118a5f7dad2b7138b1187a6b7ee55f160b9968b66013c3a3ef39dd7e5798?s=96&d=mm&r=g","caption":"Jeanette"},"sameAs":["https:\/\/www.eldiario.net\/portal"],"url":"https:\/\/www.eldiario.net\/portal\/author\/jeanette\/"}]}},"_links":{"self":[{"href":"https:\/\/www.eldiario.net\/portal\/wp-json\/wp\/v2\/posts\/6389","targetHints":{"allow":["GET"]}}],"collection":[{"href":"https:\/\/www.eldiario.net\/portal\/wp-json\/wp\/v2\/posts"}],"about":[{"href":"https:\/\/www.eldiario.net\/portal\/wp-json\/wp\/v2\/types\/post"}],"author":[{"embeddable":true,"href":"https:\/\/www.eldiario.net\/portal\/wp-json\/wp\/v2\/users\/1"}],"replies":[{"embeddable":true,"href":"https:\/\/www.eldiario.net\/portal\/wp-json\/wp\/v2\/comments?post=6389"}],"version-history":[{"count":0,"href":"https:\/\/www.eldiario.net\/portal\/wp-json\/wp\/v2\/posts\/6389\/revisions"}],"wp:attachment":[{"href":"https:\/\/www.eldiario.net\/portal\/wp-json\/wp\/v2\/media?parent=6389"}],"wp:term":[{"taxonomy":"category","embeddable":true,"href":"https:\/\/www.eldiario.net\/portal\/wp-json\/wp\/v2\/categories?post=6389"},{"taxonomy":"post_tag","embeddable":true,"href":"https:\/\/www.eldiario.net\/portal\/wp-json\/wp\/v2\/tags?post=6389"}],"curies":[{"name":"wp","href":"https:\/\/api.w.org\/{rel}","templated":true}]}}