{"id":6384,"date":"2021-05-26T06:08:11","date_gmt":"2021-05-26T10:08:11","guid":{"rendered":"https:\/\/www.eldiario.net\/portal\/?p=6384"},"modified":"2021-05-26T06:08:11","modified_gmt":"2021-05-26T10:08:11","slug":"diana-mora","status":"publish","type":"post","link":"https:\/\/www.eldiario.net\/portal\/2021\/05\/26\/diana-mora\/","title":{"rendered":"Diana Mora"},"content":{"rendered":"<p>La invitada de hoy en Cvltvral es una gran bailarina cuya vida siempre ha estado orientada hacia el arte desde muy peque\u00f1a. Ya hace alg\u00fan tiempo reside en tierras germanas dejando en claro que los artistas bolivianos brillan en cada rinc\u00f3n del globo. En esta agradecida exclusiva conocemos m\u00e1s de ella\u2026 sean todos bienvenidos al show.<\/p>\n<p><strong>\u00bfQui\u00e9n es Diana Mora?<\/strong><br \/>\nUna mujer llena de contradicciones. Alguien que disfruta mucho de su soledad, pero que tambi\u00e9n necesita gente alrededor suyo. Apasionada y agresiva, introvertida y extrovertida, \u201cold school\u201d y progresista, pol\u00edglota incomprendida que busca entender al mundo y a s\u00ed misma.<br \/>\nAlguien dif\u00edcilmente predecible, incluso para m\u00ed misma.<\/p>\n<p><strong>\u00bfC\u00f3mo llega el baile a tu vida?<\/strong><br \/>\nSiempre fui muy t\u00edmida de peque\u00f1a, no ten\u00eda muchos amigos, hasta que en la kermesse de mi kinder nos hicieron bailar folklore. Desde entonces la danza fue mi amiga con la que pod\u00eda expresarme sin tener que hablar. Lo hac\u00eda sola en mi cuarto donde nadie me pod\u00eda ver. Pero el ballet lleg\u00f3 para concretar mi amor por la danza cuando ten\u00eda 6 a\u00f1os y vi por primera vez el \u201cLago de los Cisnes\u201d en el Teatro Municipal.<\/p>\n<p><strong>\u00bfTienes habilidad para otras pr\u00e1cticas art\u00edsticas?<\/strong><br \/>\nUn poco para el dise\u00f1o gr\u00e1fico (aunque no sea arte) y la pintura. Me gustar\u00eda tener m\u00e1s habilidades para la m\u00fasica pero lamentablemente no es el caso.<\/p>\n<p><strong>\u00bfHacer babkas cuenta como habilidad art\u00edstica? <\/strong><br \/>\n<strong>\u00bfBailar libera el alma?<\/strong><br \/>\nS\u00ed y no. En un principio cuando el cuerpo descubre la danza, claro que s\u00ed, claro que libera. Ya luego cuando uno quiere ir m\u00e1s lejos, adentrarse en t\u00e9cnica, entender que el cuerpo tambi\u00e9n debe ser educado (sea cual sea la danza que se practique), ah\u00ed claro es ya m\u00e1s dif\u00edcil encontrar libertad cuando muchas reglas est\u00e1n escritas y, al mismo tiempo, uno alcanza libertad pura solo cuando aprende a controlar su cuerpo mediante la t\u00e9cnica y aprende cu\u00e1ndo tambi\u00e9n soltarlo, y eso ya depende de la uni\u00f3n entre el cuerpo y la mente. En el Ballet la disciplina es la base de la libertad. Y es una libertad ascendiente: saltos, giros, puntas, ligereza, cambreados de la parte superior del cuerpo etc., como una b\u00fasqueda de lo inhumano. Al contrario de otras danzas cuya libertad se encuentra m\u00e1s en el suelo y lo terrestre, m\u00e1s org\u00e1nicas. Me gustan todas, pero debo admitir que la b\u00fasqueda de la elevaci\u00f3n (el ballet) es la que m\u00e1s libertad me ha dado, y la que m\u00e1s me ha hecho sufrir tambi\u00e9n. Actualmente s\u00ed puedo decir que cuanto m\u00e1s me adentro a los algoritmos corporales\/mentales de la danza cl\u00e1sica, dejando de lado los aspectos superficiales de la industria del ballet, m\u00e1s libertad encuentro, pero esa libertad no es posible sin una intensa autoeducaci\u00f3n y, por supuesto, mucha disciplina.<\/p>\n<p><strong>\u00bfQu\u00e9 es lo m\u00e1s satisfactorio de haber realizado tu carrera como bailarina?<\/strong><br \/>\nEntender que para lograr lo imposible, hay que romper ciertas reglas y abrirse camino. Desde entonces escojo muy bien cu\u00e1les reglas romper, y con qu\u00e9 m\u00e9todos.<br \/>\nEstar acostumbrada a no tener una zona de confort, haber conocido a bailarines con los que so\u00f1aba conocer y trabajar cuando era una adolescente y los ve\u00eda en Youtube; y que ellos a su turno respeten mi trabajo. Tener una vida normal paralela a mi vida art\u00edstica. Tener un techo aqu\u00ed en Berlin, que pueda llamar hogar. Haber pisado escenarios como el Palais des Festivals en Cannes y la Deutsche Oper en Berlin. Y \u00faltimamente, entender que tengo mucha suerte de haber nacido en Bolivia, y haber estudiado ballet en Bolivia. Muy probablemente si hubiese nacido en Europa, no hubiera podido ser bailarina.<\/p>\n<p><strong>\u00bfD\u00f3nde realizaste tus principales estudios en danza?<\/strong><br \/>\nEn la Escuela del Ballet Oficial de Bolivia y perfeccionando en Francia.<\/p>\n<p><strong>\u00bfEn qu\u00e9 momento y d\u00f3nde empieza tu carrera profesional como bailarina?<\/strong><br \/>\nEn 2008, luego de graduarme de la E.B.O., empec\u00e9 a trabajar en el Ballet Oficial de Bolivia, primero como practicante, luego como cuerpo de baile.<\/p>\n<p>Tu actual residencia en Europa \u00bfFue algo planeado o las cosas se desarrollaron posibilitando esto?<br \/>\nFue parcialmente planeado. Mi sue\u00f1o siempre fue Alemania, incluso estudi\u00e9 un poco de alem\u00e1n antes de irme, pero yo estudi\u00e9 en el Franco Boliviano, y las puertas hacia Francia estaban m\u00e1s abiertas que para Alemania. As\u00ed que decid\u00ed partir a Francia primero, pero siempre con Alemania en mente. Luego de 5 a\u00f1os y medio de estudio\/trabajo en Francia, la vida dio un giro muy inoportuno (o tal vez oportuno ahora que lo veo desde lejos), que hizo que tome mis maletas y me mud\u00e9 a Berl\u00edn.<br \/>\nTal vez fue mi deseo desde el fondo del coraz\u00f3n, el que hizo que el universo destruya todo lo que hab\u00eda construido en Francia para empezar de cero en Alemania. Y fue as\u00ed. Empec\u00e9 de cero una vez m\u00e1s.<\/p>\n<p><strong>\u00bfCu\u00e1ntas puestas en escena llevar\u00e1s al momento en el Viejo Continente?<\/strong><br \/>\nNo s\u00e9, son muchas, se trabaja por temporadas, no llevo la cuenta.<\/p>\n<p><strong>\u00bfDe cu\u00e1ntos cuerpos de baile independiente has sido parte?<\/strong><br \/>\nIndependientes: 3<br \/>\nestatales: 3<\/p>\n<p><strong>\u00bfCu\u00e1l es tu mayor virtud como bailarina?<\/strong><br \/>\nSi se trata de virtudes t\u00e9cnicas, podr\u00eda decir la musicalidad, los saltos, los allegros. Todo lo que implique rapidez. No soy Odette, soy m\u00e1s Kitri. Y de las virtudes personales como bailarina, pienso que la disciplina, mi curiosidad por la historia de la danza, mi voluntad de escribir e investigar sobre la danza y mi perseverancia, que a veces puede ser vista como testarudez, pero est\u00e1 bien, estoy en paz con esa etiqueta. Soy extremadamente exigente conmigo misma y los dem\u00e1s. Bueno tal vez eso no siempre sea una virtud.<\/p>\n<p><strong>\u00bfCu\u00e1nto te ha afectado la pandemia a nivel profesional y personal?<\/strong><br \/>\nLos teatros est\u00e1n cerrados desde hace m\u00e1s de un a\u00f1o. Pero honestamente la pandemia no fue del todo mala para m\u00ed. Estaba muy cansada. Ser bailar\u00edn independiente es dif\u00edcil. Andar de contrato en contrato, siempre en la inseguridad. Antes de la pandemia se estaban desarrollando muchos esc\u00e1ndalos en el teatro donde trabajaba. El ambiente era tenso, los bailarines profesionales en general tienen tendencias depresivas, y nosotros trabajamos con los cuerpos, entonces la energ\u00eda negativa o positiva se siente mucho m\u00e1s potente. Antes de la pandemia hab\u00eda un malestar general, muchos bailarines somos propensos a problemas de salud mental por la presi\u00f3n de la industria y de nuestro trabajo.<br \/>\nLos primeros meses de la pandemia fueron un descanso para m\u00ed, me entrenaba sola en casa, le\u00ed muchas cosas que no necesariamente ten\u00edan que ver con la danza, conoc\u00ed personas con las que hasta ahora tengo un v\u00ednculo de lucha, empec\u00e9 a escribir mis propios proyectos etc.<br \/>\nPor suerte, el Gobierno alem\u00e1n nos ayud\u00f3 econ\u00f3micamente a los artistas independientes y nunca hubo toque de queda hasta ahora. Entonces econ\u00f3micamente me impact\u00f3 poco, logr\u00e9 sobrevivir y no estuve nunca en una situaci\u00f3n dif\u00edcil. En el verano hubo trabajo y fue lindo disfrutar del sol, pero ya el segundo Lockdown fue m\u00e1s cansador. Los artistas necesitamos estar en escena, la danza es un arte que solo se puede apreciar de cuerpo a cuerpo, lamentablemente las peluquer\u00edas y los shoppings son m\u00e1s importantes. Pero siempre hay alternativas y a veces las restricciones nos vuelven m\u00e1s creativos.<\/p>\n<p><strong>\u00bfQu\u00e9 proyectos est\u00e1n en tu agenda para este veinte veintiuno?<\/strong><br \/>\nEsta semana me confirmaron el financiamiento de investigaci\u00f3n otorgado por el Gobierno Alem\u00e1n. Fui una de las candidatas elegidas por el jurado, as\u00ed que los pr\u00f3ximos meses se ver\u00e1n llenos de investigaci\u00f3n coreogr\u00e1fica. Complementaria a esta investigaci\u00f3n financiada, estoy produciendo un sue\u00f1o m\u00edo junto a otros artistas de otras \u00e1reas. Esto est\u00e1 todav\u00eda en incubadora as\u00ed que todav\u00eda no revelar\u00e9 detalles. Tal vez, dentro de esa agenda haya alg\u00fan espacio para visitar Bolivia, pero eso no lo tengo planeado todav\u00eda, se lo dejo al viento decidir.<\/p>\n","protected":false},"excerpt":{"rendered":"<p>La invitada de hoy en Cvltvral es una gran bailarina cuya vida siempre ha estado orientada hacia el arte desde muy peque\u00f1a. Ya hace alg\u00fan tiempo reside en tierras germanas dejando en claro que los artistas bolivianos brillan en cada rinc\u00f3n del globo. En esta agradecida exclusiva conocemos m\u00e1s de ella\u2026 sean todos bienvenidos al [&hellip;]<\/p>\n","protected":false},"author":1,"featured_media":6385,"comment_status":"closed","ping_status":"closed","sticky":false,"template":"","format":"standard","meta":{"_acf_changed":false,"footnotes":""},"categories":[8],"tags":[],"class_list":["post-6384","post","type-post","status-publish","format-standard","has-post-thumbnail","category-cultural"],"acf":{"antetitulo":""},"yoast_head":"<!-- This site is optimized with the Yoast SEO plugin v28.3 - https:\/\/yoast.com\/product\/yoast-seo-wordpress\/ -->\n<title>Diana Mora - El Diario - Bolivia<\/title>\n<meta name=\"robots\" content=\"index, follow, max-snippet:-1, max-image-preview:large, max-video-preview:-1\" \/>\n<link rel=\"canonical\" href=\"https:\/\/www.eldiario.net\/portal\/2021\/05\/26\/diana-mora\/\" \/>\n<meta property=\"og:locale\" content=\"es_ES\" \/>\n<meta property=\"og:type\" content=\"article\" \/>\n<meta property=\"og:title\" content=\"Diana Mora - El Diario - Bolivia\" \/>\n<meta property=\"og:description\" content=\"La invitada de hoy en Cvltvral es una gran bailarina cuya vida siempre ha estado orientada hacia el arte desde muy peque\u00f1a. Ya hace alg\u00fan tiempo reside en tierras germanas dejando en claro que los artistas bolivianos brillan en cada rinc\u00f3n del globo. En esta agradecida exclusiva conocemos m\u00e1s de ella\u2026 sean todos bienvenidos al [&hellip;]\" \/>\n<meta property=\"og:url\" content=\"https:\/\/www.eldiario.net\/portal\/2021\/05\/26\/diana-mora\/\" \/>\n<meta property=\"og:site_name\" content=\"El Diario - Bolivia\" \/>\n<meta property=\"article:publisher\" content=\"https:\/\/www.facebook.com\/eldiario.bolivia\/\" \/>\n<meta property=\"article:published_time\" content=\"2021-05-26T10:08:11+00:00\" \/>\n<meta name=\"author\" content=\"Jeanette\" \/>\n<meta name=\"twitter:card\" content=\"summary_large_image\" \/>\n<meta name=\"twitter:creator\" content=\"@eldiario_net\" \/>\n<meta name=\"twitter:site\" content=\"@eldiario_net\" \/>\n<meta name=\"twitter:label1\" content=\"Escrito por\" \/>\n\t<meta name=\"twitter:data1\" content=\"Jeanette\" \/>\n\t<meta name=\"twitter:label2\" content=\"Tiempo de lectura\" \/>\n\t<meta name=\"twitter:data2\" content=\"6 minutos\" \/>\n<script type=\"application\/ld+json\" class=\"yoast-schema-graph\">{\"@context\":\"https:\\\/\\\/schema.org\",\"@graph\":[{\"@type\":\"Article\",\"@id\":\"https:\\\/\\\/www.eldiario.net\\\/portal\\\/2021\\\/05\\\/26\\\/diana-mora\\\/#article\",\"isPartOf\":{\"@id\":\"https:\\\/\\\/www.eldiario.net\\\/portal\\\/2021\\\/05\\\/26\\\/diana-mora\\\/\"},\"author\":{\"name\":\"Jeanette\",\"@id\":\"https:\\\/\\\/www.eldiario.net\\\/portal\\\/#\\\/schema\\\/person\\\/f46445640444750d7d753ccd04ae01b7\"},\"headline\":\"Diana Mora\",\"datePublished\":\"2021-05-26T10:08:11+00:00\",\"mainEntityOfPage\":{\"@id\":\"https:\\\/\\\/www.eldiario.net\\\/portal\\\/2021\\\/05\\\/26\\\/diana-mora\\\/\"},\"wordCount\":1394,\"publisher\":{\"@id\":\"https:\\\/\\\/www.eldiario.net\\\/portal\\\/#organization\"},\"image\":{\"@id\":\"https:\\\/\\\/www.eldiario.net\\\/portal\\\/2021\\\/05\\\/26\\\/diana-mora\\\/#primaryimage\"},\"thumbnailUrl\":\"\",\"articleSection\":[\"Cultural\"],\"inLanguage\":\"es\"},{\"@type\":\"WebPage\",\"@id\":\"https:\\\/\\\/www.eldiario.net\\\/portal\\\/2021\\\/05\\\/26\\\/diana-mora\\\/\",\"url\":\"https:\\\/\\\/www.eldiario.net\\\/portal\\\/2021\\\/05\\\/26\\\/diana-mora\\\/\",\"name\":\"Diana Mora - El Diario - Bolivia\",\"isPartOf\":{\"@id\":\"https:\\\/\\\/www.eldiario.net\\\/portal\\\/#website\"},\"primaryImageOfPage\":{\"@id\":\"https:\\\/\\\/www.eldiario.net\\\/portal\\\/2021\\\/05\\\/26\\\/diana-mora\\\/#primaryimage\"},\"image\":{\"@id\":\"https:\\\/\\\/www.eldiario.net\\\/portal\\\/2021\\\/05\\\/26\\\/diana-mora\\\/#primaryimage\"},\"thumbnailUrl\":\"\",\"datePublished\":\"2021-05-26T10:08:11+00:00\",\"breadcrumb\":{\"@id\":\"https:\\\/\\\/www.eldiario.net\\\/portal\\\/2021\\\/05\\\/26\\\/diana-mora\\\/#breadcrumb\"},\"inLanguage\":\"es\",\"potentialAction\":[{\"@type\":\"ReadAction\",\"target\":[\"https:\\\/\\\/www.eldiario.net\\\/portal\\\/2021\\\/05\\\/26\\\/diana-mora\\\/\"]}]},{\"@type\":\"ImageObject\",\"inLanguage\":\"es\",\"@id\":\"https:\\\/\\\/www.eldiario.net\\\/portal\\\/2021\\\/05\\\/26\\\/diana-mora\\\/#primaryimage\",\"url\":\"\",\"contentUrl\":\"\"},{\"@type\":\"BreadcrumbList\",\"@id\":\"https:\\\/\\\/www.eldiario.net\\\/portal\\\/2021\\\/05\\\/26\\\/diana-mora\\\/#breadcrumb\",\"itemListElement\":[{\"@type\":\"ListItem\",\"position\":1,\"name\":\"Portada\",\"item\":\"https:\\\/\\\/www.eldiario.net\\\/portal\\\/\"},{\"@type\":\"ListItem\",\"position\":2,\"name\":\"Diana Mora\"}]},{\"@type\":\"WebSite\",\"@id\":\"https:\\\/\\\/www.eldiario.net\\\/portal\\\/#website\",\"url\":\"https:\\\/\\\/www.eldiario.net\\\/portal\\\/\",\"name\":\"El Diario - Decano de la prensa nacional\",\"description\":\"El Diario - Decano de la prensa nacional\",\"publisher\":{\"@id\":\"https:\\\/\\\/www.eldiario.net\\\/portal\\\/#organization\"},\"potentialAction\":[{\"@type\":\"SearchAction\",\"target\":{\"@type\":\"EntryPoint\",\"urlTemplate\":\"https:\\\/\\\/www.eldiario.net\\\/portal\\\/?s={search_term_string}\"},\"query-input\":{\"@type\":\"PropertyValueSpecification\",\"valueRequired\":true,\"valueName\":\"search_term_string\"}}],\"inLanguage\":\"es\"},{\"@type\":\"Organization\",\"@id\":\"https:\\\/\\\/www.eldiario.net\\\/portal\\\/#organization\",\"name\":\"El Diario - Decano de la prensa nacional\",\"url\":\"https:\\\/\\\/www.eldiario.net\\\/portal\\\/\",\"logo\":{\"@type\":\"ImageObject\",\"inLanguage\":\"es\",\"@id\":\"https:\\\/\\\/www.eldiario.net\\\/portal\\\/#\\\/schema\\\/logo\\\/image\\\/\",\"url\":\"https:\\\/\\\/www.eldiario.net\\\/portal\\\/wp-content\\\/uploads\\\/2023\\\/07\\\/logo_ED.jpg\",\"contentUrl\":\"https:\\\/\\\/www.eldiario.net\\\/portal\\\/wp-content\\\/uploads\\\/2023\\\/07\\\/logo_ED.jpg\",\"width\":272,\"height\":52,\"caption\":\"El Diario - Decano de la prensa nacional\"},\"image\":{\"@id\":\"https:\\\/\\\/www.eldiario.net\\\/portal\\\/#\\\/schema\\\/logo\\\/image\\\/\"},\"sameAs\":[\"https:\\\/\\\/www.facebook.com\\\/eldiario.bolivia\\\/\",\"https:\\\/\\\/x.com\\\/eldiario_net\"]},{\"@type\":\"Person\",\"@id\":\"https:\\\/\\\/www.eldiario.net\\\/portal\\\/#\\\/schema\\\/person\\\/f46445640444750d7d753ccd04ae01b7\",\"name\":\"Jeanette\",\"image\":{\"@type\":\"ImageObject\",\"inLanguage\":\"es\",\"@id\":\"https:\\\/\\\/secure.gravatar.com\\\/avatar\\\/3ea2118a5f7dad2b7138b1187a6b7ee55f160b9968b66013c3a3ef39dd7e5798?s=96&d=mm&r=g\",\"url\":\"https:\\\/\\\/secure.gravatar.com\\\/avatar\\\/3ea2118a5f7dad2b7138b1187a6b7ee55f160b9968b66013c3a3ef39dd7e5798?s=96&d=mm&r=g\",\"contentUrl\":\"https:\\\/\\\/secure.gravatar.com\\\/avatar\\\/3ea2118a5f7dad2b7138b1187a6b7ee55f160b9968b66013c3a3ef39dd7e5798?s=96&d=mm&r=g\",\"caption\":\"Jeanette\"},\"sameAs\":[\"https:\\\/\\\/www.eldiario.net\\\/portal\"],\"url\":\"https:\\\/\\\/www.eldiario.net\\\/portal\\\/author\\\/jeanette\\\/\"}]}<\/script>\n<!-- \/ Yoast SEO plugin. -->","yoast_head_json":{"title":"Diana Mora - El Diario - Bolivia","robots":{"index":"index","follow":"follow","max-snippet":"max-snippet:-1","max-image-preview":"max-image-preview:large","max-video-preview":"max-video-preview:-1"},"canonical":"https:\/\/www.eldiario.net\/portal\/2021\/05\/26\/diana-mora\/","og_locale":"es_ES","og_type":"article","og_title":"Diana Mora - El Diario - Bolivia","og_description":"La invitada de hoy en Cvltvral es una gran bailarina cuya vida siempre ha estado orientada hacia el arte desde muy peque\u00f1a. Ya hace alg\u00fan tiempo reside en tierras germanas dejando en claro que los artistas bolivianos brillan en cada rinc\u00f3n del globo. En esta agradecida exclusiva conocemos m\u00e1s de ella\u2026 sean todos bienvenidos al [&hellip;]","og_url":"https:\/\/www.eldiario.net\/portal\/2021\/05\/26\/diana-mora\/","og_site_name":"El Diario - Bolivia","article_publisher":"https:\/\/www.facebook.com\/eldiario.bolivia\/","article_published_time":"2021-05-26T10:08:11+00:00","author":"Jeanette","twitter_card":"summary_large_image","twitter_creator":"@eldiario_net","twitter_site":"@eldiario_net","twitter_misc":{"Escrito por":"Jeanette","Tiempo de lectura":"6 minutos"},"schema":{"@context":"https:\/\/schema.org","@graph":[{"@type":"Article","@id":"https:\/\/www.eldiario.net\/portal\/2021\/05\/26\/diana-mora\/#article","isPartOf":{"@id":"https:\/\/www.eldiario.net\/portal\/2021\/05\/26\/diana-mora\/"},"author":{"name":"Jeanette","@id":"https:\/\/www.eldiario.net\/portal\/#\/schema\/person\/f46445640444750d7d753ccd04ae01b7"},"headline":"Diana Mora","datePublished":"2021-05-26T10:08:11+00:00","mainEntityOfPage":{"@id":"https:\/\/www.eldiario.net\/portal\/2021\/05\/26\/diana-mora\/"},"wordCount":1394,"publisher":{"@id":"https:\/\/www.eldiario.net\/portal\/#organization"},"image":{"@id":"https:\/\/www.eldiario.net\/portal\/2021\/05\/26\/diana-mora\/#primaryimage"},"thumbnailUrl":"","articleSection":["Cultural"],"inLanguage":"es"},{"@type":"WebPage","@id":"https:\/\/www.eldiario.net\/portal\/2021\/05\/26\/diana-mora\/","url":"https:\/\/www.eldiario.net\/portal\/2021\/05\/26\/diana-mora\/","name":"Diana Mora - El Diario - Bolivia","isPartOf":{"@id":"https:\/\/www.eldiario.net\/portal\/#website"},"primaryImageOfPage":{"@id":"https:\/\/www.eldiario.net\/portal\/2021\/05\/26\/diana-mora\/#primaryimage"},"image":{"@id":"https:\/\/www.eldiario.net\/portal\/2021\/05\/26\/diana-mora\/#primaryimage"},"thumbnailUrl":"","datePublished":"2021-05-26T10:08:11+00:00","breadcrumb":{"@id":"https:\/\/www.eldiario.net\/portal\/2021\/05\/26\/diana-mora\/#breadcrumb"},"inLanguage":"es","potentialAction":[{"@type":"ReadAction","target":["https:\/\/www.eldiario.net\/portal\/2021\/05\/26\/diana-mora\/"]}]},{"@type":"ImageObject","inLanguage":"es","@id":"https:\/\/www.eldiario.net\/portal\/2021\/05\/26\/diana-mora\/#primaryimage","url":"","contentUrl":""},{"@type":"BreadcrumbList","@id":"https:\/\/www.eldiario.net\/portal\/2021\/05\/26\/diana-mora\/#breadcrumb","itemListElement":[{"@type":"ListItem","position":1,"name":"Portada","item":"https:\/\/www.eldiario.net\/portal\/"},{"@type":"ListItem","position":2,"name":"Diana Mora"}]},{"@type":"WebSite","@id":"https:\/\/www.eldiario.net\/portal\/#website","url":"https:\/\/www.eldiario.net\/portal\/","name":"El Diario - Decano de la prensa nacional","description":"El Diario - Decano de la prensa nacional","publisher":{"@id":"https:\/\/www.eldiario.net\/portal\/#organization"},"potentialAction":[{"@type":"SearchAction","target":{"@type":"EntryPoint","urlTemplate":"https:\/\/www.eldiario.net\/portal\/?s={search_term_string}"},"query-input":{"@type":"PropertyValueSpecification","valueRequired":true,"valueName":"search_term_string"}}],"inLanguage":"es"},{"@type":"Organization","@id":"https:\/\/www.eldiario.net\/portal\/#organization","name":"El Diario - Decano de la prensa nacional","url":"https:\/\/www.eldiario.net\/portal\/","logo":{"@type":"ImageObject","inLanguage":"es","@id":"https:\/\/www.eldiario.net\/portal\/#\/schema\/logo\/image\/","url":"https:\/\/www.eldiario.net\/portal\/wp-content\/uploads\/2023\/07\/logo_ED.jpg","contentUrl":"https:\/\/www.eldiario.net\/portal\/wp-content\/uploads\/2023\/07\/logo_ED.jpg","width":272,"height":52,"caption":"El Diario - Decano de la prensa nacional"},"image":{"@id":"https:\/\/www.eldiario.net\/portal\/#\/schema\/logo\/image\/"},"sameAs":["https:\/\/www.facebook.com\/eldiario.bolivia\/","https:\/\/x.com\/eldiario_net"]},{"@type":"Person","@id":"https:\/\/www.eldiario.net\/portal\/#\/schema\/person\/f46445640444750d7d753ccd04ae01b7","name":"Jeanette","image":{"@type":"ImageObject","inLanguage":"es","@id":"https:\/\/secure.gravatar.com\/avatar\/3ea2118a5f7dad2b7138b1187a6b7ee55f160b9968b66013c3a3ef39dd7e5798?s=96&d=mm&r=g","url":"https:\/\/secure.gravatar.com\/avatar\/3ea2118a5f7dad2b7138b1187a6b7ee55f160b9968b66013c3a3ef39dd7e5798?s=96&d=mm&r=g","contentUrl":"https:\/\/secure.gravatar.com\/avatar\/3ea2118a5f7dad2b7138b1187a6b7ee55f160b9968b66013c3a3ef39dd7e5798?s=96&d=mm&r=g","caption":"Jeanette"},"sameAs":["https:\/\/www.eldiario.net\/portal"],"url":"https:\/\/www.eldiario.net\/portal\/author\/jeanette\/"}]}},"_links":{"self":[{"href":"https:\/\/www.eldiario.net\/portal\/wp-json\/wp\/v2\/posts\/6384","targetHints":{"allow":["GET"]}}],"collection":[{"href":"https:\/\/www.eldiario.net\/portal\/wp-json\/wp\/v2\/posts"}],"about":[{"href":"https:\/\/www.eldiario.net\/portal\/wp-json\/wp\/v2\/types\/post"}],"author":[{"embeddable":true,"href":"https:\/\/www.eldiario.net\/portal\/wp-json\/wp\/v2\/users\/1"}],"replies":[{"embeddable":true,"href":"https:\/\/www.eldiario.net\/portal\/wp-json\/wp\/v2\/comments?post=6384"}],"version-history":[{"count":0,"href":"https:\/\/www.eldiario.net\/portal\/wp-json\/wp\/v2\/posts\/6384\/revisions"}],"wp:attachment":[{"href":"https:\/\/www.eldiario.net\/portal\/wp-json\/wp\/v2\/media?parent=6384"}],"wp:term":[{"taxonomy":"category","embeddable":true,"href":"https:\/\/www.eldiario.net\/portal\/wp-json\/wp\/v2\/categories?post=6384"},{"taxonomy":"post_tag","embeddable":true,"href":"https:\/\/www.eldiario.net\/portal\/wp-json\/wp\/v2\/tags?post=6384"}],"curies":[{"name":"wp","href":"https:\/\/api.w.org\/{rel}","templated":true}]}}