{"id":63662,"date":"2022-02-16T02:16:06","date_gmt":"2022-02-16T06:16:06","guid":{"rendered":"https:\/\/www.eldiario.net\/portal\/?p=63662"},"modified":"2022-02-16T02:16:06","modified_gmt":"2022-02-16T06:16:06","slug":"cuestionan-tardanza-en-eleccion-de-nuevo-defensor","status":"publish","type":"post","link":"https:\/\/www.eldiario.net\/portal\/2022\/02\/16\/cuestionan-tardanza-en-eleccion-de-nuevo-defensor\/","title":{"rendered":"Cuestionan tardanza en  elecci\u00f3n de nuevo Defensor"},"content":{"rendered":"<p>El diputado por Comunidad Ciudadana (CC), Alejandro Reyes, cuestion\u00f3 la tardanza en la designaci\u00f3n de un nuevo titular en la Defensor\u00eda del Pueblo se\u00f1alando que la convocatoria para este cargo no es una prioridad para el Movimiento al Socialismo (MAS) ya que la actual direcci\u00f3n de esta entidad es funcional al oficialismo.<br \/>\nReyes reproch\u00f3 que las acciones desde el Legislativo para la designaci\u00f3n de un nuevo titular en la Defensor\u00eda se encuentren paralizadas y sin fecha tentativa para que se aborde y debata sobre el tema.<br \/>\nSostuvo que es de suma urgencia designar a una persona para que se defiendan los derechos de la ciudadan\u00eda y no como ocurre en la actualidad, se deje de lado esta labor para solo defender los intereses de una organizaci\u00f3n pol\u00edtica.<br \/>\n\u201cNo puede ser la oposici\u00f3n la culpable de que hasta ahora no podamos tener un Defensor del Pueblo que realmente defienda los intereses del pueblo y no a un partido\u201d, manifest\u00f3 el parlamentario.<br \/>\nEn este sentido, responsabiliz\u00f3 al oficialismo por no tener intenciones de cambiar de Defensor, ya que la actual direcci\u00f3n en esta instancia es funcional al poder gobernante.<br \/>\n\u201cSon ellos los que no permiten que se seleccione una terna de notables, ni llaman a sesi\u00f3n para abordar el tema de la Defensor\u00eda, entendemos que no es una prioridad para el MAS porque sabemos que les es funcional al igual que la justicia selectiva\u201d, dijo.<br \/>\nA finales de la pasada gesti\u00f3n, el senador oficialista, F\u00e9lix Ajpi, hab\u00eda adelantado que el tratamiento para la convocatoria al cargo de Defensor del Pueblo estaba definido para el mes de enero de este a\u00f1o, esto tras reuniones de bancada del MAS.<br \/>\n\u201cHemos acordado, en las \u00faltimas reuniones de la bancada nacional del MAS, que el primer mes de la actividad legislativa vamos a ir por este camino, es la parte coja que hemos tenido en la anterior gesti\u00f3n, pero esta vez se tiene que elegir\u201d, manifest\u00f3 en la ocasi\u00f3n.<br \/>\nEl pasado 13 de septiembre de 2021, una Sala Constitucional de La Paz exhort\u00f3 a que el \u00d3rgano Legislativo pueda convocar a una elecci\u00f3n de la nueva autoridad en la Defensor\u00eda del Pueblo, esto con el fin de institucionalizar ese cargo.<\/p>\n","protected":false},"excerpt":{"rendered":"<p>El diputado por Comunidad Ciudadana (CC), Alejandro Reyes, cuestion\u00f3 la tardanza en la designaci\u00f3n de un nuevo titular en la Defensor\u00eda del Pueblo se\u00f1alando que la convocatoria para este cargo no es una prioridad para el Movimiento al Socialismo (MAS) ya que la actual direcci\u00f3n de esta entidad es funcional al oficialismo. Reyes reproch\u00f3 que [&hellip;]<\/p>\n","protected":false},"author":1,"featured_media":0,"comment_status":"closed","ping_status":"closed","sticky":false,"template":"","format":"standard","meta":{"_acf_changed":false,"footnotes":""},"categories":[14],"tags":[],"class_list":["post-63662","post","type-post","status-publish","format-standard","category-politica"],"acf":{"antetitulo":""},"yoast_head":"<!-- This site is optimized with the Yoast SEO plugin v28.4 - https:\/\/yoast.com\/product\/yoast-seo-wordpress\/ -->\n<title>Cuestionan tardanza en elecci\u00f3n de nuevo Defensor - El Diario - Bolivia<\/title>\n<meta name=\"robots\" content=\"index, follow, max-snippet:-1, max-image-preview:large, max-video-preview:-1\" \/>\n<link rel=\"canonical\" href=\"https:\/\/www.eldiario.net\/portal\/2022\/02\/16\/cuestionan-tardanza-en-eleccion-de-nuevo-defensor\/\" \/>\n<meta property=\"og:locale\" content=\"es_ES\" \/>\n<meta property=\"og:type\" content=\"article\" \/>\n<meta property=\"og:title\" content=\"Cuestionan tardanza en elecci\u00f3n de nuevo Defensor - El Diario - Bolivia\" \/>\n<meta property=\"og:description\" content=\"El diputado por Comunidad Ciudadana (CC), Alejandro Reyes, cuestion\u00f3 la tardanza en la designaci\u00f3n de un nuevo titular en la Defensor\u00eda del Pueblo se\u00f1alando que la convocatoria para este cargo no es una prioridad para el Movimiento al Socialismo (MAS) ya que la actual direcci\u00f3n de esta entidad es funcional al oficialismo. Reyes reproch\u00f3 que [&hellip;]\" \/>\n<meta property=\"og:url\" content=\"https:\/\/www.eldiario.net\/portal\/2022\/02\/16\/cuestionan-tardanza-en-eleccion-de-nuevo-defensor\/\" \/>\n<meta property=\"og:site_name\" content=\"El Diario - Bolivia\" \/>\n<meta property=\"article:publisher\" content=\"https:\/\/www.facebook.com\/eldiario.bolivia\/\" \/>\n<meta property=\"article:published_time\" content=\"2022-02-16T06:16:06+00:00\" \/>\n<meta name=\"author\" content=\"Jeanette\" \/>\n<meta name=\"twitter:card\" content=\"summary_large_image\" \/>\n<meta name=\"twitter:creator\" content=\"@eldiario_net\" \/>\n<meta name=\"twitter:site\" content=\"@eldiario_net\" \/>\n<meta name=\"twitter:label1\" content=\"Escrito por\" \/>\n\t<meta name=\"twitter:data1\" content=\"Jeanette\" \/>\n\t<meta name=\"twitter:label2\" content=\"Tiempo de lectura\" \/>\n\t<meta name=\"twitter:data2\" content=\"2 minutos\" \/>\n<script type=\"application\/ld+json\" class=\"yoast-schema-graph\">{\"@context\":\"https:\\\/\\\/schema.org\",\"@graph\":[{\"@type\":\"Article\",\"@id\":\"https:\\\/\\\/www.eldiario.net\\\/portal\\\/2022\\\/02\\\/16\\\/cuestionan-tardanza-en-eleccion-de-nuevo-defensor\\\/#article\",\"isPartOf\":{\"@id\":\"https:\\\/\\\/www.eldiario.net\\\/portal\\\/2022\\\/02\\\/16\\\/cuestionan-tardanza-en-eleccion-de-nuevo-defensor\\\/\"},\"author\":{\"name\":\"Jeanette\",\"@id\":\"https:\\\/\\\/www.eldiario.net\\\/portal\\\/#\\\/schema\\\/person\\\/2c57cf2b7a7ae032e449e4c9b1019eac\"},\"headline\":\"Cuestionan tardanza en elecci\u00f3n de nuevo Defensor\",\"datePublished\":\"2022-02-16T06:16:06+00:00\",\"mainEntityOfPage\":{\"@id\":\"https:\\\/\\\/www.eldiario.net\\\/portal\\\/2022\\\/02\\\/16\\\/cuestionan-tardanza-en-eleccion-de-nuevo-defensor\\\/\"},\"wordCount\":391,\"publisher\":{\"@id\":\"https:\\\/\\\/www.eldiario.net\\\/portal\\\/#organization\"},\"articleSection\":[\"Pol\u00edtica\"],\"inLanguage\":\"es\"},{\"@type\":\"WebPage\",\"@id\":\"https:\\\/\\\/www.eldiario.net\\\/portal\\\/2022\\\/02\\\/16\\\/cuestionan-tardanza-en-eleccion-de-nuevo-defensor\\\/\",\"url\":\"https:\\\/\\\/www.eldiario.net\\\/portal\\\/2022\\\/02\\\/16\\\/cuestionan-tardanza-en-eleccion-de-nuevo-defensor\\\/\",\"name\":\"Cuestionan tardanza en elecci\u00f3n de nuevo Defensor - El Diario - Bolivia\",\"isPartOf\":{\"@id\":\"https:\\\/\\\/www.eldiario.net\\\/portal\\\/#website\"},\"datePublished\":\"2022-02-16T06:16:06+00:00\",\"breadcrumb\":{\"@id\":\"https:\\\/\\\/www.eldiario.net\\\/portal\\\/2022\\\/02\\\/16\\\/cuestionan-tardanza-en-eleccion-de-nuevo-defensor\\\/#breadcrumb\"},\"inLanguage\":\"es\",\"potentialAction\":[{\"@type\":\"ReadAction\",\"target\":[\"https:\\\/\\\/www.eldiario.net\\\/portal\\\/2022\\\/02\\\/16\\\/cuestionan-tardanza-en-eleccion-de-nuevo-defensor\\\/\"]}]},{\"@type\":\"BreadcrumbList\",\"@id\":\"https:\\\/\\\/www.eldiario.net\\\/portal\\\/2022\\\/02\\\/16\\\/cuestionan-tardanza-en-eleccion-de-nuevo-defensor\\\/#breadcrumb\",\"itemListElement\":[{\"@type\":\"ListItem\",\"position\":1,\"name\":\"Portada\",\"item\":\"https:\\\/\\\/www.eldiario.net\\\/portal\\\/\"},{\"@type\":\"ListItem\",\"position\":2,\"name\":\"Cuestionan tardanza en elecci\u00f3n de nuevo Defensor\"}]},{\"@type\":\"WebSite\",\"@id\":\"https:\\\/\\\/www.eldiario.net\\\/portal\\\/#website\",\"url\":\"https:\\\/\\\/www.eldiario.net\\\/portal\\\/\",\"name\":\"El Diario - Decano de la prensa nacional\",\"description\":\"El Diario - Decano de la prensa nacional\",\"publisher\":{\"@id\":\"https:\\\/\\\/www.eldiario.net\\\/portal\\\/#organization\"},\"potentialAction\":[{\"@type\":\"SearchAction\",\"target\":{\"@type\":\"EntryPoint\",\"urlTemplate\":\"https:\\\/\\\/www.eldiario.net\\\/portal\\\/?s={search_term_string}\"},\"query-input\":{\"@type\":\"PropertyValueSpecification\",\"valueRequired\":true,\"valueName\":\"search_term_string\"}}],\"inLanguage\":\"es\"},{\"@type\":\"Organization\",\"@id\":\"https:\\\/\\\/www.eldiario.net\\\/portal\\\/#organization\",\"name\":\"El Diario - Decano de la prensa nacional\",\"url\":\"https:\\\/\\\/www.eldiario.net\\\/portal\\\/\",\"logo\":{\"@type\":\"ImageObject\",\"inLanguage\":\"es\",\"@id\":\"https:\\\/\\\/www.eldiario.net\\\/portal\\\/#\\\/schema\\\/logo\\\/image\\\/\",\"url\":\"https:\\\/\\\/www.eldiario.net\\\/portal\\\/wp-content\\\/uploads\\\/2023\\\/07\\\/logo_ED.jpg\",\"contentUrl\":\"https:\\\/\\\/www.eldiario.net\\\/portal\\\/wp-content\\\/uploads\\\/2023\\\/07\\\/logo_ED.jpg\",\"width\":272,\"height\":52,\"caption\":\"El Diario - Decano de la prensa nacional\"},\"image\":{\"@id\":\"https:\\\/\\\/www.eldiario.net\\\/portal\\\/#\\\/schema\\\/logo\\\/image\\\/\"},\"sameAs\":[\"https:\\\/\\\/www.facebook.com\\\/eldiario.bolivia\\\/\",\"https:\\\/\\\/x.com\\\/eldiario_net\"]},{\"@type\":\"Person\",\"@id\":\"https:\\\/\\\/www.eldiario.net\\\/portal\\\/#\\\/schema\\\/person\\\/2c57cf2b7a7ae032e449e4c9b1019eac\",\"name\":\"Jeanette\",\"image\":{\"@type\":\"ImageObject\",\"inLanguage\":\"es\",\"@id\":\"https:\\\/\\\/secure.gravatar.com\\\/avatar\\\/3ea2118a5f7dad2b7138b1187a6b7ee55f160b9968b66013c3a3ef39dd7e5798?s=96&d=mm&r=g\",\"url\":\"https:\\\/\\\/secure.gravatar.com\\\/avatar\\\/3ea2118a5f7dad2b7138b1187a6b7ee55f160b9968b66013c3a3ef39dd7e5798?s=96&d=mm&r=g\",\"contentUrl\":\"https:\\\/\\\/secure.gravatar.com\\\/avatar\\\/3ea2118a5f7dad2b7138b1187a6b7ee55f160b9968b66013c3a3ef39dd7e5798?s=96&d=mm&r=g\",\"caption\":\"Jeanette\"},\"sameAs\":[\"https:\\\/\\\/www.eldiario.net\\\/portal\"],\"url\":\"https:\\\/\\\/www.eldiario.net\\\/portal\\\/author\\\/jeanette\\\/\"}]}<\/script>\n<!-- \/ Yoast SEO plugin. -->","yoast_head_json":{"title":"Cuestionan tardanza en elecci\u00f3n de nuevo Defensor - El Diario - Bolivia","robots":{"index":"index","follow":"follow","max-snippet":"max-snippet:-1","max-image-preview":"max-image-preview:large","max-video-preview":"max-video-preview:-1"},"canonical":"https:\/\/www.eldiario.net\/portal\/2022\/02\/16\/cuestionan-tardanza-en-eleccion-de-nuevo-defensor\/","og_locale":"es_ES","og_type":"article","og_title":"Cuestionan tardanza en elecci\u00f3n de nuevo Defensor - El Diario - Bolivia","og_description":"El diputado por Comunidad Ciudadana (CC), Alejandro Reyes, cuestion\u00f3 la tardanza en la designaci\u00f3n de un nuevo titular en la Defensor\u00eda del Pueblo se\u00f1alando que la convocatoria para este cargo no es una prioridad para el Movimiento al Socialismo (MAS) ya que la actual direcci\u00f3n de esta entidad es funcional al oficialismo. Reyes reproch\u00f3 que [&hellip;]","og_url":"https:\/\/www.eldiario.net\/portal\/2022\/02\/16\/cuestionan-tardanza-en-eleccion-de-nuevo-defensor\/","og_site_name":"El Diario - Bolivia","article_publisher":"https:\/\/www.facebook.com\/eldiario.bolivia\/","article_published_time":"2022-02-16T06:16:06+00:00","author":"Jeanette","twitter_card":"summary_large_image","twitter_creator":"@eldiario_net","twitter_site":"@eldiario_net","twitter_misc":{"Escrito por":"Jeanette","Tiempo de lectura":"2 minutos"},"schema":{"@context":"https:\/\/schema.org","@graph":[{"@type":"Article","@id":"https:\/\/www.eldiario.net\/portal\/2022\/02\/16\/cuestionan-tardanza-en-eleccion-de-nuevo-defensor\/#article","isPartOf":{"@id":"https:\/\/www.eldiario.net\/portal\/2022\/02\/16\/cuestionan-tardanza-en-eleccion-de-nuevo-defensor\/"},"author":{"name":"Jeanette","@id":"https:\/\/www.eldiario.net\/portal\/#\/schema\/person\/2c57cf2b7a7ae032e449e4c9b1019eac"},"headline":"Cuestionan tardanza en elecci\u00f3n de nuevo Defensor","datePublished":"2022-02-16T06:16:06+00:00","mainEntityOfPage":{"@id":"https:\/\/www.eldiario.net\/portal\/2022\/02\/16\/cuestionan-tardanza-en-eleccion-de-nuevo-defensor\/"},"wordCount":391,"publisher":{"@id":"https:\/\/www.eldiario.net\/portal\/#organization"},"articleSection":["Pol\u00edtica"],"inLanguage":"es"},{"@type":"WebPage","@id":"https:\/\/www.eldiario.net\/portal\/2022\/02\/16\/cuestionan-tardanza-en-eleccion-de-nuevo-defensor\/","url":"https:\/\/www.eldiario.net\/portal\/2022\/02\/16\/cuestionan-tardanza-en-eleccion-de-nuevo-defensor\/","name":"Cuestionan tardanza en elecci\u00f3n de nuevo Defensor - El Diario - Bolivia","isPartOf":{"@id":"https:\/\/www.eldiario.net\/portal\/#website"},"datePublished":"2022-02-16T06:16:06+00:00","breadcrumb":{"@id":"https:\/\/www.eldiario.net\/portal\/2022\/02\/16\/cuestionan-tardanza-en-eleccion-de-nuevo-defensor\/#breadcrumb"},"inLanguage":"es","potentialAction":[{"@type":"ReadAction","target":["https:\/\/www.eldiario.net\/portal\/2022\/02\/16\/cuestionan-tardanza-en-eleccion-de-nuevo-defensor\/"]}]},{"@type":"BreadcrumbList","@id":"https:\/\/www.eldiario.net\/portal\/2022\/02\/16\/cuestionan-tardanza-en-eleccion-de-nuevo-defensor\/#breadcrumb","itemListElement":[{"@type":"ListItem","position":1,"name":"Portada","item":"https:\/\/www.eldiario.net\/portal\/"},{"@type":"ListItem","position":2,"name":"Cuestionan tardanza en elecci\u00f3n de nuevo Defensor"}]},{"@type":"WebSite","@id":"https:\/\/www.eldiario.net\/portal\/#website","url":"https:\/\/www.eldiario.net\/portal\/","name":"El Diario - Decano de la prensa nacional","description":"El Diario - Decano de la prensa nacional","publisher":{"@id":"https:\/\/www.eldiario.net\/portal\/#organization"},"potentialAction":[{"@type":"SearchAction","target":{"@type":"EntryPoint","urlTemplate":"https:\/\/www.eldiario.net\/portal\/?s={search_term_string}"},"query-input":{"@type":"PropertyValueSpecification","valueRequired":true,"valueName":"search_term_string"}}],"inLanguage":"es"},{"@type":"Organization","@id":"https:\/\/www.eldiario.net\/portal\/#organization","name":"El Diario - Decano de la prensa nacional","url":"https:\/\/www.eldiario.net\/portal\/","logo":{"@type":"ImageObject","inLanguage":"es","@id":"https:\/\/www.eldiario.net\/portal\/#\/schema\/logo\/image\/","url":"https:\/\/www.eldiario.net\/portal\/wp-content\/uploads\/2023\/07\/logo_ED.jpg","contentUrl":"https:\/\/www.eldiario.net\/portal\/wp-content\/uploads\/2023\/07\/logo_ED.jpg","width":272,"height":52,"caption":"El Diario - Decano de la prensa nacional"},"image":{"@id":"https:\/\/www.eldiario.net\/portal\/#\/schema\/logo\/image\/"},"sameAs":["https:\/\/www.facebook.com\/eldiario.bolivia\/","https:\/\/x.com\/eldiario_net"]},{"@type":"Person","@id":"https:\/\/www.eldiario.net\/portal\/#\/schema\/person\/2c57cf2b7a7ae032e449e4c9b1019eac","name":"Jeanette","image":{"@type":"ImageObject","inLanguage":"es","@id":"https:\/\/secure.gravatar.com\/avatar\/3ea2118a5f7dad2b7138b1187a6b7ee55f160b9968b66013c3a3ef39dd7e5798?s=96&d=mm&r=g","url":"https:\/\/secure.gravatar.com\/avatar\/3ea2118a5f7dad2b7138b1187a6b7ee55f160b9968b66013c3a3ef39dd7e5798?s=96&d=mm&r=g","contentUrl":"https:\/\/secure.gravatar.com\/avatar\/3ea2118a5f7dad2b7138b1187a6b7ee55f160b9968b66013c3a3ef39dd7e5798?s=96&d=mm&r=g","caption":"Jeanette"},"sameAs":["https:\/\/www.eldiario.net\/portal"],"url":"https:\/\/www.eldiario.net\/portal\/author\/jeanette\/"}]}},"_links":{"self":[{"href":"https:\/\/www.eldiario.net\/portal\/wp-json\/wp\/v2\/posts\/63662","targetHints":{"allow":["GET"]}}],"collection":[{"href":"https:\/\/www.eldiario.net\/portal\/wp-json\/wp\/v2\/posts"}],"about":[{"href":"https:\/\/www.eldiario.net\/portal\/wp-json\/wp\/v2\/types\/post"}],"author":[{"embeddable":true,"href":"https:\/\/www.eldiario.net\/portal\/wp-json\/wp\/v2\/users\/1"}],"replies":[{"embeddable":true,"href":"https:\/\/www.eldiario.net\/portal\/wp-json\/wp\/v2\/comments?post=63662"}],"version-history":[{"count":0,"href":"https:\/\/www.eldiario.net\/portal\/wp-json\/wp\/v2\/posts\/63662\/revisions"}],"wp:attachment":[{"href":"https:\/\/www.eldiario.net\/portal\/wp-json\/wp\/v2\/media?parent=63662"}],"wp:term":[{"taxonomy":"category","embeddable":true,"href":"https:\/\/www.eldiario.net\/portal\/wp-json\/wp\/v2\/categories?post=63662"},{"taxonomy":"post_tag","embeddable":true,"href":"https:\/\/www.eldiario.net\/portal\/wp-json\/wp\/v2\/tags?post=63662"}],"curies":[{"name":"wp","href":"https:\/\/api.w.org\/{rel}","templated":true}]}}