{"id":63657,"date":"2022-02-16T02:13:11","date_gmt":"2022-02-16T06:13:11","guid":{"rendered":"https:\/\/www.eldiario.net\/portal\/?p=63657"},"modified":"2022-02-16T02:13:11","modified_gmt":"2022-02-16T06:13:11","slug":"detienen-a-expresidente-de-honduras","status":"publish","type":"post","link":"https:\/\/www.eldiario.net\/portal\/2022\/02\/16\/detienen-a-expresidente-de-honduras\/","title":{"rendered":"Detienen a expresidente de Honduras"},"content":{"rendered":"<p>Egucigalpa (Honduras).- El expresidente de Honduras, Juan Orlando Hern\u00e1ndez, fue detenido hoy por agentes de la polic\u00eda y fue trasladado, esposado de manos y pies, hacia una base policial, seg\u00fan testigos de Reuters e im\u00e1genes de televisi\u00f3n, luego de que Estados Unidos solicitara su extradici\u00f3n por narcotr\u00e1fico.<br \/>\nM\u00e1s temprano, el exmandatario, quien dej\u00f3 el poder en enero, asegur\u00f3 que colaborar\u00eda con la justicia para responder a las acusaciones desde Washington por narcotr\u00e1fico y uso o posesi\u00f3n de armas de fuego, en un proceso que, seg\u00fan su defensa, podr\u00eda tardar meses.<br \/>\nSeg\u00fan un documento de la embajada estadounidense en Honduras al que Reuters tuvo acceso, al exmandatario se le acusa de conspirar para fabricar y exportar drogas al pa\u00eds norteamericano y de usar o portar armas de fuego -incluyendo ametralladoras-, o instigar a que grupos criminales las utilicen.<br \/>\nLas imputaciones al exgobernante est\u00e1n basadas, en su mayor\u00eda, en declaraciones de narcotraficantes durante un juicio a un hermano suyo en la naci\u00f3n norteamericana. Hern\u00e1ndez las ha negado en el pasado y el martes temprano dijo estar dispuesto a responder ante la ley.<br \/>\nLuego de que un juez emitiera una orden de arresto en su contra, Hern\u00e1ndez fue aprehendido por polic\u00edas en su casa de Tegucigalpa y, tras abandonarla esposado y con chaleco antibalas, fue escoltado por uniformados hasta la Direcci\u00f3n Nacional De Fuerzas Especiales de la Polic\u00eda.<br \/>\n\u201cLa polic\u00eda nacional, a trav\u00e9s de mis apoderados, ha recibido ya el mensaje de que estoy presto y listo para colaborar (&#8230;) para poder enfrentar esta situaci\u00f3n\u201d, afirm\u00f3 el exmandatario en un mensaje de audio horas antes de su detenci\u00f3n.<br \/>\nHern\u00e1ndez, de 53 a\u00f1os de edad, fue se\u00f1alado por narcotraficantes de haber recibido sobornos antes de llegar al poder a cambio de contratos gubernamentales y protecci\u00f3n contra posibles capturas y extradiciones a Estados Unidos. \u201cNo es un momento f\u00e1cil, a nadie se lo deseo\u201d, agreg\u00f3.<br \/>\nSu equipo de defensa legal hab\u00eda pedido que no se librara una orden de arresto o captura preventiva contra Hern\u00e1ndez, toda vez que notific\u00f3 su voluntad de someterse voluntariamente al proceso de extradici\u00f3n.<br \/>\nDILATADO<br \/>\nPROCESO<br \/>\nLa extradici\u00f3n de Hern\u00e1ndez puede durar meses ya que, una vez notificado el imputado, debe pasar un mes hasta la audiencia de presentaci\u00f3n de pruebas y la resoluci\u00f3n judicial puede tardar de dos a tres meses m\u00e1s y puede ser, adem\u00e1s, apelada, explic\u00f3 la defensa del exmandatario en un comunicado.<br \/>\nEn Washington, una persona familiarizada con el asunto dijo que el gobierno de Estados Unidos esperaba que proporcionar detalles extensos sobre los cargos pudiera persuadir a la nueva administraci\u00f3n hondure\u00f1a para que actuara r\u00e1pidamente, pero a\u00fan espera que los procedimientos de la Corte Suprema se prolonguen debido a la sensibilidad pol\u00edtica del caso.<br \/>\nHoras despu\u00e9s de ceder el poder a la izquierdista Xiomara Castro en enero, Hern\u00e1ndez asumi\u00f3 como diputado del Parlamento Centroamericano (Parlacen), lo que podr\u00eda otorgarle inmunidad mientras siga en el nuevo cargo, seg\u00fan expertos.<br \/>\nSin embargo, una fuente de la canciller\u00eda hondure\u00f1a detall\u00f3 a Reuters que la protecci\u00f3n del Parlacen es la misma que tienen los diputados nacionales de cada pa\u00eds y que, en el caso de Honduras, los congresistas solo gozan de ella para actos en ejercicio de su actividad legislativa.<br \/>\nDurante sus dos mandatos que sumaron ocho a\u00f1os, Hern\u00e1ndez cultiv\u00f3 v\u00ednculos estrechos con Washington y, en particular, logr\u00f3 el apoyo del expresidente, Donald Trump, usando las fuerzas de seguridad hondure\u00f1as para ayudar al republicano a reducir el flujo migratorio desde Centroam\u00e9rica hacia el norte. (Reuters)<\/p>\n","protected":false},"excerpt":{"rendered":"<p>Egucigalpa (Honduras).- El expresidente de Honduras, Juan Orlando Hern\u00e1ndez, fue detenido hoy por agentes de la polic\u00eda y fue trasladado, esposado de manos y pies, hacia una base policial, seg\u00fan testigos de Reuters e im\u00e1genes de televisi\u00f3n, luego de que Estados Unidos solicitara su extradici\u00f3n por narcotr\u00e1fico. M\u00e1s temprano, el exmandatario, quien dej\u00f3 el poder [&hellip;]<\/p>\n","protected":false},"author":1,"featured_media":63658,"comment_status":"closed","ping_status":"closed","sticky":false,"template":"","format":"standard","meta":{"_acf_changed":false,"footnotes":""},"categories":[3],"tags":[],"class_list":["post-63657","post","type-post","status-publish","format-standard","has-post-thumbnail","category-internacional"],"acf":{"antetitulo":""},"yoast_head":"<!-- This site is optimized with the Yoast SEO plugin v28.4 - https:\/\/yoast.com\/product\/yoast-seo-wordpress\/ -->\n<title>Detienen a expresidente de Honduras - El Diario - Bolivia<\/title>\n<meta name=\"robots\" content=\"index, follow, max-snippet:-1, max-image-preview:large, max-video-preview:-1\" \/>\n<link rel=\"canonical\" href=\"https:\/\/www.eldiario.net\/portal\/2022\/02\/16\/detienen-a-expresidente-de-honduras\/\" \/>\n<meta property=\"og:locale\" content=\"es_ES\" \/>\n<meta property=\"og:type\" content=\"article\" \/>\n<meta property=\"og:title\" content=\"Detienen a expresidente de Honduras - El Diario - Bolivia\" \/>\n<meta property=\"og:description\" content=\"Egucigalpa (Honduras).- El expresidente de Honduras, Juan Orlando Hern\u00e1ndez, fue detenido hoy por agentes de la polic\u00eda y fue trasladado, esposado de manos y pies, hacia una base policial, seg\u00fan testigos de Reuters e im\u00e1genes de televisi\u00f3n, luego de que Estados Unidos solicitara su extradici\u00f3n por narcotr\u00e1fico. M\u00e1s temprano, el exmandatario, quien dej\u00f3 el poder [&hellip;]\" \/>\n<meta property=\"og:url\" content=\"https:\/\/www.eldiario.net\/portal\/2022\/02\/16\/detienen-a-expresidente-de-honduras\/\" \/>\n<meta property=\"og:site_name\" content=\"El Diario - Bolivia\" \/>\n<meta property=\"article:publisher\" content=\"https:\/\/www.facebook.com\/eldiario.bolivia\/\" \/>\n<meta property=\"article:published_time\" content=\"2022-02-16T06:13:11+00:00\" \/>\n<meta name=\"author\" content=\"Jeanette\" \/>\n<meta name=\"twitter:card\" content=\"summary_large_image\" \/>\n<meta name=\"twitter:creator\" content=\"@eldiario_net\" \/>\n<meta name=\"twitter:site\" content=\"@eldiario_net\" \/>\n<meta name=\"twitter:label1\" content=\"Escrito por\" \/>\n\t<meta name=\"twitter:data1\" content=\"Jeanette\" \/>\n\t<meta name=\"twitter:label2\" content=\"Tiempo de lectura\" \/>\n\t<meta name=\"twitter:data2\" content=\"3 minutos\" \/>\n<script type=\"application\/ld+json\" class=\"yoast-schema-graph\">{\"@context\":\"https:\\\/\\\/schema.org\",\"@graph\":[{\"@type\":\"Article\",\"@id\":\"https:\\\/\\\/www.eldiario.net\\\/portal\\\/2022\\\/02\\\/16\\\/detienen-a-expresidente-de-honduras\\\/#article\",\"isPartOf\":{\"@id\":\"https:\\\/\\\/www.eldiario.net\\\/portal\\\/2022\\\/02\\\/16\\\/detienen-a-expresidente-de-honduras\\\/\"},\"author\":{\"name\":\"Jeanette\",\"@id\":\"https:\\\/\\\/www.eldiario.net\\\/portal\\\/#\\\/schema\\\/person\\\/2c57cf2b7a7ae032e449e4c9b1019eac\"},\"headline\":\"Detienen a expresidente de Honduras\",\"datePublished\":\"2022-02-16T06:13:11+00:00\",\"mainEntityOfPage\":{\"@id\":\"https:\\\/\\\/www.eldiario.net\\\/portal\\\/2022\\\/02\\\/16\\\/detienen-a-expresidente-de-honduras\\\/\"},\"wordCount\":638,\"publisher\":{\"@id\":\"https:\\\/\\\/www.eldiario.net\\\/portal\\\/#organization\"},\"image\":{\"@id\":\"https:\\\/\\\/www.eldiario.net\\\/portal\\\/2022\\\/02\\\/16\\\/detienen-a-expresidente-de-honduras\\\/#primaryimage\"},\"thumbnailUrl\":\"\",\"articleSection\":[\"Internacional\"],\"inLanguage\":\"es\"},{\"@type\":\"WebPage\",\"@id\":\"https:\\\/\\\/www.eldiario.net\\\/portal\\\/2022\\\/02\\\/16\\\/detienen-a-expresidente-de-honduras\\\/\",\"url\":\"https:\\\/\\\/www.eldiario.net\\\/portal\\\/2022\\\/02\\\/16\\\/detienen-a-expresidente-de-honduras\\\/\",\"name\":\"Detienen a expresidente de Honduras - El Diario - Bolivia\",\"isPartOf\":{\"@id\":\"https:\\\/\\\/www.eldiario.net\\\/portal\\\/#website\"},\"primaryImageOfPage\":{\"@id\":\"https:\\\/\\\/www.eldiario.net\\\/portal\\\/2022\\\/02\\\/16\\\/detienen-a-expresidente-de-honduras\\\/#primaryimage\"},\"image\":{\"@id\":\"https:\\\/\\\/www.eldiario.net\\\/portal\\\/2022\\\/02\\\/16\\\/detienen-a-expresidente-de-honduras\\\/#primaryimage\"},\"thumbnailUrl\":\"\",\"datePublished\":\"2022-02-16T06:13:11+00:00\",\"breadcrumb\":{\"@id\":\"https:\\\/\\\/www.eldiario.net\\\/portal\\\/2022\\\/02\\\/16\\\/detienen-a-expresidente-de-honduras\\\/#breadcrumb\"},\"inLanguage\":\"es\",\"potentialAction\":[{\"@type\":\"ReadAction\",\"target\":[\"https:\\\/\\\/www.eldiario.net\\\/portal\\\/2022\\\/02\\\/16\\\/detienen-a-expresidente-de-honduras\\\/\"]}]},{\"@type\":\"ImageObject\",\"inLanguage\":\"es\",\"@id\":\"https:\\\/\\\/www.eldiario.net\\\/portal\\\/2022\\\/02\\\/16\\\/detienen-a-expresidente-de-honduras\\\/#primaryimage\",\"url\":\"\",\"contentUrl\":\"\"},{\"@type\":\"BreadcrumbList\",\"@id\":\"https:\\\/\\\/www.eldiario.net\\\/portal\\\/2022\\\/02\\\/16\\\/detienen-a-expresidente-de-honduras\\\/#breadcrumb\",\"itemListElement\":[{\"@type\":\"ListItem\",\"position\":1,\"name\":\"Portada\",\"item\":\"https:\\\/\\\/www.eldiario.net\\\/portal\\\/\"},{\"@type\":\"ListItem\",\"position\":2,\"name\":\"Detienen a expresidente de Honduras\"}]},{\"@type\":\"WebSite\",\"@id\":\"https:\\\/\\\/www.eldiario.net\\\/portal\\\/#website\",\"url\":\"https:\\\/\\\/www.eldiario.net\\\/portal\\\/\",\"name\":\"El Diario - Decano de la prensa nacional\",\"description\":\"El Diario - Decano de la prensa nacional\",\"publisher\":{\"@id\":\"https:\\\/\\\/www.eldiario.net\\\/portal\\\/#organization\"},\"potentialAction\":[{\"@type\":\"SearchAction\",\"target\":{\"@type\":\"EntryPoint\",\"urlTemplate\":\"https:\\\/\\\/www.eldiario.net\\\/portal\\\/?s={search_term_string}\"},\"query-input\":{\"@type\":\"PropertyValueSpecification\",\"valueRequired\":true,\"valueName\":\"search_term_string\"}}],\"inLanguage\":\"es\"},{\"@type\":\"Organization\",\"@id\":\"https:\\\/\\\/www.eldiario.net\\\/portal\\\/#organization\",\"name\":\"El Diario - Decano de la prensa nacional\",\"url\":\"https:\\\/\\\/www.eldiario.net\\\/portal\\\/\",\"logo\":{\"@type\":\"ImageObject\",\"inLanguage\":\"es\",\"@id\":\"https:\\\/\\\/www.eldiario.net\\\/portal\\\/#\\\/schema\\\/logo\\\/image\\\/\",\"url\":\"https:\\\/\\\/www.eldiario.net\\\/portal\\\/wp-content\\\/uploads\\\/2023\\\/07\\\/logo_ED.jpg\",\"contentUrl\":\"https:\\\/\\\/www.eldiario.net\\\/portal\\\/wp-content\\\/uploads\\\/2023\\\/07\\\/logo_ED.jpg\",\"width\":272,\"height\":52,\"caption\":\"El Diario - Decano de la prensa nacional\"},\"image\":{\"@id\":\"https:\\\/\\\/www.eldiario.net\\\/portal\\\/#\\\/schema\\\/logo\\\/image\\\/\"},\"sameAs\":[\"https:\\\/\\\/www.facebook.com\\\/eldiario.bolivia\\\/\",\"https:\\\/\\\/x.com\\\/eldiario_net\"]},{\"@type\":\"Person\",\"@id\":\"https:\\\/\\\/www.eldiario.net\\\/portal\\\/#\\\/schema\\\/person\\\/2c57cf2b7a7ae032e449e4c9b1019eac\",\"name\":\"Jeanette\",\"image\":{\"@type\":\"ImageObject\",\"inLanguage\":\"es\",\"@id\":\"https:\\\/\\\/secure.gravatar.com\\\/avatar\\\/3ea2118a5f7dad2b7138b1187a6b7ee55f160b9968b66013c3a3ef39dd7e5798?s=96&d=mm&r=g\",\"url\":\"https:\\\/\\\/secure.gravatar.com\\\/avatar\\\/3ea2118a5f7dad2b7138b1187a6b7ee55f160b9968b66013c3a3ef39dd7e5798?s=96&d=mm&r=g\",\"contentUrl\":\"https:\\\/\\\/secure.gravatar.com\\\/avatar\\\/3ea2118a5f7dad2b7138b1187a6b7ee55f160b9968b66013c3a3ef39dd7e5798?s=96&d=mm&r=g\",\"caption\":\"Jeanette\"},\"sameAs\":[\"https:\\\/\\\/www.eldiario.net\\\/portal\"],\"url\":\"https:\\\/\\\/www.eldiario.net\\\/portal\\\/author\\\/jeanette\\\/\"}]}<\/script>\n<!-- \/ Yoast SEO plugin. -->","yoast_head_json":{"title":"Detienen a expresidente de Honduras - El Diario - Bolivia","robots":{"index":"index","follow":"follow","max-snippet":"max-snippet:-1","max-image-preview":"max-image-preview:large","max-video-preview":"max-video-preview:-1"},"canonical":"https:\/\/www.eldiario.net\/portal\/2022\/02\/16\/detienen-a-expresidente-de-honduras\/","og_locale":"es_ES","og_type":"article","og_title":"Detienen a expresidente de Honduras - El Diario - Bolivia","og_description":"Egucigalpa (Honduras).- El expresidente de Honduras, Juan Orlando Hern\u00e1ndez, fue detenido hoy por agentes de la polic\u00eda y fue trasladado, esposado de manos y pies, hacia una base policial, seg\u00fan testigos de Reuters e im\u00e1genes de televisi\u00f3n, luego de que Estados Unidos solicitara su extradici\u00f3n por narcotr\u00e1fico. M\u00e1s temprano, el exmandatario, quien dej\u00f3 el poder [&hellip;]","og_url":"https:\/\/www.eldiario.net\/portal\/2022\/02\/16\/detienen-a-expresidente-de-honduras\/","og_site_name":"El Diario - Bolivia","article_publisher":"https:\/\/www.facebook.com\/eldiario.bolivia\/","article_published_time":"2022-02-16T06:13:11+00:00","author":"Jeanette","twitter_card":"summary_large_image","twitter_creator":"@eldiario_net","twitter_site":"@eldiario_net","twitter_misc":{"Escrito por":"Jeanette","Tiempo de lectura":"3 minutos"},"schema":{"@context":"https:\/\/schema.org","@graph":[{"@type":"Article","@id":"https:\/\/www.eldiario.net\/portal\/2022\/02\/16\/detienen-a-expresidente-de-honduras\/#article","isPartOf":{"@id":"https:\/\/www.eldiario.net\/portal\/2022\/02\/16\/detienen-a-expresidente-de-honduras\/"},"author":{"name":"Jeanette","@id":"https:\/\/www.eldiario.net\/portal\/#\/schema\/person\/2c57cf2b7a7ae032e449e4c9b1019eac"},"headline":"Detienen a expresidente de Honduras","datePublished":"2022-02-16T06:13:11+00:00","mainEntityOfPage":{"@id":"https:\/\/www.eldiario.net\/portal\/2022\/02\/16\/detienen-a-expresidente-de-honduras\/"},"wordCount":638,"publisher":{"@id":"https:\/\/www.eldiario.net\/portal\/#organization"},"image":{"@id":"https:\/\/www.eldiario.net\/portal\/2022\/02\/16\/detienen-a-expresidente-de-honduras\/#primaryimage"},"thumbnailUrl":"","articleSection":["Internacional"],"inLanguage":"es"},{"@type":"WebPage","@id":"https:\/\/www.eldiario.net\/portal\/2022\/02\/16\/detienen-a-expresidente-de-honduras\/","url":"https:\/\/www.eldiario.net\/portal\/2022\/02\/16\/detienen-a-expresidente-de-honduras\/","name":"Detienen a expresidente de Honduras - El Diario - Bolivia","isPartOf":{"@id":"https:\/\/www.eldiario.net\/portal\/#website"},"primaryImageOfPage":{"@id":"https:\/\/www.eldiario.net\/portal\/2022\/02\/16\/detienen-a-expresidente-de-honduras\/#primaryimage"},"image":{"@id":"https:\/\/www.eldiario.net\/portal\/2022\/02\/16\/detienen-a-expresidente-de-honduras\/#primaryimage"},"thumbnailUrl":"","datePublished":"2022-02-16T06:13:11+00:00","breadcrumb":{"@id":"https:\/\/www.eldiario.net\/portal\/2022\/02\/16\/detienen-a-expresidente-de-honduras\/#breadcrumb"},"inLanguage":"es","potentialAction":[{"@type":"ReadAction","target":["https:\/\/www.eldiario.net\/portal\/2022\/02\/16\/detienen-a-expresidente-de-honduras\/"]}]},{"@type":"ImageObject","inLanguage":"es","@id":"https:\/\/www.eldiario.net\/portal\/2022\/02\/16\/detienen-a-expresidente-de-honduras\/#primaryimage","url":"","contentUrl":""},{"@type":"BreadcrumbList","@id":"https:\/\/www.eldiario.net\/portal\/2022\/02\/16\/detienen-a-expresidente-de-honduras\/#breadcrumb","itemListElement":[{"@type":"ListItem","position":1,"name":"Portada","item":"https:\/\/www.eldiario.net\/portal\/"},{"@type":"ListItem","position":2,"name":"Detienen a expresidente de Honduras"}]},{"@type":"WebSite","@id":"https:\/\/www.eldiario.net\/portal\/#website","url":"https:\/\/www.eldiario.net\/portal\/","name":"El Diario - Decano de la prensa nacional","description":"El Diario - Decano de la prensa nacional","publisher":{"@id":"https:\/\/www.eldiario.net\/portal\/#organization"},"potentialAction":[{"@type":"SearchAction","target":{"@type":"EntryPoint","urlTemplate":"https:\/\/www.eldiario.net\/portal\/?s={search_term_string}"},"query-input":{"@type":"PropertyValueSpecification","valueRequired":true,"valueName":"search_term_string"}}],"inLanguage":"es"},{"@type":"Organization","@id":"https:\/\/www.eldiario.net\/portal\/#organization","name":"El Diario - Decano de la prensa nacional","url":"https:\/\/www.eldiario.net\/portal\/","logo":{"@type":"ImageObject","inLanguage":"es","@id":"https:\/\/www.eldiario.net\/portal\/#\/schema\/logo\/image\/","url":"https:\/\/www.eldiario.net\/portal\/wp-content\/uploads\/2023\/07\/logo_ED.jpg","contentUrl":"https:\/\/www.eldiario.net\/portal\/wp-content\/uploads\/2023\/07\/logo_ED.jpg","width":272,"height":52,"caption":"El Diario - Decano de la prensa nacional"},"image":{"@id":"https:\/\/www.eldiario.net\/portal\/#\/schema\/logo\/image\/"},"sameAs":["https:\/\/www.facebook.com\/eldiario.bolivia\/","https:\/\/x.com\/eldiario_net"]},{"@type":"Person","@id":"https:\/\/www.eldiario.net\/portal\/#\/schema\/person\/2c57cf2b7a7ae032e449e4c9b1019eac","name":"Jeanette","image":{"@type":"ImageObject","inLanguage":"es","@id":"https:\/\/secure.gravatar.com\/avatar\/3ea2118a5f7dad2b7138b1187a6b7ee55f160b9968b66013c3a3ef39dd7e5798?s=96&d=mm&r=g","url":"https:\/\/secure.gravatar.com\/avatar\/3ea2118a5f7dad2b7138b1187a6b7ee55f160b9968b66013c3a3ef39dd7e5798?s=96&d=mm&r=g","contentUrl":"https:\/\/secure.gravatar.com\/avatar\/3ea2118a5f7dad2b7138b1187a6b7ee55f160b9968b66013c3a3ef39dd7e5798?s=96&d=mm&r=g","caption":"Jeanette"},"sameAs":["https:\/\/www.eldiario.net\/portal"],"url":"https:\/\/www.eldiario.net\/portal\/author\/jeanette\/"}]}},"_links":{"self":[{"href":"https:\/\/www.eldiario.net\/portal\/wp-json\/wp\/v2\/posts\/63657","targetHints":{"allow":["GET"]}}],"collection":[{"href":"https:\/\/www.eldiario.net\/portal\/wp-json\/wp\/v2\/posts"}],"about":[{"href":"https:\/\/www.eldiario.net\/portal\/wp-json\/wp\/v2\/types\/post"}],"author":[{"embeddable":true,"href":"https:\/\/www.eldiario.net\/portal\/wp-json\/wp\/v2\/users\/1"}],"replies":[{"embeddable":true,"href":"https:\/\/www.eldiario.net\/portal\/wp-json\/wp\/v2\/comments?post=63657"}],"version-history":[{"count":0,"href":"https:\/\/www.eldiario.net\/portal\/wp-json\/wp\/v2\/posts\/63657\/revisions"}],"wp:attachment":[{"href":"https:\/\/www.eldiario.net\/portal\/wp-json\/wp\/v2\/media?parent=63657"}],"wp:term":[{"taxonomy":"category","embeddable":true,"href":"https:\/\/www.eldiario.net\/portal\/wp-json\/wp\/v2\/categories?post=63657"},{"taxonomy":"post_tag","embeddable":true,"href":"https:\/\/www.eldiario.net\/portal\/wp-json\/wp\/v2\/tags?post=63657"}],"curies":[{"name":"wp","href":"https:\/\/api.w.org\/{rel}","templated":true}]}}