{"id":63654,"date":"2022-02-16T02:11:24","date_gmt":"2022-02-16T06:11:24","guid":{"rendered":"https:\/\/www.eldiario.net\/portal\/?p=63654"},"modified":"2022-02-16T02:11:24","modified_gmt":"2022-02-16T06:11:24","slug":"principe-andres-llega-a-acuerdo-con-virginia-giuffre","status":"publish","type":"post","link":"https:\/\/www.eldiario.net\/portal\/2022\/02\/16\/principe-andres-llega-a-acuerdo-con-virginia-giuffre\/","title":{"rendered":"Pr\u00edncipe Andr\u00e9s llega a  acuerdo con Virginia Giuffre"},"content":{"rendered":"<p>El pr\u00edncipe Andr\u00e9s, uno de los hijos de la reina Isabel II, lleg\u00f3 a un acuerdo en la demanda civil por agresi\u00f3n sexual presentada en su contra en Estados Unidos, seg\u00fan muestran documentos judiciales.<br \/>\nVirginia Giuffre acus\u00f3 al duque de York de haberla agredido sexualmente en tres ocasiones cuando ella ten\u00eda 17 a\u00f1os, acusaciones que \u00e9l ha negado insistentemente.<br \/>\nUna carta presentada ante un tribunal de distrito de Estados Unidos ayer dice que el duque y Giuffre llegaron a un acuerdo extrajudicial. Los representantes del duque se\u00f1alaron que no ten\u00eda comentarios m\u00e1s all\u00e1 de la declaraci\u00f3n hecha en el tribunal.<br \/>\nBajo los t\u00e9rminos acordados, de los que no se revelaron detalles, el pr\u00edncipe har\u00e1 una \u201cdonaci\u00f3n sustancial a la organizaci\u00f3n ben\u00e9fica de la se\u00f1ora Giuffre\u201d.<br \/>\nAdem\u00e1s, el documento indica que el duque \u201cnunca tuvo la intenci\u00f3n de difamar la reputaci\u00f3n de la se\u00f1ora Giuffre\u201d y que reconoci\u00f3 que ella tuvo que sufrir tanto como \u201cv\u00edctima de abuso\u201d como por los \u201cataques p\u00fablicos injustos\u201d en su contra.<br \/>\nLos ataques sexuales que alega Giuffre, de 38 a\u00f1os, habr\u00edan ocurrido cuando era adolescente y estuvo en las casas del empresario Jeffrey Epstein y su socia Ghislaine Maxwell.<br \/>\nEpstein muri\u00f3 en prisi\u00f3n en 2019, donde estaba a la espera de juicio por tr\u00e1fico de j\u00f3venes menores de edad.<br \/>\nEn diciembre del a\u00f1o pasado, Maxwell, de 60 a\u00f1os, fue declarada culpable de reclutar y traficar con mujeres menores de edad que fueron abusadas sexualmente por Epstein.<br \/>\nComo parte del acuerdo, el duque tambi\u00e9n se comprometi\u00f3 a \u201cdemostrar su arrepentimiento por su asociaci\u00f3n\u201d con Epstein, apoyar la \u201clucha contra los males del tr\u00e1fico sexual\u201d y respaldar a las v\u00edctimas.<br \/>\nTambi\u00e9n elogi\u00f3 la \u201cvalent\u00eda de la se\u00f1ora Giuffre y otras personas sobrevivientes al defenderse a s\u00ed mismas y a los dem\u00e1s\u201d, dice el acuerdo.<br \/>\nCuando se le pidi\u00f3 un comentario sobre este acuerdo, el abogado de Giuffre, David Boies, dijo a la agencia de noticias PA: \u201cCreo que este evento habla por s\u00ed mismo\u201d.<br \/>\nLisa Bloom, una abogada que representa a varias de las acusadoras de Epstein, se\u00f1al\u00f3 que el acuerdo es una \u201cvictoria\u201d para Giuffre.<br \/>\nGiuffre sostuvo que fue v\u00edctima de tr\u00e1fico sexual y abuso desde los 16 a\u00f1os por parte de una red de trata creada por el financiero neoyorquino Epstein.BBC Mundo)<\/p>\n","protected":false},"excerpt":{"rendered":"<p>El pr\u00edncipe Andr\u00e9s, uno de los hijos de la reina Isabel II, lleg\u00f3 a un acuerdo en la demanda civil por agresi\u00f3n sexual presentada en su contra en Estados Unidos, seg\u00fan muestran documentos judiciales. Virginia Giuffre acus\u00f3 al duque de York de haberla agredido sexualmente en tres ocasiones cuando ella ten\u00eda 17 a\u00f1os, acusaciones que [&hellip;]<\/p>\n","protected":false},"author":1,"featured_media":63655,"comment_status":"closed","ping_status":"closed","sticky":false,"template":"","format":"standard","meta":{"_acf_changed":false,"footnotes":""},"categories":[3],"tags":[],"class_list":["post-63654","post","type-post","status-publish","format-standard","has-post-thumbnail","category-internacional"],"acf":{"antetitulo":""},"yoast_head":"<!-- This site is optimized with the Yoast SEO plugin v28.4 - https:\/\/yoast.com\/product\/yoast-seo-wordpress\/ -->\n<title>Pr\u00edncipe Andr\u00e9s llega a acuerdo con Virginia Giuffre - El Diario - Bolivia<\/title>\n<meta name=\"robots\" content=\"index, follow, max-snippet:-1, max-image-preview:large, max-video-preview:-1\" \/>\n<link rel=\"canonical\" href=\"https:\/\/www.eldiario.net\/portal\/2022\/02\/16\/principe-andres-llega-a-acuerdo-con-virginia-giuffre\/\" \/>\n<meta property=\"og:locale\" content=\"es_ES\" \/>\n<meta property=\"og:type\" content=\"article\" \/>\n<meta property=\"og:title\" content=\"Pr\u00edncipe Andr\u00e9s llega a acuerdo con Virginia Giuffre - El Diario - Bolivia\" \/>\n<meta property=\"og:description\" content=\"El pr\u00edncipe Andr\u00e9s, uno de los hijos de la reina Isabel II, lleg\u00f3 a un acuerdo en la demanda civil por agresi\u00f3n sexual presentada en su contra en Estados Unidos, seg\u00fan muestran documentos judiciales. Virginia Giuffre acus\u00f3 al duque de York de haberla agredido sexualmente en tres ocasiones cuando ella ten\u00eda 17 a\u00f1os, acusaciones que [&hellip;]\" \/>\n<meta property=\"og:url\" content=\"https:\/\/www.eldiario.net\/portal\/2022\/02\/16\/principe-andres-llega-a-acuerdo-con-virginia-giuffre\/\" \/>\n<meta property=\"og:site_name\" content=\"El Diario - Bolivia\" \/>\n<meta property=\"article:publisher\" content=\"https:\/\/www.facebook.com\/eldiario.bolivia\/\" \/>\n<meta property=\"article:published_time\" content=\"2022-02-16T06:11:24+00:00\" \/>\n<meta name=\"author\" content=\"Jeanette\" \/>\n<meta name=\"twitter:card\" content=\"summary_large_image\" \/>\n<meta name=\"twitter:creator\" content=\"@eldiario_net\" \/>\n<meta name=\"twitter:site\" content=\"@eldiario_net\" \/>\n<meta name=\"twitter:label1\" content=\"Escrito por\" \/>\n\t<meta name=\"twitter:data1\" content=\"Jeanette\" \/>\n\t<meta name=\"twitter:label2\" content=\"Tiempo de lectura\" \/>\n\t<meta name=\"twitter:data2\" content=\"2 minutos\" \/>\n<script type=\"application\/ld+json\" class=\"yoast-schema-graph\">{\"@context\":\"https:\\\/\\\/schema.org\",\"@graph\":[{\"@type\":\"Article\",\"@id\":\"https:\\\/\\\/www.eldiario.net\\\/portal\\\/2022\\\/02\\\/16\\\/principe-andres-llega-a-acuerdo-con-virginia-giuffre\\\/#article\",\"isPartOf\":{\"@id\":\"https:\\\/\\\/www.eldiario.net\\\/portal\\\/2022\\\/02\\\/16\\\/principe-andres-llega-a-acuerdo-con-virginia-giuffre\\\/\"},\"author\":{\"name\":\"Jeanette\",\"@id\":\"https:\\\/\\\/www.eldiario.net\\\/portal\\\/#\\\/schema\\\/person\\\/2c57cf2b7a7ae032e449e4c9b1019eac\"},\"headline\":\"Pr\u00edncipe Andr\u00e9s llega a acuerdo con Virginia Giuffre\",\"datePublished\":\"2022-02-16T06:11:24+00:00\",\"mainEntityOfPage\":{\"@id\":\"https:\\\/\\\/www.eldiario.net\\\/portal\\\/2022\\\/02\\\/16\\\/principe-andres-llega-a-acuerdo-con-virginia-giuffre\\\/\"},\"wordCount\":424,\"publisher\":{\"@id\":\"https:\\\/\\\/www.eldiario.net\\\/portal\\\/#organization\"},\"image\":{\"@id\":\"https:\\\/\\\/www.eldiario.net\\\/portal\\\/2022\\\/02\\\/16\\\/principe-andres-llega-a-acuerdo-con-virginia-giuffre\\\/#primaryimage\"},\"thumbnailUrl\":\"\",\"articleSection\":[\"Internacional\"],\"inLanguage\":\"es\"},{\"@type\":\"WebPage\",\"@id\":\"https:\\\/\\\/www.eldiario.net\\\/portal\\\/2022\\\/02\\\/16\\\/principe-andres-llega-a-acuerdo-con-virginia-giuffre\\\/\",\"url\":\"https:\\\/\\\/www.eldiario.net\\\/portal\\\/2022\\\/02\\\/16\\\/principe-andres-llega-a-acuerdo-con-virginia-giuffre\\\/\",\"name\":\"Pr\u00edncipe Andr\u00e9s llega a acuerdo con Virginia Giuffre - El Diario - Bolivia\",\"isPartOf\":{\"@id\":\"https:\\\/\\\/www.eldiario.net\\\/portal\\\/#website\"},\"primaryImageOfPage\":{\"@id\":\"https:\\\/\\\/www.eldiario.net\\\/portal\\\/2022\\\/02\\\/16\\\/principe-andres-llega-a-acuerdo-con-virginia-giuffre\\\/#primaryimage\"},\"image\":{\"@id\":\"https:\\\/\\\/www.eldiario.net\\\/portal\\\/2022\\\/02\\\/16\\\/principe-andres-llega-a-acuerdo-con-virginia-giuffre\\\/#primaryimage\"},\"thumbnailUrl\":\"\",\"datePublished\":\"2022-02-16T06:11:24+00:00\",\"breadcrumb\":{\"@id\":\"https:\\\/\\\/www.eldiario.net\\\/portal\\\/2022\\\/02\\\/16\\\/principe-andres-llega-a-acuerdo-con-virginia-giuffre\\\/#breadcrumb\"},\"inLanguage\":\"es\",\"potentialAction\":[{\"@type\":\"ReadAction\",\"target\":[\"https:\\\/\\\/www.eldiario.net\\\/portal\\\/2022\\\/02\\\/16\\\/principe-andres-llega-a-acuerdo-con-virginia-giuffre\\\/\"]}]},{\"@type\":\"ImageObject\",\"inLanguage\":\"es\",\"@id\":\"https:\\\/\\\/www.eldiario.net\\\/portal\\\/2022\\\/02\\\/16\\\/principe-andres-llega-a-acuerdo-con-virginia-giuffre\\\/#primaryimage\",\"url\":\"\",\"contentUrl\":\"\"},{\"@type\":\"BreadcrumbList\",\"@id\":\"https:\\\/\\\/www.eldiario.net\\\/portal\\\/2022\\\/02\\\/16\\\/principe-andres-llega-a-acuerdo-con-virginia-giuffre\\\/#breadcrumb\",\"itemListElement\":[{\"@type\":\"ListItem\",\"position\":1,\"name\":\"Portada\",\"item\":\"https:\\\/\\\/www.eldiario.net\\\/portal\\\/\"},{\"@type\":\"ListItem\",\"position\":2,\"name\":\"Pr\u00edncipe Andr\u00e9s llega a acuerdo con Virginia Giuffre\"}]},{\"@type\":\"WebSite\",\"@id\":\"https:\\\/\\\/www.eldiario.net\\\/portal\\\/#website\",\"url\":\"https:\\\/\\\/www.eldiario.net\\\/portal\\\/\",\"name\":\"El Diario - Decano de la prensa nacional\",\"description\":\"El Diario - Decano de la prensa nacional\",\"publisher\":{\"@id\":\"https:\\\/\\\/www.eldiario.net\\\/portal\\\/#organization\"},\"potentialAction\":[{\"@type\":\"SearchAction\",\"target\":{\"@type\":\"EntryPoint\",\"urlTemplate\":\"https:\\\/\\\/www.eldiario.net\\\/portal\\\/?s={search_term_string}\"},\"query-input\":{\"@type\":\"PropertyValueSpecification\",\"valueRequired\":true,\"valueName\":\"search_term_string\"}}],\"inLanguage\":\"es\"},{\"@type\":\"Organization\",\"@id\":\"https:\\\/\\\/www.eldiario.net\\\/portal\\\/#organization\",\"name\":\"El Diario - Decano de la prensa nacional\",\"url\":\"https:\\\/\\\/www.eldiario.net\\\/portal\\\/\",\"logo\":{\"@type\":\"ImageObject\",\"inLanguage\":\"es\",\"@id\":\"https:\\\/\\\/www.eldiario.net\\\/portal\\\/#\\\/schema\\\/logo\\\/image\\\/\",\"url\":\"https:\\\/\\\/www.eldiario.net\\\/portal\\\/wp-content\\\/uploads\\\/2023\\\/07\\\/logo_ED.jpg\",\"contentUrl\":\"https:\\\/\\\/www.eldiario.net\\\/portal\\\/wp-content\\\/uploads\\\/2023\\\/07\\\/logo_ED.jpg\",\"width\":272,\"height\":52,\"caption\":\"El Diario - Decano de la prensa nacional\"},\"image\":{\"@id\":\"https:\\\/\\\/www.eldiario.net\\\/portal\\\/#\\\/schema\\\/logo\\\/image\\\/\"},\"sameAs\":[\"https:\\\/\\\/www.facebook.com\\\/eldiario.bolivia\\\/\",\"https:\\\/\\\/x.com\\\/eldiario_net\"]},{\"@type\":\"Person\",\"@id\":\"https:\\\/\\\/www.eldiario.net\\\/portal\\\/#\\\/schema\\\/person\\\/2c57cf2b7a7ae032e449e4c9b1019eac\",\"name\":\"Jeanette\",\"image\":{\"@type\":\"ImageObject\",\"inLanguage\":\"es\",\"@id\":\"https:\\\/\\\/secure.gravatar.com\\\/avatar\\\/3ea2118a5f7dad2b7138b1187a6b7ee55f160b9968b66013c3a3ef39dd7e5798?s=96&d=mm&r=g\",\"url\":\"https:\\\/\\\/secure.gravatar.com\\\/avatar\\\/3ea2118a5f7dad2b7138b1187a6b7ee55f160b9968b66013c3a3ef39dd7e5798?s=96&d=mm&r=g\",\"contentUrl\":\"https:\\\/\\\/secure.gravatar.com\\\/avatar\\\/3ea2118a5f7dad2b7138b1187a6b7ee55f160b9968b66013c3a3ef39dd7e5798?s=96&d=mm&r=g\",\"caption\":\"Jeanette\"},\"sameAs\":[\"https:\\\/\\\/www.eldiario.net\\\/portal\"],\"url\":\"https:\\\/\\\/www.eldiario.net\\\/portal\\\/author\\\/jeanette\\\/\"}]}<\/script>\n<!-- \/ Yoast SEO plugin. -->","yoast_head_json":{"title":"Pr\u00edncipe Andr\u00e9s llega a acuerdo con Virginia Giuffre - El Diario - Bolivia","robots":{"index":"index","follow":"follow","max-snippet":"max-snippet:-1","max-image-preview":"max-image-preview:large","max-video-preview":"max-video-preview:-1"},"canonical":"https:\/\/www.eldiario.net\/portal\/2022\/02\/16\/principe-andres-llega-a-acuerdo-con-virginia-giuffre\/","og_locale":"es_ES","og_type":"article","og_title":"Pr\u00edncipe Andr\u00e9s llega a acuerdo con Virginia Giuffre - El Diario - Bolivia","og_description":"El pr\u00edncipe Andr\u00e9s, uno de los hijos de la reina Isabel II, lleg\u00f3 a un acuerdo en la demanda civil por agresi\u00f3n sexual presentada en su contra en Estados Unidos, seg\u00fan muestran documentos judiciales. Virginia Giuffre acus\u00f3 al duque de York de haberla agredido sexualmente en tres ocasiones cuando ella ten\u00eda 17 a\u00f1os, acusaciones que [&hellip;]","og_url":"https:\/\/www.eldiario.net\/portal\/2022\/02\/16\/principe-andres-llega-a-acuerdo-con-virginia-giuffre\/","og_site_name":"El Diario - Bolivia","article_publisher":"https:\/\/www.facebook.com\/eldiario.bolivia\/","article_published_time":"2022-02-16T06:11:24+00:00","author":"Jeanette","twitter_card":"summary_large_image","twitter_creator":"@eldiario_net","twitter_site":"@eldiario_net","twitter_misc":{"Escrito por":"Jeanette","Tiempo de lectura":"2 minutos"},"schema":{"@context":"https:\/\/schema.org","@graph":[{"@type":"Article","@id":"https:\/\/www.eldiario.net\/portal\/2022\/02\/16\/principe-andres-llega-a-acuerdo-con-virginia-giuffre\/#article","isPartOf":{"@id":"https:\/\/www.eldiario.net\/portal\/2022\/02\/16\/principe-andres-llega-a-acuerdo-con-virginia-giuffre\/"},"author":{"name":"Jeanette","@id":"https:\/\/www.eldiario.net\/portal\/#\/schema\/person\/2c57cf2b7a7ae032e449e4c9b1019eac"},"headline":"Pr\u00edncipe Andr\u00e9s llega a acuerdo con Virginia Giuffre","datePublished":"2022-02-16T06:11:24+00:00","mainEntityOfPage":{"@id":"https:\/\/www.eldiario.net\/portal\/2022\/02\/16\/principe-andres-llega-a-acuerdo-con-virginia-giuffre\/"},"wordCount":424,"publisher":{"@id":"https:\/\/www.eldiario.net\/portal\/#organization"},"image":{"@id":"https:\/\/www.eldiario.net\/portal\/2022\/02\/16\/principe-andres-llega-a-acuerdo-con-virginia-giuffre\/#primaryimage"},"thumbnailUrl":"","articleSection":["Internacional"],"inLanguage":"es"},{"@type":"WebPage","@id":"https:\/\/www.eldiario.net\/portal\/2022\/02\/16\/principe-andres-llega-a-acuerdo-con-virginia-giuffre\/","url":"https:\/\/www.eldiario.net\/portal\/2022\/02\/16\/principe-andres-llega-a-acuerdo-con-virginia-giuffre\/","name":"Pr\u00edncipe Andr\u00e9s llega a acuerdo con Virginia Giuffre - El Diario - Bolivia","isPartOf":{"@id":"https:\/\/www.eldiario.net\/portal\/#website"},"primaryImageOfPage":{"@id":"https:\/\/www.eldiario.net\/portal\/2022\/02\/16\/principe-andres-llega-a-acuerdo-con-virginia-giuffre\/#primaryimage"},"image":{"@id":"https:\/\/www.eldiario.net\/portal\/2022\/02\/16\/principe-andres-llega-a-acuerdo-con-virginia-giuffre\/#primaryimage"},"thumbnailUrl":"","datePublished":"2022-02-16T06:11:24+00:00","breadcrumb":{"@id":"https:\/\/www.eldiario.net\/portal\/2022\/02\/16\/principe-andres-llega-a-acuerdo-con-virginia-giuffre\/#breadcrumb"},"inLanguage":"es","potentialAction":[{"@type":"ReadAction","target":["https:\/\/www.eldiario.net\/portal\/2022\/02\/16\/principe-andres-llega-a-acuerdo-con-virginia-giuffre\/"]}]},{"@type":"ImageObject","inLanguage":"es","@id":"https:\/\/www.eldiario.net\/portal\/2022\/02\/16\/principe-andres-llega-a-acuerdo-con-virginia-giuffre\/#primaryimage","url":"","contentUrl":""},{"@type":"BreadcrumbList","@id":"https:\/\/www.eldiario.net\/portal\/2022\/02\/16\/principe-andres-llega-a-acuerdo-con-virginia-giuffre\/#breadcrumb","itemListElement":[{"@type":"ListItem","position":1,"name":"Portada","item":"https:\/\/www.eldiario.net\/portal\/"},{"@type":"ListItem","position":2,"name":"Pr\u00edncipe Andr\u00e9s llega a acuerdo con Virginia Giuffre"}]},{"@type":"WebSite","@id":"https:\/\/www.eldiario.net\/portal\/#website","url":"https:\/\/www.eldiario.net\/portal\/","name":"El Diario - Decano de la prensa nacional","description":"El Diario - Decano de la prensa nacional","publisher":{"@id":"https:\/\/www.eldiario.net\/portal\/#organization"},"potentialAction":[{"@type":"SearchAction","target":{"@type":"EntryPoint","urlTemplate":"https:\/\/www.eldiario.net\/portal\/?s={search_term_string}"},"query-input":{"@type":"PropertyValueSpecification","valueRequired":true,"valueName":"search_term_string"}}],"inLanguage":"es"},{"@type":"Organization","@id":"https:\/\/www.eldiario.net\/portal\/#organization","name":"El Diario - Decano de la prensa nacional","url":"https:\/\/www.eldiario.net\/portal\/","logo":{"@type":"ImageObject","inLanguage":"es","@id":"https:\/\/www.eldiario.net\/portal\/#\/schema\/logo\/image\/","url":"https:\/\/www.eldiario.net\/portal\/wp-content\/uploads\/2023\/07\/logo_ED.jpg","contentUrl":"https:\/\/www.eldiario.net\/portal\/wp-content\/uploads\/2023\/07\/logo_ED.jpg","width":272,"height":52,"caption":"El Diario - Decano de la prensa nacional"},"image":{"@id":"https:\/\/www.eldiario.net\/portal\/#\/schema\/logo\/image\/"},"sameAs":["https:\/\/www.facebook.com\/eldiario.bolivia\/","https:\/\/x.com\/eldiario_net"]},{"@type":"Person","@id":"https:\/\/www.eldiario.net\/portal\/#\/schema\/person\/2c57cf2b7a7ae032e449e4c9b1019eac","name":"Jeanette","image":{"@type":"ImageObject","inLanguage":"es","@id":"https:\/\/secure.gravatar.com\/avatar\/3ea2118a5f7dad2b7138b1187a6b7ee55f160b9968b66013c3a3ef39dd7e5798?s=96&d=mm&r=g","url":"https:\/\/secure.gravatar.com\/avatar\/3ea2118a5f7dad2b7138b1187a6b7ee55f160b9968b66013c3a3ef39dd7e5798?s=96&d=mm&r=g","contentUrl":"https:\/\/secure.gravatar.com\/avatar\/3ea2118a5f7dad2b7138b1187a6b7ee55f160b9968b66013c3a3ef39dd7e5798?s=96&d=mm&r=g","caption":"Jeanette"},"sameAs":["https:\/\/www.eldiario.net\/portal"],"url":"https:\/\/www.eldiario.net\/portal\/author\/jeanette\/"}]}},"_links":{"self":[{"href":"https:\/\/www.eldiario.net\/portal\/wp-json\/wp\/v2\/posts\/63654","targetHints":{"allow":["GET"]}}],"collection":[{"href":"https:\/\/www.eldiario.net\/portal\/wp-json\/wp\/v2\/posts"}],"about":[{"href":"https:\/\/www.eldiario.net\/portal\/wp-json\/wp\/v2\/types\/post"}],"author":[{"embeddable":true,"href":"https:\/\/www.eldiario.net\/portal\/wp-json\/wp\/v2\/users\/1"}],"replies":[{"embeddable":true,"href":"https:\/\/www.eldiario.net\/portal\/wp-json\/wp\/v2\/comments?post=63654"}],"version-history":[{"count":0,"href":"https:\/\/www.eldiario.net\/portal\/wp-json\/wp\/v2\/posts\/63654\/revisions"}],"wp:attachment":[{"href":"https:\/\/www.eldiario.net\/portal\/wp-json\/wp\/v2\/media?parent=63654"}],"wp:term":[{"taxonomy":"category","embeddable":true,"href":"https:\/\/www.eldiario.net\/portal\/wp-json\/wp\/v2\/categories?post=63654"},{"taxonomy":"post_tag","embeddable":true,"href":"https:\/\/www.eldiario.net\/portal\/wp-json\/wp\/v2\/tags?post=63654"}],"curies":[{"name":"wp","href":"https:\/\/api.w.org\/{rel}","templated":true}]}}