{"id":63651,"date":"2022-02-16T02:09:22","date_gmt":"2022-02-16T06:09:22","guid":{"rendered":"https:\/\/www.eldiario.net\/portal\/?p=63651"},"modified":"2022-02-16T02:09:22","modified_gmt":"2022-02-16T06:09:22","slug":"alberto-fernandez-defendio-a-cristina-kirchner-en-declaracion","status":"publish","type":"post","link":"https:\/\/www.eldiario.net\/portal\/2022\/02\/16\/alberto-fernandez-defendio-a-cristina-kirchner-en-declaracion\/","title":{"rendered":"Alberto Fern\u00e1ndez defendi\u00f3 a  Cristina Kirchner en declaraci\u00f3n"},"content":{"rendered":"<p>Durante m\u00e1s de dos horas el presidente Alberto Fern\u00e1ndez declar\u00f3 ayer en Comodoro Py como testigo en el juicio por la presunta corrupci\u00f3n en la obra p\u00fablica donde la principal acusada es la vicepresidenta Cristina Kirchner. El Mandatarios defendi\u00f3 a la segunda autoridad de Argentina.<br \/>\nDesde el inicio de su exposici\u00f3n realiz\u00f3 una marcada defensa a favor de la vicepresidenta, al sostener que los hechos bajo investigaci\u00f3n responden a una \u201cpol\u00edtica de Estado no judicializable\u201d, y repiti\u00f3 en cuatro ocasiones, \u201cme llama la atenci\u00f3n lo que se discute en este juicio\u201d.<br \/>\nEl jefe de Estado integra el listado de testigos como parte de la estrategia de defensa de Cristina Kirchner, quien sostiene que los presupuestos asignados a la obra p\u00fablica fueron \u201cactos administrativos\u201d, que como tales \u201cfueron l\u00edcitos\u201d y que ella no firm\u00f3 las modificaciones de los fondos destinados al rubro investigado.<br \/>\nSu planteo busca desechar lo que se indic\u00f3 durante la instrucci\u00f3n, cuando la fiscal\u00eda a trav\u00e9s de una auditor\u00eda sostuvo que el Grupo Austral recibi\u00f3 el 11 % del presupuesto de Vialidad Nacional a nivel general y el 86 % de las obras volcadas a Santa Cruz, con \u201csobreprecios del 65 % y la mitad de las obras no se terminaron\u201d.<br \/>\nAnte esa acusaci\u00f3n, el principal descargo de la vice indica que las partidas presupuestarias destinadas a obra p\u00fablica se hicieron con una ley que aprueba el Congreso y que la ampliaci\u00f3n de los fondos pas\u00f3 por los jefe de Gabinete.<br \/>\nEn ese sentido, Carlos Beraldi -abogado de la Vicepresidenta- inaugur\u00f3 el interrogatorio al presidente de la Naci\u00f3n, que pocos minutos despu\u00e9s ya hab\u00eda fijado su posici\u00f3n sobre el \u00fanico juicio por corrupci\u00f3n que Cristina Kirchner tiene en pleno desarrollo.<br \/>\nAnte la consulta sobre los montos asignados a la obra p\u00fablica vial y a su distribuci\u00f3n, Fern\u00e1ndez afirm\u00f3: \u201cEs una decisi\u00f3n de car\u00e1cter pol\u00edtica no judiciable, me llama la atenci\u00f3n lo que estamos discutiendo en este juicio\u201d. Esta expresi\u00f3n se reiter\u00f3 a lo largo de su declaraci\u00f3n testimonial, sin embargo, el juez Jorge Gorini le pidi\u00f3 que no se pronuncie respecto a apreciaciones personales.<br \/>\nFrente a ese eje puntual, Beraldi le pregunt\u00f3 si hubo durante los gobiernos de N\u00e9stor y Cristina Kirchner un reparto arbitrario de los fondos correspondientes a la obra p\u00fablica, para la provincia de Santa Cruz, a lo que respondi\u00f3: \u201cDefinitivamente no hubo nunca reparto arbitrario\u201d. \u201cMe llama la atenci\u00f3n que en esta causa se est\u00e1n discutiendo decisiones pol\u00edticas no judiciables, esas decisiones que se tomaron en materia presupuestaria y de obra p\u00fablica, nunca fueron arbitrarias\u201d, insisti\u00f3. (Clar\u00edn)<\/p>\n","protected":false},"excerpt":{"rendered":"<p>Durante m\u00e1s de dos horas el presidente Alberto Fern\u00e1ndez declar\u00f3 ayer en Comodoro Py como testigo en el juicio por la presunta corrupci\u00f3n en la obra p\u00fablica donde la principal acusada es la vicepresidenta Cristina Kirchner. El Mandatarios defendi\u00f3 a la segunda autoridad de Argentina. Desde el inicio de su exposici\u00f3n realiz\u00f3 una marcada defensa [&hellip;]<\/p>\n","protected":false},"author":1,"featured_media":63652,"comment_status":"closed","ping_status":"closed","sticky":false,"template":"","format":"standard","meta":{"_acf_changed":false,"footnotes":""},"categories":[3],"tags":[],"class_list":["post-63651","post","type-post","status-publish","format-standard","has-post-thumbnail","category-internacional"],"acf":{"antetitulo":""},"yoast_head":"<!-- This site is optimized with the Yoast SEO plugin v28.4 - https:\/\/yoast.com\/product\/yoast-seo-wordpress\/ -->\n<title>Alberto Fern\u00e1ndez defendi\u00f3 a Cristina Kirchner en declaraci\u00f3n - El Diario - Bolivia<\/title>\n<meta name=\"robots\" content=\"index, follow, max-snippet:-1, max-image-preview:large, max-video-preview:-1\" \/>\n<link rel=\"canonical\" href=\"https:\/\/www.eldiario.net\/portal\/2022\/02\/16\/alberto-fernandez-defendio-a-cristina-kirchner-en-declaracion\/\" \/>\n<meta property=\"og:locale\" content=\"es_ES\" \/>\n<meta property=\"og:type\" content=\"article\" \/>\n<meta property=\"og:title\" content=\"Alberto Fern\u00e1ndez defendi\u00f3 a Cristina Kirchner en declaraci\u00f3n - El Diario - Bolivia\" \/>\n<meta property=\"og:description\" content=\"Durante m\u00e1s de dos horas el presidente Alberto Fern\u00e1ndez declar\u00f3 ayer en Comodoro Py como testigo en el juicio por la presunta corrupci\u00f3n en la obra p\u00fablica donde la principal acusada es la vicepresidenta Cristina Kirchner. El Mandatarios defendi\u00f3 a la segunda autoridad de Argentina. Desde el inicio de su exposici\u00f3n realiz\u00f3 una marcada defensa [&hellip;]\" \/>\n<meta property=\"og:url\" content=\"https:\/\/www.eldiario.net\/portal\/2022\/02\/16\/alberto-fernandez-defendio-a-cristina-kirchner-en-declaracion\/\" \/>\n<meta property=\"og:site_name\" content=\"El Diario - Bolivia\" \/>\n<meta property=\"article:publisher\" content=\"https:\/\/www.facebook.com\/eldiario.bolivia\/\" \/>\n<meta property=\"article:published_time\" content=\"2022-02-16T06:09:22+00:00\" \/>\n<meta name=\"author\" content=\"Jeanette\" \/>\n<meta name=\"twitter:card\" content=\"summary_large_image\" \/>\n<meta name=\"twitter:creator\" content=\"@eldiario_net\" \/>\n<meta name=\"twitter:site\" content=\"@eldiario_net\" \/>\n<meta name=\"twitter:label1\" content=\"Escrito por\" \/>\n\t<meta name=\"twitter:data1\" content=\"Jeanette\" \/>\n\t<meta name=\"twitter:label2\" content=\"Tiempo de lectura\" \/>\n\t<meta name=\"twitter:data2\" content=\"2 minutos\" \/>\n<script type=\"application\/ld+json\" class=\"yoast-schema-graph\">{\"@context\":\"https:\\\/\\\/schema.org\",\"@graph\":[{\"@type\":\"Article\",\"@id\":\"https:\\\/\\\/www.eldiario.net\\\/portal\\\/2022\\\/02\\\/16\\\/alberto-fernandez-defendio-a-cristina-kirchner-en-declaracion\\\/#article\",\"isPartOf\":{\"@id\":\"https:\\\/\\\/www.eldiario.net\\\/portal\\\/2022\\\/02\\\/16\\\/alberto-fernandez-defendio-a-cristina-kirchner-en-declaracion\\\/\"},\"author\":{\"name\":\"Jeanette\",\"@id\":\"https:\\\/\\\/www.eldiario.net\\\/portal\\\/#\\\/schema\\\/person\\\/2c57cf2b7a7ae032e449e4c9b1019eac\"},\"headline\":\"Alberto Fern\u00e1ndez defendi\u00f3 a Cristina Kirchner en declaraci\u00f3n\",\"datePublished\":\"2022-02-16T06:09:22+00:00\",\"mainEntityOfPage\":{\"@id\":\"https:\\\/\\\/www.eldiario.net\\\/portal\\\/2022\\\/02\\\/16\\\/alberto-fernandez-defendio-a-cristina-kirchner-en-declaracion\\\/\"},\"wordCount\":465,\"publisher\":{\"@id\":\"https:\\\/\\\/www.eldiario.net\\\/portal\\\/#organization\"},\"image\":{\"@id\":\"https:\\\/\\\/www.eldiario.net\\\/portal\\\/2022\\\/02\\\/16\\\/alberto-fernandez-defendio-a-cristina-kirchner-en-declaracion\\\/#primaryimage\"},\"thumbnailUrl\":\"\",\"articleSection\":[\"Internacional\"],\"inLanguage\":\"es\"},{\"@type\":\"WebPage\",\"@id\":\"https:\\\/\\\/www.eldiario.net\\\/portal\\\/2022\\\/02\\\/16\\\/alberto-fernandez-defendio-a-cristina-kirchner-en-declaracion\\\/\",\"url\":\"https:\\\/\\\/www.eldiario.net\\\/portal\\\/2022\\\/02\\\/16\\\/alberto-fernandez-defendio-a-cristina-kirchner-en-declaracion\\\/\",\"name\":\"Alberto Fern\u00e1ndez defendi\u00f3 a Cristina Kirchner en declaraci\u00f3n - El Diario - Bolivia\",\"isPartOf\":{\"@id\":\"https:\\\/\\\/www.eldiario.net\\\/portal\\\/#website\"},\"primaryImageOfPage\":{\"@id\":\"https:\\\/\\\/www.eldiario.net\\\/portal\\\/2022\\\/02\\\/16\\\/alberto-fernandez-defendio-a-cristina-kirchner-en-declaracion\\\/#primaryimage\"},\"image\":{\"@id\":\"https:\\\/\\\/www.eldiario.net\\\/portal\\\/2022\\\/02\\\/16\\\/alberto-fernandez-defendio-a-cristina-kirchner-en-declaracion\\\/#primaryimage\"},\"thumbnailUrl\":\"\",\"datePublished\":\"2022-02-16T06:09:22+00:00\",\"breadcrumb\":{\"@id\":\"https:\\\/\\\/www.eldiario.net\\\/portal\\\/2022\\\/02\\\/16\\\/alberto-fernandez-defendio-a-cristina-kirchner-en-declaracion\\\/#breadcrumb\"},\"inLanguage\":\"es\",\"potentialAction\":[{\"@type\":\"ReadAction\",\"target\":[\"https:\\\/\\\/www.eldiario.net\\\/portal\\\/2022\\\/02\\\/16\\\/alberto-fernandez-defendio-a-cristina-kirchner-en-declaracion\\\/\"]}]},{\"@type\":\"ImageObject\",\"inLanguage\":\"es\",\"@id\":\"https:\\\/\\\/www.eldiario.net\\\/portal\\\/2022\\\/02\\\/16\\\/alberto-fernandez-defendio-a-cristina-kirchner-en-declaracion\\\/#primaryimage\",\"url\":\"\",\"contentUrl\":\"\"},{\"@type\":\"BreadcrumbList\",\"@id\":\"https:\\\/\\\/www.eldiario.net\\\/portal\\\/2022\\\/02\\\/16\\\/alberto-fernandez-defendio-a-cristina-kirchner-en-declaracion\\\/#breadcrumb\",\"itemListElement\":[{\"@type\":\"ListItem\",\"position\":1,\"name\":\"Portada\",\"item\":\"https:\\\/\\\/www.eldiario.net\\\/portal\\\/\"},{\"@type\":\"ListItem\",\"position\":2,\"name\":\"Alberto Fern\u00e1ndez defendi\u00f3 a Cristina Kirchner en declaraci\u00f3n\"}]},{\"@type\":\"WebSite\",\"@id\":\"https:\\\/\\\/www.eldiario.net\\\/portal\\\/#website\",\"url\":\"https:\\\/\\\/www.eldiario.net\\\/portal\\\/\",\"name\":\"El Diario - Decano de la prensa nacional\",\"description\":\"El Diario - Decano de la prensa nacional\",\"publisher\":{\"@id\":\"https:\\\/\\\/www.eldiario.net\\\/portal\\\/#organization\"},\"potentialAction\":[{\"@type\":\"SearchAction\",\"target\":{\"@type\":\"EntryPoint\",\"urlTemplate\":\"https:\\\/\\\/www.eldiario.net\\\/portal\\\/?s={search_term_string}\"},\"query-input\":{\"@type\":\"PropertyValueSpecification\",\"valueRequired\":true,\"valueName\":\"search_term_string\"}}],\"inLanguage\":\"es\"},{\"@type\":\"Organization\",\"@id\":\"https:\\\/\\\/www.eldiario.net\\\/portal\\\/#organization\",\"name\":\"El Diario - Decano de la prensa nacional\",\"url\":\"https:\\\/\\\/www.eldiario.net\\\/portal\\\/\",\"logo\":{\"@type\":\"ImageObject\",\"inLanguage\":\"es\",\"@id\":\"https:\\\/\\\/www.eldiario.net\\\/portal\\\/#\\\/schema\\\/logo\\\/image\\\/\",\"url\":\"https:\\\/\\\/www.eldiario.net\\\/portal\\\/wp-content\\\/uploads\\\/2023\\\/07\\\/logo_ED.jpg\",\"contentUrl\":\"https:\\\/\\\/www.eldiario.net\\\/portal\\\/wp-content\\\/uploads\\\/2023\\\/07\\\/logo_ED.jpg\",\"width\":272,\"height\":52,\"caption\":\"El Diario - Decano de la prensa nacional\"},\"image\":{\"@id\":\"https:\\\/\\\/www.eldiario.net\\\/portal\\\/#\\\/schema\\\/logo\\\/image\\\/\"},\"sameAs\":[\"https:\\\/\\\/www.facebook.com\\\/eldiario.bolivia\\\/\",\"https:\\\/\\\/x.com\\\/eldiario_net\"]},{\"@type\":\"Person\",\"@id\":\"https:\\\/\\\/www.eldiario.net\\\/portal\\\/#\\\/schema\\\/person\\\/2c57cf2b7a7ae032e449e4c9b1019eac\",\"name\":\"Jeanette\",\"image\":{\"@type\":\"ImageObject\",\"inLanguage\":\"es\",\"@id\":\"https:\\\/\\\/secure.gravatar.com\\\/avatar\\\/3ea2118a5f7dad2b7138b1187a6b7ee55f160b9968b66013c3a3ef39dd7e5798?s=96&d=mm&r=g\",\"url\":\"https:\\\/\\\/secure.gravatar.com\\\/avatar\\\/3ea2118a5f7dad2b7138b1187a6b7ee55f160b9968b66013c3a3ef39dd7e5798?s=96&d=mm&r=g\",\"contentUrl\":\"https:\\\/\\\/secure.gravatar.com\\\/avatar\\\/3ea2118a5f7dad2b7138b1187a6b7ee55f160b9968b66013c3a3ef39dd7e5798?s=96&d=mm&r=g\",\"caption\":\"Jeanette\"},\"sameAs\":[\"https:\\\/\\\/www.eldiario.net\\\/portal\"],\"url\":\"https:\\\/\\\/www.eldiario.net\\\/portal\\\/author\\\/jeanette\\\/\"}]}<\/script>\n<!-- \/ Yoast SEO plugin. -->","yoast_head_json":{"title":"Alberto Fern\u00e1ndez defendi\u00f3 a Cristina Kirchner en declaraci\u00f3n - El Diario - Bolivia","robots":{"index":"index","follow":"follow","max-snippet":"max-snippet:-1","max-image-preview":"max-image-preview:large","max-video-preview":"max-video-preview:-1"},"canonical":"https:\/\/www.eldiario.net\/portal\/2022\/02\/16\/alberto-fernandez-defendio-a-cristina-kirchner-en-declaracion\/","og_locale":"es_ES","og_type":"article","og_title":"Alberto Fern\u00e1ndez defendi\u00f3 a Cristina Kirchner en declaraci\u00f3n - El Diario - Bolivia","og_description":"Durante m\u00e1s de dos horas el presidente Alberto Fern\u00e1ndez declar\u00f3 ayer en Comodoro Py como testigo en el juicio por la presunta corrupci\u00f3n en la obra p\u00fablica donde la principal acusada es la vicepresidenta Cristina Kirchner. El Mandatarios defendi\u00f3 a la segunda autoridad de Argentina. Desde el inicio de su exposici\u00f3n realiz\u00f3 una marcada defensa [&hellip;]","og_url":"https:\/\/www.eldiario.net\/portal\/2022\/02\/16\/alberto-fernandez-defendio-a-cristina-kirchner-en-declaracion\/","og_site_name":"El Diario - Bolivia","article_publisher":"https:\/\/www.facebook.com\/eldiario.bolivia\/","article_published_time":"2022-02-16T06:09:22+00:00","author":"Jeanette","twitter_card":"summary_large_image","twitter_creator":"@eldiario_net","twitter_site":"@eldiario_net","twitter_misc":{"Escrito por":"Jeanette","Tiempo de lectura":"2 minutos"},"schema":{"@context":"https:\/\/schema.org","@graph":[{"@type":"Article","@id":"https:\/\/www.eldiario.net\/portal\/2022\/02\/16\/alberto-fernandez-defendio-a-cristina-kirchner-en-declaracion\/#article","isPartOf":{"@id":"https:\/\/www.eldiario.net\/portal\/2022\/02\/16\/alberto-fernandez-defendio-a-cristina-kirchner-en-declaracion\/"},"author":{"name":"Jeanette","@id":"https:\/\/www.eldiario.net\/portal\/#\/schema\/person\/2c57cf2b7a7ae032e449e4c9b1019eac"},"headline":"Alberto Fern\u00e1ndez defendi\u00f3 a Cristina Kirchner en declaraci\u00f3n","datePublished":"2022-02-16T06:09:22+00:00","mainEntityOfPage":{"@id":"https:\/\/www.eldiario.net\/portal\/2022\/02\/16\/alberto-fernandez-defendio-a-cristina-kirchner-en-declaracion\/"},"wordCount":465,"publisher":{"@id":"https:\/\/www.eldiario.net\/portal\/#organization"},"image":{"@id":"https:\/\/www.eldiario.net\/portal\/2022\/02\/16\/alberto-fernandez-defendio-a-cristina-kirchner-en-declaracion\/#primaryimage"},"thumbnailUrl":"","articleSection":["Internacional"],"inLanguage":"es"},{"@type":"WebPage","@id":"https:\/\/www.eldiario.net\/portal\/2022\/02\/16\/alberto-fernandez-defendio-a-cristina-kirchner-en-declaracion\/","url":"https:\/\/www.eldiario.net\/portal\/2022\/02\/16\/alberto-fernandez-defendio-a-cristina-kirchner-en-declaracion\/","name":"Alberto Fern\u00e1ndez defendi\u00f3 a Cristina Kirchner en declaraci\u00f3n - El Diario - Bolivia","isPartOf":{"@id":"https:\/\/www.eldiario.net\/portal\/#website"},"primaryImageOfPage":{"@id":"https:\/\/www.eldiario.net\/portal\/2022\/02\/16\/alberto-fernandez-defendio-a-cristina-kirchner-en-declaracion\/#primaryimage"},"image":{"@id":"https:\/\/www.eldiario.net\/portal\/2022\/02\/16\/alberto-fernandez-defendio-a-cristina-kirchner-en-declaracion\/#primaryimage"},"thumbnailUrl":"","datePublished":"2022-02-16T06:09:22+00:00","breadcrumb":{"@id":"https:\/\/www.eldiario.net\/portal\/2022\/02\/16\/alberto-fernandez-defendio-a-cristina-kirchner-en-declaracion\/#breadcrumb"},"inLanguage":"es","potentialAction":[{"@type":"ReadAction","target":["https:\/\/www.eldiario.net\/portal\/2022\/02\/16\/alberto-fernandez-defendio-a-cristina-kirchner-en-declaracion\/"]}]},{"@type":"ImageObject","inLanguage":"es","@id":"https:\/\/www.eldiario.net\/portal\/2022\/02\/16\/alberto-fernandez-defendio-a-cristina-kirchner-en-declaracion\/#primaryimage","url":"","contentUrl":""},{"@type":"BreadcrumbList","@id":"https:\/\/www.eldiario.net\/portal\/2022\/02\/16\/alberto-fernandez-defendio-a-cristina-kirchner-en-declaracion\/#breadcrumb","itemListElement":[{"@type":"ListItem","position":1,"name":"Portada","item":"https:\/\/www.eldiario.net\/portal\/"},{"@type":"ListItem","position":2,"name":"Alberto Fern\u00e1ndez defendi\u00f3 a Cristina Kirchner en declaraci\u00f3n"}]},{"@type":"WebSite","@id":"https:\/\/www.eldiario.net\/portal\/#website","url":"https:\/\/www.eldiario.net\/portal\/","name":"El Diario - Decano de la prensa nacional","description":"El Diario - Decano de la prensa nacional","publisher":{"@id":"https:\/\/www.eldiario.net\/portal\/#organization"},"potentialAction":[{"@type":"SearchAction","target":{"@type":"EntryPoint","urlTemplate":"https:\/\/www.eldiario.net\/portal\/?s={search_term_string}"},"query-input":{"@type":"PropertyValueSpecification","valueRequired":true,"valueName":"search_term_string"}}],"inLanguage":"es"},{"@type":"Organization","@id":"https:\/\/www.eldiario.net\/portal\/#organization","name":"El Diario - Decano de la prensa nacional","url":"https:\/\/www.eldiario.net\/portal\/","logo":{"@type":"ImageObject","inLanguage":"es","@id":"https:\/\/www.eldiario.net\/portal\/#\/schema\/logo\/image\/","url":"https:\/\/www.eldiario.net\/portal\/wp-content\/uploads\/2023\/07\/logo_ED.jpg","contentUrl":"https:\/\/www.eldiario.net\/portal\/wp-content\/uploads\/2023\/07\/logo_ED.jpg","width":272,"height":52,"caption":"El Diario - Decano de la prensa nacional"},"image":{"@id":"https:\/\/www.eldiario.net\/portal\/#\/schema\/logo\/image\/"},"sameAs":["https:\/\/www.facebook.com\/eldiario.bolivia\/","https:\/\/x.com\/eldiario_net"]},{"@type":"Person","@id":"https:\/\/www.eldiario.net\/portal\/#\/schema\/person\/2c57cf2b7a7ae032e449e4c9b1019eac","name":"Jeanette","image":{"@type":"ImageObject","inLanguage":"es","@id":"https:\/\/secure.gravatar.com\/avatar\/3ea2118a5f7dad2b7138b1187a6b7ee55f160b9968b66013c3a3ef39dd7e5798?s=96&d=mm&r=g","url":"https:\/\/secure.gravatar.com\/avatar\/3ea2118a5f7dad2b7138b1187a6b7ee55f160b9968b66013c3a3ef39dd7e5798?s=96&d=mm&r=g","contentUrl":"https:\/\/secure.gravatar.com\/avatar\/3ea2118a5f7dad2b7138b1187a6b7ee55f160b9968b66013c3a3ef39dd7e5798?s=96&d=mm&r=g","caption":"Jeanette"},"sameAs":["https:\/\/www.eldiario.net\/portal"],"url":"https:\/\/www.eldiario.net\/portal\/author\/jeanette\/"}]}},"_links":{"self":[{"href":"https:\/\/www.eldiario.net\/portal\/wp-json\/wp\/v2\/posts\/63651","targetHints":{"allow":["GET"]}}],"collection":[{"href":"https:\/\/www.eldiario.net\/portal\/wp-json\/wp\/v2\/posts"}],"about":[{"href":"https:\/\/www.eldiario.net\/portal\/wp-json\/wp\/v2\/types\/post"}],"author":[{"embeddable":true,"href":"https:\/\/www.eldiario.net\/portal\/wp-json\/wp\/v2\/users\/1"}],"replies":[{"embeddable":true,"href":"https:\/\/www.eldiario.net\/portal\/wp-json\/wp\/v2\/comments?post=63651"}],"version-history":[{"count":0,"href":"https:\/\/www.eldiario.net\/portal\/wp-json\/wp\/v2\/posts\/63651\/revisions"}],"wp:attachment":[{"href":"https:\/\/www.eldiario.net\/portal\/wp-json\/wp\/v2\/media?parent=63651"}],"wp:term":[{"taxonomy":"category","embeddable":true,"href":"https:\/\/www.eldiario.net\/portal\/wp-json\/wp\/v2\/categories?post=63651"},{"taxonomy":"post_tag","embeddable":true,"href":"https:\/\/www.eldiario.net\/portal\/wp-json\/wp\/v2\/tags?post=63651"}],"curies":[{"name":"wp","href":"https:\/\/api.w.org\/{rel}","templated":true}]}}