{"id":63644,"date":"2022-02-16T01:52:04","date_gmt":"2022-02-16T05:52:04","guid":{"rendered":"https:\/\/www.eldiario.net\/portal\/?p=63644"},"modified":"2022-02-16T01:52:04","modified_gmt":"2022-02-16T05:52:04","slug":"mario-espinoza-osorio","status":"publish","type":"post","link":"https:\/\/www.eldiario.net\/portal\/2022\/02\/16\/mario-espinoza-osorio\/","title":{"rendered":"Mario Espinoza Osorio"},"content":{"rendered":"<p>El invitado de turno hoy en Cvltural es uno de los periodistas con mayor recorrido en el medio, con poqu\u00edsimo lugar a duda. Su incursi\u00f3n en el periodismo data de 1975 cuando tuvo sus primeros acercamientos en radio PRATEL en el sector de deportes. Luego, tras cinco a\u00f1os de hacer periodismo deportivo, se integr\u00f3 a la redacci\u00f3n del vespertino \u201c\u00daltima Hora\u201d, all\u00e1 por los 80\u00b4s donde adem\u00e1s form\u00f3 parte de radio Cristal. En su extensa carrera tiene enormes logros, gustos y disgustos y en esta exclusiva conocemos m\u00e1s de este periodista cuya principal virtud es la frontalidad\u2026 Sean todos bienvenidos al show.<\/p>\n<p><strong>Si tuvieras que hacer una cort\u00edsima rese\u00f1a \u00bfc\u00f3mo dir\u00edas que es Mario Espinoza?<\/strong><br \/>\n\u00bfMario Espinoza? Ahh s\u00ed\u2026un periodista.<\/p>\n<p><strong>Casi por defecto, una persona con tu formaci\u00f3n y carrera es amante de la lectura, \u00bfcu\u00e1l fue el primer libro que te hizo gustar de las letras?<\/strong><br \/>\nEn colegio le\u00eda por obligaci\u00f3n \u201cRaza de Bronce\u201d, por ejemplo y no entend\u00ed nada, pero a\u00f1os despu\u00e9s me \u201ccom\u00ed\u201d en el subte de Nueva York toda la colecci\u00f3n de Le\u00f3n Uris. Me ense\u00f1\u00f3 mucho.<\/p>\n<p><strong>\u00bfTienes alguna faceta art\u00edstica que desconozcamos?<\/strong><br \/>\nHace quichicientos a\u00f1os cantaba. Gan\u00e9 incluso un festival nacional universitario en la categor\u00eda solista. Pero ya vez, el periodismo es muy generoso, me sac\u00f3 del canto.<\/p>\n<p><strong>\u00bfCu\u00e1l es el arte que m\u00e1s disfrutas apreciar?<\/strong><br \/>\nEl s\u00e9ptimo. El cine.<\/p>\n<p><strong>\u00bfCu\u00e1ndo arranc\u00f3 esta vida profesional dedicada al periodismo?<\/strong><br \/>\n1974. Cadena PRATEL, puesto informativo con mi amigo inolvidable Juan Carlos Costas.<\/p>\n<p><strong>S\u00e9 que es casi imposible pero \u00bfla radio o la TV?<\/strong><br \/>\nMultimedia.<\/p>\n<p><strong>\u00bfEs uno de tus m\u00e1s grandes orgullos haber sido co fundador de PAT y haber estado al frente en la primera etapa de esta cadena televisiva a\u00fan vigente?<\/strong><br \/>\nDefinitivamente el m\u00e1s grande. Carlos, Xime, Amalia, inolvidables.<\/p>\n<p><strong>Te has paseado, valga el t\u00e9rmino, por much\u00edsimos canales y radios y has conducido y producido lo que m\u00e1s te gusta. \u00bfTe ha quedado pendiente por hacer alg\u00fan tipo de programa sea en TV o radio?<\/strong><br \/>\nPor ah\u00ed no tiene nada que ver, pero me hubiese gustado hacer una pel\u00edcula. Ya tengo el gui\u00f3n.<\/p>\n<p><strong>Siempre se te ve muy profesional y objetivo. \u00bfTe ves haciendo algo m\u00e1s distendido como un talk show alguna vez?<\/strong><br \/>\nYa no creo, pero he aprendido que la vida te da sorpresas.<\/p>\n<p><strong>Tienes en tu haber numerosas e importantes distinciones, \u00bfcu\u00e1l es la que m\u00e1s te hace inflar pecho?<\/strong><br \/>\nEl Premio de Periodismo Rey de Espa\u00f1a.<\/p>\n<p><strong>En t\u00e9rminos de producci\u00f3n nacional de primer nivel, \u00bfc\u00f3mo ves la televisi\u00f3n nuestra?<\/strong><br \/>\n\u00bfProducci\u00f3n Nacional de primer nivel? Je, je, je \u00bfte has vuelto humorista?<\/p>\n<p><strong>Son muchas y tal vez no tengas el dato exacto pero \u00bfcu\u00e1ntas producciones realizadas tendr\u00e1s junto a Carlos Mesa?<\/strong><br \/>\nUhhhh m\u00e1s de 120.<\/p>\n<p><strong>\u00bfCu\u00e1l consideras que ha sido el mayor aporte de tu trabajo al periodismo nacional?<\/strong><br \/>\nEra el jefe de prensa o el director de noticias, pero lo que mejor hac\u00eda, era estar en la calle buscando la noticia.<\/p>\n<p><strong>\u00bfQu\u00e9 tienes entre manos para este 2022 que camina a paso vertiginoso?<\/strong><br \/>\nQuiero hacer \u201cEl Pent\u00e1gono\u201d. Tengo un mini estudio con cinco c\u00e1maras web, una mezcladora de sonido y una computadora, tengo los cinco expositores. Me falta un realizador que no cobre. No se requiere m\u00e1s. Poco \u00bfno?<\/p>\n<p>Checklist:<\/p>\n<p>3 libros insoslayables:<br \/>\n&#8211; 100 a\u00f1os de Soledad<br \/>\n&#8211; La Galaxia Gutenberg<br \/>\n&#8211; Los Or\u00edgenes del Totalitarismo<br \/>\n3 discos eternos:<br \/>\n&#8211; Abbey Road The Beatles<br \/>\n&#8211; Recuerdos de Juan Gabriel<br \/>\n&#8211; Signos de Los Nocheros<br \/>\n3 periodistas que admiras:<br \/>\n&#8211; Carlos Mesa (los otros son muchos)<br \/>\n3 cosas esenciales en la vida:<br \/>\n&#8211; Los hijos<br \/>\n&#8211; La actitud<br \/>\n&#8211; La pasi\u00f3n<\/p>\n\n","protected":false},"excerpt":{"rendered":"<p>El invitado de turno hoy en Cvltural es uno de los periodistas con mayor recorrido en el medio, con poqu\u00edsimo lugar a duda. Su incursi\u00f3n en el periodismo data de 1975 cuando tuvo sus primeros acercamientos en radio PRATEL en el sector de deportes. Luego, tras cinco a\u00f1os de hacer periodismo deportivo, se integr\u00f3 a [&hellip;]<\/p>\n","protected":false},"author":1,"featured_media":63645,"comment_status":"closed","ping_status":"closed","sticky":false,"template":"","format":"standard","meta":{"_acf_changed":false,"footnotes":""},"categories":[8],"tags":[],"class_list":["post-63644","post","type-post","status-publish","format-standard","has-post-thumbnail","category-cultural"],"acf":{"antetitulo":""},"yoast_head":"<!-- This site is optimized with the Yoast SEO plugin v28.4 - https:\/\/yoast.com\/product\/yoast-seo-wordpress\/ -->\n<title>Mario Espinoza Osorio - El Diario - Bolivia<\/title>\n<meta name=\"robots\" content=\"index, follow, max-snippet:-1, max-image-preview:large, max-video-preview:-1\" \/>\n<link rel=\"canonical\" href=\"https:\/\/www.eldiario.net\/portal\/2022\/02\/16\/mario-espinoza-osorio\/\" \/>\n<meta property=\"og:locale\" content=\"es_ES\" \/>\n<meta property=\"og:type\" content=\"article\" \/>\n<meta property=\"og:title\" content=\"Mario Espinoza Osorio - El Diario - Bolivia\" \/>\n<meta property=\"og:description\" content=\"El invitado de turno hoy en Cvltural es uno de los periodistas con mayor recorrido en el medio, con poqu\u00edsimo lugar a duda. Su incursi\u00f3n en el periodismo data de 1975 cuando tuvo sus primeros acercamientos en radio PRATEL en el sector de deportes. Luego, tras cinco a\u00f1os de hacer periodismo deportivo, se integr\u00f3 a [&hellip;]\" \/>\n<meta property=\"og:url\" content=\"https:\/\/www.eldiario.net\/portal\/2022\/02\/16\/mario-espinoza-osorio\/\" \/>\n<meta property=\"og:site_name\" content=\"El Diario - Bolivia\" \/>\n<meta property=\"article:publisher\" content=\"https:\/\/www.facebook.com\/eldiario.bolivia\/\" \/>\n<meta property=\"article:published_time\" content=\"2022-02-16T05:52:04+00:00\" \/>\n<meta name=\"author\" content=\"Jeanette\" \/>\n<meta name=\"twitter:card\" content=\"summary_large_image\" \/>\n<meta name=\"twitter:creator\" content=\"@eldiario_net\" \/>\n<meta name=\"twitter:site\" content=\"@eldiario_net\" \/>\n<meta name=\"twitter:label1\" content=\"Escrito por\" \/>\n\t<meta name=\"twitter:data1\" content=\"Jeanette\" \/>\n\t<meta name=\"twitter:label2\" content=\"Tiempo de lectura\" \/>\n\t<meta name=\"twitter:data2\" content=\"3 minutos\" \/>\n<script type=\"application\/ld+json\" class=\"yoast-schema-graph\">{\"@context\":\"https:\\\/\\\/schema.org\",\"@graph\":[{\"@type\":\"Article\",\"@id\":\"https:\\\/\\\/www.eldiario.net\\\/portal\\\/2022\\\/02\\\/16\\\/mario-espinoza-osorio\\\/#article\",\"isPartOf\":{\"@id\":\"https:\\\/\\\/www.eldiario.net\\\/portal\\\/2022\\\/02\\\/16\\\/mario-espinoza-osorio\\\/\"},\"author\":{\"name\":\"Jeanette\",\"@id\":\"https:\\\/\\\/www.eldiario.net\\\/portal\\\/#\\\/schema\\\/person\\\/2c57cf2b7a7ae032e449e4c9b1019eac\"},\"headline\":\"Mario Espinoza Osorio\",\"datePublished\":\"2022-02-16T05:52:04+00:00\",\"mainEntityOfPage\":{\"@id\":\"https:\\\/\\\/www.eldiario.net\\\/portal\\\/2022\\\/02\\\/16\\\/mario-espinoza-osorio\\\/\"},\"wordCount\":651,\"publisher\":{\"@id\":\"https:\\\/\\\/www.eldiario.net\\\/portal\\\/#organization\"},\"image\":{\"@id\":\"https:\\\/\\\/www.eldiario.net\\\/portal\\\/2022\\\/02\\\/16\\\/mario-espinoza-osorio\\\/#primaryimage\"},\"thumbnailUrl\":\"\",\"articleSection\":[\"Cultural\"],\"inLanguage\":\"es\"},{\"@type\":\"WebPage\",\"@id\":\"https:\\\/\\\/www.eldiario.net\\\/portal\\\/2022\\\/02\\\/16\\\/mario-espinoza-osorio\\\/\",\"url\":\"https:\\\/\\\/www.eldiario.net\\\/portal\\\/2022\\\/02\\\/16\\\/mario-espinoza-osorio\\\/\",\"name\":\"Mario Espinoza Osorio - El Diario - Bolivia\",\"isPartOf\":{\"@id\":\"https:\\\/\\\/www.eldiario.net\\\/portal\\\/#website\"},\"primaryImageOfPage\":{\"@id\":\"https:\\\/\\\/www.eldiario.net\\\/portal\\\/2022\\\/02\\\/16\\\/mario-espinoza-osorio\\\/#primaryimage\"},\"image\":{\"@id\":\"https:\\\/\\\/www.eldiario.net\\\/portal\\\/2022\\\/02\\\/16\\\/mario-espinoza-osorio\\\/#primaryimage\"},\"thumbnailUrl\":\"\",\"datePublished\":\"2022-02-16T05:52:04+00:00\",\"breadcrumb\":{\"@id\":\"https:\\\/\\\/www.eldiario.net\\\/portal\\\/2022\\\/02\\\/16\\\/mario-espinoza-osorio\\\/#breadcrumb\"},\"inLanguage\":\"es\",\"potentialAction\":[{\"@type\":\"ReadAction\",\"target\":[\"https:\\\/\\\/www.eldiario.net\\\/portal\\\/2022\\\/02\\\/16\\\/mario-espinoza-osorio\\\/\"]}]},{\"@type\":\"ImageObject\",\"inLanguage\":\"es\",\"@id\":\"https:\\\/\\\/www.eldiario.net\\\/portal\\\/2022\\\/02\\\/16\\\/mario-espinoza-osorio\\\/#primaryimage\",\"url\":\"\",\"contentUrl\":\"\"},{\"@type\":\"BreadcrumbList\",\"@id\":\"https:\\\/\\\/www.eldiario.net\\\/portal\\\/2022\\\/02\\\/16\\\/mario-espinoza-osorio\\\/#breadcrumb\",\"itemListElement\":[{\"@type\":\"ListItem\",\"position\":1,\"name\":\"Portada\",\"item\":\"https:\\\/\\\/www.eldiario.net\\\/portal\\\/\"},{\"@type\":\"ListItem\",\"position\":2,\"name\":\"Mario Espinoza Osorio\"}]},{\"@type\":\"WebSite\",\"@id\":\"https:\\\/\\\/www.eldiario.net\\\/portal\\\/#website\",\"url\":\"https:\\\/\\\/www.eldiario.net\\\/portal\\\/\",\"name\":\"El Diario - Decano de la prensa nacional\",\"description\":\"El Diario - Decano de la prensa nacional\",\"publisher\":{\"@id\":\"https:\\\/\\\/www.eldiario.net\\\/portal\\\/#organization\"},\"potentialAction\":[{\"@type\":\"SearchAction\",\"target\":{\"@type\":\"EntryPoint\",\"urlTemplate\":\"https:\\\/\\\/www.eldiario.net\\\/portal\\\/?s={search_term_string}\"},\"query-input\":{\"@type\":\"PropertyValueSpecification\",\"valueRequired\":true,\"valueName\":\"search_term_string\"}}],\"inLanguage\":\"es\"},{\"@type\":\"Organization\",\"@id\":\"https:\\\/\\\/www.eldiario.net\\\/portal\\\/#organization\",\"name\":\"El Diario - Decano de la prensa nacional\",\"url\":\"https:\\\/\\\/www.eldiario.net\\\/portal\\\/\",\"logo\":{\"@type\":\"ImageObject\",\"inLanguage\":\"es\",\"@id\":\"https:\\\/\\\/www.eldiario.net\\\/portal\\\/#\\\/schema\\\/logo\\\/image\\\/\",\"url\":\"https:\\\/\\\/www.eldiario.net\\\/portal\\\/wp-content\\\/uploads\\\/2023\\\/07\\\/logo_ED.jpg\",\"contentUrl\":\"https:\\\/\\\/www.eldiario.net\\\/portal\\\/wp-content\\\/uploads\\\/2023\\\/07\\\/logo_ED.jpg\",\"width\":272,\"height\":52,\"caption\":\"El Diario - Decano de la prensa nacional\"},\"image\":{\"@id\":\"https:\\\/\\\/www.eldiario.net\\\/portal\\\/#\\\/schema\\\/logo\\\/image\\\/\"},\"sameAs\":[\"https:\\\/\\\/www.facebook.com\\\/eldiario.bolivia\\\/\",\"https:\\\/\\\/x.com\\\/eldiario_net\"]},{\"@type\":\"Person\",\"@id\":\"https:\\\/\\\/www.eldiario.net\\\/portal\\\/#\\\/schema\\\/person\\\/2c57cf2b7a7ae032e449e4c9b1019eac\",\"name\":\"Jeanette\",\"image\":{\"@type\":\"ImageObject\",\"inLanguage\":\"es\",\"@id\":\"https:\\\/\\\/secure.gravatar.com\\\/avatar\\\/3ea2118a5f7dad2b7138b1187a6b7ee55f160b9968b66013c3a3ef39dd7e5798?s=96&d=mm&r=g\",\"url\":\"https:\\\/\\\/secure.gravatar.com\\\/avatar\\\/3ea2118a5f7dad2b7138b1187a6b7ee55f160b9968b66013c3a3ef39dd7e5798?s=96&d=mm&r=g\",\"contentUrl\":\"https:\\\/\\\/secure.gravatar.com\\\/avatar\\\/3ea2118a5f7dad2b7138b1187a6b7ee55f160b9968b66013c3a3ef39dd7e5798?s=96&d=mm&r=g\",\"caption\":\"Jeanette\"},\"sameAs\":[\"https:\\\/\\\/www.eldiario.net\\\/portal\"],\"url\":\"https:\\\/\\\/www.eldiario.net\\\/portal\\\/author\\\/jeanette\\\/\"}]}<\/script>\n<!-- \/ Yoast SEO plugin. -->","yoast_head_json":{"title":"Mario Espinoza Osorio - El Diario - Bolivia","robots":{"index":"index","follow":"follow","max-snippet":"max-snippet:-1","max-image-preview":"max-image-preview:large","max-video-preview":"max-video-preview:-1"},"canonical":"https:\/\/www.eldiario.net\/portal\/2022\/02\/16\/mario-espinoza-osorio\/","og_locale":"es_ES","og_type":"article","og_title":"Mario Espinoza Osorio - El Diario - Bolivia","og_description":"El invitado de turno hoy en Cvltural es uno de los periodistas con mayor recorrido en el medio, con poqu\u00edsimo lugar a duda. Su incursi\u00f3n en el periodismo data de 1975 cuando tuvo sus primeros acercamientos en radio PRATEL en el sector de deportes. Luego, tras cinco a\u00f1os de hacer periodismo deportivo, se integr\u00f3 a [&hellip;]","og_url":"https:\/\/www.eldiario.net\/portal\/2022\/02\/16\/mario-espinoza-osorio\/","og_site_name":"El Diario - Bolivia","article_publisher":"https:\/\/www.facebook.com\/eldiario.bolivia\/","article_published_time":"2022-02-16T05:52:04+00:00","author":"Jeanette","twitter_card":"summary_large_image","twitter_creator":"@eldiario_net","twitter_site":"@eldiario_net","twitter_misc":{"Escrito por":"Jeanette","Tiempo de lectura":"3 minutos"},"schema":{"@context":"https:\/\/schema.org","@graph":[{"@type":"Article","@id":"https:\/\/www.eldiario.net\/portal\/2022\/02\/16\/mario-espinoza-osorio\/#article","isPartOf":{"@id":"https:\/\/www.eldiario.net\/portal\/2022\/02\/16\/mario-espinoza-osorio\/"},"author":{"name":"Jeanette","@id":"https:\/\/www.eldiario.net\/portal\/#\/schema\/person\/2c57cf2b7a7ae032e449e4c9b1019eac"},"headline":"Mario Espinoza Osorio","datePublished":"2022-02-16T05:52:04+00:00","mainEntityOfPage":{"@id":"https:\/\/www.eldiario.net\/portal\/2022\/02\/16\/mario-espinoza-osorio\/"},"wordCount":651,"publisher":{"@id":"https:\/\/www.eldiario.net\/portal\/#organization"},"image":{"@id":"https:\/\/www.eldiario.net\/portal\/2022\/02\/16\/mario-espinoza-osorio\/#primaryimage"},"thumbnailUrl":"","articleSection":["Cultural"],"inLanguage":"es"},{"@type":"WebPage","@id":"https:\/\/www.eldiario.net\/portal\/2022\/02\/16\/mario-espinoza-osorio\/","url":"https:\/\/www.eldiario.net\/portal\/2022\/02\/16\/mario-espinoza-osorio\/","name":"Mario Espinoza Osorio - El Diario - Bolivia","isPartOf":{"@id":"https:\/\/www.eldiario.net\/portal\/#website"},"primaryImageOfPage":{"@id":"https:\/\/www.eldiario.net\/portal\/2022\/02\/16\/mario-espinoza-osorio\/#primaryimage"},"image":{"@id":"https:\/\/www.eldiario.net\/portal\/2022\/02\/16\/mario-espinoza-osorio\/#primaryimage"},"thumbnailUrl":"","datePublished":"2022-02-16T05:52:04+00:00","breadcrumb":{"@id":"https:\/\/www.eldiario.net\/portal\/2022\/02\/16\/mario-espinoza-osorio\/#breadcrumb"},"inLanguage":"es","potentialAction":[{"@type":"ReadAction","target":["https:\/\/www.eldiario.net\/portal\/2022\/02\/16\/mario-espinoza-osorio\/"]}]},{"@type":"ImageObject","inLanguage":"es","@id":"https:\/\/www.eldiario.net\/portal\/2022\/02\/16\/mario-espinoza-osorio\/#primaryimage","url":"","contentUrl":""},{"@type":"BreadcrumbList","@id":"https:\/\/www.eldiario.net\/portal\/2022\/02\/16\/mario-espinoza-osorio\/#breadcrumb","itemListElement":[{"@type":"ListItem","position":1,"name":"Portada","item":"https:\/\/www.eldiario.net\/portal\/"},{"@type":"ListItem","position":2,"name":"Mario Espinoza Osorio"}]},{"@type":"WebSite","@id":"https:\/\/www.eldiario.net\/portal\/#website","url":"https:\/\/www.eldiario.net\/portal\/","name":"El Diario - Decano de la prensa nacional","description":"El Diario - Decano de la prensa nacional","publisher":{"@id":"https:\/\/www.eldiario.net\/portal\/#organization"},"potentialAction":[{"@type":"SearchAction","target":{"@type":"EntryPoint","urlTemplate":"https:\/\/www.eldiario.net\/portal\/?s={search_term_string}"},"query-input":{"@type":"PropertyValueSpecification","valueRequired":true,"valueName":"search_term_string"}}],"inLanguage":"es"},{"@type":"Organization","@id":"https:\/\/www.eldiario.net\/portal\/#organization","name":"El Diario - Decano de la prensa nacional","url":"https:\/\/www.eldiario.net\/portal\/","logo":{"@type":"ImageObject","inLanguage":"es","@id":"https:\/\/www.eldiario.net\/portal\/#\/schema\/logo\/image\/","url":"https:\/\/www.eldiario.net\/portal\/wp-content\/uploads\/2023\/07\/logo_ED.jpg","contentUrl":"https:\/\/www.eldiario.net\/portal\/wp-content\/uploads\/2023\/07\/logo_ED.jpg","width":272,"height":52,"caption":"El Diario - Decano de la prensa nacional"},"image":{"@id":"https:\/\/www.eldiario.net\/portal\/#\/schema\/logo\/image\/"},"sameAs":["https:\/\/www.facebook.com\/eldiario.bolivia\/","https:\/\/x.com\/eldiario_net"]},{"@type":"Person","@id":"https:\/\/www.eldiario.net\/portal\/#\/schema\/person\/2c57cf2b7a7ae032e449e4c9b1019eac","name":"Jeanette","image":{"@type":"ImageObject","inLanguage":"es","@id":"https:\/\/secure.gravatar.com\/avatar\/3ea2118a5f7dad2b7138b1187a6b7ee55f160b9968b66013c3a3ef39dd7e5798?s=96&d=mm&r=g","url":"https:\/\/secure.gravatar.com\/avatar\/3ea2118a5f7dad2b7138b1187a6b7ee55f160b9968b66013c3a3ef39dd7e5798?s=96&d=mm&r=g","contentUrl":"https:\/\/secure.gravatar.com\/avatar\/3ea2118a5f7dad2b7138b1187a6b7ee55f160b9968b66013c3a3ef39dd7e5798?s=96&d=mm&r=g","caption":"Jeanette"},"sameAs":["https:\/\/www.eldiario.net\/portal"],"url":"https:\/\/www.eldiario.net\/portal\/author\/jeanette\/"}]}},"_links":{"self":[{"href":"https:\/\/www.eldiario.net\/portal\/wp-json\/wp\/v2\/posts\/63644","targetHints":{"allow":["GET"]}}],"collection":[{"href":"https:\/\/www.eldiario.net\/portal\/wp-json\/wp\/v2\/posts"}],"about":[{"href":"https:\/\/www.eldiario.net\/portal\/wp-json\/wp\/v2\/types\/post"}],"author":[{"embeddable":true,"href":"https:\/\/www.eldiario.net\/portal\/wp-json\/wp\/v2\/users\/1"}],"replies":[{"embeddable":true,"href":"https:\/\/www.eldiario.net\/portal\/wp-json\/wp\/v2\/comments?post=63644"}],"version-history":[{"count":0,"href":"https:\/\/www.eldiario.net\/portal\/wp-json\/wp\/v2\/posts\/63644\/revisions"}],"wp:attachment":[{"href":"https:\/\/www.eldiario.net\/portal\/wp-json\/wp\/v2\/media?parent=63644"}],"wp:term":[{"taxonomy":"category","embeddable":true,"href":"https:\/\/www.eldiario.net\/portal\/wp-json\/wp\/v2\/categories?post=63644"},{"taxonomy":"post_tag","embeddable":true,"href":"https:\/\/www.eldiario.net\/portal\/wp-json\/wp\/v2\/tags?post=63644"}],"curies":[{"name":"wp","href":"https:\/\/api.w.org\/{rel}","templated":true}]}}