{"id":63632,"date":"2022-02-16T01:46:55","date_gmt":"2022-02-16T05:46:55","guid":{"rendered":"https:\/\/www.eldiario.net\/portal\/?p=63632"},"modified":"2022-02-16T01:46:55","modified_gmt":"2022-02-16T05:46:55","slug":"3-000-comunidades-siguen-en-extrema-pobreza-en-el-pais","status":"publish","type":"post","link":"https:\/\/www.eldiario.net\/portal\/2022\/02\/16\/3-000-comunidades-siguen-en-extrema-pobreza-en-el-pais\/","title":{"rendered":"3.000 comunidades siguen en extrema pobreza en el pa\u00eds"},"content":{"rendered":"<p>Los programas que implementa el Gobierno para el desarrollo del \u00e1rea rural, no llegan a las comunidades pobres, y algunos van a regiones que ya salieron de esta situaci\u00f3n, pero siguen recibiendo apoyo. De aproximadamente 18.600 comunidades 3.000 est\u00e1n en extrema pobreza, reflexion\u00f3 el investigador y docente de la Universidad Mayor de San Andr\u00e9s (UMSA), Lucio Tito.<br \/>\nEl profesional inform\u00f3 que en 2015 el Ministerio de Planificaci\u00f3n del Desarrollo (MPD) gener\u00f3 la clasificaci\u00f3n de pobreza en Comunidades Rurales de Bolivia, a pedido del exPresidente Evo Morales, con la finalidad de \u00aberradicar la extrema pobreza\u00bb.<br \/>\nLa informaci\u00f3n ten\u00eda el fin de garantizar atenci\u00f3n a las comunidades en extrema pobreza y aquellas con d\u00e9ficit en servicios b\u00e1sicos, desarrollo y otros. Tito se\u00f1al\u00f3 que la situaci\u00f3n de las comunidades no se modific\u00f3.<br \/>\nSe contempl\u00f3 a 18.584 comunidades a nivel nacional, y se categoriz\u00f3 a cada una de ellas, y el proceso identific\u00f3 3.000 comunidades en extrema pobreza, que significaba que los pobladores generaban ingresos per c\u00e1pita de hasta 3.080 bs\/a\u00f1o, es decir viv\u00edan con menos de 8bs\/dia.<br \/>\nComo se recordar\u00e1 hace unas semanas atr\u00e1s el Gobierno inform\u00f3 que se redujo la pobreza y la extrema pobreza; informaci\u00f3n que fue criticada por economistas, que se\u00f1alaron que la informaci\u00f3n depender\u00eda de la metodolog\u00eda utilizada, y las autoridades se\u00f1alaron que fue en base al ingreso.<br \/>\nLas 3.000 comunidades en su totalidad pertenecen a la Agricultura Familiar, que solo generan alimentos de autoconsumo y se encuentran en zonas muy alejadas, casi sin acceso a tecnolog\u00eda y servicios b\u00e1sicos, se\u00f1ala el profesional e investigador.<br \/>\nTito indic\u00f3 que esas comunidades son importantes, debido a que ofertan alimentos sanos e inocuos de la canasta familiar. \u00ab\u2026 solo es un ideal, nunca hacemos en la pr\u00e1ctica nada por ellos y hoy encaran la producci\u00f3n sin acompa\u00f1amiento profesional de entidades gubernamentales, gobernaciones, municipios, universidades, agencias de cooperaci\u00f3n, etc., es m\u00e1s, en los di\u00e1logos ni se da a conocer como estamos actualmente en la producci\u00f3n (solo el 0,35 % del volumen producido en Bolivia es org\u00e1nico, es decir unos 70.000 tn)\u00bb, lament\u00f3.<br \/>\nDe los varios programas que implement\u00f3 el Gobierno para apoyar a la agricultura, no llegan a esas comunidades, por el acceso dif\u00edcil a las mismas.<br \/>\nHace un par de d\u00edas, se inform\u00f3 que la Cumbre Independiente de Sistemas Alimentarios, que promovi\u00f3 la Uni\u00f3n Nacional de Instituciones para el Trabajo de Acci\u00f3n Social (UNITAS) con respaldo de un conjunto de organizaciones de la sociedad civil, lleg\u00f3 a la conclusi\u00f3n que falta alimentos, y la oferta castiga a dos millones de personas en Bolivia, y el Gobierno hace poco para resolver el problema.<br \/>\nDenominado \u00abMovimiento Agroecol\u00f3gico Boliviano M.A.B\u00bb, del cual forma parte asociaciones y organizaciones de peque\u00f1os y medianos productores\/ras, instituciones no gubernamentales, organizaciones eclesiales, colectivos ciudadanos, gastr\u00f3nomos\/as, y consumidores\/as responsables que defienden y practican la agroecolog\u00eda, alertaron que el hambre asecha a los hogares bolivianos.<br \/>\n\u00abEn Bolivia, existen alrededor de dos millones de personas que sufren de carencia alimentaria, es decir, su alimentaci\u00f3n no cubre los requerimientos de nutrici\u00f3n y calor\u00edas para un desarrollo humano apropiado\u00bb, refiere el documento de an\u00e1lisis y conclusiones que redact\u00f3 la cumbre que se llev\u00f3 adelante el a\u00f1o pasado.<\/p>\n<p>Atenci\u00f3n<br \/>\nEl investigador se\u00f1al\u00f3 que las comunidades deben recibir una atenci\u00f3n integral, y no solo semillas y herramientas. \u00abDeben darles asistencia t\u00e9cnica y permanente capacitaci\u00f3n\u00bb, plantea el profesional.<br \/>\nEl entrevistado sugiere que los productores de las comunidades pobres deben recibir capacitaci\u00f3n en el manejo de tecnolog\u00eda, as\u00ed como en el manejo eficiente del agua, pero tambi\u00e9n acceso a cr\u00e9ditos.<br \/>\nPero lo m\u00e1s importante acceso a los servicios b\u00e1sicos y viviendas dignas, sostuvo.<\/p>\n<p>Inversi\u00f3n<br \/>\nMientras tanto, ayer el ministro de Desarrollo Rural y Tierras, Remmy Gonzales, en ocasi\u00f3n de consolidar la firma de convenios en favor de 32 municipios del departamento de Oruro, dio a conocer la aprobaci\u00f3n de 300 millones de d\u00f3lares que garantizan la ejecuci\u00f3n del Proyecto de Alianzas Rurales III (PAR III).<br \/>\n\u00ab&#8230; ha garantizado 300 millones de d\u00f3lares para el PAR III, para implementar proyectos productivos, como los que ahora vamos a firmar\u00bb, manifest\u00f3 el Ministro, en el acto celebrado en instalaciones de la Gobernaci\u00f3n de Oruro, con la participaci\u00f3n del gobernador Johnny Vedia, alcaldes de los municipios beneficiarios, organizaciones sociales y poblaci\u00f3n en general.<br \/>\nInform\u00f3 que, 200 millones ser\u00e1n utilizados para el apoyo a proyectos productivos y 100 millones de d\u00f3lares est\u00e1n presupuestados para la construcci\u00f3n de puentes y caminos que articulen las \u00e1reas productivas del pa\u00eds.<\/p>\n<p><a href=\"https:\/\/www.eldiario.net\/portal\/wp-content\/uploads\/2022\/02\/comuni.jpg\"><img loading=\"lazy\" decoding=\"async\" class=\"aligncenter size-full wp-image-63636\" src=\"https:\/\/www.eldiario.net\/portal\/wp-content\/uploads\/2022\/02\/comuni.jpg\" alt=\"\" width=\"942\" height=\"1024\" \/><\/a><\/p>\n","protected":false},"excerpt":{"rendered":"<p>Los programas que implementa el Gobierno para el desarrollo del \u00e1rea rural, no llegan a las comunidades pobres, y algunos van a regiones que ya salieron de esta situaci\u00f3n, pero siguen recibiendo apoyo. De aproximadamente 18.600 comunidades 3.000 est\u00e1n en extrema pobreza, reflexion\u00f3 el investigador y docente de la Universidad Mayor de San Andr\u00e9s (UMSA), [&hellip;]<\/p>\n","protected":false},"author":1,"featured_media":63633,"comment_status":"closed","ping_status":"closed","sticky":false,"template":"","format":"standard","meta":{"_acf_changed":false,"footnotes":""},"categories":[7],"tags":[],"class_list":["post-63632","post","type-post","status-publish","format-standard","has-post-thumbnail","category-economia"],"acf":{"antetitulo":""},"yoast_head":"<!-- This site is optimized with the Yoast SEO plugin v28.4 - https:\/\/yoast.com\/product\/yoast-seo-wordpress\/ -->\n<title>3.000 comunidades siguen en extrema pobreza en el pa\u00eds - El Diario - Bolivia<\/title>\n<meta name=\"robots\" content=\"index, follow, max-snippet:-1, max-image-preview:large, max-video-preview:-1\" \/>\n<link rel=\"canonical\" href=\"https:\/\/www.eldiario.net\/portal\/2022\/02\/16\/3-000-comunidades-siguen-en-extrema-pobreza-en-el-pais\/\" \/>\n<meta property=\"og:locale\" content=\"es_ES\" \/>\n<meta property=\"og:type\" content=\"article\" \/>\n<meta property=\"og:title\" content=\"3.000 comunidades siguen en extrema pobreza en el pa\u00eds - El Diario - Bolivia\" \/>\n<meta property=\"og:description\" content=\"Los programas que implementa el Gobierno para el desarrollo del \u00e1rea rural, no llegan a las comunidades pobres, y algunos van a regiones que ya salieron de esta situaci\u00f3n, pero siguen recibiendo apoyo. De aproximadamente 18.600 comunidades 3.000 est\u00e1n en extrema pobreza, reflexion\u00f3 el investigador y docente de la Universidad Mayor de San Andr\u00e9s (UMSA), [&hellip;]\" \/>\n<meta property=\"og:url\" content=\"https:\/\/www.eldiario.net\/portal\/2022\/02\/16\/3-000-comunidades-siguen-en-extrema-pobreza-en-el-pais\/\" \/>\n<meta property=\"og:site_name\" content=\"El Diario - Bolivia\" \/>\n<meta property=\"article:publisher\" content=\"https:\/\/www.facebook.com\/eldiario.bolivia\/\" \/>\n<meta property=\"article:published_time\" content=\"2022-02-16T05:46:55+00:00\" \/>\n<meta property=\"og:image\" content=\"https:\/\/www.eldiario.net\/portal\/wp-content\/uploads\/2022\/02\/comuni-dos.jpg\" \/>\n\t<meta property=\"og:image:width\" content=\"1280\" \/>\n\t<meta property=\"og:image:height\" content=\"853\" \/>\n\t<meta property=\"og:image:type\" content=\"image\/jpeg\" \/>\n<meta name=\"author\" content=\"Jeanette\" \/>\n<meta name=\"twitter:card\" content=\"summary_large_image\" \/>\n<meta name=\"twitter:creator\" content=\"@eldiario_net\" \/>\n<meta name=\"twitter:site\" content=\"@eldiario_net\" \/>\n<meta name=\"twitter:label1\" content=\"Escrito por\" \/>\n\t<meta name=\"twitter:data1\" content=\"Jeanette\" \/>\n\t<meta name=\"twitter:label2\" content=\"Tiempo de lectura\" \/>\n\t<meta name=\"twitter:data2\" content=\"4 minutos\" \/>\n<script type=\"application\/ld+json\" class=\"yoast-schema-graph\">{\"@context\":\"https:\\\/\\\/schema.org\",\"@graph\":[{\"@type\":\"Article\",\"@id\":\"https:\\\/\\\/www.eldiario.net\\\/portal\\\/2022\\\/02\\\/16\\\/3-000-comunidades-siguen-en-extrema-pobreza-en-el-pais\\\/#article\",\"isPartOf\":{\"@id\":\"https:\\\/\\\/www.eldiario.net\\\/portal\\\/2022\\\/02\\\/16\\\/3-000-comunidades-siguen-en-extrema-pobreza-en-el-pais\\\/\"},\"author\":{\"name\":\"Jeanette\",\"@id\":\"https:\\\/\\\/www.eldiario.net\\\/portal\\\/#\\\/schema\\\/person\\\/2c57cf2b7a7ae032e449e4c9b1019eac\"},\"headline\":\"3.000 comunidades siguen en extrema pobreza en el pa\u00eds\",\"datePublished\":\"2022-02-16T05:46:55+00:00\",\"mainEntityOfPage\":{\"@id\":\"https:\\\/\\\/www.eldiario.net\\\/portal\\\/2022\\\/02\\\/16\\\/3-000-comunidades-siguen-en-extrema-pobreza-en-el-pais\\\/\"},\"wordCount\":804,\"publisher\":{\"@id\":\"https:\\\/\\\/www.eldiario.net\\\/portal\\\/#organization\"},\"image\":{\"@id\":\"https:\\\/\\\/www.eldiario.net\\\/portal\\\/2022\\\/02\\\/16\\\/3-000-comunidades-siguen-en-extrema-pobreza-en-el-pais\\\/#primaryimage\"},\"thumbnailUrl\":\"https:\\\/\\\/www.eldiario.net\\\/portal\\\/wp-content\\\/uploads\\\/2022\\\/02\\\/comuni-dos.jpg\",\"articleSection\":[\"Econom\u00eda\"],\"inLanguage\":\"es\"},{\"@type\":\"WebPage\",\"@id\":\"https:\\\/\\\/www.eldiario.net\\\/portal\\\/2022\\\/02\\\/16\\\/3-000-comunidades-siguen-en-extrema-pobreza-en-el-pais\\\/\",\"url\":\"https:\\\/\\\/www.eldiario.net\\\/portal\\\/2022\\\/02\\\/16\\\/3-000-comunidades-siguen-en-extrema-pobreza-en-el-pais\\\/\",\"name\":\"3.000 comunidades siguen en extrema pobreza en el pa\u00eds - El Diario - Bolivia\",\"isPartOf\":{\"@id\":\"https:\\\/\\\/www.eldiario.net\\\/portal\\\/#website\"},\"primaryImageOfPage\":{\"@id\":\"https:\\\/\\\/www.eldiario.net\\\/portal\\\/2022\\\/02\\\/16\\\/3-000-comunidades-siguen-en-extrema-pobreza-en-el-pais\\\/#primaryimage\"},\"image\":{\"@id\":\"https:\\\/\\\/www.eldiario.net\\\/portal\\\/2022\\\/02\\\/16\\\/3-000-comunidades-siguen-en-extrema-pobreza-en-el-pais\\\/#primaryimage\"},\"thumbnailUrl\":\"https:\\\/\\\/www.eldiario.net\\\/portal\\\/wp-content\\\/uploads\\\/2022\\\/02\\\/comuni-dos.jpg\",\"datePublished\":\"2022-02-16T05:46:55+00:00\",\"breadcrumb\":{\"@id\":\"https:\\\/\\\/www.eldiario.net\\\/portal\\\/2022\\\/02\\\/16\\\/3-000-comunidades-siguen-en-extrema-pobreza-en-el-pais\\\/#breadcrumb\"},\"inLanguage\":\"es\",\"potentialAction\":[{\"@type\":\"ReadAction\",\"target\":[\"https:\\\/\\\/www.eldiario.net\\\/portal\\\/2022\\\/02\\\/16\\\/3-000-comunidades-siguen-en-extrema-pobreza-en-el-pais\\\/\"]}]},{\"@type\":\"ImageObject\",\"inLanguage\":\"es\",\"@id\":\"https:\\\/\\\/www.eldiario.net\\\/portal\\\/2022\\\/02\\\/16\\\/3-000-comunidades-siguen-en-extrema-pobreza-en-el-pais\\\/#primaryimage\",\"url\":\"https:\\\/\\\/www.eldiario.net\\\/portal\\\/wp-content\\\/uploads\\\/2022\\\/02\\\/comuni-dos.jpg\",\"contentUrl\":\"https:\\\/\\\/www.eldiario.net\\\/portal\\\/wp-content\\\/uploads\\\/2022\\\/02\\\/comuni-dos.jpg\",\"width\":1280,\"height\":853,\"caption\":\"Firma del acuerdo.\"},{\"@type\":\"BreadcrumbList\",\"@id\":\"https:\\\/\\\/www.eldiario.net\\\/portal\\\/2022\\\/02\\\/16\\\/3-000-comunidades-siguen-en-extrema-pobreza-en-el-pais\\\/#breadcrumb\",\"itemListElement\":[{\"@type\":\"ListItem\",\"position\":1,\"name\":\"Portada\",\"item\":\"https:\\\/\\\/www.eldiario.net\\\/portal\\\/\"},{\"@type\":\"ListItem\",\"position\":2,\"name\":\"3.000 comunidades siguen en extrema pobreza en el pa\u00eds\"}]},{\"@type\":\"WebSite\",\"@id\":\"https:\\\/\\\/www.eldiario.net\\\/portal\\\/#website\",\"url\":\"https:\\\/\\\/www.eldiario.net\\\/portal\\\/\",\"name\":\"El Diario - Decano de la prensa nacional\",\"description\":\"El Diario - Decano de la prensa nacional\",\"publisher\":{\"@id\":\"https:\\\/\\\/www.eldiario.net\\\/portal\\\/#organization\"},\"potentialAction\":[{\"@type\":\"SearchAction\",\"target\":{\"@type\":\"EntryPoint\",\"urlTemplate\":\"https:\\\/\\\/www.eldiario.net\\\/portal\\\/?s={search_term_string}\"},\"query-input\":{\"@type\":\"PropertyValueSpecification\",\"valueRequired\":true,\"valueName\":\"search_term_string\"}}],\"inLanguage\":\"es\"},{\"@type\":\"Organization\",\"@id\":\"https:\\\/\\\/www.eldiario.net\\\/portal\\\/#organization\",\"name\":\"El Diario - Decano de la prensa nacional\",\"url\":\"https:\\\/\\\/www.eldiario.net\\\/portal\\\/\",\"logo\":{\"@type\":\"ImageObject\",\"inLanguage\":\"es\",\"@id\":\"https:\\\/\\\/www.eldiario.net\\\/portal\\\/#\\\/schema\\\/logo\\\/image\\\/\",\"url\":\"https:\\\/\\\/www.eldiario.net\\\/portal\\\/wp-content\\\/uploads\\\/2023\\\/07\\\/logo_ED.jpg\",\"contentUrl\":\"https:\\\/\\\/www.eldiario.net\\\/portal\\\/wp-content\\\/uploads\\\/2023\\\/07\\\/logo_ED.jpg\",\"width\":272,\"height\":52,\"caption\":\"El Diario - Decano de la prensa nacional\"},\"image\":{\"@id\":\"https:\\\/\\\/www.eldiario.net\\\/portal\\\/#\\\/schema\\\/logo\\\/image\\\/\"},\"sameAs\":[\"https:\\\/\\\/www.facebook.com\\\/eldiario.bolivia\\\/\",\"https:\\\/\\\/x.com\\\/eldiario_net\"]},{\"@type\":\"Person\",\"@id\":\"https:\\\/\\\/www.eldiario.net\\\/portal\\\/#\\\/schema\\\/person\\\/2c57cf2b7a7ae032e449e4c9b1019eac\",\"name\":\"Jeanette\",\"image\":{\"@type\":\"ImageObject\",\"inLanguage\":\"es\",\"@id\":\"https:\\\/\\\/secure.gravatar.com\\\/avatar\\\/3ea2118a5f7dad2b7138b1187a6b7ee55f160b9968b66013c3a3ef39dd7e5798?s=96&d=mm&r=g\",\"url\":\"https:\\\/\\\/secure.gravatar.com\\\/avatar\\\/3ea2118a5f7dad2b7138b1187a6b7ee55f160b9968b66013c3a3ef39dd7e5798?s=96&d=mm&r=g\",\"contentUrl\":\"https:\\\/\\\/secure.gravatar.com\\\/avatar\\\/3ea2118a5f7dad2b7138b1187a6b7ee55f160b9968b66013c3a3ef39dd7e5798?s=96&d=mm&r=g\",\"caption\":\"Jeanette\"},\"sameAs\":[\"https:\\\/\\\/www.eldiario.net\\\/portal\"],\"url\":\"https:\\\/\\\/www.eldiario.net\\\/portal\\\/author\\\/jeanette\\\/\"}]}<\/script>\n<!-- \/ Yoast SEO plugin. -->","yoast_head_json":{"title":"3.000 comunidades siguen en extrema pobreza en el pa\u00eds - El Diario - Bolivia","robots":{"index":"index","follow":"follow","max-snippet":"max-snippet:-1","max-image-preview":"max-image-preview:large","max-video-preview":"max-video-preview:-1"},"canonical":"https:\/\/www.eldiario.net\/portal\/2022\/02\/16\/3-000-comunidades-siguen-en-extrema-pobreza-en-el-pais\/","og_locale":"es_ES","og_type":"article","og_title":"3.000 comunidades siguen en extrema pobreza en el pa\u00eds - El Diario - Bolivia","og_description":"Los programas que implementa el Gobierno para el desarrollo del \u00e1rea rural, no llegan a las comunidades pobres, y algunos van a regiones que ya salieron de esta situaci\u00f3n, pero siguen recibiendo apoyo. De aproximadamente 18.600 comunidades 3.000 est\u00e1n en extrema pobreza, reflexion\u00f3 el investigador y docente de la Universidad Mayor de San Andr\u00e9s (UMSA), [&hellip;]","og_url":"https:\/\/www.eldiario.net\/portal\/2022\/02\/16\/3-000-comunidades-siguen-en-extrema-pobreza-en-el-pais\/","og_site_name":"El Diario - Bolivia","article_publisher":"https:\/\/www.facebook.com\/eldiario.bolivia\/","article_published_time":"2022-02-16T05:46:55+00:00","og_image":[{"width":1280,"height":853,"url":"https:\/\/www.eldiario.net\/portal\/wp-content\/uploads\/2022\/02\/comuni-dos.jpg","type":"image\/jpeg"}],"author":"Jeanette","twitter_card":"summary_large_image","twitter_creator":"@eldiario_net","twitter_site":"@eldiario_net","twitter_misc":{"Escrito por":"Jeanette","Tiempo de lectura":"4 minutos"},"schema":{"@context":"https:\/\/schema.org","@graph":[{"@type":"Article","@id":"https:\/\/www.eldiario.net\/portal\/2022\/02\/16\/3-000-comunidades-siguen-en-extrema-pobreza-en-el-pais\/#article","isPartOf":{"@id":"https:\/\/www.eldiario.net\/portal\/2022\/02\/16\/3-000-comunidades-siguen-en-extrema-pobreza-en-el-pais\/"},"author":{"name":"Jeanette","@id":"https:\/\/www.eldiario.net\/portal\/#\/schema\/person\/2c57cf2b7a7ae032e449e4c9b1019eac"},"headline":"3.000 comunidades siguen en extrema pobreza en el pa\u00eds","datePublished":"2022-02-16T05:46:55+00:00","mainEntityOfPage":{"@id":"https:\/\/www.eldiario.net\/portal\/2022\/02\/16\/3-000-comunidades-siguen-en-extrema-pobreza-en-el-pais\/"},"wordCount":804,"publisher":{"@id":"https:\/\/www.eldiario.net\/portal\/#organization"},"image":{"@id":"https:\/\/www.eldiario.net\/portal\/2022\/02\/16\/3-000-comunidades-siguen-en-extrema-pobreza-en-el-pais\/#primaryimage"},"thumbnailUrl":"https:\/\/www.eldiario.net\/portal\/wp-content\/uploads\/2022\/02\/comuni-dos.jpg","articleSection":["Econom\u00eda"],"inLanguage":"es"},{"@type":"WebPage","@id":"https:\/\/www.eldiario.net\/portal\/2022\/02\/16\/3-000-comunidades-siguen-en-extrema-pobreza-en-el-pais\/","url":"https:\/\/www.eldiario.net\/portal\/2022\/02\/16\/3-000-comunidades-siguen-en-extrema-pobreza-en-el-pais\/","name":"3.000 comunidades siguen en extrema pobreza en el pa\u00eds - El Diario - Bolivia","isPartOf":{"@id":"https:\/\/www.eldiario.net\/portal\/#website"},"primaryImageOfPage":{"@id":"https:\/\/www.eldiario.net\/portal\/2022\/02\/16\/3-000-comunidades-siguen-en-extrema-pobreza-en-el-pais\/#primaryimage"},"image":{"@id":"https:\/\/www.eldiario.net\/portal\/2022\/02\/16\/3-000-comunidades-siguen-en-extrema-pobreza-en-el-pais\/#primaryimage"},"thumbnailUrl":"https:\/\/www.eldiario.net\/portal\/wp-content\/uploads\/2022\/02\/comuni-dos.jpg","datePublished":"2022-02-16T05:46:55+00:00","breadcrumb":{"@id":"https:\/\/www.eldiario.net\/portal\/2022\/02\/16\/3-000-comunidades-siguen-en-extrema-pobreza-en-el-pais\/#breadcrumb"},"inLanguage":"es","potentialAction":[{"@type":"ReadAction","target":["https:\/\/www.eldiario.net\/portal\/2022\/02\/16\/3-000-comunidades-siguen-en-extrema-pobreza-en-el-pais\/"]}]},{"@type":"ImageObject","inLanguage":"es","@id":"https:\/\/www.eldiario.net\/portal\/2022\/02\/16\/3-000-comunidades-siguen-en-extrema-pobreza-en-el-pais\/#primaryimage","url":"https:\/\/www.eldiario.net\/portal\/wp-content\/uploads\/2022\/02\/comuni-dos.jpg","contentUrl":"https:\/\/www.eldiario.net\/portal\/wp-content\/uploads\/2022\/02\/comuni-dos.jpg","width":1280,"height":853,"caption":"Firma del acuerdo."},{"@type":"BreadcrumbList","@id":"https:\/\/www.eldiario.net\/portal\/2022\/02\/16\/3-000-comunidades-siguen-en-extrema-pobreza-en-el-pais\/#breadcrumb","itemListElement":[{"@type":"ListItem","position":1,"name":"Portada","item":"https:\/\/www.eldiario.net\/portal\/"},{"@type":"ListItem","position":2,"name":"3.000 comunidades siguen en extrema pobreza en el pa\u00eds"}]},{"@type":"WebSite","@id":"https:\/\/www.eldiario.net\/portal\/#website","url":"https:\/\/www.eldiario.net\/portal\/","name":"El Diario - Decano de la prensa nacional","description":"El Diario - Decano de la prensa nacional","publisher":{"@id":"https:\/\/www.eldiario.net\/portal\/#organization"},"potentialAction":[{"@type":"SearchAction","target":{"@type":"EntryPoint","urlTemplate":"https:\/\/www.eldiario.net\/portal\/?s={search_term_string}"},"query-input":{"@type":"PropertyValueSpecification","valueRequired":true,"valueName":"search_term_string"}}],"inLanguage":"es"},{"@type":"Organization","@id":"https:\/\/www.eldiario.net\/portal\/#organization","name":"El Diario - Decano de la prensa nacional","url":"https:\/\/www.eldiario.net\/portal\/","logo":{"@type":"ImageObject","inLanguage":"es","@id":"https:\/\/www.eldiario.net\/portal\/#\/schema\/logo\/image\/","url":"https:\/\/www.eldiario.net\/portal\/wp-content\/uploads\/2023\/07\/logo_ED.jpg","contentUrl":"https:\/\/www.eldiario.net\/portal\/wp-content\/uploads\/2023\/07\/logo_ED.jpg","width":272,"height":52,"caption":"El Diario - Decano de la prensa nacional"},"image":{"@id":"https:\/\/www.eldiario.net\/portal\/#\/schema\/logo\/image\/"},"sameAs":["https:\/\/www.facebook.com\/eldiario.bolivia\/","https:\/\/x.com\/eldiario_net"]},{"@type":"Person","@id":"https:\/\/www.eldiario.net\/portal\/#\/schema\/person\/2c57cf2b7a7ae032e449e4c9b1019eac","name":"Jeanette","image":{"@type":"ImageObject","inLanguage":"es","@id":"https:\/\/secure.gravatar.com\/avatar\/3ea2118a5f7dad2b7138b1187a6b7ee55f160b9968b66013c3a3ef39dd7e5798?s=96&d=mm&r=g","url":"https:\/\/secure.gravatar.com\/avatar\/3ea2118a5f7dad2b7138b1187a6b7ee55f160b9968b66013c3a3ef39dd7e5798?s=96&d=mm&r=g","contentUrl":"https:\/\/secure.gravatar.com\/avatar\/3ea2118a5f7dad2b7138b1187a6b7ee55f160b9968b66013c3a3ef39dd7e5798?s=96&d=mm&r=g","caption":"Jeanette"},"sameAs":["https:\/\/www.eldiario.net\/portal"],"url":"https:\/\/www.eldiario.net\/portal\/author\/jeanette\/"}]}},"_links":{"self":[{"href":"https:\/\/www.eldiario.net\/portal\/wp-json\/wp\/v2\/posts\/63632","targetHints":{"allow":["GET"]}}],"collection":[{"href":"https:\/\/www.eldiario.net\/portal\/wp-json\/wp\/v2\/posts"}],"about":[{"href":"https:\/\/www.eldiario.net\/portal\/wp-json\/wp\/v2\/types\/post"}],"author":[{"embeddable":true,"href":"https:\/\/www.eldiario.net\/portal\/wp-json\/wp\/v2\/users\/1"}],"replies":[{"embeddable":true,"href":"https:\/\/www.eldiario.net\/portal\/wp-json\/wp\/v2\/comments?post=63632"}],"version-history":[{"count":0,"href":"https:\/\/www.eldiario.net\/portal\/wp-json\/wp\/v2\/posts\/63632\/revisions"}],"wp:featuredmedia":[{"embeddable":true,"href":"https:\/\/www.eldiario.net\/portal\/wp-json\/wp\/v2\/media\/63633"}],"wp:attachment":[{"href":"https:\/\/www.eldiario.net\/portal\/wp-json\/wp\/v2\/media?parent=63632"}],"wp:term":[{"taxonomy":"category","embeddable":true,"href":"https:\/\/www.eldiario.net\/portal\/wp-json\/wp\/v2\/categories?post=63632"},{"taxonomy":"post_tag","embeddable":true,"href":"https:\/\/www.eldiario.net\/portal\/wp-json\/wp\/v2\/tags?post=63632"}],"curies":[{"name":"wp","href":"https:\/\/api.w.org\/{rel}","templated":true}]}}