{"id":63629,"date":"2022-02-16T01:45:54","date_gmt":"2022-02-16T05:45:54","guid":{"rendered":"https:\/\/www.eldiario.net\/portal\/?p=63629"},"modified":"2022-02-16T01:45:54","modified_gmt":"2022-02-16T05:45:54","slug":"bolivia-triplica-generacion-de-energia-electrica-segun-ende","status":"publish","type":"post","link":"https:\/\/www.eldiario.net\/portal\/2022\/02\/16\/bolivia-triplica-generacion-de-energia-electrica-segun-ende\/","title":{"rendered":"Bolivia triplica generaci\u00f3n de  energ\u00eda el\u00e9ctrica seg\u00fan ENDE"},"content":{"rendered":"<p>Bolivia triplic\u00f3 su generaci\u00f3n de electricidad con el objetivo de fortalecer su econom\u00eda y de consolidar la industrializaci\u00f3n de los recursos naturales como el litio y el hierro, dijo el presidente de la Empresa Nacional de Electricidad (ENDE) Corporaci\u00f3n, Marco Escobar.<br \/>\nEl presidente de la Empresa Nacional de Electricidad inform\u00f3 que el incremento de generaci\u00f3n el\u00e9ctrica fortalecer\u00e1 la econom\u00eda y consolidar\u00e1 la industrializaci\u00f3n de los recursos naturales como el litio y el hierro.<br \/>\n\u00abSe ha triplicado en estos \u00faltimos a\u00f1os nuestra generaci\u00f3n para convertir a Bolivia en un pa\u00eds industrializado, con el objetivo de que nuestra econom\u00eda sea fuerte a nivel sudamericano\u00bb, dijo a Patria Nueva.<br \/>\nExplic\u00f3 que, en esa l\u00ednea, el Estado Plurinacional busca la interconexi\u00f3n el\u00e9ctrica con pa\u00edses vecinos como Argentina, Brasil, Per\u00fa, Paraguay y Chile. Con los dos primeros existen importantes avances.<br \/>\n\u00abEstamos apuntando justamente a una integraci\u00f3n energ\u00e9tica con estos pa\u00edses vecinos y uno de nuestros proyectos es la l\u00ednea \u00abJuana Azurduy de Padilla\u00bb (\u0085), desde Bolivia hasta Argentina, que prontamente vamos a inaugurar, para poder exportar los primeros megavatios (a este mercado)\u00bb, destac\u00f3.<br \/>\nA\u00f1adi\u00f3 que la meta no solo es generar excedentes de electricidad para exportar sino tambi\u00e9n para la industrializaci\u00f3n de los recursos naturales como el litio, en los salares de Potos\u00ed y Oruro, o como el hierro, en el Mut\u00fan, en el departamento de Santa Cruz.<br \/>\nLa semana pasada, el viceministro de Electricidad y Energ\u00edas Alternativas, Jos\u00e9 Mar\u00eda Romay, inform\u00f3 que en los \u00faltimos 14 a\u00f1os se triplic\u00f3 la generaci\u00f3n de energ\u00eda el\u00e9ctrica en Bolivia, de 1.000 megavatios (MW) a cerca de 3.500 MW; de los cuales alrededor de 1.600 MW cubren la demanda nacional.<br \/>\n\u00abTenemos un excedente de 1.400 megavatios que pueden ser exportados y usados en la industrializaci\u00f3n del litio y la miner\u00eda con el Mut\u00fan. A esto se suma el transporte por cable, como los telef\u00e9ricos, el tren metropolitano en Cochabamba y la electromovilidad\u00bb, afirm\u00f3. ABI<\/p>\n","protected":false},"excerpt":{"rendered":"<p>Bolivia triplic\u00f3 su generaci\u00f3n de electricidad con el objetivo de fortalecer su econom\u00eda y de consolidar la industrializaci\u00f3n de los recursos naturales como el litio y el hierro, dijo el presidente de la Empresa Nacional de Electricidad (ENDE) Corporaci\u00f3n, Marco Escobar. El presidente de la Empresa Nacional de Electricidad inform\u00f3 que el incremento de generaci\u00f3n [&hellip;]<\/p>\n","protected":false},"author":1,"featured_media":63630,"comment_status":"closed","ping_status":"closed","sticky":false,"template":"","format":"standard","meta":{"_acf_changed":false,"footnotes":""},"categories":[7],"tags":[],"class_list":["post-63629","post","type-post","status-publish","format-standard","has-post-thumbnail","category-economia"],"acf":{"antetitulo":""},"yoast_head":"<!-- This site is optimized with the Yoast SEO plugin v28.4 - https:\/\/yoast.com\/product\/yoast-seo-wordpress\/ -->\n<title>Bolivia triplica generaci\u00f3n de energ\u00eda el\u00e9ctrica seg\u00fan ENDE - El Diario - Bolivia<\/title>\n<meta name=\"robots\" content=\"index, follow, max-snippet:-1, max-image-preview:large, max-video-preview:-1\" \/>\n<link rel=\"canonical\" href=\"https:\/\/www.eldiario.net\/portal\/2022\/02\/16\/bolivia-triplica-generacion-de-energia-electrica-segun-ende\/\" \/>\n<meta property=\"og:locale\" content=\"es_ES\" \/>\n<meta property=\"og:type\" content=\"article\" \/>\n<meta property=\"og:title\" content=\"Bolivia triplica generaci\u00f3n de energ\u00eda el\u00e9ctrica seg\u00fan ENDE - El Diario - Bolivia\" \/>\n<meta property=\"og:description\" content=\"Bolivia triplic\u00f3 su generaci\u00f3n de electricidad con el objetivo de fortalecer su econom\u00eda y de consolidar la industrializaci\u00f3n de los recursos naturales como el litio y el hierro, dijo el presidente de la Empresa Nacional de Electricidad (ENDE) Corporaci\u00f3n, Marco Escobar. El presidente de la Empresa Nacional de Electricidad inform\u00f3 que el incremento de generaci\u00f3n [&hellip;]\" \/>\n<meta property=\"og:url\" content=\"https:\/\/www.eldiario.net\/portal\/2022\/02\/16\/bolivia-triplica-generacion-de-energia-electrica-segun-ende\/\" \/>\n<meta property=\"og:site_name\" content=\"El Diario - Bolivia\" \/>\n<meta property=\"article:publisher\" content=\"https:\/\/www.facebook.com\/eldiario.bolivia\/\" \/>\n<meta property=\"article:published_time\" content=\"2022-02-16T05:45:54+00:00\" \/>\n<meta name=\"author\" content=\"Jeanette\" \/>\n<meta name=\"twitter:card\" content=\"summary_large_image\" \/>\n<meta name=\"twitter:creator\" content=\"@eldiario_net\" \/>\n<meta name=\"twitter:site\" content=\"@eldiario_net\" \/>\n<meta name=\"twitter:label1\" content=\"Escrito por\" \/>\n\t<meta name=\"twitter:data1\" content=\"Jeanette\" \/>\n\t<meta name=\"twitter:label2\" content=\"Tiempo de lectura\" \/>\n\t<meta name=\"twitter:data2\" content=\"2 minutos\" \/>\n<script type=\"application\/ld+json\" class=\"yoast-schema-graph\">{\"@context\":\"https:\\\/\\\/schema.org\",\"@graph\":[{\"@type\":\"Article\",\"@id\":\"https:\\\/\\\/www.eldiario.net\\\/portal\\\/2022\\\/02\\\/16\\\/bolivia-triplica-generacion-de-energia-electrica-segun-ende\\\/#article\",\"isPartOf\":{\"@id\":\"https:\\\/\\\/www.eldiario.net\\\/portal\\\/2022\\\/02\\\/16\\\/bolivia-triplica-generacion-de-energia-electrica-segun-ende\\\/\"},\"author\":{\"name\":\"Jeanette\",\"@id\":\"https:\\\/\\\/www.eldiario.net\\\/portal\\\/#\\\/schema\\\/person\\\/2c57cf2b7a7ae032e449e4c9b1019eac\"},\"headline\":\"Bolivia triplica generaci\u00f3n de energ\u00eda el\u00e9ctrica seg\u00fan ENDE\",\"datePublished\":\"2022-02-16T05:45:54+00:00\",\"mainEntityOfPage\":{\"@id\":\"https:\\\/\\\/www.eldiario.net\\\/portal\\\/2022\\\/02\\\/16\\\/bolivia-triplica-generacion-de-energia-electrica-segun-ende\\\/\"},\"wordCount\":356,\"publisher\":{\"@id\":\"https:\\\/\\\/www.eldiario.net\\\/portal\\\/#organization\"},\"image\":{\"@id\":\"https:\\\/\\\/www.eldiario.net\\\/portal\\\/2022\\\/02\\\/16\\\/bolivia-triplica-generacion-de-energia-electrica-segun-ende\\\/#primaryimage\"},\"thumbnailUrl\":\"\",\"articleSection\":[\"Econom\u00eda\"],\"inLanguage\":\"es\"},{\"@type\":\"WebPage\",\"@id\":\"https:\\\/\\\/www.eldiario.net\\\/portal\\\/2022\\\/02\\\/16\\\/bolivia-triplica-generacion-de-energia-electrica-segun-ende\\\/\",\"url\":\"https:\\\/\\\/www.eldiario.net\\\/portal\\\/2022\\\/02\\\/16\\\/bolivia-triplica-generacion-de-energia-electrica-segun-ende\\\/\",\"name\":\"Bolivia triplica generaci\u00f3n de energ\u00eda el\u00e9ctrica seg\u00fan ENDE - El Diario - Bolivia\",\"isPartOf\":{\"@id\":\"https:\\\/\\\/www.eldiario.net\\\/portal\\\/#website\"},\"primaryImageOfPage\":{\"@id\":\"https:\\\/\\\/www.eldiario.net\\\/portal\\\/2022\\\/02\\\/16\\\/bolivia-triplica-generacion-de-energia-electrica-segun-ende\\\/#primaryimage\"},\"image\":{\"@id\":\"https:\\\/\\\/www.eldiario.net\\\/portal\\\/2022\\\/02\\\/16\\\/bolivia-triplica-generacion-de-energia-electrica-segun-ende\\\/#primaryimage\"},\"thumbnailUrl\":\"\",\"datePublished\":\"2022-02-16T05:45:54+00:00\",\"breadcrumb\":{\"@id\":\"https:\\\/\\\/www.eldiario.net\\\/portal\\\/2022\\\/02\\\/16\\\/bolivia-triplica-generacion-de-energia-electrica-segun-ende\\\/#breadcrumb\"},\"inLanguage\":\"es\",\"potentialAction\":[{\"@type\":\"ReadAction\",\"target\":[\"https:\\\/\\\/www.eldiario.net\\\/portal\\\/2022\\\/02\\\/16\\\/bolivia-triplica-generacion-de-energia-electrica-segun-ende\\\/\"]}]},{\"@type\":\"ImageObject\",\"inLanguage\":\"es\",\"@id\":\"https:\\\/\\\/www.eldiario.net\\\/portal\\\/2022\\\/02\\\/16\\\/bolivia-triplica-generacion-de-energia-electrica-segun-ende\\\/#primaryimage\",\"url\":\"\",\"contentUrl\":\"\"},{\"@type\":\"BreadcrumbList\",\"@id\":\"https:\\\/\\\/www.eldiario.net\\\/portal\\\/2022\\\/02\\\/16\\\/bolivia-triplica-generacion-de-energia-electrica-segun-ende\\\/#breadcrumb\",\"itemListElement\":[{\"@type\":\"ListItem\",\"position\":1,\"name\":\"Portada\",\"item\":\"https:\\\/\\\/www.eldiario.net\\\/portal\\\/\"},{\"@type\":\"ListItem\",\"position\":2,\"name\":\"Bolivia triplica generaci\u00f3n de energ\u00eda el\u00e9ctrica seg\u00fan ENDE\"}]},{\"@type\":\"WebSite\",\"@id\":\"https:\\\/\\\/www.eldiario.net\\\/portal\\\/#website\",\"url\":\"https:\\\/\\\/www.eldiario.net\\\/portal\\\/\",\"name\":\"El Diario - Decano de la prensa nacional\",\"description\":\"El Diario - Decano de la prensa nacional\",\"publisher\":{\"@id\":\"https:\\\/\\\/www.eldiario.net\\\/portal\\\/#organization\"},\"potentialAction\":[{\"@type\":\"SearchAction\",\"target\":{\"@type\":\"EntryPoint\",\"urlTemplate\":\"https:\\\/\\\/www.eldiario.net\\\/portal\\\/?s={search_term_string}\"},\"query-input\":{\"@type\":\"PropertyValueSpecification\",\"valueRequired\":true,\"valueName\":\"search_term_string\"}}],\"inLanguage\":\"es\"},{\"@type\":\"Organization\",\"@id\":\"https:\\\/\\\/www.eldiario.net\\\/portal\\\/#organization\",\"name\":\"El Diario - Decano de la prensa nacional\",\"url\":\"https:\\\/\\\/www.eldiario.net\\\/portal\\\/\",\"logo\":{\"@type\":\"ImageObject\",\"inLanguage\":\"es\",\"@id\":\"https:\\\/\\\/www.eldiario.net\\\/portal\\\/#\\\/schema\\\/logo\\\/image\\\/\",\"url\":\"https:\\\/\\\/www.eldiario.net\\\/portal\\\/wp-content\\\/uploads\\\/2023\\\/07\\\/logo_ED.jpg\",\"contentUrl\":\"https:\\\/\\\/www.eldiario.net\\\/portal\\\/wp-content\\\/uploads\\\/2023\\\/07\\\/logo_ED.jpg\",\"width\":272,\"height\":52,\"caption\":\"El Diario - Decano de la prensa nacional\"},\"image\":{\"@id\":\"https:\\\/\\\/www.eldiario.net\\\/portal\\\/#\\\/schema\\\/logo\\\/image\\\/\"},\"sameAs\":[\"https:\\\/\\\/www.facebook.com\\\/eldiario.bolivia\\\/\",\"https:\\\/\\\/x.com\\\/eldiario_net\"]},{\"@type\":\"Person\",\"@id\":\"https:\\\/\\\/www.eldiario.net\\\/portal\\\/#\\\/schema\\\/person\\\/2c57cf2b7a7ae032e449e4c9b1019eac\",\"name\":\"Jeanette\",\"image\":{\"@type\":\"ImageObject\",\"inLanguage\":\"es\",\"@id\":\"https:\\\/\\\/secure.gravatar.com\\\/avatar\\\/3ea2118a5f7dad2b7138b1187a6b7ee55f160b9968b66013c3a3ef39dd7e5798?s=96&d=mm&r=g\",\"url\":\"https:\\\/\\\/secure.gravatar.com\\\/avatar\\\/3ea2118a5f7dad2b7138b1187a6b7ee55f160b9968b66013c3a3ef39dd7e5798?s=96&d=mm&r=g\",\"contentUrl\":\"https:\\\/\\\/secure.gravatar.com\\\/avatar\\\/3ea2118a5f7dad2b7138b1187a6b7ee55f160b9968b66013c3a3ef39dd7e5798?s=96&d=mm&r=g\",\"caption\":\"Jeanette\"},\"sameAs\":[\"https:\\\/\\\/www.eldiario.net\\\/portal\"],\"url\":\"https:\\\/\\\/www.eldiario.net\\\/portal\\\/author\\\/jeanette\\\/\"}]}<\/script>\n<!-- \/ Yoast SEO plugin. -->","yoast_head_json":{"title":"Bolivia triplica generaci\u00f3n de energ\u00eda el\u00e9ctrica seg\u00fan ENDE - El Diario - Bolivia","robots":{"index":"index","follow":"follow","max-snippet":"max-snippet:-1","max-image-preview":"max-image-preview:large","max-video-preview":"max-video-preview:-1"},"canonical":"https:\/\/www.eldiario.net\/portal\/2022\/02\/16\/bolivia-triplica-generacion-de-energia-electrica-segun-ende\/","og_locale":"es_ES","og_type":"article","og_title":"Bolivia triplica generaci\u00f3n de energ\u00eda el\u00e9ctrica seg\u00fan ENDE - El Diario - Bolivia","og_description":"Bolivia triplic\u00f3 su generaci\u00f3n de electricidad con el objetivo de fortalecer su econom\u00eda y de consolidar la industrializaci\u00f3n de los recursos naturales como el litio y el hierro, dijo el presidente de la Empresa Nacional de Electricidad (ENDE) Corporaci\u00f3n, Marco Escobar. El presidente de la Empresa Nacional de Electricidad inform\u00f3 que el incremento de generaci\u00f3n [&hellip;]","og_url":"https:\/\/www.eldiario.net\/portal\/2022\/02\/16\/bolivia-triplica-generacion-de-energia-electrica-segun-ende\/","og_site_name":"El Diario - Bolivia","article_publisher":"https:\/\/www.facebook.com\/eldiario.bolivia\/","article_published_time":"2022-02-16T05:45:54+00:00","author":"Jeanette","twitter_card":"summary_large_image","twitter_creator":"@eldiario_net","twitter_site":"@eldiario_net","twitter_misc":{"Escrito por":"Jeanette","Tiempo de lectura":"2 minutos"},"schema":{"@context":"https:\/\/schema.org","@graph":[{"@type":"Article","@id":"https:\/\/www.eldiario.net\/portal\/2022\/02\/16\/bolivia-triplica-generacion-de-energia-electrica-segun-ende\/#article","isPartOf":{"@id":"https:\/\/www.eldiario.net\/portal\/2022\/02\/16\/bolivia-triplica-generacion-de-energia-electrica-segun-ende\/"},"author":{"name":"Jeanette","@id":"https:\/\/www.eldiario.net\/portal\/#\/schema\/person\/2c57cf2b7a7ae032e449e4c9b1019eac"},"headline":"Bolivia triplica generaci\u00f3n de energ\u00eda el\u00e9ctrica seg\u00fan ENDE","datePublished":"2022-02-16T05:45:54+00:00","mainEntityOfPage":{"@id":"https:\/\/www.eldiario.net\/portal\/2022\/02\/16\/bolivia-triplica-generacion-de-energia-electrica-segun-ende\/"},"wordCount":356,"publisher":{"@id":"https:\/\/www.eldiario.net\/portal\/#organization"},"image":{"@id":"https:\/\/www.eldiario.net\/portal\/2022\/02\/16\/bolivia-triplica-generacion-de-energia-electrica-segun-ende\/#primaryimage"},"thumbnailUrl":"","articleSection":["Econom\u00eda"],"inLanguage":"es"},{"@type":"WebPage","@id":"https:\/\/www.eldiario.net\/portal\/2022\/02\/16\/bolivia-triplica-generacion-de-energia-electrica-segun-ende\/","url":"https:\/\/www.eldiario.net\/portal\/2022\/02\/16\/bolivia-triplica-generacion-de-energia-electrica-segun-ende\/","name":"Bolivia triplica generaci\u00f3n de energ\u00eda el\u00e9ctrica seg\u00fan ENDE - El Diario - Bolivia","isPartOf":{"@id":"https:\/\/www.eldiario.net\/portal\/#website"},"primaryImageOfPage":{"@id":"https:\/\/www.eldiario.net\/portal\/2022\/02\/16\/bolivia-triplica-generacion-de-energia-electrica-segun-ende\/#primaryimage"},"image":{"@id":"https:\/\/www.eldiario.net\/portal\/2022\/02\/16\/bolivia-triplica-generacion-de-energia-electrica-segun-ende\/#primaryimage"},"thumbnailUrl":"","datePublished":"2022-02-16T05:45:54+00:00","breadcrumb":{"@id":"https:\/\/www.eldiario.net\/portal\/2022\/02\/16\/bolivia-triplica-generacion-de-energia-electrica-segun-ende\/#breadcrumb"},"inLanguage":"es","potentialAction":[{"@type":"ReadAction","target":["https:\/\/www.eldiario.net\/portal\/2022\/02\/16\/bolivia-triplica-generacion-de-energia-electrica-segun-ende\/"]}]},{"@type":"ImageObject","inLanguage":"es","@id":"https:\/\/www.eldiario.net\/portal\/2022\/02\/16\/bolivia-triplica-generacion-de-energia-electrica-segun-ende\/#primaryimage","url":"","contentUrl":""},{"@type":"BreadcrumbList","@id":"https:\/\/www.eldiario.net\/portal\/2022\/02\/16\/bolivia-triplica-generacion-de-energia-electrica-segun-ende\/#breadcrumb","itemListElement":[{"@type":"ListItem","position":1,"name":"Portada","item":"https:\/\/www.eldiario.net\/portal\/"},{"@type":"ListItem","position":2,"name":"Bolivia triplica generaci\u00f3n de energ\u00eda el\u00e9ctrica seg\u00fan ENDE"}]},{"@type":"WebSite","@id":"https:\/\/www.eldiario.net\/portal\/#website","url":"https:\/\/www.eldiario.net\/portal\/","name":"El Diario - Decano de la prensa nacional","description":"El Diario - Decano de la prensa nacional","publisher":{"@id":"https:\/\/www.eldiario.net\/portal\/#organization"},"potentialAction":[{"@type":"SearchAction","target":{"@type":"EntryPoint","urlTemplate":"https:\/\/www.eldiario.net\/portal\/?s={search_term_string}"},"query-input":{"@type":"PropertyValueSpecification","valueRequired":true,"valueName":"search_term_string"}}],"inLanguage":"es"},{"@type":"Organization","@id":"https:\/\/www.eldiario.net\/portal\/#organization","name":"El Diario - Decano de la prensa nacional","url":"https:\/\/www.eldiario.net\/portal\/","logo":{"@type":"ImageObject","inLanguage":"es","@id":"https:\/\/www.eldiario.net\/portal\/#\/schema\/logo\/image\/","url":"https:\/\/www.eldiario.net\/portal\/wp-content\/uploads\/2023\/07\/logo_ED.jpg","contentUrl":"https:\/\/www.eldiario.net\/portal\/wp-content\/uploads\/2023\/07\/logo_ED.jpg","width":272,"height":52,"caption":"El Diario - Decano de la prensa nacional"},"image":{"@id":"https:\/\/www.eldiario.net\/portal\/#\/schema\/logo\/image\/"},"sameAs":["https:\/\/www.facebook.com\/eldiario.bolivia\/","https:\/\/x.com\/eldiario_net"]},{"@type":"Person","@id":"https:\/\/www.eldiario.net\/portal\/#\/schema\/person\/2c57cf2b7a7ae032e449e4c9b1019eac","name":"Jeanette","image":{"@type":"ImageObject","inLanguage":"es","@id":"https:\/\/secure.gravatar.com\/avatar\/3ea2118a5f7dad2b7138b1187a6b7ee55f160b9968b66013c3a3ef39dd7e5798?s=96&d=mm&r=g","url":"https:\/\/secure.gravatar.com\/avatar\/3ea2118a5f7dad2b7138b1187a6b7ee55f160b9968b66013c3a3ef39dd7e5798?s=96&d=mm&r=g","contentUrl":"https:\/\/secure.gravatar.com\/avatar\/3ea2118a5f7dad2b7138b1187a6b7ee55f160b9968b66013c3a3ef39dd7e5798?s=96&d=mm&r=g","caption":"Jeanette"},"sameAs":["https:\/\/www.eldiario.net\/portal"],"url":"https:\/\/www.eldiario.net\/portal\/author\/jeanette\/"}]}},"_links":{"self":[{"href":"https:\/\/www.eldiario.net\/portal\/wp-json\/wp\/v2\/posts\/63629","targetHints":{"allow":["GET"]}}],"collection":[{"href":"https:\/\/www.eldiario.net\/portal\/wp-json\/wp\/v2\/posts"}],"about":[{"href":"https:\/\/www.eldiario.net\/portal\/wp-json\/wp\/v2\/types\/post"}],"author":[{"embeddable":true,"href":"https:\/\/www.eldiario.net\/portal\/wp-json\/wp\/v2\/users\/1"}],"replies":[{"embeddable":true,"href":"https:\/\/www.eldiario.net\/portal\/wp-json\/wp\/v2\/comments?post=63629"}],"version-history":[{"count":0,"href":"https:\/\/www.eldiario.net\/portal\/wp-json\/wp\/v2\/posts\/63629\/revisions"}],"wp:attachment":[{"href":"https:\/\/www.eldiario.net\/portal\/wp-json\/wp\/v2\/media?parent=63629"}],"wp:term":[{"taxonomy":"category","embeddable":true,"href":"https:\/\/www.eldiario.net\/portal\/wp-json\/wp\/v2\/categories?post=63629"},{"taxonomy":"post_tag","embeddable":true,"href":"https:\/\/www.eldiario.net\/portal\/wp-json\/wp\/v2\/tags?post=63629"}],"curies":[{"name":"wp","href":"https:\/\/api.w.org\/{rel}","templated":true}]}}