{"id":63450,"date":"2022-02-15T05:56:15","date_gmt":"2022-02-15T09:56:15","guid":{"rendered":"https:\/\/www.eldiario.net\/portal\/?p=63450"},"modified":"2022-02-15T05:56:15","modified_gmt":"2022-02-15T09:56:15","slug":"la-cumbre-mundial-de-alimentacion","status":"publish","type":"post","link":"https:\/\/www.eldiario.net\/portal\/2022\/02\/15\/la-cumbre-mundial-de-alimentacion\/","title":{"rendered":"La cumbre mundial de alimentaci\u00f3n"},"content":{"rendered":"<p><strong>Por: Equipo editor<\/strong><\/p>\n<p>&nbsp;<\/p>\n<p>La Cumbre Mundial sobre la Alimentaci\u00f3n, se convoc\u00f3 como respuesta a la persistencia de la desnutrici\u00f3n generalizada y a la creciente preocupaci\u00f3n por la capacidad de la agricultura para cubrir las necesidades futuras de alimentos. En 1974, los Gobiernos participantes en la Conferencia Mundial de la Alimentaci\u00f3n proclamaron que \u201ctodos los hombres, mujeres y ni\u00f1os tienen derecho inalienable a no padecer de hambre y malnutrici\u00f3n a fin de poder desarrollarse plenamente y conservar sus facultades f\u00edsicas y mentales\u201d. La Conferencia fij\u00f3 tambi\u00e9n el objetivo de erradicar el hambre, la inseguridad alimentaria y la malnutrici\u00f3n en el plazo de un decenio.<\/p>\n<p>&nbsp;<\/p>\n<p>Este objetivo no se alcanz\u00f3 por diversos motivos, entre los que se incluyen, fallos en la formulaci\u00f3n de las pol\u00edticas y en la financiaci\u00f3n.<\/p>\n<p>&nbsp;<\/p>\n<p>La FAO y otras organizaciones estiman que, a menos que se aceleren estos progresos, podr\u00eda seguir habiendo millones de personas hambrientas en el mundo, de los que la mayor\u00eda vivir\u00edan en el \u00c1frica subsahariana.<\/p>\n<p>&nbsp;<\/p>\n<p>En este contexto, la Cumbre Mundial sobre la Alimentaci\u00f3n se celebr\u00f3 del 13 al 17 de noviembre de 1996, en el curso de cinco d\u00edas de reuniones al m\u00e1s alto nivel, con representantes de 185 pa\u00edses y de la Comunidad Europea. Este acontecimiento hist\u00f3rico, convocado en la sede de la FAO en Roma, reuni\u00f3 a unos 10 000 participantes y constituy\u00f3 un foro para el debate sobre una de las cuestiones m\u00e1s importantes con que se enfrentar\u00e1n los dirigentes mundiales en el nuevo milenio: la erradicaci\u00f3n del hambre.<\/p>\n<p>&nbsp;<\/p>\n<p>La aprobaci\u00f3n de la Declaraci\u00f3n de Roma sobre la Seguridad Alimentaria Mundial y el Plan de Acci\u00f3n de la Cumbre Mundial sobre la Alimentaci\u00f3n por 112 Jefes de Estado y de Gobierno o sus adjuntos, y por m\u00e1s de 70 representantes de alto nivel de otros pa\u00edses, en una reuni\u00f3n en la que participaron tambi\u00e9n activamente representantes de organizaciones intergubernamentales (OIG) y de organizaciones no gubernamentales (ONG), ha contribuido a sensibilizar a la opini\u00f3n p\u00fablica y ha proporcionado un marco para introducir importantes cambios en las pol\u00edticas y los programas, que son necesarios a fin de lograr alimentos para todos.<\/p>\n<p>&nbsp;<\/p>\n<p>El objetivo de la Cumbre fue renovar, al m\u00e1s alto nivel pol\u00edtico, el compromiso mundial de eliminar el hambre y la malnutrici\u00f3n, y garantizar la seguridad alimentaria sostenible para toda la poblaci\u00f3n. La gran difusi\u00f3n de la Cumbre ha hecho que los encargados en adoptar decisiones en los sectores p\u00fablicos y privados, los medios de comunicaci\u00f3n y el p\u00fablico en general adquieran, mayor conciencia de la situaci\u00f3n. Tambi\u00e9n ha establecido las l\u00edneas maestras, a nivel pol\u00edtico, conceptual y t\u00e9cnico, de un esfuerzo constante para erradicar el hambre en todos los pa\u00edses, con el objetivo inmediato de reducir el n\u00famero de personas desnutridas a la mitad de su nivel actual, no m\u00e1s tarde del a\u00f1o 2015.<\/p>\n<p>&nbsp;<\/p>\n<p>En la Declaraci\u00f3n de Roma se formulan siete compromisos en los que se sientan las bases para conseguir una seguridad alimentaria sostenible para todos, mientras que en el Plan de Acci\u00f3n se exponen los objetivos y las medidas pertinentes para poner en pr\u00e1ctica esos siete compromisos.<\/p>\n<p>&nbsp;<\/p>\n<p><strong>Declaraci\u00f3n de roma sobre la seguridad alimentaria mundial<\/strong><\/p>\n<p>&nbsp;<\/p>\n<p>Nosotros, Jefes de Estado y de Gobierno, o nuestros representantes, reunidos en la Cumbre Mundial sobre la Alimentaci\u00f3n por invitaci\u00f3n de la Organizaci\u00f3n de las Naciones Unidas para la Agricultura y la Alimentaci\u00f3n, reafirmamos el derecho de toda persona a tener acceso a alimentos sanos y nutritivos, en consonancia con el derecho a una alimentaci\u00f3n apropiada y con el derecho fundamental de toda persona a no padecer hambre.<\/p>\n<p>&nbsp;<\/p>\n<p>Prometemos consagrar nuestra voluntad pol\u00edtica y nuestra dedicaci\u00f3n com\u00fan y nacional a conseguir la seguridad alimentaria para todos y a realizar un esfuerzo constante para erradicar el hambre de todos los pa\u00edses, con el objetivo inmediato de reducir el n\u00famero de personas desnutridas a la mitad de su nivel actual no m\u00e1s tarde del a\u00f1o 2015.<\/p>\n<p>&nbsp;<\/p>\n<p>Consideramos intolerable que m\u00e1s de 800 millones de personas de todo el mundo, y en particular de los pa\u00edses en desarrollo, no dispongan de alimentos suficientes para satisfacer sus necesidades nutricionales b\u00e1sicas. Esta situaci\u00f3n es inaceptable. Los suministros de alimentos han aumentado considerablemente, pero los factores que obstaculizan el acceso a ellos y la continua insuficiencia de los ingresos familiares y nacionales para comprarlos, as\u00ed como la inestabilidad de la oferta y la demanda y las cat\u00e1strofes naturales y de origen humano, impiden satisfacer las necesidades alimentarias b\u00e1sicas. Los problemas del hambre y la inseguridad alimentaria tienen dimensiones mundiales, y es probable que persistan e incluso se agraven dram\u00e1ticamente en algunas regiones si no se adopta con urgencia una acci\u00f3n decidida y concertada, dado el incremento de la poblaci\u00f3n mundial previsto y la tensi\u00f3n a que est\u00e1n sometidos los recursos naturales.<\/p>\n<p>&nbsp;<\/p>\n<p>Reafirmamos que un entorno pol\u00edtico, social y econ\u00f3mico pac\u00edfico, estable y propicio constituye la base fundamental que permitir\u00e1 a los estados atribuir la debida prioridad a la seguridad alimentaria y la erradicaci\u00f3n de la pobreza. La democracia, la promoci\u00f3n y protecci\u00f3n de todos los derechos humanos y libertades fundamentales, inclusive el derecho al desarrollo, y la participaci\u00f3n plena y equitativa de hombres y mujeres son indispensables a fin de alcanzar la seguridad alimentaria sostenible para todos.<\/p>\n<p>&nbsp;<\/p>\n<p>La pobreza es una causa importante de la inseguridad alimentaria, y el progreso sostenible en su erradicaci\u00f3n es fundamental para mejorar el acceso a los alimentos. Los conflictos, el terrorismo, la corrupci\u00f3n y la degradaci\u00f3n del medio ambiente contribuyen tambi\u00e9n considerablemente a la inseguridad alimentaria. Hay que esforzarse por conseguir una mayor producci\u00f3n de alimentos, incluidos los alimentos b\u00e1sicos. Esto debe realizarse dentro del marco de la ordenaci\u00f3n sostenible de los recursos naturales, la eliminaci\u00f3n de modelos de consumo y producci\u00f3n no sostenibles, particularmente en los pa\u00edses industrializados, y la pronta estabilizaci\u00f3n de la poblaci\u00f3n mundial.<\/p>\n<p>&nbsp;<\/p>\n<p>Reconocemos la aportaci\u00f3n fundamental de las mujeres a la seguridad alimentaria, sobre todo en las zonas rurales de los pa\u00edses en desarrollo, y la necesidad de garantizar la igualdad entre el hombre y la mujer. Para reforzar la estabilidad social y contribuir a corregir la excesiva tasa de migraci\u00f3n del campo a las ciudades con que se enfrentan muchos pa\u00edses, habr\u00e1 que considerar tambi\u00e9n prioritaria la revitalizaci\u00f3n de las zonas rurales.<\/p>\n<p>&nbsp;<\/p>\n<p>Hacemos hincapi\u00e9 en la urgencia de adoptar medidas ahora para cumplir con nuestro cometido de alcanzar la seguridad alimentaria para las generaciones presentes y futuras. Lograr la seguridad alimentaria es una tarea compleja que incumbe en primer lugar a los gobiernos. Estos han de crear un entorno favorable y aplicar pol\u00edticas que garanticen la paz, as\u00ed como la estabilidad social, pol\u00edtica y econ\u00f3mica, y la equidad y la igualdad entre los sexos. Expresamos nuestra profunda preocupaci\u00f3n por la persistencia del hambre que, en tal escala, constituye una amenaza para las sociedades nacionales y, por distintas v\u00edas para la estabilidad de la propia comunidad internacional. En el \u00e1mbito mundial, los gobiernos deber\u00edan asimismo cooperar activamente entre s\u00ed y con las organizaciones del sistema de las Naciones Unidas, las instituciones financieras, las organizaciones intergubernamentales y no gubernamentales y los sectores p\u00fablico y privado en programas encaminados a alcanzar la seguridad alimentaria para todos.<\/p>\n<p>&nbsp;<\/p>\n<p>Los alimentos no deber\u00edan utilizarse como instrumento de presi\u00f3n pol\u00edtica y econ\u00f3mica. Reafirmamos la importancia de la cooperaci\u00f3n y la solidaridad internacionales, as\u00ed como la necesidad de abstenerse de aplicar medidas unilaterales que no est\u00e9n en consonancia con el derecho internacional y con la Carta de las Naciones Unidas y pongan en peligro la seguridad alimentaria.<\/p>\n<p>&nbsp;<\/p>\n<p>Reconocemos la necesidad de adoptar pol\u00edticas favorables a la inversi\u00f3n en el desarrollo de los recursos humanos, en la investigaci\u00f3n y en infraestructura para conseguir la seguridad alimentaria. Debemos impulsar la generaci\u00f3n de empleo e ingresos y promover un acceso equitativo a los recursos productivos y financieros. Convenimos en que el comercio constituye un elemento fundamental para alcanzar la seguridad alimentaria. Convenimos en aplicar pol\u00edticas de comercio alimentario y de comercio en general que alienten a nuestros productores y consumidores a utilizar de modo sostenible y econ\u00f3micamente s\u00f3lido los recursos a su disposici\u00f3n. Reconocemos la importancia que tienen para la seguridad alimentaria la agricultura, la pesca, la silvicultura y el desarrollo rural sostenibles en las zonas tanto de alto como de bajo potencial. Reconocemos el papel fundamental de los agricultores, los pescadores, los silvicultores, las poblaciones ind\u00edgenas y sus comunidades, y todas las dem\u00e1s personas que intervienen en el sector alimentario y sus organizaciones, con el apoyo de una labor eficaz de investigaci\u00f3n y extensi\u00f3n, en la consecuci\u00f3n de la seguridad alimentaria. Nuestras pol\u00edticas de desarrollo sostenible promover\u00e1n la plena participaci\u00f3n y la habilitaci\u00f3n de la poblaci\u00f3n, especialmente de las mujeres, una distribuci\u00f3n equitativa de los ingresos, el acceso a la atenci\u00f3n sanitaria y la educaci\u00f3n y las oportunidades para los j\u00f3venes. Se deber\u00e1 prestar particular atenci\u00f3n a quienes no pueden producir o procurarse alimentos suficientes para una nutrici\u00f3n adecuada, incluidas las personas afectadas por guerras, disturbios civiles, cat\u00e1strofes naturales o cambios ecol\u00f3gicos relacionados con el clima. Somos conscientes de la necesidad de tomar medidas urgentes para combatir las plagas, la sequ\u00eda y la degradaci\u00f3n de los recursos naturales, incluidas la desertificaci\u00f3n, la sobrepesca y la erosi\u00f3n de la diversidad biol\u00f3gica.<\/p>\n<p>&nbsp;<\/p>\n<p>Estamos resueltos a desplegar esfuerzos para movilizar y aprovechar al m\u00e1ximo la asignaci\u00f3n y utilizaci\u00f3n de los recursos t\u00e9cnicos y financieros de todas las procedencias, incluido el alivio de la deuda externa para los pa\u00edses en desarrollo, con vistas a reforzar las acciones nacionales para aplicar pol\u00edticas en pro de una seguridad alimentaria sostenible.<\/p>\n<p>&nbsp;<\/p>\n<p>Convencidos de que el car\u00e1cter polifac\u00e9tico de la seguridad alimentaria hace necesaria una acci\u00f3n nacional concertada, junto con iniciativas internacionales eficaces para complementar y reforzar la acci\u00f3n nacional, asumimos los siguientes compromisos:<\/p>\n<p>&nbsp;<\/p>\n<ul>\n<li>Garantizaremos un entorno pol\u00edtico, social y econ\u00f3mico propicio, destinado a crear las mejores condiciones posibles para la erradicaci\u00f3n de la pobreza y para la paz duradera, sobre la base de una participaci\u00f3n plena y equitativa de las mujeres y los hombres, que favorezca al m\u00e1ximo la consecuci\u00f3n de una seguridad alimentaria sostenible para todos.<\/li>\n<li>Aplicaremos pol\u00edticas que tengan por objeto erradicar la pobreza y la desigualdad y mejorar el acceso f\u00edsico y econ\u00f3mico de todos en todo momento a alimentos suficientes, nutricionalmente adecuados e inocuos, y su utilizaci\u00f3n efectiva.<\/li>\n<li>Nos esforzaremos por adoptar pol\u00edticas y pr\u00e1cticas participativas y sostenibles de desarrollo alimentario, agr\u00edcola, pesquero, forestal y rural, en zonas de alto y bajo potencial, que sean fundamentales para asegurar un suministro de alimentos suficiente y fiable a nivel familiar, nacional, regional y mundial y que combatan las plagas, la sequ\u00eda y la desertificaci\u00f3n, considerando el car\u00e1cter multifuncional de la agricultura.<\/li>\n<li>Nos esforzaremos por asegurar que las pol\u00edticas de comercio alimentario y agr\u00edcola y de comercio en general contribuyan a fomentar la seguridad alimentaria para todos a trav\u00e9s de un sistema de comercio mundial leal y orientado al mercado.<\/li>\n<li>Nos esforzaremos por prevenir y estar preparados para afrontar las cat\u00e1strofes naturales y emergencias de origen humano, y por atender las necesidades transitorias y urgentes de alimentos de maneras que fomenten la recuperaci\u00f3n, la rehabilitaci\u00f3n, el desarrollo y la capacidad para satisfacer las necesidades futuras.<\/li>\n<li>Promoveremos la asignaci\u00f3n y utilizaci\u00f3n \u00f3ptimas de las inversiones p\u00fablicas y privadas para fortalecer los recursos humanos, los sistemas alimentarios, agr\u00edcolas, pesqueros y forestales sostenibles y el desarrollo rural en zonas de alto y de bajo potencial.<\/li>\n<li>Aplicaremos, vigilaremos y daremos seguimiento a este Plan de Acci\u00f3n a todos los niveles en cooperaci\u00f3n con la comunidad internacional.<\/li>\n<li>Nos comprometemos a adoptar las medidas y prestar el apoyo necesario para aplicar el Plan de Acci\u00f3n de la Cumbre Mundial sobre la Alimentaci\u00f3n.<\/li>\n<\/ul>\n<p>&nbsp;<\/p>\n<p><strong>Cumbre mundial sobre la seguridad alimentaria<\/strong><\/p>\n<p>&nbsp;<\/p>\n<p>La Cumbre Mundial para la Seguridad Alimentaria se celebr\u00f3 en Roma, Italia, entre el 16 y el 18 de noviembre de 2009.<\/p>\n<p>&nbsp;<\/p>\n<p>La decisi\u00f3n de convocar a la Cumbre fue tomada por el Consejo de la Organizaci\u00f3n de las Naciones Unidas para la Agricultura y la Alimentaci\u00f3n (FAO) en junio de 2009, ante la propuesta del Director General, el Dr. Jacques Diouf.<\/p>\n<p>&nbsp;<\/p>\n<p>A la Cumbre, que se realiz\u00f3 en la Sede de la FAO, asistieron distintos Jefes de Estado y de Gobierno. El objetivo principal de la Cumbre es erradicar el hambre. Para lograrlo, la FAO asegura que el evento debe enfocarse en establecer un sistema de regulaci\u00f3n de la seguridad alimentaria m\u00e1s coherente y efectivo, incluyendo reglas y mecanismos que aseguren ingresos adecuados para los productores, movilizar la inversi\u00f3n a la infraestructura agr\u00edcola, as\u00ed como la equidad de acceso a los insumos y un mecanismo de reacci\u00f3n temprana en momentos de crisis alimentaria.<\/p>\n<p>&nbsp;<\/p>\n<p>Diouf invit\u00f3 a los gobiernos de todos los pa\u00edses del mundo a negociar una declaraci\u00f3n que fue aprobada en la Cumbre. Para iniciar el proceso, Diouf envi\u00f3 un documento a los Ministros de Relaciones Exteriores, Cooperaci\u00f3n para el Desarrollo y Agricultura, de los pa\u00edses miembros de la FAO y de las Naciones Unidas, generando un \u201cdebate\u201d entre las naciones que pertenecen a la Asociaci\u00f3n.<\/p>\n<p>&nbsp;<\/p>\n<p>En la Cumbre, los pa\u00edses miembros adoptaron por unanimidad, una declaraci\u00f3n prometiendo un renovado compromiso para erradicar el hambre de la faz de la tierra, de forma permanente y a la mayor brevedad posible.<\/p>\n<p>&nbsp;<\/p>\n<p>Durante la inauguraci\u00f3n de la Cumbre, el Secretario General de la ONU, Ban Ki-moon coment\u00f3 que 17 000 ni\u00f1os mueren cada d\u00eda de hambre en el mundo.<\/p>\n<p>&nbsp;<\/p>\n<p>El exDirector General de la FAO, Jacques Diouf, exhort\u00f3 a los pa\u00edses desarrollados a cumplir sus promesas de ayuda para erradicar el hambre, durante su discurso de apertura de la Cumbre.<\/p>\n<p>&nbsp;<\/p>\n<p>Diouf lanz\u00f3 una llamada de atenci\u00f3n a los pa\u00edses ricos y puso el ejemplo de la \u00faltima cumbre del G8 en L\u2019Aquila (centro de Italia) donde se prometieron fondos que a\u00fan no han llegado. \u201cLa cumbre del G8 fue muy positiva debido a la atenci\u00f3n que los pa\u00edses grandes dirigieron al desarrollo de los peque\u00f1os agricultores en los pa\u00edses en v\u00edas de desarrollo, pero los 20 000 millones de d\u00f3lares de fondos prometidos a\u00fan tienen que materializarse\u201d.<\/p>\n<p>&nbsp;<\/p>\n<p>El Papa Benedicto XVI, en su primera intervenci\u00f3n en la Sede de la FAO, declar\u00f3:<\/p>\n<p><strong>\u201cEl hambre es el signo m\u00e1s cruel y concreto de la pobreza\u201d.<\/strong><\/p>\n<p><a href=\"https:\/\/www.eldiario.net\/portal\/wp-content\/uploads\/2022\/02\/Bio-Cosas-sobre-el-cambio-climatico.jpg\"><img loading=\"lazy\" decoding=\"async\" class=\"aligncenter size-full wp-image-63452\" src=\"https:\/\/www.eldiario.net\/portal\/wp-content\/uploads\/2022\/02\/Bio-Cosas-sobre-el-cambio-climatico.jpg\" alt=\"\" width=\"2048\" height=\"2032\" \/><\/a><\/p>\n","protected":false},"excerpt":{"rendered":"<p>Por: Equipo editor &nbsp; La Cumbre Mundial sobre la Alimentaci\u00f3n, se convoc\u00f3 como respuesta a la persistencia de la desnutrici\u00f3n generalizada y a la creciente preocupaci\u00f3n por la capacidad de la agricultura para cubrir las necesidades futuras de alimentos. En 1974, los Gobiernos participantes en la Conferencia Mundial de la Alimentaci\u00f3n proclamaron que \u201ctodos los [&hellip;]<\/p>\n","protected":false},"author":1,"featured_media":63451,"comment_status":"closed","ping_status":"closed","sticky":false,"template":"","format":"standard","meta":{"_acf_changed":false,"footnotes":""},"categories":[43],"tags":[],"class_list":["post-63450","post","type-post","status-publish","format-standard","has-post-thumbnail","category-nuevos-horizontes"],"acf":{"antetitulo":""},"yoast_head":"<!-- This site is optimized with the Yoast SEO plugin v28.4 - https:\/\/yoast.com\/product\/yoast-seo-wordpress\/ -->\n<title>La cumbre mundial de alimentaci\u00f3n - El Diario - Bolivia<\/title>\n<meta name=\"robots\" content=\"index, follow, max-snippet:-1, max-image-preview:large, max-video-preview:-1\" \/>\n<link rel=\"canonical\" href=\"https:\/\/www.eldiario.net\/portal\/2022\/02\/15\/la-cumbre-mundial-de-alimentacion\/\" \/>\n<meta property=\"og:locale\" content=\"es_ES\" \/>\n<meta property=\"og:type\" content=\"article\" \/>\n<meta property=\"og:title\" content=\"La cumbre mundial de alimentaci\u00f3n - El Diario - Bolivia\" \/>\n<meta property=\"og:description\" content=\"Por: Equipo editor &nbsp; La Cumbre Mundial sobre la Alimentaci\u00f3n, se convoc\u00f3 como respuesta a la persistencia de la desnutrici\u00f3n generalizada y a la creciente preocupaci\u00f3n por la capacidad de la agricultura para cubrir las necesidades futuras de alimentos. En 1974, los Gobiernos participantes en la Conferencia Mundial de la Alimentaci\u00f3n proclamaron que \u201ctodos los [&hellip;]\" \/>\n<meta property=\"og:url\" content=\"https:\/\/www.eldiario.net\/portal\/2022\/02\/15\/la-cumbre-mundial-de-alimentacion\/\" \/>\n<meta property=\"og:site_name\" content=\"El Diario - Bolivia\" \/>\n<meta property=\"article:publisher\" content=\"https:\/\/www.facebook.com\/eldiario.bolivia\/\" \/>\n<meta property=\"article:published_time\" content=\"2022-02-15T09:56:15+00:00\" \/>\n<meta name=\"author\" content=\"Jeanette\" \/>\n<meta name=\"twitter:card\" content=\"summary_large_image\" \/>\n<meta name=\"twitter:creator\" content=\"@eldiario_net\" \/>\n<meta name=\"twitter:site\" content=\"@eldiario_net\" \/>\n<meta name=\"twitter:label1\" content=\"Escrito por\" \/>\n\t<meta name=\"twitter:data1\" content=\"Jeanette\" \/>\n\t<meta name=\"twitter:label2\" content=\"Tiempo de lectura\" \/>\n\t<meta name=\"twitter:data2\" content=\"13 minutos\" \/>\n<script type=\"application\/ld+json\" class=\"yoast-schema-graph\">{\"@context\":\"https:\\\/\\\/schema.org\",\"@graph\":[{\"@type\":\"Article\",\"@id\":\"https:\\\/\\\/www.eldiario.net\\\/portal\\\/2022\\\/02\\\/15\\\/la-cumbre-mundial-de-alimentacion\\\/#article\",\"isPartOf\":{\"@id\":\"https:\\\/\\\/www.eldiario.net\\\/portal\\\/2022\\\/02\\\/15\\\/la-cumbre-mundial-de-alimentacion\\\/\"},\"author\":{\"name\":\"Jeanette\",\"@id\":\"https:\\\/\\\/www.eldiario.net\\\/portal\\\/#\\\/schema\\\/person\\\/2c57cf2b7a7ae032e449e4c9b1019eac\"},\"headline\":\"La cumbre mundial de alimentaci\u00f3n\",\"datePublished\":\"2022-02-15T09:56:15+00:00\",\"mainEntityOfPage\":{\"@id\":\"https:\\\/\\\/www.eldiario.net\\\/portal\\\/2022\\\/02\\\/15\\\/la-cumbre-mundial-de-alimentacion\\\/\"},\"wordCount\":2569,\"publisher\":{\"@id\":\"https:\\\/\\\/www.eldiario.net\\\/portal\\\/#organization\"},\"image\":{\"@id\":\"https:\\\/\\\/www.eldiario.net\\\/portal\\\/2022\\\/02\\\/15\\\/la-cumbre-mundial-de-alimentacion\\\/#primaryimage\"},\"thumbnailUrl\":\"\",\"articleSection\":[\"Nuevos Horizontes\"],\"inLanguage\":\"es\"},{\"@type\":\"WebPage\",\"@id\":\"https:\\\/\\\/www.eldiario.net\\\/portal\\\/2022\\\/02\\\/15\\\/la-cumbre-mundial-de-alimentacion\\\/\",\"url\":\"https:\\\/\\\/www.eldiario.net\\\/portal\\\/2022\\\/02\\\/15\\\/la-cumbre-mundial-de-alimentacion\\\/\",\"name\":\"La cumbre mundial de alimentaci\u00f3n - El Diario - Bolivia\",\"isPartOf\":{\"@id\":\"https:\\\/\\\/www.eldiario.net\\\/portal\\\/#website\"},\"primaryImageOfPage\":{\"@id\":\"https:\\\/\\\/www.eldiario.net\\\/portal\\\/2022\\\/02\\\/15\\\/la-cumbre-mundial-de-alimentacion\\\/#primaryimage\"},\"image\":{\"@id\":\"https:\\\/\\\/www.eldiario.net\\\/portal\\\/2022\\\/02\\\/15\\\/la-cumbre-mundial-de-alimentacion\\\/#primaryimage\"},\"thumbnailUrl\":\"\",\"datePublished\":\"2022-02-15T09:56:15+00:00\",\"breadcrumb\":{\"@id\":\"https:\\\/\\\/www.eldiario.net\\\/portal\\\/2022\\\/02\\\/15\\\/la-cumbre-mundial-de-alimentacion\\\/#breadcrumb\"},\"inLanguage\":\"es\",\"potentialAction\":[{\"@type\":\"ReadAction\",\"target\":[\"https:\\\/\\\/www.eldiario.net\\\/portal\\\/2022\\\/02\\\/15\\\/la-cumbre-mundial-de-alimentacion\\\/\"]}]},{\"@type\":\"ImageObject\",\"inLanguage\":\"es\",\"@id\":\"https:\\\/\\\/www.eldiario.net\\\/portal\\\/2022\\\/02\\\/15\\\/la-cumbre-mundial-de-alimentacion\\\/#primaryimage\",\"url\":\"\",\"contentUrl\":\"\"},{\"@type\":\"BreadcrumbList\",\"@id\":\"https:\\\/\\\/www.eldiario.net\\\/portal\\\/2022\\\/02\\\/15\\\/la-cumbre-mundial-de-alimentacion\\\/#breadcrumb\",\"itemListElement\":[{\"@type\":\"ListItem\",\"position\":1,\"name\":\"Portada\",\"item\":\"https:\\\/\\\/www.eldiario.net\\\/portal\\\/\"},{\"@type\":\"ListItem\",\"position\":2,\"name\":\"La cumbre mundial de alimentaci\u00f3n\"}]},{\"@type\":\"WebSite\",\"@id\":\"https:\\\/\\\/www.eldiario.net\\\/portal\\\/#website\",\"url\":\"https:\\\/\\\/www.eldiario.net\\\/portal\\\/\",\"name\":\"El Diario - Decano de la prensa nacional\",\"description\":\"El Diario - Decano de la prensa nacional\",\"publisher\":{\"@id\":\"https:\\\/\\\/www.eldiario.net\\\/portal\\\/#organization\"},\"potentialAction\":[{\"@type\":\"SearchAction\",\"target\":{\"@type\":\"EntryPoint\",\"urlTemplate\":\"https:\\\/\\\/www.eldiario.net\\\/portal\\\/?s={search_term_string}\"},\"query-input\":{\"@type\":\"PropertyValueSpecification\",\"valueRequired\":true,\"valueName\":\"search_term_string\"}}],\"inLanguage\":\"es\"},{\"@type\":\"Organization\",\"@id\":\"https:\\\/\\\/www.eldiario.net\\\/portal\\\/#organization\",\"name\":\"El Diario - Decano de la prensa nacional\",\"url\":\"https:\\\/\\\/www.eldiario.net\\\/portal\\\/\",\"logo\":{\"@type\":\"ImageObject\",\"inLanguage\":\"es\",\"@id\":\"https:\\\/\\\/www.eldiario.net\\\/portal\\\/#\\\/schema\\\/logo\\\/image\\\/\",\"url\":\"https:\\\/\\\/www.eldiario.net\\\/portal\\\/wp-content\\\/uploads\\\/2023\\\/07\\\/logo_ED.jpg\",\"contentUrl\":\"https:\\\/\\\/www.eldiario.net\\\/portal\\\/wp-content\\\/uploads\\\/2023\\\/07\\\/logo_ED.jpg\",\"width\":272,\"height\":52,\"caption\":\"El Diario - Decano de la prensa nacional\"},\"image\":{\"@id\":\"https:\\\/\\\/www.eldiario.net\\\/portal\\\/#\\\/schema\\\/logo\\\/image\\\/\"},\"sameAs\":[\"https:\\\/\\\/www.facebook.com\\\/eldiario.bolivia\\\/\",\"https:\\\/\\\/x.com\\\/eldiario_net\"]},{\"@type\":\"Person\",\"@id\":\"https:\\\/\\\/www.eldiario.net\\\/portal\\\/#\\\/schema\\\/person\\\/2c57cf2b7a7ae032e449e4c9b1019eac\",\"name\":\"Jeanette\",\"image\":{\"@type\":\"ImageObject\",\"inLanguage\":\"es\",\"@id\":\"https:\\\/\\\/secure.gravatar.com\\\/avatar\\\/3ea2118a5f7dad2b7138b1187a6b7ee55f160b9968b66013c3a3ef39dd7e5798?s=96&d=mm&r=g\",\"url\":\"https:\\\/\\\/secure.gravatar.com\\\/avatar\\\/3ea2118a5f7dad2b7138b1187a6b7ee55f160b9968b66013c3a3ef39dd7e5798?s=96&d=mm&r=g\",\"contentUrl\":\"https:\\\/\\\/secure.gravatar.com\\\/avatar\\\/3ea2118a5f7dad2b7138b1187a6b7ee55f160b9968b66013c3a3ef39dd7e5798?s=96&d=mm&r=g\",\"caption\":\"Jeanette\"},\"sameAs\":[\"https:\\\/\\\/www.eldiario.net\\\/portal\"],\"url\":\"https:\\\/\\\/www.eldiario.net\\\/portal\\\/author\\\/jeanette\\\/\"}]}<\/script>\n<!-- \/ Yoast SEO plugin. -->","yoast_head_json":{"title":"La cumbre mundial de alimentaci\u00f3n - El Diario - Bolivia","robots":{"index":"index","follow":"follow","max-snippet":"max-snippet:-1","max-image-preview":"max-image-preview:large","max-video-preview":"max-video-preview:-1"},"canonical":"https:\/\/www.eldiario.net\/portal\/2022\/02\/15\/la-cumbre-mundial-de-alimentacion\/","og_locale":"es_ES","og_type":"article","og_title":"La cumbre mundial de alimentaci\u00f3n - El Diario - Bolivia","og_description":"Por: Equipo editor &nbsp; La Cumbre Mundial sobre la Alimentaci\u00f3n, se convoc\u00f3 como respuesta a la persistencia de la desnutrici\u00f3n generalizada y a la creciente preocupaci\u00f3n por la capacidad de la agricultura para cubrir las necesidades futuras de alimentos. En 1974, los Gobiernos participantes en la Conferencia Mundial de la Alimentaci\u00f3n proclamaron que \u201ctodos los [&hellip;]","og_url":"https:\/\/www.eldiario.net\/portal\/2022\/02\/15\/la-cumbre-mundial-de-alimentacion\/","og_site_name":"El Diario - Bolivia","article_publisher":"https:\/\/www.facebook.com\/eldiario.bolivia\/","article_published_time":"2022-02-15T09:56:15+00:00","author":"Jeanette","twitter_card":"summary_large_image","twitter_creator":"@eldiario_net","twitter_site":"@eldiario_net","twitter_misc":{"Escrito por":"Jeanette","Tiempo de lectura":"13 minutos"},"schema":{"@context":"https:\/\/schema.org","@graph":[{"@type":"Article","@id":"https:\/\/www.eldiario.net\/portal\/2022\/02\/15\/la-cumbre-mundial-de-alimentacion\/#article","isPartOf":{"@id":"https:\/\/www.eldiario.net\/portal\/2022\/02\/15\/la-cumbre-mundial-de-alimentacion\/"},"author":{"name":"Jeanette","@id":"https:\/\/www.eldiario.net\/portal\/#\/schema\/person\/2c57cf2b7a7ae032e449e4c9b1019eac"},"headline":"La cumbre mundial de alimentaci\u00f3n","datePublished":"2022-02-15T09:56:15+00:00","mainEntityOfPage":{"@id":"https:\/\/www.eldiario.net\/portal\/2022\/02\/15\/la-cumbre-mundial-de-alimentacion\/"},"wordCount":2569,"publisher":{"@id":"https:\/\/www.eldiario.net\/portal\/#organization"},"image":{"@id":"https:\/\/www.eldiario.net\/portal\/2022\/02\/15\/la-cumbre-mundial-de-alimentacion\/#primaryimage"},"thumbnailUrl":"","articleSection":["Nuevos Horizontes"],"inLanguage":"es"},{"@type":"WebPage","@id":"https:\/\/www.eldiario.net\/portal\/2022\/02\/15\/la-cumbre-mundial-de-alimentacion\/","url":"https:\/\/www.eldiario.net\/portal\/2022\/02\/15\/la-cumbre-mundial-de-alimentacion\/","name":"La cumbre mundial de alimentaci\u00f3n - El Diario - Bolivia","isPartOf":{"@id":"https:\/\/www.eldiario.net\/portal\/#website"},"primaryImageOfPage":{"@id":"https:\/\/www.eldiario.net\/portal\/2022\/02\/15\/la-cumbre-mundial-de-alimentacion\/#primaryimage"},"image":{"@id":"https:\/\/www.eldiario.net\/portal\/2022\/02\/15\/la-cumbre-mundial-de-alimentacion\/#primaryimage"},"thumbnailUrl":"","datePublished":"2022-02-15T09:56:15+00:00","breadcrumb":{"@id":"https:\/\/www.eldiario.net\/portal\/2022\/02\/15\/la-cumbre-mundial-de-alimentacion\/#breadcrumb"},"inLanguage":"es","potentialAction":[{"@type":"ReadAction","target":["https:\/\/www.eldiario.net\/portal\/2022\/02\/15\/la-cumbre-mundial-de-alimentacion\/"]}]},{"@type":"ImageObject","inLanguage":"es","@id":"https:\/\/www.eldiario.net\/portal\/2022\/02\/15\/la-cumbre-mundial-de-alimentacion\/#primaryimage","url":"","contentUrl":""},{"@type":"BreadcrumbList","@id":"https:\/\/www.eldiario.net\/portal\/2022\/02\/15\/la-cumbre-mundial-de-alimentacion\/#breadcrumb","itemListElement":[{"@type":"ListItem","position":1,"name":"Portada","item":"https:\/\/www.eldiario.net\/portal\/"},{"@type":"ListItem","position":2,"name":"La cumbre mundial de alimentaci\u00f3n"}]},{"@type":"WebSite","@id":"https:\/\/www.eldiario.net\/portal\/#website","url":"https:\/\/www.eldiario.net\/portal\/","name":"El Diario - Decano de la prensa nacional","description":"El Diario - Decano de la prensa nacional","publisher":{"@id":"https:\/\/www.eldiario.net\/portal\/#organization"},"potentialAction":[{"@type":"SearchAction","target":{"@type":"EntryPoint","urlTemplate":"https:\/\/www.eldiario.net\/portal\/?s={search_term_string}"},"query-input":{"@type":"PropertyValueSpecification","valueRequired":true,"valueName":"search_term_string"}}],"inLanguage":"es"},{"@type":"Organization","@id":"https:\/\/www.eldiario.net\/portal\/#organization","name":"El Diario - Decano de la prensa nacional","url":"https:\/\/www.eldiario.net\/portal\/","logo":{"@type":"ImageObject","inLanguage":"es","@id":"https:\/\/www.eldiario.net\/portal\/#\/schema\/logo\/image\/","url":"https:\/\/www.eldiario.net\/portal\/wp-content\/uploads\/2023\/07\/logo_ED.jpg","contentUrl":"https:\/\/www.eldiario.net\/portal\/wp-content\/uploads\/2023\/07\/logo_ED.jpg","width":272,"height":52,"caption":"El Diario - Decano de la prensa nacional"},"image":{"@id":"https:\/\/www.eldiario.net\/portal\/#\/schema\/logo\/image\/"},"sameAs":["https:\/\/www.facebook.com\/eldiario.bolivia\/","https:\/\/x.com\/eldiario_net"]},{"@type":"Person","@id":"https:\/\/www.eldiario.net\/portal\/#\/schema\/person\/2c57cf2b7a7ae032e449e4c9b1019eac","name":"Jeanette","image":{"@type":"ImageObject","inLanguage":"es","@id":"https:\/\/secure.gravatar.com\/avatar\/3ea2118a5f7dad2b7138b1187a6b7ee55f160b9968b66013c3a3ef39dd7e5798?s=96&d=mm&r=g","url":"https:\/\/secure.gravatar.com\/avatar\/3ea2118a5f7dad2b7138b1187a6b7ee55f160b9968b66013c3a3ef39dd7e5798?s=96&d=mm&r=g","contentUrl":"https:\/\/secure.gravatar.com\/avatar\/3ea2118a5f7dad2b7138b1187a6b7ee55f160b9968b66013c3a3ef39dd7e5798?s=96&d=mm&r=g","caption":"Jeanette"},"sameAs":["https:\/\/www.eldiario.net\/portal"],"url":"https:\/\/www.eldiario.net\/portal\/author\/jeanette\/"}]}},"_links":{"self":[{"href":"https:\/\/www.eldiario.net\/portal\/wp-json\/wp\/v2\/posts\/63450","targetHints":{"allow":["GET"]}}],"collection":[{"href":"https:\/\/www.eldiario.net\/portal\/wp-json\/wp\/v2\/posts"}],"about":[{"href":"https:\/\/www.eldiario.net\/portal\/wp-json\/wp\/v2\/types\/post"}],"author":[{"embeddable":true,"href":"https:\/\/www.eldiario.net\/portal\/wp-json\/wp\/v2\/users\/1"}],"replies":[{"embeddable":true,"href":"https:\/\/www.eldiario.net\/portal\/wp-json\/wp\/v2\/comments?post=63450"}],"version-history":[{"count":0,"href":"https:\/\/www.eldiario.net\/portal\/wp-json\/wp\/v2\/posts\/63450\/revisions"}],"wp:attachment":[{"href":"https:\/\/www.eldiario.net\/portal\/wp-json\/wp\/v2\/media?parent=63450"}],"wp:term":[{"taxonomy":"category","embeddable":true,"href":"https:\/\/www.eldiario.net\/portal\/wp-json\/wp\/v2\/categories?post=63450"},{"taxonomy":"post_tag","embeddable":true,"href":"https:\/\/www.eldiario.net\/portal\/wp-json\/wp\/v2\/tags?post=63450"}],"curies":[{"name":"wp","href":"https:\/\/api.w.org\/{rel}","templated":true}]}}