{"id":63441,"date":"2022-02-15T05:53:23","date_gmt":"2022-02-15T09:53:23","guid":{"rendered":"https:\/\/www.eldiario.net\/portal\/?p=63441"},"modified":"2022-02-15T05:53:23","modified_gmt":"2022-02-15T09:53:23","slug":"que-ideas-se-deben-considerar-si-deseo-escribir-8","status":"publish","type":"post","link":"https:\/\/www.eldiario.net\/portal\/2022\/02\/15\/que-ideas-se-deben-considerar-si-deseo-escribir-8\/","title":{"rendered":"\u00bfQu\u00e9 ideas se deben considerar si deseo escribir?"},"content":{"rendered":"<p><strong>Por: Equipo editor<\/strong><\/p>\n<p>&nbsp;<\/p>\n<p><strong>Errores que entorpecen y demoran la fluidez y el dominio en la escritura<\/strong><\/p>\n<p>&nbsp;<\/p>\n<p>Continuando con los errores m\u00e1s comunes al escribir, hoy presentamos los siguientes:<\/p>\n<p>&nbsp;<\/p>\n<p><strong>May\u00fasculas innecesarias<\/strong><\/p>\n<p>&nbsp;<\/p>\n<p>La confusi\u00f3n en el manejo de las may\u00fasculas se debe, generalmente, a la cercan\u00eda que tenemos con otros idiomas, como el ingl\u00e9s o el portugu\u00e9s por ejemplo.<\/p>\n<p>&nbsp;<\/p>\n<p>En espa\u00f1ol, el uso de la may\u00fascula es bien particular. Existen diversas reglas de su uso, no obstante, nos basta con entender bien que solo se escribe con may\u00fascula inicial: los nombres propios; despu\u00e9s de alg\u00fan signo de puntuaci\u00f3n espec\u00edfico como el punto, uso de signos de admiraci\u00f3n e interrogaci\u00f3n, puntos suspensivos, etc.; el uso de t\u00edtulos.<\/p>\n<p>&nbsp;<\/p>\n<p><strong>La coma<\/strong><\/p>\n<p>&nbsp;<\/p>\n<p>Es un error seguir creyendo que la coma es una pausa para tomar aire dentro de una oraci\u00f3n. No es as\u00ed. La coma obedece a unas reglas gramaticales que se deben cumplir para hacer a un texto comprensible.<\/p>\n<p>&nbsp;<\/p>\n<p>Su manejo requiere de un estudio y an\u00e1lisis constante seg\u00fan el sentido que se quiere darle al texto, veamos algunas reglas b\u00e1sicas de su uso:<\/p>\n<p>&nbsp;<\/p>\n<p>La coma no puede separar al sujeto del predicado, incluso cuando el sujeto est\u00e9 muy largo.<\/p>\n<p>No podemos separar el verbo del complemento directo.<\/p>\n<p>&nbsp;<\/p>\n<p>No se usa para las conjunciones: \u201cy\u201d, \u201ce\u201d, \u201co\u201d, \u201cu\u201d, \u201cni\u201d; a menos que pertenezcan a la serie, por ejemplo:<\/p>\n<p>Compr\u00f3 un camisa en Nike, un pantal\u00f3n, zapatos y medias, y fue a otra tienda.<\/p>\n<p>&nbsp;<\/p>\n<p>Eso s\u00ed, se pone coma antes de etc. En este caso, sucede que \u201cetc\u201d significa: et cetera, que viene del lat\u00edn: et-y cetera-lo dem\u00e1s. En algunos idiomas se toma en cuenta la conjunci\u00f3n \u201cy\u201d de su ra\u00edz y por tanto no usan la coma, pero en espa\u00f1ol s\u00ed debe usarse:<\/p>\n<p>&nbsp;<\/p>\n<p>Tiene conejos, caballos, perros, gatos, etc.<\/p>\n<p>&nbsp;<\/p>\n<p><strong>La coma sirve para:<\/strong><\/p>\n<p>&nbsp;<\/p>\n<ul>\n<li>Separar los enunciados<\/li>\n<li>Tengo caf\u00e9, leche, chocolate y t\u00e9 helado.<\/li>\n<li>Aclarar<\/li>\n<li>Juliana, la amiga de mi hermana, vino ayer en la noche.<\/li>\n<li>En locuciones conjuntivas o adverbiales<\/li>\n<li>Asimismo,<\/li>\n<li>Obviamente, (y todas las que terminen en mente)<\/li>\n<li>En efecto,<\/li>\n<li>Es decir,<\/li>\n<li>En fin,<\/li>\n<li>Por consiguiente,<\/li>\n<li>No obstante,<\/li>\n<li><\/li>\n<\/ul>\n<p>&nbsp;<\/p>\n<p><strong>Usos incorrectos de palabras hom\u00f3fonas<\/strong><\/p>\n<p>&nbsp;<\/p>\n<p>Las palabras hom\u00f3fonas son aquellas que suenan igual al pronunciarse, pero que se escriben diferente. Entre ellas tenemos las siguientes: a ver, haber; halla, haya, aya, all\u00e1; ah\u00ed, hay, \u00a1ay!; valla, vaya; hecho, echo; has \u2013 haz; entre otras.<\/p>\n<p>&nbsp;<\/p>\n<p><strong>Manejo inadecuado del gerundio<\/strong><\/p>\n<p>&nbsp;<\/p>\n<p>Los gerundios son los verbos que terminan en \u2013ando, iendo o yendo y se usa para describir dos acciones simult\u00e1neas.<\/p>\n<p>&nbsp;<\/p>\n<p>No se usa cuando la acci\u00f3n que describe es posterior al verbo principal de la oraci\u00f3n. Para identificar su forma correcta, podemos hacerle una pregunta al verbo. Si la respuesta la da el gerundio, est\u00e1 bien empleado. Como por ejemplo:<\/p>\n<p>&nbsp;<\/p>\n<p>El r\u00edo se desbord\u00f3, inundando las casas del barrio<\/p>\n<p>\u00bfC\u00f3mo se desbord\u00f3 el r\u00edo? \u00bfInundando las casas? No lo creo.<\/p>\n<p>&nbsp;<\/p>\n<p>La forma correcta de la oraci\u00f3n ser\u00eda:<\/p>\n<p>El r\u00edo se desbord\u00f3 e inund\u00f3 las casas del barrio.<\/p>\n<p>&nbsp;<\/p>\n<p><strong>Deque\u00edsmo<\/strong><\/p>\n<p>&nbsp;<\/p>\n<p>Solemos usar mucho la f\u00f3rmula \u201cde que\u201d cuando no se debe. Bueno, cabe resaltar que no todas las construcciones de esta f\u00f3rmula son incorrectas. Es solo darse cuenta de cuando realmente necesita ir acompa\u00f1ado por una preposici\u00f3n.<\/p>\n<p>&nbsp;<\/p>\n<p>Uso incorrecto:\u00a0A Juan le dijeron de que ella lo estaba esperando<\/p>\n<p>&nbsp;<\/p>\n<p>Para evitar el error basta con hacer una pregunta que responda a esa oraci\u00f3n: \u00bfQu\u00e9 dijeron? O \u00bfde qu\u00e9 dijeron?<\/p>\n<p>&nbsp;<\/p>\n<p>Por tanto:\u00a0A Juan le dijeron que ella lo estaba esperando.<\/p>\n<p>&nbsp;<\/p>\n<p><strong>Cacofon\u00eda<\/strong><\/p>\n<p>&nbsp;<\/p>\n<p>Las cacofon\u00edas son combinaciones de sonidos que durante la lectura no suenan de forma arm\u00f3nica.<\/p>\n<p>&nbsp;<\/p>\n<p>Son f\u00e1ciles de corregir. Solo es que tomemos un buen diccionario de sin\u00f3nimos para cambiar la palabra o que reformulemos la estructura de la frase.<\/p>\n<p>&nbsp;<\/p>\n<p>Un par de ejemplos de cacofon\u00eda:<\/p>\n<p>&nbsp;<\/p>\n<p>Le pusieron una sanci\u00f3n por robar la canci\u00f3n<\/p>\n<p>&nbsp;<\/p>\n<p>Ya son muchos a\u00f1os trabajando en la construcci\u00f3n con motivaci\u00f3n y perfecci\u00f3n.<\/p>\n<p>&nbsp;<\/p>\n<p><strong>Discordancias<\/strong><\/p>\n<p>&nbsp;<\/p>\n<p>Un error com\u00fan entre nosotros, es generar discordancias entre el sujeto y el predicado, sobre todo con sujetos que hacen referencia a un conjunto de individuos.<\/p>\n<p>&nbsp;<\/p>\n<p><strong>Por ejemplo:<\/strong><\/p>\n<p>&nbsp;<\/p>\n<p>Son gente\u00a0honesta y se\u00a0comportan\u00a0como tal.<\/p>\n<p>&nbsp;<\/p>\n<p>Gente es tercera persona en singular, que designa a un conjunto de individuos, por tanto, la manera correcta ser\u00eda:<\/p>\n<p>&nbsp;<\/p>\n<p>Es gente\u00a0honesta y se\u00a0comporta\u00a0como tal.<\/p>\n<p>&nbsp;<\/p>\n<p><strong>Tilde diacr\u00edtica<\/strong><\/p>\n<p>&nbsp;<\/p>\n<p>Hoy en d\u00eda, contamos con palabras monos\u00edlabas; es decir, de una sola s\u00edlaba que a trav\u00e9s del tiempo, han perdido la tilde.<\/p>\n<p>&nbsp;<\/p>\n<p>No obstante, a\u00fan se conservan algunas gracias a una regla que determina que hay palabras hom\u00f3nimas y de vocablos id\u00e9nticos pero que significan otras cosas.<\/p>\n<p>&nbsp;<\/p>\n<p>Este tipo de tildaci\u00f3n se usa para evitar confusiones en palabras de id\u00e9ntica estructura morfol\u00f3gica, pero que dentro del contexto oracional desempe\u00f1an diferentes funciones gramaticales. Su divisi\u00f3n est\u00e1 expresa en el cuadro<\/p>\n<p>&nbsp;<\/p>\n<table width=\"682\">\n<tbody>\n<tr>\n<td colspan=\"4\" width=\"682\"><strong>D\u00a0\u00a0 I\u00a0\u00a0 A\u00a0\u00a0 C\u00a0\u00a0 R\u00a0\u00a0 \u00cd\u00a0\u00a0 T\u00a0\u00a0 I\u00a0\u00a0 C\u00a0\u00a0 O\u00a0\u00a0 S<\/strong><\/td>\n<\/tr>\n<tr>\n<td rowspan=\"19\" width=\"92\"><strong>DIACR\u00cdTICOS\u00a0\u00a0 MONOS\u00cdLABOS<\/strong><\/td>\n<td width=\"46\">\u00c9l<\/td>\n<td width=\"276\">(Pron.) Pronombre personal<\/td>\n<td width=\"267\">\u00c9l lleg\u00f3 primero<\/td>\n<\/tr>\n<tr>\n<td width=\"46\">El<\/td>\n<td width=\"276\">(Art.) Art\u00edculo masculino<\/td>\n<td width=\"267\">El premio ser\u00e1 importante<\/td>\n<\/tr>\n<tr>\n<td width=\"46\">T\u00fa<\/td>\n<td width=\"276\">Pronombre personal<\/td>\n<td width=\"267\">T\u00fa tendr\u00e1s futuro<\/td>\n<\/tr>\n<tr>\n<td width=\"46\">Tu<\/td>\n<td width=\"276\">(Adj.) Adjetivo posesivo<\/td>\n<td width=\"267\">Tu regla es de pl\u00e1stico<\/td>\n<\/tr>\n<tr>\n<td width=\"46\">M\u00ed<\/td>\n<td width=\"276\">Pronombre personal<\/td>\n<td width=\"267\">A m\u00ed me importas mucho<\/td>\n<\/tr>\n<tr>\n<td width=\"46\">Mi<\/td>\n<td width=\"276\">(Sust.) Sustantivo \u201cnota musical\u201d<\/td>\n<td width=\"267\">Esa nota mi ha sonado desafinada<\/td>\n<\/tr>\n<tr>\n<td width=\"46\">Mi<\/td>\n<td width=\"276\">Adjetivo posesivo<\/td>\n<td width=\"267\">Te invito a cenar en mi casa<\/td>\n<\/tr>\n<tr>\n<td width=\"46\">S\u00e9<\/td>\n<td width=\"276\">Verbo ser o saber<\/td>\n<td width=\"267\">Ya s\u00e9 que vendr\u00e1s<\/td>\n<\/tr>\n<tr>\n<td width=\"46\">Se<\/td>\n<td width=\"276\">Pronombre<\/td>\n<td width=\"267\">Se march\u00f3 al atardecer<\/td>\n<\/tr>\n<tr>\n<td width=\"46\">S\u00ed<\/td>\n<td width=\"276\">(Adv.) Adverbio de afirmaci\u00f3n<\/td>\n<td width=\"267\">S\u00ed, eso es verdad<\/td>\n<\/tr>\n<tr>\n<td width=\"46\">Si<\/td>\n<td width=\"276\">(Conj.) Conjunci\u00f3n condicional<\/td>\n<td width=\"267\">Si no estudias, reprobar\u00e1s<\/td>\n<\/tr>\n<tr>\n<td width=\"46\">S\u00ed<\/td>\n<td width=\"276\">Pronombre personal reflexivo 3ra. Persona<\/td>\n<td width=\"267\">Andr\u00e9s lo pens\u00f3 para s\u00ed<\/td>\n<\/tr>\n<tr>\n<td width=\"46\">Si<\/td>\n<td width=\"276\">Sustantivo \u201cnota musical\u201d<\/td>\n<td width=\"267\">Es una composici\u00f3n en si bemol<\/td>\n<\/tr>\n<tr>\n<td width=\"46\">D\u00e9<\/td>\n<td width=\"276\">Verbo dar<\/td>\n<td width=\"267\">Navidad es una fiesta para que Ud. d\u00e9 amor<\/td>\n<\/tr>\n<tr>\n<td width=\"46\">De<\/td>\n<td width=\"276\">Preposici\u00f3n<\/td>\n<td width=\"267\">Lleg\u00f3 el hijo de mi vecina<\/td>\n<\/tr>\n<tr>\n<td width=\"46\">T\u00e9<\/td>\n<td width=\"276\">Sustantivo<\/td>\n<td width=\"267\">Tomaremos un t\u00e9 y luego te vas<\/td>\n<\/tr>\n<tr>\n<td width=\"46\">Te<\/td>\n<td width=\"276\">Pronombre<\/td>\n<td width=\"267\">Te dije que te ayudar\u00eda<\/td>\n<\/tr>\n<tr>\n<td width=\"46\">M\u00e1s<\/td>\n<td width=\"276\">Adverbio de cantidad\/adjetivo\/conjunci\u00f3n<\/td>\n<td width=\"267\">En el curso cada d\u00eda, somos m\u00e1s estudiantes<\/td>\n<\/tr>\n<tr>\n<td width=\"46\">Mas<\/td>\n<td width=\"276\">Conjunci\u00f3n adversativa equivalente a \u201cpero\u201d<\/td>\n<td width=\"267\">Terminamos hace un a\u00f1o, mas yo te sigo amando<\/td>\n<\/tr>\n<tr>\n<td rowspan=\"2\" width=\"92\"><strong>DIACR\u00cdTICOS POLIS\u00cdLABOS<\/strong><\/td>\n<td width=\"46\">A\u00fan<\/td>\n<td width=\"276\">Adverbio equivalente a \u201ctodav\u00eda\u201d<\/td>\n<td width=\"267\">A\u00fan no hab\u00eda llegado<\/td>\n<\/tr>\n<tr>\n<td width=\"46\">Aun<\/td>\n<td width=\"276\">Adverbio, preposici\u00f3n y conjunci\u00f3n equivalente a \u201cincluso\u201d \u201chasta\u201d<\/td>\n<td width=\"267\">Aun sin tu permiso, ir\u00e9<\/td>\n<\/tr>\n<tr>\n<td rowspan=\"2\" width=\"92\"><strong>DIACR\u00cdTICOS ENF\u00c1TICOS<\/strong><\/td>\n<td colspan=\"2\" width=\"323\">Qu\u00e9, para qu\u00e9, c\u00f3mo, d\u00f3nde, cu\u00e1nto, cu\u00e1ndo, qui\u00e9nes, por qu\u00e9<\/td>\n<td width=\"267\">Interrogaciones o exclamaciones<\/td>\n<\/tr>\n<tr>\n<td colspan=\"2\" width=\"323\">Que, para que, como, donde, cuanto, cuando, quienes, porque<\/td>\n<td width=\"267\">Respuestas o afirmaciones<\/td>\n<\/tr>\n<\/tbody>\n<\/table>\n<p><a href=\"https:\/\/www.eldiario.net\/portal\/wp-content\/uploads\/2022\/02\/TE-Errores.png\"><img loading=\"lazy\" decoding=\"async\" class=\"aligncenter size-full wp-image-63443\" src=\"https:\/\/www.eldiario.net\/portal\/wp-content\/uploads\/2022\/02\/TE-Errores.png\" alt=\"\" width=\"1600\" height=\"2398\" \/><\/a><\/p>\n","protected":false},"excerpt":{"rendered":"<p>Por: Equipo editor &nbsp; Errores que entorpecen y demoran la fluidez y el dominio en la escritura &nbsp; Continuando con los errores m\u00e1s comunes al escribir, hoy presentamos los siguientes: &nbsp; May\u00fasculas innecesarias &nbsp; La confusi\u00f3n en el manejo de las may\u00fasculas se debe, generalmente, a la cercan\u00eda que tenemos con otros idiomas, como el [&hellip;]<\/p>\n","protected":false},"author":1,"featured_media":63442,"comment_status":"closed","ping_status":"closed","sticky":false,"template":"","format":"standard","meta":{"_acf_changed":false,"footnotes":""},"categories":[43],"tags":[],"class_list":["post-63441","post","type-post","status-publish","format-standard","has-post-thumbnail","category-nuevos-horizontes"],"acf":{"antetitulo":""},"yoast_head":"<!-- This site is optimized with the Yoast SEO plugin v28.4 - https:\/\/yoast.com\/product\/yoast-seo-wordpress\/ -->\n<title>\u00bfQu\u00e9 ideas se deben considerar si deseo escribir? - El Diario - Bolivia<\/title>\n<meta name=\"robots\" content=\"index, follow, max-snippet:-1, max-image-preview:large, max-video-preview:-1\" \/>\n<link rel=\"canonical\" href=\"https:\/\/www.eldiario.net\/portal\/2022\/02\/15\/que-ideas-se-deben-considerar-si-deseo-escribir-8\/\" \/>\n<meta property=\"og:locale\" content=\"es_ES\" \/>\n<meta property=\"og:type\" content=\"article\" \/>\n<meta property=\"og:title\" content=\"\u00bfQu\u00e9 ideas se deben considerar si deseo escribir? - El Diario - Bolivia\" \/>\n<meta property=\"og:description\" content=\"Por: Equipo editor &nbsp; Errores que entorpecen y demoran la fluidez y el dominio en la escritura &nbsp; Continuando con los errores m\u00e1s comunes al escribir, hoy presentamos los siguientes: &nbsp; May\u00fasculas innecesarias &nbsp; La confusi\u00f3n en el manejo de las may\u00fasculas se debe, generalmente, a la cercan\u00eda que tenemos con otros idiomas, como el [&hellip;]\" \/>\n<meta property=\"og:url\" content=\"https:\/\/www.eldiario.net\/portal\/2022\/02\/15\/que-ideas-se-deben-considerar-si-deseo-escribir-8\/\" \/>\n<meta property=\"og:site_name\" content=\"El Diario - Bolivia\" \/>\n<meta property=\"article:publisher\" content=\"https:\/\/www.facebook.com\/eldiario.bolivia\/\" \/>\n<meta property=\"article:published_time\" content=\"2022-02-15T09:53:23+00:00\" \/>\n<meta name=\"author\" content=\"Jeanette\" \/>\n<meta name=\"twitter:card\" content=\"summary_large_image\" \/>\n<meta name=\"twitter:creator\" content=\"@eldiario_net\" \/>\n<meta name=\"twitter:site\" content=\"@eldiario_net\" \/>\n<meta name=\"twitter:label1\" content=\"Escrito por\" \/>\n\t<meta name=\"twitter:data1\" content=\"Jeanette\" \/>\n\t<meta name=\"twitter:label2\" content=\"Tiempo de lectura\" \/>\n\t<meta name=\"twitter:data2\" content=\"5 minutos\" \/>\n<script type=\"application\/ld+json\" class=\"yoast-schema-graph\">{\"@context\":\"https:\\\/\\\/schema.org\",\"@graph\":[{\"@type\":\"Article\",\"@id\":\"https:\\\/\\\/www.eldiario.net\\\/portal\\\/2022\\\/02\\\/15\\\/que-ideas-se-deben-considerar-si-deseo-escribir-8\\\/#article\",\"isPartOf\":{\"@id\":\"https:\\\/\\\/www.eldiario.net\\\/portal\\\/2022\\\/02\\\/15\\\/que-ideas-se-deben-considerar-si-deseo-escribir-8\\\/\"},\"author\":{\"name\":\"Jeanette\",\"@id\":\"https:\\\/\\\/www.eldiario.net\\\/portal\\\/#\\\/schema\\\/person\\\/2c57cf2b7a7ae032e449e4c9b1019eac\"},\"headline\":\"\u00bfQu\u00e9 ideas se deben considerar si deseo escribir?\",\"datePublished\":\"2022-02-15T09:53:23+00:00\",\"mainEntityOfPage\":{\"@id\":\"https:\\\/\\\/www.eldiario.net\\\/portal\\\/2022\\\/02\\\/15\\\/que-ideas-se-deben-considerar-si-deseo-escribir-8\\\/\"},\"wordCount\":1178,\"publisher\":{\"@id\":\"https:\\\/\\\/www.eldiario.net\\\/portal\\\/#organization\"},\"image\":{\"@id\":\"https:\\\/\\\/www.eldiario.net\\\/portal\\\/2022\\\/02\\\/15\\\/que-ideas-se-deben-considerar-si-deseo-escribir-8\\\/#primaryimage\"},\"thumbnailUrl\":\"\",\"articleSection\":[\"Nuevos Horizontes\"],\"inLanguage\":\"es\"},{\"@type\":\"WebPage\",\"@id\":\"https:\\\/\\\/www.eldiario.net\\\/portal\\\/2022\\\/02\\\/15\\\/que-ideas-se-deben-considerar-si-deseo-escribir-8\\\/\",\"url\":\"https:\\\/\\\/www.eldiario.net\\\/portal\\\/2022\\\/02\\\/15\\\/que-ideas-se-deben-considerar-si-deseo-escribir-8\\\/\",\"name\":\"\u00bfQu\u00e9 ideas se deben considerar si deseo escribir? - El Diario - Bolivia\",\"isPartOf\":{\"@id\":\"https:\\\/\\\/www.eldiario.net\\\/portal\\\/#website\"},\"primaryImageOfPage\":{\"@id\":\"https:\\\/\\\/www.eldiario.net\\\/portal\\\/2022\\\/02\\\/15\\\/que-ideas-se-deben-considerar-si-deseo-escribir-8\\\/#primaryimage\"},\"image\":{\"@id\":\"https:\\\/\\\/www.eldiario.net\\\/portal\\\/2022\\\/02\\\/15\\\/que-ideas-se-deben-considerar-si-deseo-escribir-8\\\/#primaryimage\"},\"thumbnailUrl\":\"\",\"datePublished\":\"2022-02-15T09:53:23+00:00\",\"breadcrumb\":{\"@id\":\"https:\\\/\\\/www.eldiario.net\\\/portal\\\/2022\\\/02\\\/15\\\/que-ideas-se-deben-considerar-si-deseo-escribir-8\\\/#breadcrumb\"},\"inLanguage\":\"es\",\"potentialAction\":[{\"@type\":\"ReadAction\",\"target\":[\"https:\\\/\\\/www.eldiario.net\\\/portal\\\/2022\\\/02\\\/15\\\/que-ideas-se-deben-considerar-si-deseo-escribir-8\\\/\"]}]},{\"@type\":\"ImageObject\",\"inLanguage\":\"es\",\"@id\":\"https:\\\/\\\/www.eldiario.net\\\/portal\\\/2022\\\/02\\\/15\\\/que-ideas-se-deben-considerar-si-deseo-escribir-8\\\/#primaryimage\",\"url\":\"\",\"contentUrl\":\"\"},{\"@type\":\"BreadcrumbList\",\"@id\":\"https:\\\/\\\/www.eldiario.net\\\/portal\\\/2022\\\/02\\\/15\\\/que-ideas-se-deben-considerar-si-deseo-escribir-8\\\/#breadcrumb\",\"itemListElement\":[{\"@type\":\"ListItem\",\"position\":1,\"name\":\"Portada\",\"item\":\"https:\\\/\\\/www.eldiario.net\\\/portal\\\/\"},{\"@type\":\"ListItem\",\"position\":2,\"name\":\"\u00bfQu\u00e9 ideas se deben considerar si deseo escribir?\"}]},{\"@type\":\"WebSite\",\"@id\":\"https:\\\/\\\/www.eldiario.net\\\/portal\\\/#website\",\"url\":\"https:\\\/\\\/www.eldiario.net\\\/portal\\\/\",\"name\":\"El Diario - Decano de la prensa nacional\",\"description\":\"El Diario - Decano de la prensa nacional\",\"publisher\":{\"@id\":\"https:\\\/\\\/www.eldiario.net\\\/portal\\\/#organization\"},\"potentialAction\":[{\"@type\":\"SearchAction\",\"target\":{\"@type\":\"EntryPoint\",\"urlTemplate\":\"https:\\\/\\\/www.eldiario.net\\\/portal\\\/?s={search_term_string}\"},\"query-input\":{\"@type\":\"PropertyValueSpecification\",\"valueRequired\":true,\"valueName\":\"search_term_string\"}}],\"inLanguage\":\"es\"},{\"@type\":\"Organization\",\"@id\":\"https:\\\/\\\/www.eldiario.net\\\/portal\\\/#organization\",\"name\":\"El Diario - Decano de la prensa nacional\",\"url\":\"https:\\\/\\\/www.eldiario.net\\\/portal\\\/\",\"logo\":{\"@type\":\"ImageObject\",\"inLanguage\":\"es\",\"@id\":\"https:\\\/\\\/www.eldiario.net\\\/portal\\\/#\\\/schema\\\/logo\\\/image\\\/\",\"url\":\"https:\\\/\\\/www.eldiario.net\\\/portal\\\/wp-content\\\/uploads\\\/2023\\\/07\\\/logo_ED.jpg\",\"contentUrl\":\"https:\\\/\\\/www.eldiario.net\\\/portal\\\/wp-content\\\/uploads\\\/2023\\\/07\\\/logo_ED.jpg\",\"width\":272,\"height\":52,\"caption\":\"El Diario - Decano de la prensa nacional\"},\"image\":{\"@id\":\"https:\\\/\\\/www.eldiario.net\\\/portal\\\/#\\\/schema\\\/logo\\\/image\\\/\"},\"sameAs\":[\"https:\\\/\\\/www.facebook.com\\\/eldiario.bolivia\\\/\",\"https:\\\/\\\/x.com\\\/eldiario_net\"]},{\"@type\":\"Person\",\"@id\":\"https:\\\/\\\/www.eldiario.net\\\/portal\\\/#\\\/schema\\\/person\\\/2c57cf2b7a7ae032e449e4c9b1019eac\",\"name\":\"Jeanette\",\"image\":{\"@type\":\"ImageObject\",\"inLanguage\":\"es\",\"@id\":\"https:\\\/\\\/secure.gravatar.com\\\/avatar\\\/3ea2118a5f7dad2b7138b1187a6b7ee55f160b9968b66013c3a3ef39dd7e5798?s=96&d=mm&r=g\",\"url\":\"https:\\\/\\\/secure.gravatar.com\\\/avatar\\\/3ea2118a5f7dad2b7138b1187a6b7ee55f160b9968b66013c3a3ef39dd7e5798?s=96&d=mm&r=g\",\"contentUrl\":\"https:\\\/\\\/secure.gravatar.com\\\/avatar\\\/3ea2118a5f7dad2b7138b1187a6b7ee55f160b9968b66013c3a3ef39dd7e5798?s=96&d=mm&r=g\",\"caption\":\"Jeanette\"},\"sameAs\":[\"https:\\\/\\\/www.eldiario.net\\\/portal\"],\"url\":\"https:\\\/\\\/www.eldiario.net\\\/portal\\\/author\\\/jeanette\\\/\"}]}<\/script>\n<!-- \/ Yoast SEO plugin. -->","yoast_head_json":{"title":"\u00bfQu\u00e9 ideas se deben considerar si deseo escribir? - El Diario - Bolivia","robots":{"index":"index","follow":"follow","max-snippet":"max-snippet:-1","max-image-preview":"max-image-preview:large","max-video-preview":"max-video-preview:-1"},"canonical":"https:\/\/www.eldiario.net\/portal\/2022\/02\/15\/que-ideas-se-deben-considerar-si-deseo-escribir-8\/","og_locale":"es_ES","og_type":"article","og_title":"\u00bfQu\u00e9 ideas se deben considerar si deseo escribir? - El Diario - Bolivia","og_description":"Por: Equipo editor &nbsp; Errores que entorpecen y demoran la fluidez y el dominio en la escritura &nbsp; Continuando con los errores m\u00e1s comunes al escribir, hoy presentamos los siguientes: &nbsp; May\u00fasculas innecesarias &nbsp; La confusi\u00f3n en el manejo de las may\u00fasculas se debe, generalmente, a la cercan\u00eda que tenemos con otros idiomas, como el [&hellip;]","og_url":"https:\/\/www.eldiario.net\/portal\/2022\/02\/15\/que-ideas-se-deben-considerar-si-deseo-escribir-8\/","og_site_name":"El Diario - Bolivia","article_publisher":"https:\/\/www.facebook.com\/eldiario.bolivia\/","article_published_time":"2022-02-15T09:53:23+00:00","author":"Jeanette","twitter_card":"summary_large_image","twitter_creator":"@eldiario_net","twitter_site":"@eldiario_net","twitter_misc":{"Escrito por":"Jeanette","Tiempo de lectura":"5 minutos"},"schema":{"@context":"https:\/\/schema.org","@graph":[{"@type":"Article","@id":"https:\/\/www.eldiario.net\/portal\/2022\/02\/15\/que-ideas-se-deben-considerar-si-deseo-escribir-8\/#article","isPartOf":{"@id":"https:\/\/www.eldiario.net\/portal\/2022\/02\/15\/que-ideas-se-deben-considerar-si-deseo-escribir-8\/"},"author":{"name":"Jeanette","@id":"https:\/\/www.eldiario.net\/portal\/#\/schema\/person\/2c57cf2b7a7ae032e449e4c9b1019eac"},"headline":"\u00bfQu\u00e9 ideas se deben considerar si deseo escribir?","datePublished":"2022-02-15T09:53:23+00:00","mainEntityOfPage":{"@id":"https:\/\/www.eldiario.net\/portal\/2022\/02\/15\/que-ideas-se-deben-considerar-si-deseo-escribir-8\/"},"wordCount":1178,"publisher":{"@id":"https:\/\/www.eldiario.net\/portal\/#organization"},"image":{"@id":"https:\/\/www.eldiario.net\/portal\/2022\/02\/15\/que-ideas-se-deben-considerar-si-deseo-escribir-8\/#primaryimage"},"thumbnailUrl":"","articleSection":["Nuevos Horizontes"],"inLanguage":"es"},{"@type":"WebPage","@id":"https:\/\/www.eldiario.net\/portal\/2022\/02\/15\/que-ideas-se-deben-considerar-si-deseo-escribir-8\/","url":"https:\/\/www.eldiario.net\/portal\/2022\/02\/15\/que-ideas-se-deben-considerar-si-deseo-escribir-8\/","name":"\u00bfQu\u00e9 ideas se deben considerar si deseo escribir? - El Diario - Bolivia","isPartOf":{"@id":"https:\/\/www.eldiario.net\/portal\/#website"},"primaryImageOfPage":{"@id":"https:\/\/www.eldiario.net\/portal\/2022\/02\/15\/que-ideas-se-deben-considerar-si-deseo-escribir-8\/#primaryimage"},"image":{"@id":"https:\/\/www.eldiario.net\/portal\/2022\/02\/15\/que-ideas-se-deben-considerar-si-deseo-escribir-8\/#primaryimage"},"thumbnailUrl":"","datePublished":"2022-02-15T09:53:23+00:00","breadcrumb":{"@id":"https:\/\/www.eldiario.net\/portal\/2022\/02\/15\/que-ideas-se-deben-considerar-si-deseo-escribir-8\/#breadcrumb"},"inLanguage":"es","potentialAction":[{"@type":"ReadAction","target":["https:\/\/www.eldiario.net\/portal\/2022\/02\/15\/que-ideas-se-deben-considerar-si-deseo-escribir-8\/"]}]},{"@type":"ImageObject","inLanguage":"es","@id":"https:\/\/www.eldiario.net\/portal\/2022\/02\/15\/que-ideas-se-deben-considerar-si-deseo-escribir-8\/#primaryimage","url":"","contentUrl":""},{"@type":"BreadcrumbList","@id":"https:\/\/www.eldiario.net\/portal\/2022\/02\/15\/que-ideas-se-deben-considerar-si-deseo-escribir-8\/#breadcrumb","itemListElement":[{"@type":"ListItem","position":1,"name":"Portada","item":"https:\/\/www.eldiario.net\/portal\/"},{"@type":"ListItem","position":2,"name":"\u00bfQu\u00e9 ideas se deben considerar si deseo escribir?"}]},{"@type":"WebSite","@id":"https:\/\/www.eldiario.net\/portal\/#website","url":"https:\/\/www.eldiario.net\/portal\/","name":"El Diario - Decano de la prensa nacional","description":"El Diario - Decano de la prensa nacional","publisher":{"@id":"https:\/\/www.eldiario.net\/portal\/#organization"},"potentialAction":[{"@type":"SearchAction","target":{"@type":"EntryPoint","urlTemplate":"https:\/\/www.eldiario.net\/portal\/?s={search_term_string}"},"query-input":{"@type":"PropertyValueSpecification","valueRequired":true,"valueName":"search_term_string"}}],"inLanguage":"es"},{"@type":"Organization","@id":"https:\/\/www.eldiario.net\/portal\/#organization","name":"El Diario - Decano de la prensa nacional","url":"https:\/\/www.eldiario.net\/portal\/","logo":{"@type":"ImageObject","inLanguage":"es","@id":"https:\/\/www.eldiario.net\/portal\/#\/schema\/logo\/image\/","url":"https:\/\/www.eldiario.net\/portal\/wp-content\/uploads\/2023\/07\/logo_ED.jpg","contentUrl":"https:\/\/www.eldiario.net\/portal\/wp-content\/uploads\/2023\/07\/logo_ED.jpg","width":272,"height":52,"caption":"El Diario - Decano de la prensa nacional"},"image":{"@id":"https:\/\/www.eldiario.net\/portal\/#\/schema\/logo\/image\/"},"sameAs":["https:\/\/www.facebook.com\/eldiario.bolivia\/","https:\/\/x.com\/eldiario_net"]},{"@type":"Person","@id":"https:\/\/www.eldiario.net\/portal\/#\/schema\/person\/2c57cf2b7a7ae032e449e4c9b1019eac","name":"Jeanette","image":{"@type":"ImageObject","inLanguage":"es","@id":"https:\/\/secure.gravatar.com\/avatar\/3ea2118a5f7dad2b7138b1187a6b7ee55f160b9968b66013c3a3ef39dd7e5798?s=96&d=mm&r=g","url":"https:\/\/secure.gravatar.com\/avatar\/3ea2118a5f7dad2b7138b1187a6b7ee55f160b9968b66013c3a3ef39dd7e5798?s=96&d=mm&r=g","contentUrl":"https:\/\/secure.gravatar.com\/avatar\/3ea2118a5f7dad2b7138b1187a6b7ee55f160b9968b66013c3a3ef39dd7e5798?s=96&d=mm&r=g","caption":"Jeanette"},"sameAs":["https:\/\/www.eldiario.net\/portal"],"url":"https:\/\/www.eldiario.net\/portal\/author\/jeanette\/"}]}},"_links":{"self":[{"href":"https:\/\/www.eldiario.net\/portal\/wp-json\/wp\/v2\/posts\/63441","targetHints":{"allow":["GET"]}}],"collection":[{"href":"https:\/\/www.eldiario.net\/portal\/wp-json\/wp\/v2\/posts"}],"about":[{"href":"https:\/\/www.eldiario.net\/portal\/wp-json\/wp\/v2\/types\/post"}],"author":[{"embeddable":true,"href":"https:\/\/www.eldiario.net\/portal\/wp-json\/wp\/v2\/users\/1"}],"replies":[{"embeddable":true,"href":"https:\/\/www.eldiario.net\/portal\/wp-json\/wp\/v2\/comments?post=63441"}],"version-history":[{"count":0,"href":"https:\/\/www.eldiario.net\/portal\/wp-json\/wp\/v2\/posts\/63441\/revisions"}],"wp:attachment":[{"href":"https:\/\/www.eldiario.net\/portal\/wp-json\/wp\/v2\/media?parent=63441"}],"wp:term":[{"taxonomy":"category","embeddable":true,"href":"https:\/\/www.eldiario.net\/portal\/wp-json\/wp\/v2\/categories?post=63441"},{"taxonomy":"post_tag","embeddable":true,"href":"https:\/\/www.eldiario.net\/portal\/wp-json\/wp\/v2\/tags?post=63441"}],"curies":[{"name":"wp","href":"https:\/\/api.w.org\/{rel}","templated":true}]}}