{"id":63438,"date":"2022-02-15T05:49:36","date_gmt":"2022-02-15T09:49:36","guid":{"rendered":"https:\/\/www.eldiario.net\/portal\/?p=63438"},"modified":"2022-02-15T05:49:36","modified_gmt":"2022-02-15T09:49:36","slug":"cpi-rechaza-procesar-a-morales-por-delitos-de-lesa-humanidad","status":"publish","type":"post","link":"https:\/\/www.eldiario.net\/portal\/2022\/02\/15\/cpi-rechaza-procesar-a-morales-por-delitos-de-lesa-humanidad\/","title":{"rendered":"CPI rechaza procesar a Morales  por delitos de lesa humanidad"},"content":{"rendered":"<p>La Corte Penal Internacional (CPI) determin\u00f3 rechazar la solicitud de investigar a Evo Morales por delitos de lesa humanidad, se\u00f1alando que las denuncias en las que se sindica al exmandatario boliviano no son de competencia de este tribunal.<\/p>\n<p>Mediante un pronunciamiento, el fiscal de la CPI, Karim A. A. Khan, anunci\u00f3 que se ha determinado que el hecho denunciado no corresponde a una investigaci\u00f3n por delitos de lesa humanidad, dado que la informaci\u00f3n presentada para sustentar la acusaci\u00f3n, no cuenta con suficientes elementos que sindiquen a los organizadores de bloqueos en el a\u00f1o 2020 como intentos por atentar contra la poblaci\u00f3n.<\/p>\n<p>\u201cEn particular, he determinado que la presunta conducta no presenta elementos contextuales constitutivos de cr\u00edmenes de lesa humanidad. En concreto, la informaci\u00f3n disponible no constituye fundamento suficiente para creer que los presuntos actos de los organizadores de los bloqueos y quienes participaron en ellos, aun cuando \u00e9stos hubiesen sido establecidos, constituir\u00edan una campa\u00f1a dirigida contra la poblaci\u00f3n civil de Bolivia\u201d, se\u00f1ala el documento.<\/p>\n<p>Precis\u00f3 que la conducta denunciada no satisface los elementos contextuales de los cr\u00edmenes de lesa humanidad.<\/p>\n<p>Khan adem\u00e1s detall\u00f3 que no est\u00e1 probado que los acusados hayan impedido de manera directa el paso de insumos de car\u00e1cter m\u00e9dico, siendo que en algunas ocasiones se permiti\u00f3 el paso de este material por los puntos de bloqueo.<\/p>\n<p>\u00abCabe destacar que quienes participaron en los bloqueos en todo el pa\u00eds no impidieron de forma uniforme ni coherente el paso de suministros y transportes m\u00e9dicos vitales. M\u00e1s bien, en ocasiones se permiti\u00f3 que ese tipo de bienes y transportes superara el bloqueo. Adem\u00e1s, los dirigentes de los principales grupos que movilizaron y dirigieron los bloqueos instaron repetidas veces a sus bases y a los participantes en los bloqueos a que dejaran pasar a las ambulancias y convoyes que transportaban suministros m\u00e9dicos\u00bb, se se\u00f1ala.<\/p>\n<p>La denuncia contra Morales y otros dirigentes del MAS fue realizada por el entonces procurador general, Jos\u00e9 Mar\u00eda Cabrera, en el mes de septiembre de 2020, denunciando que el bloqueo que exig\u00eda la realizaci\u00f3n de las elecciones generales impidi\u00f3 el paso de insumos m\u00e9dicos y ox\u00edgeno para los centros de atenci\u00f3n medica de las principales ciudades del pa\u00eds provocando que, al menos 40 pacientes de coronavirus, pierdan la vida en plena emergencia sanitaria.<\/p>\n<p>El Estatuto de Roma, en el que se establecen las normas para la creaci\u00f3n de la Corte Penal Internacional el 2002, con la finalidad de juzgar los peores cr\u00edmenes cometidos en el mundo, se\u00f1ala que los Estados pueden remitir formalmente los presuntos delitos con la finalidad de llevar adelante una investigaci\u00f3n preliminar, y de esta forma decidir si se inicia una investigaci\u00f3n completa.<\/p>\n","protected":false},"excerpt":{"rendered":"<p>La Corte Penal Internacional (CPI) determin\u00f3 rechazar la solicitud de investigar a Evo Morales por delitos de lesa humanidad, se\u00f1alando que las denuncias en las que se sindica al exmandatario boliviano no son de competencia de este tribunal. Mediante un pronunciamiento, el fiscal de la CPI, Karim A. A. Khan, anunci\u00f3 que se ha determinado [&hellip;]<\/p>\n","protected":false},"author":1,"featured_media":63439,"comment_status":"closed","ping_status":"closed","sticky":false,"template":"","format":"standard","meta":{"_acf_changed":false,"footnotes":""},"categories":[17],"tags":[],"class_list":["post-63438","post","type-post","status-publish","format-standard","has-post-thumbnail","category-principal"],"acf":{"antetitulo":""},"yoast_head":"<!-- This site is optimized with the Yoast SEO plugin v28.4 - https:\/\/yoast.com\/product\/yoast-seo-wordpress\/ -->\n<title>CPI rechaza procesar a Morales por delitos de lesa humanidad - El Diario - Bolivia<\/title>\n<meta name=\"robots\" content=\"index, follow, max-snippet:-1, max-image-preview:large, max-video-preview:-1\" \/>\n<link rel=\"canonical\" href=\"https:\/\/www.eldiario.net\/portal\/2022\/02\/15\/cpi-rechaza-procesar-a-morales-por-delitos-de-lesa-humanidad\/\" \/>\n<meta property=\"og:locale\" content=\"es_ES\" \/>\n<meta property=\"og:type\" content=\"article\" \/>\n<meta property=\"og:title\" content=\"CPI rechaza procesar a Morales por delitos de lesa humanidad - El Diario - Bolivia\" \/>\n<meta property=\"og:description\" content=\"La Corte Penal Internacional (CPI) determin\u00f3 rechazar la solicitud de investigar a Evo Morales por delitos de lesa humanidad, se\u00f1alando que las denuncias en las que se sindica al exmandatario boliviano no son de competencia de este tribunal. Mediante un pronunciamiento, el fiscal de la CPI, Karim A. A. Khan, anunci\u00f3 que se ha determinado [&hellip;]\" \/>\n<meta property=\"og:url\" content=\"https:\/\/www.eldiario.net\/portal\/2022\/02\/15\/cpi-rechaza-procesar-a-morales-por-delitos-de-lesa-humanidad\/\" \/>\n<meta property=\"og:site_name\" content=\"El Diario - Bolivia\" \/>\n<meta property=\"article:publisher\" content=\"https:\/\/www.facebook.com\/eldiario.bolivia\/\" \/>\n<meta property=\"article:published_time\" content=\"2022-02-15T09:49:36+00:00\" \/>\n<meta property=\"og:image\" content=\"https:\/\/www.eldiario.net\/portal\/wp-content\/uploads\/2022\/02\/CORTE-FOTO.jpg\" \/>\n\t<meta property=\"og:image:width\" content=\"700\" \/>\n\t<meta property=\"og:image:height\" content=\"394\" \/>\n\t<meta property=\"og:image:type\" content=\"image\/jpeg\" \/>\n<meta name=\"author\" content=\"Jeanette\" \/>\n<meta name=\"twitter:card\" content=\"summary_large_image\" \/>\n<meta name=\"twitter:creator\" content=\"@eldiario_net\" \/>\n<meta name=\"twitter:site\" content=\"@eldiario_net\" \/>\n<meta name=\"twitter:label1\" content=\"Escrito por\" \/>\n\t<meta name=\"twitter:data1\" content=\"Jeanette\" \/>\n\t<meta name=\"twitter:label2\" content=\"Tiempo de lectura\" \/>\n\t<meta name=\"twitter:data2\" content=\"3 minutos\" \/>\n<script type=\"application\/ld+json\" class=\"yoast-schema-graph\">{\"@context\":\"https:\\\/\\\/schema.org\",\"@graph\":[{\"@type\":\"Article\",\"@id\":\"https:\\\/\\\/www.eldiario.net\\\/portal\\\/2022\\\/02\\\/15\\\/cpi-rechaza-procesar-a-morales-por-delitos-de-lesa-humanidad\\\/#article\",\"isPartOf\":{\"@id\":\"https:\\\/\\\/www.eldiario.net\\\/portal\\\/2022\\\/02\\\/15\\\/cpi-rechaza-procesar-a-morales-por-delitos-de-lesa-humanidad\\\/\"},\"author\":{\"name\":\"Jeanette\",\"@id\":\"https:\\\/\\\/www.eldiario.net\\\/portal\\\/#\\\/schema\\\/person\\\/2c57cf2b7a7ae032e449e4c9b1019eac\"},\"headline\":\"CPI rechaza procesar a Morales por delitos de lesa humanidad\",\"datePublished\":\"2022-02-15T09:49:36+00:00\",\"mainEntityOfPage\":{\"@id\":\"https:\\\/\\\/www.eldiario.net\\\/portal\\\/2022\\\/02\\\/15\\\/cpi-rechaza-procesar-a-morales-por-delitos-de-lesa-humanidad\\\/\"},\"wordCount\":479,\"publisher\":{\"@id\":\"https:\\\/\\\/www.eldiario.net\\\/portal\\\/#organization\"},\"image\":{\"@id\":\"https:\\\/\\\/www.eldiario.net\\\/portal\\\/2022\\\/02\\\/15\\\/cpi-rechaza-procesar-a-morales-por-delitos-de-lesa-humanidad\\\/#primaryimage\"},\"thumbnailUrl\":\"https:\\\/\\\/www.eldiario.net\\\/portal\\\/wp-content\\\/uploads\\\/2022\\\/02\\\/CORTE-FOTO.jpg\",\"articleSection\":[\"Principal\"],\"inLanguage\":\"es\"},{\"@type\":\"WebPage\",\"@id\":\"https:\\\/\\\/www.eldiario.net\\\/portal\\\/2022\\\/02\\\/15\\\/cpi-rechaza-procesar-a-morales-por-delitos-de-lesa-humanidad\\\/\",\"url\":\"https:\\\/\\\/www.eldiario.net\\\/portal\\\/2022\\\/02\\\/15\\\/cpi-rechaza-procesar-a-morales-por-delitos-de-lesa-humanidad\\\/\",\"name\":\"CPI rechaza procesar a Morales por delitos de lesa humanidad - El Diario - Bolivia\",\"isPartOf\":{\"@id\":\"https:\\\/\\\/www.eldiario.net\\\/portal\\\/#website\"},\"primaryImageOfPage\":{\"@id\":\"https:\\\/\\\/www.eldiario.net\\\/portal\\\/2022\\\/02\\\/15\\\/cpi-rechaza-procesar-a-morales-por-delitos-de-lesa-humanidad\\\/#primaryimage\"},\"image\":{\"@id\":\"https:\\\/\\\/www.eldiario.net\\\/portal\\\/2022\\\/02\\\/15\\\/cpi-rechaza-procesar-a-morales-por-delitos-de-lesa-humanidad\\\/#primaryimage\"},\"thumbnailUrl\":\"https:\\\/\\\/www.eldiario.net\\\/portal\\\/wp-content\\\/uploads\\\/2022\\\/02\\\/CORTE-FOTO.jpg\",\"datePublished\":\"2022-02-15T09:49:36+00:00\",\"breadcrumb\":{\"@id\":\"https:\\\/\\\/www.eldiario.net\\\/portal\\\/2022\\\/02\\\/15\\\/cpi-rechaza-procesar-a-morales-por-delitos-de-lesa-humanidad\\\/#breadcrumb\"},\"inLanguage\":\"es\",\"potentialAction\":[{\"@type\":\"ReadAction\",\"target\":[\"https:\\\/\\\/www.eldiario.net\\\/portal\\\/2022\\\/02\\\/15\\\/cpi-rechaza-procesar-a-morales-por-delitos-de-lesa-humanidad\\\/\"]}]},{\"@type\":\"ImageObject\",\"inLanguage\":\"es\",\"@id\":\"https:\\\/\\\/www.eldiario.net\\\/portal\\\/2022\\\/02\\\/15\\\/cpi-rechaza-procesar-a-morales-por-delitos-de-lesa-humanidad\\\/#primaryimage\",\"url\":\"https:\\\/\\\/www.eldiario.net\\\/portal\\\/wp-content\\\/uploads\\\/2022\\\/02\\\/CORTE-FOTO.jpg\",\"contentUrl\":\"https:\\\/\\\/www.eldiario.net\\\/portal\\\/wp-content\\\/uploads\\\/2022\\\/02\\\/CORTE-FOTO.jpg\",\"width\":700,\"height\":394,\"caption\":\"Frontis de la Corte Penal Internacional en la Haya, Holanda. CREDITOS \\\/ Deutsche Welle\"},{\"@type\":\"BreadcrumbList\",\"@id\":\"https:\\\/\\\/www.eldiario.net\\\/portal\\\/2022\\\/02\\\/15\\\/cpi-rechaza-procesar-a-morales-por-delitos-de-lesa-humanidad\\\/#breadcrumb\",\"itemListElement\":[{\"@type\":\"ListItem\",\"position\":1,\"name\":\"Portada\",\"item\":\"https:\\\/\\\/www.eldiario.net\\\/portal\\\/\"},{\"@type\":\"ListItem\",\"position\":2,\"name\":\"CPI rechaza procesar a Morales por delitos de lesa humanidad\"}]},{\"@type\":\"WebSite\",\"@id\":\"https:\\\/\\\/www.eldiario.net\\\/portal\\\/#website\",\"url\":\"https:\\\/\\\/www.eldiario.net\\\/portal\\\/\",\"name\":\"El Diario - Decano de la prensa nacional\",\"description\":\"El Diario - Decano de la prensa nacional\",\"publisher\":{\"@id\":\"https:\\\/\\\/www.eldiario.net\\\/portal\\\/#organization\"},\"potentialAction\":[{\"@type\":\"SearchAction\",\"target\":{\"@type\":\"EntryPoint\",\"urlTemplate\":\"https:\\\/\\\/www.eldiario.net\\\/portal\\\/?s={search_term_string}\"},\"query-input\":{\"@type\":\"PropertyValueSpecification\",\"valueRequired\":true,\"valueName\":\"search_term_string\"}}],\"inLanguage\":\"es\"},{\"@type\":\"Organization\",\"@id\":\"https:\\\/\\\/www.eldiario.net\\\/portal\\\/#organization\",\"name\":\"El Diario - Decano de la prensa nacional\",\"url\":\"https:\\\/\\\/www.eldiario.net\\\/portal\\\/\",\"logo\":{\"@type\":\"ImageObject\",\"inLanguage\":\"es\",\"@id\":\"https:\\\/\\\/www.eldiario.net\\\/portal\\\/#\\\/schema\\\/logo\\\/image\\\/\",\"url\":\"https:\\\/\\\/www.eldiario.net\\\/portal\\\/wp-content\\\/uploads\\\/2023\\\/07\\\/logo_ED.jpg\",\"contentUrl\":\"https:\\\/\\\/www.eldiario.net\\\/portal\\\/wp-content\\\/uploads\\\/2023\\\/07\\\/logo_ED.jpg\",\"width\":272,\"height\":52,\"caption\":\"El Diario - Decano de la prensa nacional\"},\"image\":{\"@id\":\"https:\\\/\\\/www.eldiario.net\\\/portal\\\/#\\\/schema\\\/logo\\\/image\\\/\"},\"sameAs\":[\"https:\\\/\\\/www.facebook.com\\\/eldiario.bolivia\\\/\",\"https:\\\/\\\/x.com\\\/eldiario_net\"]},{\"@type\":\"Person\",\"@id\":\"https:\\\/\\\/www.eldiario.net\\\/portal\\\/#\\\/schema\\\/person\\\/2c57cf2b7a7ae032e449e4c9b1019eac\",\"name\":\"Jeanette\",\"image\":{\"@type\":\"ImageObject\",\"inLanguage\":\"es\",\"@id\":\"https:\\\/\\\/secure.gravatar.com\\\/avatar\\\/3ea2118a5f7dad2b7138b1187a6b7ee55f160b9968b66013c3a3ef39dd7e5798?s=96&d=mm&r=g\",\"url\":\"https:\\\/\\\/secure.gravatar.com\\\/avatar\\\/3ea2118a5f7dad2b7138b1187a6b7ee55f160b9968b66013c3a3ef39dd7e5798?s=96&d=mm&r=g\",\"contentUrl\":\"https:\\\/\\\/secure.gravatar.com\\\/avatar\\\/3ea2118a5f7dad2b7138b1187a6b7ee55f160b9968b66013c3a3ef39dd7e5798?s=96&d=mm&r=g\",\"caption\":\"Jeanette\"},\"sameAs\":[\"https:\\\/\\\/www.eldiario.net\\\/portal\"],\"url\":\"https:\\\/\\\/www.eldiario.net\\\/portal\\\/author\\\/jeanette\\\/\"}]}<\/script>\n<!-- \/ Yoast SEO plugin. -->","yoast_head_json":{"title":"CPI rechaza procesar a Morales por delitos de lesa humanidad - El Diario - Bolivia","robots":{"index":"index","follow":"follow","max-snippet":"max-snippet:-1","max-image-preview":"max-image-preview:large","max-video-preview":"max-video-preview:-1"},"canonical":"https:\/\/www.eldiario.net\/portal\/2022\/02\/15\/cpi-rechaza-procesar-a-morales-por-delitos-de-lesa-humanidad\/","og_locale":"es_ES","og_type":"article","og_title":"CPI rechaza procesar a Morales por delitos de lesa humanidad - El Diario - Bolivia","og_description":"La Corte Penal Internacional (CPI) determin\u00f3 rechazar la solicitud de investigar a Evo Morales por delitos de lesa humanidad, se\u00f1alando que las denuncias en las que se sindica al exmandatario boliviano no son de competencia de este tribunal. Mediante un pronunciamiento, el fiscal de la CPI, Karim A. A. Khan, anunci\u00f3 que se ha determinado [&hellip;]","og_url":"https:\/\/www.eldiario.net\/portal\/2022\/02\/15\/cpi-rechaza-procesar-a-morales-por-delitos-de-lesa-humanidad\/","og_site_name":"El Diario - Bolivia","article_publisher":"https:\/\/www.facebook.com\/eldiario.bolivia\/","article_published_time":"2022-02-15T09:49:36+00:00","og_image":[{"width":700,"height":394,"url":"https:\/\/www.eldiario.net\/portal\/wp-content\/uploads\/2022\/02\/CORTE-FOTO.jpg","type":"image\/jpeg"}],"author":"Jeanette","twitter_card":"summary_large_image","twitter_creator":"@eldiario_net","twitter_site":"@eldiario_net","twitter_misc":{"Escrito por":"Jeanette","Tiempo de lectura":"3 minutos"},"schema":{"@context":"https:\/\/schema.org","@graph":[{"@type":"Article","@id":"https:\/\/www.eldiario.net\/portal\/2022\/02\/15\/cpi-rechaza-procesar-a-morales-por-delitos-de-lesa-humanidad\/#article","isPartOf":{"@id":"https:\/\/www.eldiario.net\/portal\/2022\/02\/15\/cpi-rechaza-procesar-a-morales-por-delitos-de-lesa-humanidad\/"},"author":{"name":"Jeanette","@id":"https:\/\/www.eldiario.net\/portal\/#\/schema\/person\/2c57cf2b7a7ae032e449e4c9b1019eac"},"headline":"CPI rechaza procesar a Morales por delitos de lesa humanidad","datePublished":"2022-02-15T09:49:36+00:00","mainEntityOfPage":{"@id":"https:\/\/www.eldiario.net\/portal\/2022\/02\/15\/cpi-rechaza-procesar-a-morales-por-delitos-de-lesa-humanidad\/"},"wordCount":479,"publisher":{"@id":"https:\/\/www.eldiario.net\/portal\/#organization"},"image":{"@id":"https:\/\/www.eldiario.net\/portal\/2022\/02\/15\/cpi-rechaza-procesar-a-morales-por-delitos-de-lesa-humanidad\/#primaryimage"},"thumbnailUrl":"https:\/\/www.eldiario.net\/portal\/wp-content\/uploads\/2022\/02\/CORTE-FOTO.jpg","articleSection":["Principal"],"inLanguage":"es"},{"@type":"WebPage","@id":"https:\/\/www.eldiario.net\/portal\/2022\/02\/15\/cpi-rechaza-procesar-a-morales-por-delitos-de-lesa-humanidad\/","url":"https:\/\/www.eldiario.net\/portal\/2022\/02\/15\/cpi-rechaza-procesar-a-morales-por-delitos-de-lesa-humanidad\/","name":"CPI rechaza procesar a Morales por delitos de lesa humanidad - El Diario - Bolivia","isPartOf":{"@id":"https:\/\/www.eldiario.net\/portal\/#website"},"primaryImageOfPage":{"@id":"https:\/\/www.eldiario.net\/portal\/2022\/02\/15\/cpi-rechaza-procesar-a-morales-por-delitos-de-lesa-humanidad\/#primaryimage"},"image":{"@id":"https:\/\/www.eldiario.net\/portal\/2022\/02\/15\/cpi-rechaza-procesar-a-morales-por-delitos-de-lesa-humanidad\/#primaryimage"},"thumbnailUrl":"https:\/\/www.eldiario.net\/portal\/wp-content\/uploads\/2022\/02\/CORTE-FOTO.jpg","datePublished":"2022-02-15T09:49:36+00:00","breadcrumb":{"@id":"https:\/\/www.eldiario.net\/portal\/2022\/02\/15\/cpi-rechaza-procesar-a-morales-por-delitos-de-lesa-humanidad\/#breadcrumb"},"inLanguage":"es","potentialAction":[{"@type":"ReadAction","target":["https:\/\/www.eldiario.net\/portal\/2022\/02\/15\/cpi-rechaza-procesar-a-morales-por-delitos-de-lesa-humanidad\/"]}]},{"@type":"ImageObject","inLanguage":"es","@id":"https:\/\/www.eldiario.net\/portal\/2022\/02\/15\/cpi-rechaza-procesar-a-morales-por-delitos-de-lesa-humanidad\/#primaryimage","url":"https:\/\/www.eldiario.net\/portal\/wp-content\/uploads\/2022\/02\/CORTE-FOTO.jpg","contentUrl":"https:\/\/www.eldiario.net\/portal\/wp-content\/uploads\/2022\/02\/CORTE-FOTO.jpg","width":700,"height":394,"caption":"Frontis de la Corte Penal Internacional en la Haya, Holanda. CREDITOS \/ Deutsche Welle"},{"@type":"BreadcrumbList","@id":"https:\/\/www.eldiario.net\/portal\/2022\/02\/15\/cpi-rechaza-procesar-a-morales-por-delitos-de-lesa-humanidad\/#breadcrumb","itemListElement":[{"@type":"ListItem","position":1,"name":"Portada","item":"https:\/\/www.eldiario.net\/portal\/"},{"@type":"ListItem","position":2,"name":"CPI rechaza procesar a Morales por delitos de lesa humanidad"}]},{"@type":"WebSite","@id":"https:\/\/www.eldiario.net\/portal\/#website","url":"https:\/\/www.eldiario.net\/portal\/","name":"El Diario - Decano de la prensa nacional","description":"El Diario - Decano de la prensa nacional","publisher":{"@id":"https:\/\/www.eldiario.net\/portal\/#organization"},"potentialAction":[{"@type":"SearchAction","target":{"@type":"EntryPoint","urlTemplate":"https:\/\/www.eldiario.net\/portal\/?s={search_term_string}"},"query-input":{"@type":"PropertyValueSpecification","valueRequired":true,"valueName":"search_term_string"}}],"inLanguage":"es"},{"@type":"Organization","@id":"https:\/\/www.eldiario.net\/portal\/#organization","name":"El Diario - Decano de la prensa nacional","url":"https:\/\/www.eldiario.net\/portal\/","logo":{"@type":"ImageObject","inLanguage":"es","@id":"https:\/\/www.eldiario.net\/portal\/#\/schema\/logo\/image\/","url":"https:\/\/www.eldiario.net\/portal\/wp-content\/uploads\/2023\/07\/logo_ED.jpg","contentUrl":"https:\/\/www.eldiario.net\/portal\/wp-content\/uploads\/2023\/07\/logo_ED.jpg","width":272,"height":52,"caption":"El Diario - Decano de la prensa nacional"},"image":{"@id":"https:\/\/www.eldiario.net\/portal\/#\/schema\/logo\/image\/"},"sameAs":["https:\/\/www.facebook.com\/eldiario.bolivia\/","https:\/\/x.com\/eldiario_net"]},{"@type":"Person","@id":"https:\/\/www.eldiario.net\/portal\/#\/schema\/person\/2c57cf2b7a7ae032e449e4c9b1019eac","name":"Jeanette","image":{"@type":"ImageObject","inLanguage":"es","@id":"https:\/\/secure.gravatar.com\/avatar\/3ea2118a5f7dad2b7138b1187a6b7ee55f160b9968b66013c3a3ef39dd7e5798?s=96&d=mm&r=g","url":"https:\/\/secure.gravatar.com\/avatar\/3ea2118a5f7dad2b7138b1187a6b7ee55f160b9968b66013c3a3ef39dd7e5798?s=96&d=mm&r=g","contentUrl":"https:\/\/secure.gravatar.com\/avatar\/3ea2118a5f7dad2b7138b1187a6b7ee55f160b9968b66013c3a3ef39dd7e5798?s=96&d=mm&r=g","caption":"Jeanette"},"sameAs":["https:\/\/www.eldiario.net\/portal"],"url":"https:\/\/www.eldiario.net\/portal\/author\/jeanette\/"}]}},"_links":{"self":[{"href":"https:\/\/www.eldiario.net\/portal\/wp-json\/wp\/v2\/posts\/63438","targetHints":{"allow":["GET"]}}],"collection":[{"href":"https:\/\/www.eldiario.net\/portal\/wp-json\/wp\/v2\/posts"}],"about":[{"href":"https:\/\/www.eldiario.net\/portal\/wp-json\/wp\/v2\/types\/post"}],"author":[{"embeddable":true,"href":"https:\/\/www.eldiario.net\/portal\/wp-json\/wp\/v2\/users\/1"}],"replies":[{"embeddable":true,"href":"https:\/\/www.eldiario.net\/portal\/wp-json\/wp\/v2\/comments?post=63438"}],"version-history":[{"count":0,"href":"https:\/\/www.eldiario.net\/portal\/wp-json\/wp\/v2\/posts\/63438\/revisions"}],"wp:featuredmedia":[{"embeddable":true,"href":"https:\/\/www.eldiario.net\/portal\/wp-json\/wp\/v2\/media\/63439"}],"wp:attachment":[{"href":"https:\/\/www.eldiario.net\/portal\/wp-json\/wp\/v2\/media?parent=63438"}],"wp:term":[{"taxonomy":"category","embeddable":true,"href":"https:\/\/www.eldiario.net\/portal\/wp-json\/wp\/v2\/categories?post=63438"},{"taxonomy":"post_tag","embeddable":true,"href":"https:\/\/www.eldiario.net\/portal\/wp-json\/wp\/v2\/tags?post=63438"}],"curies":[{"name":"wp","href":"https:\/\/api.w.org\/{rel}","templated":true}]}}