{"id":63426,"date":"2022-02-15T05:44:58","date_gmt":"2022-02-15T09:44:58","guid":{"rendered":"https:\/\/www.eldiario.net\/portal\/?p=63426"},"modified":"2022-02-15T05:44:58","modified_gmt":"2022-02-15T09:44:58","slug":"inra-activo-injustificada-reversion-y-desalojo-de-tierras-menonitas","status":"publish","type":"post","link":"https:\/\/www.eldiario.net\/portal\/2022\/02\/15\/inra-activo-injustificada-reversion-y-desalojo-de-tierras-menonitas\/","title":{"rendered":"INRA activ\u00f3 injustificada reversi\u00f3n  y desalojo de tierras menonitas"},"content":{"rendered":"<p>La diputada, Mar\u00eda Ren\u00e9 Alvarez, de Creemos denunci\u00f3 el injustificado desalojo de m\u00e1s de 120 familias de la colonia Menonita Quimome-Valle Verde por parte del Instituto Nacional de Reforma Agraria (INRA) para beneficiar a grupos de los denominados interculturales afines al MAS, quienes fueron trasladados en buses con custodia policial.<\/p>\n<p>\u201cVan flotas con interculturales para asentarse directamente en el lugar donde est\u00e1n haciendo el desalojo de m\u00e1s de 120 familias menonitas que por muchos a\u00f1os viven ah\u00ed, por muchos a\u00f1os han trabajado en este lugar y que tienen mejoras. Hemos venido al INRA para que nos informe, pero el Director (Adalberto Rojas) no viene a trabajar\u201d, reclam\u00f3 la diputada representante por la Chiquitania.<\/p>\n<p>El predio de m\u00e1s de 1.400 hect\u00e1reas (ha) sometido a reversi\u00f3n por parte del INRA Santa Cruz, argumentando ocupaci\u00f3n de hecho de tierras fiscales, se produjo en la colonia Quimome- Valle Verde a 30 kil\u00f3metros del municipio de San Jos\u00e9, donde ingres\u00f3 un contingente de m\u00e1s de 300 efectivos de la Polic\u00eda Boliviana, que, aparentemente, actu\u00f3 en coordinaci\u00f3n con la Federaci\u00f3n de Trabajadores Campesinos de Santa Cruz y con el apoyo de la entidad de tierras departamental.<\/p>\n<p>\u00c1lvarez se\u00f1al\u00f3 que los grupos ilegales de interculturales pretenden hacerse de las tierras trabajadas con cultivos agr\u00edcolas, de las casas y la infraestructura construida durante m\u00e1s de 10 a\u00f1os por la colonia menonita Valle Verde.<\/p>\n<p>A decir de la parlamentaria, se trata de un nuevo atropello del Movimiento Al Socialismo (MAS) y sus bases contra esa regi\u00f3n cruce\u00f1a con el objetivo de generar conflictos violentos para luego atribuirle responsabilidad a los pobladores originarios de tierras bajas.<\/p>\n<p>\u201cNo vamos a permitir m\u00e1s atropellos en la Chiquitania. Por supuesto este conflicto lo quiere armar el Gobierno y el INRA para luego echarnos la culpa a nosotros, a los chiquitanos, a los pobladores del lugar por evitar que realicen su trabajo (\u2026) ya es mucho atropello el que estamos viviendo\u201d, enfatiz\u00f3.<\/p>\n","protected":false},"excerpt":{"rendered":"<p>La diputada, Mar\u00eda Ren\u00e9 Alvarez, de Creemos denunci\u00f3 el injustificado desalojo de m\u00e1s de 120 familias de la colonia Menonita Quimome-Valle Verde por parte del Instituto Nacional de Reforma Agraria (INRA) para beneficiar a grupos de los denominados interculturales afines al MAS, quienes fueron trasladados en buses con custodia policial. \u201cVan flotas con interculturales para [&hellip;]<\/p>\n","protected":false},"author":1,"featured_media":63427,"comment_status":"closed","ping_status":"closed","sticky":false,"template":"","format":"standard","meta":{"_acf_changed":false,"footnotes":""},"categories":[15],"tags":[],"class_list":["post-63426","post","type-post","status-publish","format-standard","has-post-thumbnail","category-portada"],"acf":{"antetitulo":""},"yoast_head":"<!-- This site is optimized with the Yoast SEO plugin v28.3 - https:\/\/yoast.com\/product\/yoast-seo-wordpress\/ -->\n<title>INRA activ\u00f3 injustificada reversi\u00f3n y desalojo de tierras menonitas - El Diario - Bolivia<\/title>\n<meta name=\"robots\" content=\"index, follow, max-snippet:-1, max-image-preview:large, max-video-preview:-1\" \/>\n<link rel=\"canonical\" href=\"https:\/\/www.eldiario.net\/portal\/2022\/02\/15\/inra-activo-injustificada-reversion-y-desalojo-de-tierras-menonitas\/\" \/>\n<meta property=\"og:locale\" content=\"es_ES\" \/>\n<meta property=\"og:type\" content=\"article\" \/>\n<meta property=\"og:title\" content=\"INRA activ\u00f3 injustificada reversi\u00f3n y desalojo de tierras menonitas - El Diario - Bolivia\" \/>\n<meta property=\"og:description\" content=\"La diputada, Mar\u00eda Ren\u00e9 Alvarez, de Creemos denunci\u00f3 el injustificado desalojo de m\u00e1s de 120 familias de la colonia Menonita Quimome-Valle Verde por parte del Instituto Nacional de Reforma Agraria (INRA) para beneficiar a grupos de los denominados interculturales afines al MAS, quienes fueron trasladados en buses con custodia policial. \u201cVan flotas con interculturales para [&hellip;]\" \/>\n<meta property=\"og:url\" content=\"https:\/\/www.eldiario.net\/portal\/2022\/02\/15\/inra-activo-injustificada-reversion-y-desalojo-de-tierras-menonitas\/\" \/>\n<meta property=\"og:site_name\" content=\"El Diario - Bolivia\" \/>\n<meta property=\"article:publisher\" content=\"https:\/\/www.facebook.com\/eldiario.bolivia\/\" \/>\n<meta property=\"article:published_time\" content=\"2022-02-15T09:44:58+00:00\" \/>\n<meta name=\"author\" content=\"Jeanette\" \/>\n<meta name=\"twitter:card\" content=\"summary_large_image\" \/>\n<meta name=\"twitter:creator\" content=\"@eldiario_net\" \/>\n<meta name=\"twitter:site\" content=\"@eldiario_net\" \/>\n<meta name=\"twitter:label1\" content=\"Escrito por\" \/>\n\t<meta name=\"twitter:data1\" content=\"Jeanette\" \/>\n\t<meta name=\"twitter:label2\" content=\"Tiempo de lectura\" \/>\n\t<meta name=\"twitter:data2\" content=\"2 minutos\" \/>\n<script type=\"application\/ld+json\" class=\"yoast-schema-graph\">{\"@context\":\"https:\\\/\\\/schema.org\",\"@graph\":[{\"@type\":\"Article\",\"@id\":\"https:\\\/\\\/www.eldiario.net\\\/portal\\\/2022\\\/02\\\/15\\\/inra-activo-injustificada-reversion-y-desalojo-de-tierras-menonitas\\\/#article\",\"isPartOf\":{\"@id\":\"https:\\\/\\\/www.eldiario.net\\\/portal\\\/2022\\\/02\\\/15\\\/inra-activo-injustificada-reversion-y-desalojo-de-tierras-menonitas\\\/\"},\"author\":{\"name\":\"Jeanette\",\"@id\":\"https:\\\/\\\/www.eldiario.net\\\/portal\\\/#\\\/schema\\\/person\\\/f46445640444750d7d753ccd04ae01b7\"},\"headline\":\"INRA activ\u00f3 injustificada reversi\u00f3n y desalojo de tierras menonitas\",\"datePublished\":\"2022-02-15T09:44:58+00:00\",\"mainEntityOfPage\":{\"@id\":\"https:\\\/\\\/www.eldiario.net\\\/portal\\\/2022\\\/02\\\/15\\\/inra-activo-injustificada-reversion-y-desalojo-de-tierras-menonitas\\\/\"},\"wordCount\":343,\"publisher\":{\"@id\":\"https:\\\/\\\/www.eldiario.net\\\/portal\\\/#organization\"},\"image\":{\"@id\":\"https:\\\/\\\/www.eldiario.net\\\/portal\\\/2022\\\/02\\\/15\\\/inra-activo-injustificada-reversion-y-desalojo-de-tierras-menonitas\\\/#primaryimage\"},\"thumbnailUrl\":\"\",\"articleSection\":[\"Portada\"],\"inLanguage\":\"es\"},{\"@type\":\"WebPage\",\"@id\":\"https:\\\/\\\/www.eldiario.net\\\/portal\\\/2022\\\/02\\\/15\\\/inra-activo-injustificada-reversion-y-desalojo-de-tierras-menonitas\\\/\",\"url\":\"https:\\\/\\\/www.eldiario.net\\\/portal\\\/2022\\\/02\\\/15\\\/inra-activo-injustificada-reversion-y-desalojo-de-tierras-menonitas\\\/\",\"name\":\"INRA activ\u00f3 injustificada reversi\u00f3n y desalojo de tierras menonitas - El Diario - Bolivia\",\"isPartOf\":{\"@id\":\"https:\\\/\\\/www.eldiario.net\\\/portal\\\/#website\"},\"primaryImageOfPage\":{\"@id\":\"https:\\\/\\\/www.eldiario.net\\\/portal\\\/2022\\\/02\\\/15\\\/inra-activo-injustificada-reversion-y-desalojo-de-tierras-menonitas\\\/#primaryimage\"},\"image\":{\"@id\":\"https:\\\/\\\/www.eldiario.net\\\/portal\\\/2022\\\/02\\\/15\\\/inra-activo-injustificada-reversion-y-desalojo-de-tierras-menonitas\\\/#primaryimage\"},\"thumbnailUrl\":\"\",\"datePublished\":\"2022-02-15T09:44:58+00:00\",\"breadcrumb\":{\"@id\":\"https:\\\/\\\/www.eldiario.net\\\/portal\\\/2022\\\/02\\\/15\\\/inra-activo-injustificada-reversion-y-desalojo-de-tierras-menonitas\\\/#breadcrumb\"},\"inLanguage\":\"es\",\"potentialAction\":[{\"@type\":\"ReadAction\",\"target\":[\"https:\\\/\\\/www.eldiario.net\\\/portal\\\/2022\\\/02\\\/15\\\/inra-activo-injustificada-reversion-y-desalojo-de-tierras-menonitas\\\/\"]}]},{\"@type\":\"ImageObject\",\"inLanguage\":\"es\",\"@id\":\"https:\\\/\\\/www.eldiario.net\\\/portal\\\/2022\\\/02\\\/15\\\/inra-activo-injustificada-reversion-y-desalojo-de-tierras-menonitas\\\/#primaryimage\",\"url\":\"\",\"contentUrl\":\"\"},{\"@type\":\"BreadcrumbList\",\"@id\":\"https:\\\/\\\/www.eldiario.net\\\/portal\\\/2022\\\/02\\\/15\\\/inra-activo-injustificada-reversion-y-desalojo-de-tierras-menonitas\\\/#breadcrumb\",\"itemListElement\":[{\"@type\":\"ListItem\",\"position\":1,\"name\":\"Portada\",\"item\":\"https:\\\/\\\/www.eldiario.net\\\/portal\\\/\"},{\"@type\":\"ListItem\",\"position\":2,\"name\":\"INRA activ\u00f3 injustificada reversi\u00f3n y desalojo de tierras menonitas\"}]},{\"@type\":\"WebSite\",\"@id\":\"https:\\\/\\\/www.eldiario.net\\\/portal\\\/#website\",\"url\":\"https:\\\/\\\/www.eldiario.net\\\/portal\\\/\",\"name\":\"El Diario - Decano de la prensa nacional\",\"description\":\"El Diario - Decano de la prensa nacional\",\"publisher\":{\"@id\":\"https:\\\/\\\/www.eldiario.net\\\/portal\\\/#organization\"},\"potentialAction\":[{\"@type\":\"SearchAction\",\"target\":{\"@type\":\"EntryPoint\",\"urlTemplate\":\"https:\\\/\\\/www.eldiario.net\\\/portal\\\/?s={search_term_string}\"},\"query-input\":{\"@type\":\"PropertyValueSpecification\",\"valueRequired\":true,\"valueName\":\"search_term_string\"}}],\"inLanguage\":\"es\"},{\"@type\":\"Organization\",\"@id\":\"https:\\\/\\\/www.eldiario.net\\\/portal\\\/#organization\",\"name\":\"El Diario - Decano de la prensa nacional\",\"url\":\"https:\\\/\\\/www.eldiario.net\\\/portal\\\/\",\"logo\":{\"@type\":\"ImageObject\",\"inLanguage\":\"es\",\"@id\":\"https:\\\/\\\/www.eldiario.net\\\/portal\\\/#\\\/schema\\\/logo\\\/image\\\/\",\"url\":\"https:\\\/\\\/www.eldiario.net\\\/portal\\\/wp-content\\\/uploads\\\/2023\\\/07\\\/logo_ED.jpg\",\"contentUrl\":\"https:\\\/\\\/www.eldiario.net\\\/portal\\\/wp-content\\\/uploads\\\/2023\\\/07\\\/logo_ED.jpg\",\"width\":272,\"height\":52,\"caption\":\"El Diario - Decano de la prensa nacional\"},\"image\":{\"@id\":\"https:\\\/\\\/www.eldiario.net\\\/portal\\\/#\\\/schema\\\/logo\\\/image\\\/\"},\"sameAs\":[\"https:\\\/\\\/www.facebook.com\\\/eldiario.bolivia\\\/\",\"https:\\\/\\\/x.com\\\/eldiario_net\"]},{\"@type\":\"Person\",\"@id\":\"https:\\\/\\\/www.eldiario.net\\\/portal\\\/#\\\/schema\\\/person\\\/f46445640444750d7d753ccd04ae01b7\",\"name\":\"Jeanette\",\"image\":{\"@type\":\"ImageObject\",\"inLanguage\":\"es\",\"@id\":\"https:\\\/\\\/secure.gravatar.com\\\/avatar\\\/3ea2118a5f7dad2b7138b1187a6b7ee55f160b9968b66013c3a3ef39dd7e5798?s=96&d=mm&r=g\",\"url\":\"https:\\\/\\\/secure.gravatar.com\\\/avatar\\\/3ea2118a5f7dad2b7138b1187a6b7ee55f160b9968b66013c3a3ef39dd7e5798?s=96&d=mm&r=g\",\"contentUrl\":\"https:\\\/\\\/secure.gravatar.com\\\/avatar\\\/3ea2118a5f7dad2b7138b1187a6b7ee55f160b9968b66013c3a3ef39dd7e5798?s=96&d=mm&r=g\",\"caption\":\"Jeanette\"},\"sameAs\":[\"https:\\\/\\\/www.eldiario.net\\\/portal\"],\"url\":\"https:\\\/\\\/www.eldiario.net\\\/portal\\\/author\\\/jeanette\\\/\"}]}<\/script>\n<!-- \/ Yoast SEO plugin. -->","yoast_head_json":{"title":"INRA activ\u00f3 injustificada reversi\u00f3n y desalojo de tierras menonitas - El Diario - Bolivia","robots":{"index":"index","follow":"follow","max-snippet":"max-snippet:-1","max-image-preview":"max-image-preview:large","max-video-preview":"max-video-preview:-1"},"canonical":"https:\/\/www.eldiario.net\/portal\/2022\/02\/15\/inra-activo-injustificada-reversion-y-desalojo-de-tierras-menonitas\/","og_locale":"es_ES","og_type":"article","og_title":"INRA activ\u00f3 injustificada reversi\u00f3n y desalojo de tierras menonitas - El Diario - Bolivia","og_description":"La diputada, Mar\u00eda Ren\u00e9 Alvarez, de Creemos denunci\u00f3 el injustificado desalojo de m\u00e1s de 120 familias de la colonia Menonita Quimome-Valle Verde por parte del Instituto Nacional de Reforma Agraria (INRA) para beneficiar a grupos de los denominados interculturales afines al MAS, quienes fueron trasladados en buses con custodia policial. \u201cVan flotas con interculturales para [&hellip;]","og_url":"https:\/\/www.eldiario.net\/portal\/2022\/02\/15\/inra-activo-injustificada-reversion-y-desalojo-de-tierras-menonitas\/","og_site_name":"El Diario - Bolivia","article_publisher":"https:\/\/www.facebook.com\/eldiario.bolivia\/","article_published_time":"2022-02-15T09:44:58+00:00","author":"Jeanette","twitter_card":"summary_large_image","twitter_creator":"@eldiario_net","twitter_site":"@eldiario_net","twitter_misc":{"Escrito por":"Jeanette","Tiempo de lectura":"2 minutos"},"schema":{"@context":"https:\/\/schema.org","@graph":[{"@type":"Article","@id":"https:\/\/www.eldiario.net\/portal\/2022\/02\/15\/inra-activo-injustificada-reversion-y-desalojo-de-tierras-menonitas\/#article","isPartOf":{"@id":"https:\/\/www.eldiario.net\/portal\/2022\/02\/15\/inra-activo-injustificada-reversion-y-desalojo-de-tierras-menonitas\/"},"author":{"name":"Jeanette","@id":"https:\/\/www.eldiario.net\/portal\/#\/schema\/person\/f46445640444750d7d753ccd04ae01b7"},"headline":"INRA activ\u00f3 injustificada reversi\u00f3n y desalojo de tierras menonitas","datePublished":"2022-02-15T09:44:58+00:00","mainEntityOfPage":{"@id":"https:\/\/www.eldiario.net\/portal\/2022\/02\/15\/inra-activo-injustificada-reversion-y-desalojo-de-tierras-menonitas\/"},"wordCount":343,"publisher":{"@id":"https:\/\/www.eldiario.net\/portal\/#organization"},"image":{"@id":"https:\/\/www.eldiario.net\/portal\/2022\/02\/15\/inra-activo-injustificada-reversion-y-desalojo-de-tierras-menonitas\/#primaryimage"},"thumbnailUrl":"","articleSection":["Portada"],"inLanguage":"es"},{"@type":"WebPage","@id":"https:\/\/www.eldiario.net\/portal\/2022\/02\/15\/inra-activo-injustificada-reversion-y-desalojo-de-tierras-menonitas\/","url":"https:\/\/www.eldiario.net\/portal\/2022\/02\/15\/inra-activo-injustificada-reversion-y-desalojo-de-tierras-menonitas\/","name":"INRA activ\u00f3 injustificada reversi\u00f3n y desalojo de tierras menonitas - El Diario - Bolivia","isPartOf":{"@id":"https:\/\/www.eldiario.net\/portal\/#website"},"primaryImageOfPage":{"@id":"https:\/\/www.eldiario.net\/portal\/2022\/02\/15\/inra-activo-injustificada-reversion-y-desalojo-de-tierras-menonitas\/#primaryimage"},"image":{"@id":"https:\/\/www.eldiario.net\/portal\/2022\/02\/15\/inra-activo-injustificada-reversion-y-desalojo-de-tierras-menonitas\/#primaryimage"},"thumbnailUrl":"","datePublished":"2022-02-15T09:44:58+00:00","breadcrumb":{"@id":"https:\/\/www.eldiario.net\/portal\/2022\/02\/15\/inra-activo-injustificada-reversion-y-desalojo-de-tierras-menonitas\/#breadcrumb"},"inLanguage":"es","potentialAction":[{"@type":"ReadAction","target":["https:\/\/www.eldiario.net\/portal\/2022\/02\/15\/inra-activo-injustificada-reversion-y-desalojo-de-tierras-menonitas\/"]}]},{"@type":"ImageObject","inLanguage":"es","@id":"https:\/\/www.eldiario.net\/portal\/2022\/02\/15\/inra-activo-injustificada-reversion-y-desalojo-de-tierras-menonitas\/#primaryimage","url":"","contentUrl":""},{"@type":"BreadcrumbList","@id":"https:\/\/www.eldiario.net\/portal\/2022\/02\/15\/inra-activo-injustificada-reversion-y-desalojo-de-tierras-menonitas\/#breadcrumb","itemListElement":[{"@type":"ListItem","position":1,"name":"Portada","item":"https:\/\/www.eldiario.net\/portal\/"},{"@type":"ListItem","position":2,"name":"INRA activ\u00f3 injustificada reversi\u00f3n y desalojo de tierras menonitas"}]},{"@type":"WebSite","@id":"https:\/\/www.eldiario.net\/portal\/#website","url":"https:\/\/www.eldiario.net\/portal\/","name":"El Diario - Decano de la prensa nacional","description":"El Diario - Decano de la prensa nacional","publisher":{"@id":"https:\/\/www.eldiario.net\/portal\/#organization"},"potentialAction":[{"@type":"SearchAction","target":{"@type":"EntryPoint","urlTemplate":"https:\/\/www.eldiario.net\/portal\/?s={search_term_string}"},"query-input":{"@type":"PropertyValueSpecification","valueRequired":true,"valueName":"search_term_string"}}],"inLanguage":"es"},{"@type":"Organization","@id":"https:\/\/www.eldiario.net\/portal\/#organization","name":"El Diario - Decano de la prensa nacional","url":"https:\/\/www.eldiario.net\/portal\/","logo":{"@type":"ImageObject","inLanguage":"es","@id":"https:\/\/www.eldiario.net\/portal\/#\/schema\/logo\/image\/","url":"https:\/\/www.eldiario.net\/portal\/wp-content\/uploads\/2023\/07\/logo_ED.jpg","contentUrl":"https:\/\/www.eldiario.net\/portal\/wp-content\/uploads\/2023\/07\/logo_ED.jpg","width":272,"height":52,"caption":"El Diario - Decano de la prensa nacional"},"image":{"@id":"https:\/\/www.eldiario.net\/portal\/#\/schema\/logo\/image\/"},"sameAs":["https:\/\/www.facebook.com\/eldiario.bolivia\/","https:\/\/x.com\/eldiario_net"]},{"@type":"Person","@id":"https:\/\/www.eldiario.net\/portal\/#\/schema\/person\/f46445640444750d7d753ccd04ae01b7","name":"Jeanette","image":{"@type":"ImageObject","inLanguage":"es","@id":"https:\/\/secure.gravatar.com\/avatar\/3ea2118a5f7dad2b7138b1187a6b7ee55f160b9968b66013c3a3ef39dd7e5798?s=96&d=mm&r=g","url":"https:\/\/secure.gravatar.com\/avatar\/3ea2118a5f7dad2b7138b1187a6b7ee55f160b9968b66013c3a3ef39dd7e5798?s=96&d=mm&r=g","contentUrl":"https:\/\/secure.gravatar.com\/avatar\/3ea2118a5f7dad2b7138b1187a6b7ee55f160b9968b66013c3a3ef39dd7e5798?s=96&d=mm&r=g","caption":"Jeanette"},"sameAs":["https:\/\/www.eldiario.net\/portal"],"url":"https:\/\/www.eldiario.net\/portal\/author\/jeanette\/"}]}},"_links":{"self":[{"href":"https:\/\/www.eldiario.net\/portal\/wp-json\/wp\/v2\/posts\/63426","targetHints":{"allow":["GET"]}}],"collection":[{"href":"https:\/\/www.eldiario.net\/portal\/wp-json\/wp\/v2\/posts"}],"about":[{"href":"https:\/\/www.eldiario.net\/portal\/wp-json\/wp\/v2\/types\/post"}],"author":[{"embeddable":true,"href":"https:\/\/www.eldiario.net\/portal\/wp-json\/wp\/v2\/users\/1"}],"replies":[{"embeddable":true,"href":"https:\/\/www.eldiario.net\/portal\/wp-json\/wp\/v2\/comments?post=63426"}],"version-history":[{"count":0,"href":"https:\/\/www.eldiario.net\/portal\/wp-json\/wp\/v2\/posts\/63426\/revisions"}],"wp:attachment":[{"href":"https:\/\/www.eldiario.net\/portal\/wp-json\/wp\/v2\/media?parent=63426"}],"wp:term":[{"taxonomy":"category","embeddable":true,"href":"https:\/\/www.eldiario.net\/portal\/wp-json\/wp\/v2\/categories?post=63426"},{"taxonomy":"post_tag","embeddable":true,"href":"https:\/\/www.eldiario.net\/portal\/wp-json\/wp\/v2\/tags?post=63426"}],"curies":[{"name":"wp","href":"https:\/\/api.w.org\/{rel}","templated":true}]}}