{"id":63420,"date":"2022-02-15T05:42:39","date_gmt":"2022-02-15T09:42:39","guid":{"rendered":"https:\/\/www.eldiario.net\/portal\/?p=63420"},"modified":"2022-02-15T05:42:39","modified_gmt":"2022-02-15T09:42:39","slug":"rusa-kamila-valieva-vuelve-a-competir-en-pekin","status":"publish","type":"post","link":"https:\/\/www.eldiario.net\/portal\/2022\/02\/15\/rusa-kamila-valieva-vuelve-a-competir-en-pekin\/","title":{"rendered":"Rusa Kamila Valieva vuelve a competir en Pek\u00edn"},"content":{"rendered":"<p>La patinadora rusa Kamila Valieva podr\u00e1 competir en la categor\u00eda individual femenina de patinaje art\u00edstico en los Juegos Ol\u00edmpicos de Pek\u00edn tras la decisi\u00f3n adoptada el lunes por el m\u00e1ximo tribunal deportivo.<\/p>\n<p>El Tribunal de Arbitraje Deportivo (TAS) confirm\u00f3 la decisi\u00f3n de la Agencia Rusa Antidopaje de levantar la prohibici\u00f3n a la joven de 15 a\u00f1os, que dio positivo por una sustancia prohibida el 25 de diciembre, en un comunicado publicado en su p\u00e1gina web ayer. (Reuters)<\/p>\n<p>&nbsp;<\/p>\n<p>La adolescente prodigio del patinaje sali\u00f3 al hielo media hora despu\u00e9s de la decisi\u00f3n, entren\u00e1ndose con sus compa\u00f1eros del equipo del Comit\u00e9 Ol\u00edmpico Ruso (ROC) antes de los individuales del martes.<\/p>\n<p>&nbsp;<\/p>\n<p>\u00ab\u00a1Vamos Kamila!\u00bb, dijo el bailar\u00edn de hielo ruso Nikita Katsalapov en el Estadio Cubierto de la Capital tras ganar la medalla de plata y conocer la decisi\u00f3n.<\/p>\n<p>&nbsp;<\/p>\n<p>El TAS se\u00f1al\u00f3 el hecho de que Valieva era una \u00abpersona protegida\u00bb seg\u00fan las normas de la Agencia Mundial Antidopaje (AMA) como una de las circunstancias excepcionales en las que se basa su decisi\u00f3n.<\/p>\n<p>&nbsp;<\/p>\n<p>Impedir que Valieva compita en los Juegos Ol\u00edmpicos habr\u00eda causado a la joven de 15 a\u00f1os un da\u00f1o irreparable, dijo el TAS en su fallo.<\/p>\n<p>&nbsp;<\/p>\n<p>La patinadora art\u00edstica es una de las atletas m\u00e1s j\u00f3venes que se enfrenta a una acusaci\u00f3n de dopaje durante los Juegos Ol\u00edmpicos, lo que ha provocado la indignaci\u00f3n mundial por el papel de los adultos que rodean a la patinadora adolescente y por la continua lacra del dopaje ruso en el deporte internacional.<\/p>\n<p>&nbsp;<\/p>\n<p>\u00abEste parece ser otro cap\u00edtulo en el sistem\u00e1tico y omnipresente desprecio por el deporte limpio por parte de Rusia\u00bb, dijo la directora general del Comit\u00e9 Ol\u00edmpico y Paral\u00edmpico de Estados Unidos (USOPC), Sarah Hirshland, en un comunicado publicado tras la decisi\u00f3n.<\/p>\n<p>&nbsp;<\/p>\n<p>NOTIFICACI\u00d3N TARD\u00cdA<\/p>\n<p>&nbsp;<\/p>\n<p>El resultado del control antidopaje positivo de Valieva no se dio a conocer hasta el 8 de febrero, despu\u00e9s de que compitiera en la prueba por equipos de los Juegos de Invierno, deslumbrando al mundo con los primeros saltos cu\u00e1druples jam\u00e1s realizados en la competici\u00f3n ol\u00edmpica femenina.<\/p>\n<p>&nbsp;<\/p>\n<p>El TAS subray\u00f3 en su decisi\u00f3n los \u00abgraves problemas de notificaci\u00f3n inoportuna de los resultados\u00bb.<\/p>\n<p>&nbsp;<\/p>\n<p>\u00abDicha notificaci\u00f3n tard\u00eda no fue culpa de ella, en medio de los Juegos Ol\u00edmpicos de Invierno\u00bb, dice el fallo<\/p>\n<p>&nbsp;<\/p>\n<p>El Comit\u00e9 Ol\u00edmpico Internacional (COI), la AMA y la Uni\u00f3n Internacional de Patinaje (ISU) hab\u00edan recurrido la decisi\u00f3n de RUSADA de levantar la suspensi\u00f3n provisional por dopaje de Valieva.<\/p>\n<p>&nbsp;<\/p>\n<p>El fallo del TAS no abord\u00f3 el fondo del caso de Valieva por dopaje.<\/p>\n<p>&nbsp;<\/p>\n<p>\u00abSabemos que este caso a\u00fan no est\u00e1 cerrado, y pedimos a todos los miembros del Movimiento Ol\u00edmpico que sigan luchando por un deporte limpio en nombre de los atletas de todo el mundo\u00bb, a\u00f1adi\u00f3 Hirshland.<\/p>\n<p>&nbsp;<\/p>\n<p>Anteriormente, el portavoz del COI, Mark Adams, dijo que la entrega de medallas para la prueba por equipos no puede seguir adelante hasta que se resuelva el caso de dopaje.<\/p>\n<p>&nbsp;<\/p>\n<p>No est\u00e1 claro si otros miembros del equipo de la ROC pueden recibir las medallas de oro. El equipo de Estados Unidos, segundo, y el de Jap\u00f3n, tercero, tambi\u00e9n est\u00e1n a la espera. Canad\u00e1 qued\u00f3 en cuarto lugar.<\/p>\n<p>&nbsp;<\/p>\n<p>\u00abEs probable que esto no se resuelva durante estos Juegos y es algo lamentable, pero tenemos que seguir el proceso\u00bb, dijo Adams.<\/p>\n<p>&nbsp;<\/p>\n<p>La prueba individual femenina, para la que Valieva es la gran favorita, comienza con el programa corto el martes y concluye el jueves con el patinaje libre.<\/p>\n<p>&nbsp;<\/p>\n<p>(Reporte de Karolos Grohmann y Julien Pretot; edici\u00f3n de Ken Ferris, traducido por Tom\u00e1s Cobos)<\/p>\n","protected":false},"excerpt":{"rendered":"<p>La patinadora rusa Kamila Valieva podr\u00e1 competir en la categor\u00eda individual femenina de patinaje art\u00edstico en los Juegos Ol\u00edmpicos de Pek\u00edn tras la decisi\u00f3n adoptada el lunes por el m\u00e1ximo tribunal deportivo. El Tribunal de Arbitraje Deportivo (TAS) confirm\u00f3 la decisi\u00f3n de la Agencia Rusa Antidopaje de levantar la prohibici\u00f3n a la joven de 15 [&hellip;]<\/p>\n","protected":false},"author":1,"featured_media":63421,"comment_status":"closed","ping_status":"closed","sticky":false,"template":"","format":"standard","meta":{"_acf_changed":false,"footnotes":""},"categories":[15],"tags":[],"class_list":["post-63420","post","type-post","status-publish","format-standard","has-post-thumbnail","category-portada"],"acf":{"antetitulo":""},"yoast_head":"<!-- This site is optimized with the Yoast SEO plugin v28.3 - https:\/\/yoast.com\/product\/yoast-seo-wordpress\/ -->\n<title>Rusa Kamila Valieva vuelve a competir en Pek\u00edn - El Diario - Bolivia<\/title>\n<meta name=\"robots\" content=\"index, follow, max-snippet:-1, max-image-preview:large, max-video-preview:-1\" \/>\n<link rel=\"canonical\" href=\"https:\/\/www.eldiario.net\/portal\/2022\/02\/15\/rusa-kamila-valieva-vuelve-a-competir-en-pekin\/\" \/>\n<meta property=\"og:locale\" content=\"es_ES\" \/>\n<meta property=\"og:type\" content=\"article\" \/>\n<meta property=\"og:title\" content=\"Rusa Kamila Valieva vuelve a competir en Pek\u00edn - El Diario - Bolivia\" \/>\n<meta property=\"og:description\" content=\"La patinadora rusa Kamila Valieva podr\u00e1 competir en la categor\u00eda individual femenina de patinaje art\u00edstico en los Juegos Ol\u00edmpicos de Pek\u00edn tras la decisi\u00f3n adoptada el lunes por el m\u00e1ximo tribunal deportivo. El Tribunal de Arbitraje Deportivo (TAS) confirm\u00f3 la decisi\u00f3n de la Agencia Rusa Antidopaje de levantar la prohibici\u00f3n a la joven de 15 [&hellip;]\" \/>\n<meta property=\"og:url\" content=\"https:\/\/www.eldiario.net\/portal\/2022\/02\/15\/rusa-kamila-valieva-vuelve-a-competir-en-pekin\/\" \/>\n<meta property=\"og:site_name\" content=\"El Diario - Bolivia\" \/>\n<meta property=\"article:publisher\" content=\"https:\/\/www.facebook.com\/eldiario.bolivia\/\" \/>\n<meta property=\"article:published_time\" content=\"2022-02-15T09:42:39+00:00\" \/>\n<meta name=\"author\" content=\"Jeanette\" \/>\n<meta name=\"twitter:card\" content=\"summary_large_image\" \/>\n<meta name=\"twitter:creator\" content=\"@eldiario_net\" \/>\n<meta name=\"twitter:site\" content=\"@eldiario_net\" \/>\n<meta name=\"twitter:label1\" content=\"Escrito por\" \/>\n\t<meta name=\"twitter:data1\" content=\"Jeanette\" \/>\n\t<meta name=\"twitter:label2\" content=\"Tiempo de lectura\" \/>\n\t<meta name=\"twitter:data2\" content=\"3 minutos\" \/>\n<script type=\"application\/ld+json\" class=\"yoast-schema-graph\">{\"@context\":\"https:\\\/\\\/schema.org\",\"@graph\":[{\"@type\":\"Article\",\"@id\":\"https:\\\/\\\/www.eldiario.net\\\/portal\\\/2022\\\/02\\\/15\\\/rusa-kamila-valieva-vuelve-a-competir-en-pekin\\\/#article\",\"isPartOf\":{\"@id\":\"https:\\\/\\\/www.eldiario.net\\\/portal\\\/2022\\\/02\\\/15\\\/rusa-kamila-valieva-vuelve-a-competir-en-pekin\\\/\"},\"author\":{\"name\":\"Jeanette\",\"@id\":\"https:\\\/\\\/www.eldiario.net\\\/portal\\\/#\\\/schema\\\/person\\\/f46445640444750d7d753ccd04ae01b7\"},\"headline\":\"Rusa Kamila Valieva vuelve a competir en Pek\u00edn\",\"datePublished\":\"2022-02-15T09:42:39+00:00\",\"mainEntityOfPage\":{\"@id\":\"https:\\\/\\\/www.eldiario.net\\\/portal\\\/2022\\\/02\\\/15\\\/rusa-kamila-valieva-vuelve-a-competir-en-pekin\\\/\"},\"wordCount\":664,\"publisher\":{\"@id\":\"https:\\\/\\\/www.eldiario.net\\\/portal\\\/#organization\"},\"image\":{\"@id\":\"https:\\\/\\\/www.eldiario.net\\\/portal\\\/2022\\\/02\\\/15\\\/rusa-kamila-valieva-vuelve-a-competir-en-pekin\\\/#primaryimage\"},\"thumbnailUrl\":\"\",\"articleSection\":[\"Portada\"],\"inLanguage\":\"es\"},{\"@type\":\"WebPage\",\"@id\":\"https:\\\/\\\/www.eldiario.net\\\/portal\\\/2022\\\/02\\\/15\\\/rusa-kamila-valieva-vuelve-a-competir-en-pekin\\\/\",\"url\":\"https:\\\/\\\/www.eldiario.net\\\/portal\\\/2022\\\/02\\\/15\\\/rusa-kamila-valieva-vuelve-a-competir-en-pekin\\\/\",\"name\":\"Rusa Kamila Valieva vuelve a competir en Pek\u00edn - El Diario - Bolivia\",\"isPartOf\":{\"@id\":\"https:\\\/\\\/www.eldiario.net\\\/portal\\\/#website\"},\"primaryImageOfPage\":{\"@id\":\"https:\\\/\\\/www.eldiario.net\\\/portal\\\/2022\\\/02\\\/15\\\/rusa-kamila-valieva-vuelve-a-competir-en-pekin\\\/#primaryimage\"},\"image\":{\"@id\":\"https:\\\/\\\/www.eldiario.net\\\/portal\\\/2022\\\/02\\\/15\\\/rusa-kamila-valieva-vuelve-a-competir-en-pekin\\\/#primaryimage\"},\"thumbnailUrl\":\"\",\"datePublished\":\"2022-02-15T09:42:39+00:00\",\"breadcrumb\":{\"@id\":\"https:\\\/\\\/www.eldiario.net\\\/portal\\\/2022\\\/02\\\/15\\\/rusa-kamila-valieva-vuelve-a-competir-en-pekin\\\/#breadcrumb\"},\"inLanguage\":\"es\",\"potentialAction\":[{\"@type\":\"ReadAction\",\"target\":[\"https:\\\/\\\/www.eldiario.net\\\/portal\\\/2022\\\/02\\\/15\\\/rusa-kamila-valieva-vuelve-a-competir-en-pekin\\\/\"]}]},{\"@type\":\"ImageObject\",\"inLanguage\":\"es\",\"@id\":\"https:\\\/\\\/www.eldiario.net\\\/portal\\\/2022\\\/02\\\/15\\\/rusa-kamila-valieva-vuelve-a-competir-en-pekin\\\/#primaryimage\",\"url\":\"\",\"contentUrl\":\"\"},{\"@type\":\"BreadcrumbList\",\"@id\":\"https:\\\/\\\/www.eldiario.net\\\/portal\\\/2022\\\/02\\\/15\\\/rusa-kamila-valieva-vuelve-a-competir-en-pekin\\\/#breadcrumb\",\"itemListElement\":[{\"@type\":\"ListItem\",\"position\":1,\"name\":\"Portada\",\"item\":\"https:\\\/\\\/www.eldiario.net\\\/portal\\\/\"},{\"@type\":\"ListItem\",\"position\":2,\"name\":\"Rusa Kamila Valieva vuelve a competir en Pek\u00edn\"}]},{\"@type\":\"WebSite\",\"@id\":\"https:\\\/\\\/www.eldiario.net\\\/portal\\\/#website\",\"url\":\"https:\\\/\\\/www.eldiario.net\\\/portal\\\/\",\"name\":\"El Diario - Decano de la prensa nacional\",\"description\":\"El Diario - Decano de la prensa nacional\",\"publisher\":{\"@id\":\"https:\\\/\\\/www.eldiario.net\\\/portal\\\/#organization\"},\"potentialAction\":[{\"@type\":\"SearchAction\",\"target\":{\"@type\":\"EntryPoint\",\"urlTemplate\":\"https:\\\/\\\/www.eldiario.net\\\/portal\\\/?s={search_term_string}\"},\"query-input\":{\"@type\":\"PropertyValueSpecification\",\"valueRequired\":true,\"valueName\":\"search_term_string\"}}],\"inLanguage\":\"es\"},{\"@type\":\"Organization\",\"@id\":\"https:\\\/\\\/www.eldiario.net\\\/portal\\\/#organization\",\"name\":\"El Diario - Decano de la prensa nacional\",\"url\":\"https:\\\/\\\/www.eldiario.net\\\/portal\\\/\",\"logo\":{\"@type\":\"ImageObject\",\"inLanguage\":\"es\",\"@id\":\"https:\\\/\\\/www.eldiario.net\\\/portal\\\/#\\\/schema\\\/logo\\\/image\\\/\",\"url\":\"https:\\\/\\\/www.eldiario.net\\\/portal\\\/wp-content\\\/uploads\\\/2023\\\/07\\\/logo_ED.jpg\",\"contentUrl\":\"https:\\\/\\\/www.eldiario.net\\\/portal\\\/wp-content\\\/uploads\\\/2023\\\/07\\\/logo_ED.jpg\",\"width\":272,\"height\":52,\"caption\":\"El Diario - Decano de la prensa nacional\"},\"image\":{\"@id\":\"https:\\\/\\\/www.eldiario.net\\\/portal\\\/#\\\/schema\\\/logo\\\/image\\\/\"},\"sameAs\":[\"https:\\\/\\\/www.facebook.com\\\/eldiario.bolivia\\\/\",\"https:\\\/\\\/x.com\\\/eldiario_net\"]},{\"@type\":\"Person\",\"@id\":\"https:\\\/\\\/www.eldiario.net\\\/portal\\\/#\\\/schema\\\/person\\\/f46445640444750d7d753ccd04ae01b7\",\"name\":\"Jeanette\",\"image\":{\"@type\":\"ImageObject\",\"inLanguage\":\"es\",\"@id\":\"https:\\\/\\\/secure.gravatar.com\\\/avatar\\\/3ea2118a5f7dad2b7138b1187a6b7ee55f160b9968b66013c3a3ef39dd7e5798?s=96&d=mm&r=g\",\"url\":\"https:\\\/\\\/secure.gravatar.com\\\/avatar\\\/3ea2118a5f7dad2b7138b1187a6b7ee55f160b9968b66013c3a3ef39dd7e5798?s=96&d=mm&r=g\",\"contentUrl\":\"https:\\\/\\\/secure.gravatar.com\\\/avatar\\\/3ea2118a5f7dad2b7138b1187a6b7ee55f160b9968b66013c3a3ef39dd7e5798?s=96&d=mm&r=g\",\"caption\":\"Jeanette\"},\"sameAs\":[\"https:\\\/\\\/www.eldiario.net\\\/portal\"],\"url\":\"https:\\\/\\\/www.eldiario.net\\\/portal\\\/author\\\/jeanette\\\/\"}]}<\/script>\n<!-- \/ Yoast SEO plugin. -->","yoast_head_json":{"title":"Rusa Kamila Valieva vuelve a competir en Pek\u00edn - El Diario - Bolivia","robots":{"index":"index","follow":"follow","max-snippet":"max-snippet:-1","max-image-preview":"max-image-preview:large","max-video-preview":"max-video-preview:-1"},"canonical":"https:\/\/www.eldiario.net\/portal\/2022\/02\/15\/rusa-kamila-valieva-vuelve-a-competir-en-pekin\/","og_locale":"es_ES","og_type":"article","og_title":"Rusa Kamila Valieva vuelve a competir en Pek\u00edn - El Diario - Bolivia","og_description":"La patinadora rusa Kamila Valieva podr\u00e1 competir en la categor\u00eda individual femenina de patinaje art\u00edstico en los Juegos Ol\u00edmpicos de Pek\u00edn tras la decisi\u00f3n adoptada el lunes por el m\u00e1ximo tribunal deportivo. El Tribunal de Arbitraje Deportivo (TAS) confirm\u00f3 la decisi\u00f3n de la Agencia Rusa Antidopaje de levantar la prohibici\u00f3n a la joven de 15 [&hellip;]","og_url":"https:\/\/www.eldiario.net\/portal\/2022\/02\/15\/rusa-kamila-valieva-vuelve-a-competir-en-pekin\/","og_site_name":"El Diario - Bolivia","article_publisher":"https:\/\/www.facebook.com\/eldiario.bolivia\/","article_published_time":"2022-02-15T09:42:39+00:00","author":"Jeanette","twitter_card":"summary_large_image","twitter_creator":"@eldiario_net","twitter_site":"@eldiario_net","twitter_misc":{"Escrito por":"Jeanette","Tiempo de lectura":"3 minutos"},"schema":{"@context":"https:\/\/schema.org","@graph":[{"@type":"Article","@id":"https:\/\/www.eldiario.net\/portal\/2022\/02\/15\/rusa-kamila-valieva-vuelve-a-competir-en-pekin\/#article","isPartOf":{"@id":"https:\/\/www.eldiario.net\/portal\/2022\/02\/15\/rusa-kamila-valieva-vuelve-a-competir-en-pekin\/"},"author":{"name":"Jeanette","@id":"https:\/\/www.eldiario.net\/portal\/#\/schema\/person\/f46445640444750d7d753ccd04ae01b7"},"headline":"Rusa Kamila Valieva vuelve a competir en Pek\u00edn","datePublished":"2022-02-15T09:42:39+00:00","mainEntityOfPage":{"@id":"https:\/\/www.eldiario.net\/portal\/2022\/02\/15\/rusa-kamila-valieva-vuelve-a-competir-en-pekin\/"},"wordCount":664,"publisher":{"@id":"https:\/\/www.eldiario.net\/portal\/#organization"},"image":{"@id":"https:\/\/www.eldiario.net\/portal\/2022\/02\/15\/rusa-kamila-valieva-vuelve-a-competir-en-pekin\/#primaryimage"},"thumbnailUrl":"","articleSection":["Portada"],"inLanguage":"es"},{"@type":"WebPage","@id":"https:\/\/www.eldiario.net\/portal\/2022\/02\/15\/rusa-kamila-valieva-vuelve-a-competir-en-pekin\/","url":"https:\/\/www.eldiario.net\/portal\/2022\/02\/15\/rusa-kamila-valieva-vuelve-a-competir-en-pekin\/","name":"Rusa Kamila Valieva vuelve a competir en Pek\u00edn - El Diario - Bolivia","isPartOf":{"@id":"https:\/\/www.eldiario.net\/portal\/#website"},"primaryImageOfPage":{"@id":"https:\/\/www.eldiario.net\/portal\/2022\/02\/15\/rusa-kamila-valieva-vuelve-a-competir-en-pekin\/#primaryimage"},"image":{"@id":"https:\/\/www.eldiario.net\/portal\/2022\/02\/15\/rusa-kamila-valieva-vuelve-a-competir-en-pekin\/#primaryimage"},"thumbnailUrl":"","datePublished":"2022-02-15T09:42:39+00:00","breadcrumb":{"@id":"https:\/\/www.eldiario.net\/portal\/2022\/02\/15\/rusa-kamila-valieva-vuelve-a-competir-en-pekin\/#breadcrumb"},"inLanguage":"es","potentialAction":[{"@type":"ReadAction","target":["https:\/\/www.eldiario.net\/portal\/2022\/02\/15\/rusa-kamila-valieva-vuelve-a-competir-en-pekin\/"]}]},{"@type":"ImageObject","inLanguage":"es","@id":"https:\/\/www.eldiario.net\/portal\/2022\/02\/15\/rusa-kamila-valieva-vuelve-a-competir-en-pekin\/#primaryimage","url":"","contentUrl":""},{"@type":"BreadcrumbList","@id":"https:\/\/www.eldiario.net\/portal\/2022\/02\/15\/rusa-kamila-valieva-vuelve-a-competir-en-pekin\/#breadcrumb","itemListElement":[{"@type":"ListItem","position":1,"name":"Portada","item":"https:\/\/www.eldiario.net\/portal\/"},{"@type":"ListItem","position":2,"name":"Rusa Kamila Valieva vuelve a competir en Pek\u00edn"}]},{"@type":"WebSite","@id":"https:\/\/www.eldiario.net\/portal\/#website","url":"https:\/\/www.eldiario.net\/portal\/","name":"El Diario - Decano de la prensa nacional","description":"El Diario - Decano de la prensa nacional","publisher":{"@id":"https:\/\/www.eldiario.net\/portal\/#organization"},"potentialAction":[{"@type":"SearchAction","target":{"@type":"EntryPoint","urlTemplate":"https:\/\/www.eldiario.net\/portal\/?s={search_term_string}"},"query-input":{"@type":"PropertyValueSpecification","valueRequired":true,"valueName":"search_term_string"}}],"inLanguage":"es"},{"@type":"Organization","@id":"https:\/\/www.eldiario.net\/portal\/#organization","name":"El Diario - Decano de la prensa nacional","url":"https:\/\/www.eldiario.net\/portal\/","logo":{"@type":"ImageObject","inLanguage":"es","@id":"https:\/\/www.eldiario.net\/portal\/#\/schema\/logo\/image\/","url":"https:\/\/www.eldiario.net\/portal\/wp-content\/uploads\/2023\/07\/logo_ED.jpg","contentUrl":"https:\/\/www.eldiario.net\/portal\/wp-content\/uploads\/2023\/07\/logo_ED.jpg","width":272,"height":52,"caption":"El Diario - Decano de la prensa nacional"},"image":{"@id":"https:\/\/www.eldiario.net\/portal\/#\/schema\/logo\/image\/"},"sameAs":["https:\/\/www.facebook.com\/eldiario.bolivia\/","https:\/\/x.com\/eldiario_net"]},{"@type":"Person","@id":"https:\/\/www.eldiario.net\/portal\/#\/schema\/person\/f46445640444750d7d753ccd04ae01b7","name":"Jeanette","image":{"@type":"ImageObject","inLanguage":"es","@id":"https:\/\/secure.gravatar.com\/avatar\/3ea2118a5f7dad2b7138b1187a6b7ee55f160b9968b66013c3a3ef39dd7e5798?s=96&d=mm&r=g","url":"https:\/\/secure.gravatar.com\/avatar\/3ea2118a5f7dad2b7138b1187a6b7ee55f160b9968b66013c3a3ef39dd7e5798?s=96&d=mm&r=g","contentUrl":"https:\/\/secure.gravatar.com\/avatar\/3ea2118a5f7dad2b7138b1187a6b7ee55f160b9968b66013c3a3ef39dd7e5798?s=96&d=mm&r=g","caption":"Jeanette"},"sameAs":["https:\/\/www.eldiario.net\/portal"],"url":"https:\/\/www.eldiario.net\/portal\/author\/jeanette\/"}]}},"_links":{"self":[{"href":"https:\/\/www.eldiario.net\/portal\/wp-json\/wp\/v2\/posts\/63420","targetHints":{"allow":["GET"]}}],"collection":[{"href":"https:\/\/www.eldiario.net\/portal\/wp-json\/wp\/v2\/posts"}],"about":[{"href":"https:\/\/www.eldiario.net\/portal\/wp-json\/wp\/v2\/types\/post"}],"author":[{"embeddable":true,"href":"https:\/\/www.eldiario.net\/portal\/wp-json\/wp\/v2\/users\/1"}],"replies":[{"embeddable":true,"href":"https:\/\/www.eldiario.net\/portal\/wp-json\/wp\/v2\/comments?post=63420"}],"version-history":[{"count":0,"href":"https:\/\/www.eldiario.net\/portal\/wp-json\/wp\/v2\/posts\/63420\/revisions"}],"wp:attachment":[{"href":"https:\/\/www.eldiario.net\/portal\/wp-json\/wp\/v2\/media?parent=63420"}],"wp:term":[{"taxonomy":"category","embeddable":true,"href":"https:\/\/www.eldiario.net\/portal\/wp-json\/wp\/v2\/categories?post=63420"},{"taxonomy":"post_tag","embeddable":true,"href":"https:\/\/www.eldiario.net\/portal\/wp-json\/wp\/v2\/tags?post=63420"}],"curies":[{"name":"wp","href":"https:\/\/api.w.org\/{rel}","templated":true}]}}