{"id":63401,"date":"2022-02-15T05:34:21","date_gmt":"2022-02-15T09:34:21","guid":{"rendered":"https:\/\/www.eldiario.net\/portal\/?p=63401"},"modified":"2022-02-15T05:34:21","modified_gmt":"2022-02-15T09:34:21","slug":"descartan-nuevas-prorrogas-para-registro-de-compras-y-ventas","status":"publish","type":"post","link":"https:\/\/www.eldiario.net\/portal\/2022\/02\/15\/descartan-nuevas-prorrogas-para-registro-de-compras-y-ventas\/","title":{"rendered":"Descartan nuevas pr\u00f3rrogas para Registro de Compras y Ventas"},"content":{"rendered":"<p>El Servicio de Impuestos Nacionales (SIN) descart\u00f3 nuevas ampliaciones del plazo de vencimiento para el registro y\/o confirmaci\u00f3n de Documentos Fiscales en el \u201cRegistro de Compras y Ventas (RCV) IVA\u201d e inst\u00f3 a los contribuyentes a cumplir con esta obligaci\u00f3n tributaria hasta el d\u00eda 9 de cada mes.<\/p>\n<p>En una conferencia de prensa, el presidente del SIN, Mario Caz\u00f3n, afirm\u00f3 que tanto el Sistema de Facturaci\u00f3n en L\u00ednea como el RCV \u201cest\u00e1n operando perfectamente, no hay m\u00e1s observaciones, se han resuelto las solicitudes de los contribuyentes\u201d.<\/p>\n<p>\u201cEntonces, quiero recomendar a los contadores, a los auditores, a los contribuyentes, a las c\u00e1maras de comercio, industria y otros del sector empresarial, que cumplan la normativa tributaria; no van a existir m\u00e1s ampliaciones para el Registro de Compras y Ventas, porque no hay necesidad, el sistema es operable, est\u00e1 funcionando, tienen toda la informaci\u00f3n que han pedido\u201d, inform\u00f3.<\/p>\n<p>Record\u00f3 que los contribuyentes tienen plazo hasta el 9 de marzo de este a\u00f1o para consolidar el RCV, correspondiente a febrero de 2022, y reiter\u00f3 que la Administraci\u00f3n Tributaria no ve \u201cpertinente hacer ampliaciones\u201d.<\/p>\n<p>De manera excepcional, mediante la Resoluci\u00f3n Normativa de Directorio (RND) N\u00ba 102200000003, de 8 de febrero de 2022, el SIN prorrog\u00f3 hasta el 23 de febrero de este a\u00f1o el plazo para consolidar el RCV, correspondiente a enero de 2022.<\/p>\n<p>La Administraci\u00f3n Tributaria tambi\u00e9n ampli\u00f3 hasta el viernes 25 de febrero de 2022 el plazo para modificar la informaci\u00f3n reportada del periodo fiscal enero de 2022 en el RCV, dispuesto en el par\u00e1grafo I del Art\u00edculo 48 de la RND N\u00ba 102100000011, de 11 de agosto de 2021.<\/p>\n<p>\u201cNo s\u00e9 qu\u00e9 ha pasado con los profesionales (contadores) y contribuyentes, que no han estado consolidando el Registro de Compras y Ventas; por eso tenemos 168.506 consolidaciones hasta el 9 de febrero. Deben consolidar el RCV un total de 250.000 contribuyentes, y no lo han hecho\u201d, se\u00f1al\u00f3.<\/p>\n<p>Mientras que el 1 de este mes se registr\u00f3 4.161 consolidaciones, cifra que vari\u00f3 cada d\u00eda hasta llegar a 48.538 y a 42.482 este 8 y 9 de febrero, respectivamente, con un total 168.506 consolidaciones en el RCV, hasta esta \u00faltima fecha.<\/p>\n<p>Mientras que al 9 de enero de 2022 solo 96.374 contribuyentes consolidaron el RCV, con informaci\u00f3n correspondiente al periodo fiscal diciembre de 2021.<\/p>\n","protected":false},"excerpt":{"rendered":"<p>El Servicio de Impuestos Nacionales (SIN) descart\u00f3 nuevas ampliaciones del plazo de vencimiento para el registro y\/o confirmaci\u00f3n de Documentos Fiscales en el \u201cRegistro de Compras y Ventas (RCV) IVA\u201d e inst\u00f3 a los contribuyentes a cumplir con esta obligaci\u00f3n tributaria hasta el d\u00eda 9 de cada mes. En una conferencia de prensa, el presidente [&hellip;]<\/p>\n","protected":false},"author":1,"featured_media":63402,"comment_status":"closed","ping_status":"closed","sticky":false,"template":"","format":"standard","meta":{"_acf_changed":false,"footnotes":""},"categories":[7],"tags":[],"class_list":["post-63401","post","type-post","status-publish","format-standard","has-post-thumbnail","category-economia"],"acf":{"antetitulo":""},"yoast_head":"<!-- This site is optimized with the Yoast SEO plugin v28.3 - https:\/\/yoast.com\/product\/yoast-seo-wordpress\/ -->\n<title>Descartan nuevas pr\u00f3rrogas para Registro de Compras y Ventas - El Diario - Bolivia<\/title>\n<meta name=\"robots\" content=\"index, follow, max-snippet:-1, max-image-preview:large, max-video-preview:-1\" \/>\n<link rel=\"canonical\" href=\"https:\/\/www.eldiario.net\/portal\/2022\/02\/15\/descartan-nuevas-prorrogas-para-registro-de-compras-y-ventas\/\" \/>\n<meta property=\"og:locale\" content=\"es_ES\" \/>\n<meta property=\"og:type\" content=\"article\" \/>\n<meta property=\"og:title\" content=\"Descartan nuevas pr\u00f3rrogas para Registro de Compras y Ventas - El Diario - Bolivia\" \/>\n<meta property=\"og:description\" content=\"El Servicio de Impuestos Nacionales (SIN) descart\u00f3 nuevas ampliaciones del plazo de vencimiento para el registro y\/o confirmaci\u00f3n de Documentos Fiscales en el \u201cRegistro de Compras y Ventas (RCV) IVA\u201d e inst\u00f3 a los contribuyentes a cumplir con esta obligaci\u00f3n tributaria hasta el d\u00eda 9 de cada mes. En una conferencia de prensa, el presidente [&hellip;]\" \/>\n<meta property=\"og:url\" content=\"https:\/\/www.eldiario.net\/portal\/2022\/02\/15\/descartan-nuevas-prorrogas-para-registro-de-compras-y-ventas\/\" \/>\n<meta property=\"og:site_name\" content=\"El Diario - Bolivia\" \/>\n<meta property=\"article:publisher\" content=\"https:\/\/www.facebook.com\/eldiario.bolivia\/\" \/>\n<meta property=\"article:published_time\" content=\"2022-02-15T09:34:21+00:00\" \/>\n<meta name=\"author\" content=\"Jeanette\" \/>\n<meta name=\"twitter:card\" content=\"summary_large_image\" \/>\n<meta name=\"twitter:creator\" content=\"@eldiario_net\" \/>\n<meta name=\"twitter:site\" content=\"@eldiario_net\" \/>\n<meta name=\"twitter:label1\" content=\"Escrito por\" \/>\n\t<meta name=\"twitter:data1\" content=\"Jeanette\" \/>\n\t<meta name=\"twitter:label2\" content=\"Tiempo de lectura\" \/>\n\t<meta name=\"twitter:data2\" content=\"2 minutos\" \/>\n<script type=\"application\/ld+json\" class=\"yoast-schema-graph\">{\"@context\":\"https:\\\/\\\/schema.org\",\"@graph\":[{\"@type\":\"Article\",\"@id\":\"https:\\\/\\\/www.eldiario.net\\\/portal\\\/2022\\\/02\\\/15\\\/descartan-nuevas-prorrogas-para-registro-de-compras-y-ventas\\\/#article\",\"isPartOf\":{\"@id\":\"https:\\\/\\\/www.eldiario.net\\\/portal\\\/2022\\\/02\\\/15\\\/descartan-nuevas-prorrogas-para-registro-de-compras-y-ventas\\\/\"},\"author\":{\"name\":\"Jeanette\",\"@id\":\"https:\\\/\\\/www.eldiario.net\\\/portal\\\/#\\\/schema\\\/person\\\/f46445640444750d7d753ccd04ae01b7\"},\"headline\":\"Descartan nuevas pr\u00f3rrogas para Registro de Compras y Ventas\",\"datePublished\":\"2022-02-15T09:34:21+00:00\",\"mainEntityOfPage\":{\"@id\":\"https:\\\/\\\/www.eldiario.net\\\/portal\\\/2022\\\/02\\\/15\\\/descartan-nuevas-prorrogas-para-registro-de-compras-y-ventas\\\/\"},\"wordCount\":384,\"publisher\":{\"@id\":\"https:\\\/\\\/www.eldiario.net\\\/portal\\\/#organization\"},\"image\":{\"@id\":\"https:\\\/\\\/www.eldiario.net\\\/portal\\\/2022\\\/02\\\/15\\\/descartan-nuevas-prorrogas-para-registro-de-compras-y-ventas\\\/#primaryimage\"},\"thumbnailUrl\":\"\",\"articleSection\":[\"Econom\u00eda\"],\"inLanguage\":\"es\"},{\"@type\":\"WebPage\",\"@id\":\"https:\\\/\\\/www.eldiario.net\\\/portal\\\/2022\\\/02\\\/15\\\/descartan-nuevas-prorrogas-para-registro-de-compras-y-ventas\\\/\",\"url\":\"https:\\\/\\\/www.eldiario.net\\\/portal\\\/2022\\\/02\\\/15\\\/descartan-nuevas-prorrogas-para-registro-de-compras-y-ventas\\\/\",\"name\":\"Descartan nuevas pr\u00f3rrogas para Registro de Compras y Ventas - El Diario - Bolivia\",\"isPartOf\":{\"@id\":\"https:\\\/\\\/www.eldiario.net\\\/portal\\\/#website\"},\"primaryImageOfPage\":{\"@id\":\"https:\\\/\\\/www.eldiario.net\\\/portal\\\/2022\\\/02\\\/15\\\/descartan-nuevas-prorrogas-para-registro-de-compras-y-ventas\\\/#primaryimage\"},\"image\":{\"@id\":\"https:\\\/\\\/www.eldiario.net\\\/portal\\\/2022\\\/02\\\/15\\\/descartan-nuevas-prorrogas-para-registro-de-compras-y-ventas\\\/#primaryimage\"},\"thumbnailUrl\":\"\",\"datePublished\":\"2022-02-15T09:34:21+00:00\",\"breadcrumb\":{\"@id\":\"https:\\\/\\\/www.eldiario.net\\\/portal\\\/2022\\\/02\\\/15\\\/descartan-nuevas-prorrogas-para-registro-de-compras-y-ventas\\\/#breadcrumb\"},\"inLanguage\":\"es\",\"potentialAction\":[{\"@type\":\"ReadAction\",\"target\":[\"https:\\\/\\\/www.eldiario.net\\\/portal\\\/2022\\\/02\\\/15\\\/descartan-nuevas-prorrogas-para-registro-de-compras-y-ventas\\\/\"]}]},{\"@type\":\"ImageObject\",\"inLanguage\":\"es\",\"@id\":\"https:\\\/\\\/www.eldiario.net\\\/portal\\\/2022\\\/02\\\/15\\\/descartan-nuevas-prorrogas-para-registro-de-compras-y-ventas\\\/#primaryimage\",\"url\":\"\",\"contentUrl\":\"\"},{\"@type\":\"BreadcrumbList\",\"@id\":\"https:\\\/\\\/www.eldiario.net\\\/portal\\\/2022\\\/02\\\/15\\\/descartan-nuevas-prorrogas-para-registro-de-compras-y-ventas\\\/#breadcrumb\",\"itemListElement\":[{\"@type\":\"ListItem\",\"position\":1,\"name\":\"Portada\",\"item\":\"https:\\\/\\\/www.eldiario.net\\\/portal\\\/\"},{\"@type\":\"ListItem\",\"position\":2,\"name\":\"Descartan nuevas pr\u00f3rrogas para Registro de Compras y Ventas\"}]},{\"@type\":\"WebSite\",\"@id\":\"https:\\\/\\\/www.eldiario.net\\\/portal\\\/#website\",\"url\":\"https:\\\/\\\/www.eldiario.net\\\/portal\\\/\",\"name\":\"El Diario - Decano de la prensa nacional\",\"description\":\"El Diario - Decano de la prensa nacional\",\"publisher\":{\"@id\":\"https:\\\/\\\/www.eldiario.net\\\/portal\\\/#organization\"},\"potentialAction\":[{\"@type\":\"SearchAction\",\"target\":{\"@type\":\"EntryPoint\",\"urlTemplate\":\"https:\\\/\\\/www.eldiario.net\\\/portal\\\/?s={search_term_string}\"},\"query-input\":{\"@type\":\"PropertyValueSpecification\",\"valueRequired\":true,\"valueName\":\"search_term_string\"}}],\"inLanguage\":\"es\"},{\"@type\":\"Organization\",\"@id\":\"https:\\\/\\\/www.eldiario.net\\\/portal\\\/#organization\",\"name\":\"El Diario - Decano de la prensa nacional\",\"url\":\"https:\\\/\\\/www.eldiario.net\\\/portal\\\/\",\"logo\":{\"@type\":\"ImageObject\",\"inLanguage\":\"es\",\"@id\":\"https:\\\/\\\/www.eldiario.net\\\/portal\\\/#\\\/schema\\\/logo\\\/image\\\/\",\"url\":\"https:\\\/\\\/www.eldiario.net\\\/portal\\\/wp-content\\\/uploads\\\/2023\\\/07\\\/logo_ED.jpg\",\"contentUrl\":\"https:\\\/\\\/www.eldiario.net\\\/portal\\\/wp-content\\\/uploads\\\/2023\\\/07\\\/logo_ED.jpg\",\"width\":272,\"height\":52,\"caption\":\"El Diario - Decano de la prensa nacional\"},\"image\":{\"@id\":\"https:\\\/\\\/www.eldiario.net\\\/portal\\\/#\\\/schema\\\/logo\\\/image\\\/\"},\"sameAs\":[\"https:\\\/\\\/www.facebook.com\\\/eldiario.bolivia\\\/\",\"https:\\\/\\\/x.com\\\/eldiario_net\"]},{\"@type\":\"Person\",\"@id\":\"https:\\\/\\\/www.eldiario.net\\\/portal\\\/#\\\/schema\\\/person\\\/f46445640444750d7d753ccd04ae01b7\",\"name\":\"Jeanette\",\"image\":{\"@type\":\"ImageObject\",\"inLanguage\":\"es\",\"@id\":\"https:\\\/\\\/secure.gravatar.com\\\/avatar\\\/3ea2118a5f7dad2b7138b1187a6b7ee55f160b9968b66013c3a3ef39dd7e5798?s=96&d=mm&r=g\",\"url\":\"https:\\\/\\\/secure.gravatar.com\\\/avatar\\\/3ea2118a5f7dad2b7138b1187a6b7ee55f160b9968b66013c3a3ef39dd7e5798?s=96&d=mm&r=g\",\"contentUrl\":\"https:\\\/\\\/secure.gravatar.com\\\/avatar\\\/3ea2118a5f7dad2b7138b1187a6b7ee55f160b9968b66013c3a3ef39dd7e5798?s=96&d=mm&r=g\",\"caption\":\"Jeanette\"},\"sameAs\":[\"https:\\\/\\\/www.eldiario.net\\\/portal\"],\"url\":\"https:\\\/\\\/www.eldiario.net\\\/portal\\\/author\\\/jeanette\\\/\"}]}<\/script>\n<!-- \/ Yoast SEO plugin. -->","yoast_head_json":{"title":"Descartan nuevas pr\u00f3rrogas para Registro de Compras y Ventas - El Diario - Bolivia","robots":{"index":"index","follow":"follow","max-snippet":"max-snippet:-1","max-image-preview":"max-image-preview:large","max-video-preview":"max-video-preview:-1"},"canonical":"https:\/\/www.eldiario.net\/portal\/2022\/02\/15\/descartan-nuevas-prorrogas-para-registro-de-compras-y-ventas\/","og_locale":"es_ES","og_type":"article","og_title":"Descartan nuevas pr\u00f3rrogas para Registro de Compras y Ventas - El Diario - Bolivia","og_description":"El Servicio de Impuestos Nacionales (SIN) descart\u00f3 nuevas ampliaciones del plazo de vencimiento para el registro y\/o confirmaci\u00f3n de Documentos Fiscales en el \u201cRegistro de Compras y Ventas (RCV) IVA\u201d e inst\u00f3 a los contribuyentes a cumplir con esta obligaci\u00f3n tributaria hasta el d\u00eda 9 de cada mes. En una conferencia de prensa, el presidente [&hellip;]","og_url":"https:\/\/www.eldiario.net\/portal\/2022\/02\/15\/descartan-nuevas-prorrogas-para-registro-de-compras-y-ventas\/","og_site_name":"El Diario - Bolivia","article_publisher":"https:\/\/www.facebook.com\/eldiario.bolivia\/","article_published_time":"2022-02-15T09:34:21+00:00","author":"Jeanette","twitter_card":"summary_large_image","twitter_creator":"@eldiario_net","twitter_site":"@eldiario_net","twitter_misc":{"Escrito por":"Jeanette","Tiempo de lectura":"2 minutos"},"schema":{"@context":"https:\/\/schema.org","@graph":[{"@type":"Article","@id":"https:\/\/www.eldiario.net\/portal\/2022\/02\/15\/descartan-nuevas-prorrogas-para-registro-de-compras-y-ventas\/#article","isPartOf":{"@id":"https:\/\/www.eldiario.net\/portal\/2022\/02\/15\/descartan-nuevas-prorrogas-para-registro-de-compras-y-ventas\/"},"author":{"name":"Jeanette","@id":"https:\/\/www.eldiario.net\/portal\/#\/schema\/person\/f46445640444750d7d753ccd04ae01b7"},"headline":"Descartan nuevas pr\u00f3rrogas para Registro de Compras y Ventas","datePublished":"2022-02-15T09:34:21+00:00","mainEntityOfPage":{"@id":"https:\/\/www.eldiario.net\/portal\/2022\/02\/15\/descartan-nuevas-prorrogas-para-registro-de-compras-y-ventas\/"},"wordCount":384,"publisher":{"@id":"https:\/\/www.eldiario.net\/portal\/#organization"},"image":{"@id":"https:\/\/www.eldiario.net\/portal\/2022\/02\/15\/descartan-nuevas-prorrogas-para-registro-de-compras-y-ventas\/#primaryimage"},"thumbnailUrl":"","articleSection":["Econom\u00eda"],"inLanguage":"es"},{"@type":"WebPage","@id":"https:\/\/www.eldiario.net\/portal\/2022\/02\/15\/descartan-nuevas-prorrogas-para-registro-de-compras-y-ventas\/","url":"https:\/\/www.eldiario.net\/portal\/2022\/02\/15\/descartan-nuevas-prorrogas-para-registro-de-compras-y-ventas\/","name":"Descartan nuevas pr\u00f3rrogas para Registro de Compras y Ventas - El Diario - Bolivia","isPartOf":{"@id":"https:\/\/www.eldiario.net\/portal\/#website"},"primaryImageOfPage":{"@id":"https:\/\/www.eldiario.net\/portal\/2022\/02\/15\/descartan-nuevas-prorrogas-para-registro-de-compras-y-ventas\/#primaryimage"},"image":{"@id":"https:\/\/www.eldiario.net\/portal\/2022\/02\/15\/descartan-nuevas-prorrogas-para-registro-de-compras-y-ventas\/#primaryimage"},"thumbnailUrl":"","datePublished":"2022-02-15T09:34:21+00:00","breadcrumb":{"@id":"https:\/\/www.eldiario.net\/portal\/2022\/02\/15\/descartan-nuevas-prorrogas-para-registro-de-compras-y-ventas\/#breadcrumb"},"inLanguage":"es","potentialAction":[{"@type":"ReadAction","target":["https:\/\/www.eldiario.net\/portal\/2022\/02\/15\/descartan-nuevas-prorrogas-para-registro-de-compras-y-ventas\/"]}]},{"@type":"ImageObject","inLanguage":"es","@id":"https:\/\/www.eldiario.net\/portal\/2022\/02\/15\/descartan-nuevas-prorrogas-para-registro-de-compras-y-ventas\/#primaryimage","url":"","contentUrl":""},{"@type":"BreadcrumbList","@id":"https:\/\/www.eldiario.net\/portal\/2022\/02\/15\/descartan-nuevas-prorrogas-para-registro-de-compras-y-ventas\/#breadcrumb","itemListElement":[{"@type":"ListItem","position":1,"name":"Portada","item":"https:\/\/www.eldiario.net\/portal\/"},{"@type":"ListItem","position":2,"name":"Descartan nuevas pr\u00f3rrogas para Registro de Compras y Ventas"}]},{"@type":"WebSite","@id":"https:\/\/www.eldiario.net\/portal\/#website","url":"https:\/\/www.eldiario.net\/portal\/","name":"El Diario - Decano de la prensa nacional","description":"El Diario - Decano de la prensa nacional","publisher":{"@id":"https:\/\/www.eldiario.net\/portal\/#organization"},"potentialAction":[{"@type":"SearchAction","target":{"@type":"EntryPoint","urlTemplate":"https:\/\/www.eldiario.net\/portal\/?s={search_term_string}"},"query-input":{"@type":"PropertyValueSpecification","valueRequired":true,"valueName":"search_term_string"}}],"inLanguage":"es"},{"@type":"Organization","@id":"https:\/\/www.eldiario.net\/portal\/#organization","name":"El Diario - Decano de la prensa nacional","url":"https:\/\/www.eldiario.net\/portal\/","logo":{"@type":"ImageObject","inLanguage":"es","@id":"https:\/\/www.eldiario.net\/portal\/#\/schema\/logo\/image\/","url":"https:\/\/www.eldiario.net\/portal\/wp-content\/uploads\/2023\/07\/logo_ED.jpg","contentUrl":"https:\/\/www.eldiario.net\/portal\/wp-content\/uploads\/2023\/07\/logo_ED.jpg","width":272,"height":52,"caption":"El Diario - Decano de la prensa nacional"},"image":{"@id":"https:\/\/www.eldiario.net\/portal\/#\/schema\/logo\/image\/"},"sameAs":["https:\/\/www.facebook.com\/eldiario.bolivia\/","https:\/\/x.com\/eldiario_net"]},{"@type":"Person","@id":"https:\/\/www.eldiario.net\/portal\/#\/schema\/person\/f46445640444750d7d753ccd04ae01b7","name":"Jeanette","image":{"@type":"ImageObject","inLanguage":"es","@id":"https:\/\/secure.gravatar.com\/avatar\/3ea2118a5f7dad2b7138b1187a6b7ee55f160b9968b66013c3a3ef39dd7e5798?s=96&d=mm&r=g","url":"https:\/\/secure.gravatar.com\/avatar\/3ea2118a5f7dad2b7138b1187a6b7ee55f160b9968b66013c3a3ef39dd7e5798?s=96&d=mm&r=g","contentUrl":"https:\/\/secure.gravatar.com\/avatar\/3ea2118a5f7dad2b7138b1187a6b7ee55f160b9968b66013c3a3ef39dd7e5798?s=96&d=mm&r=g","caption":"Jeanette"},"sameAs":["https:\/\/www.eldiario.net\/portal"],"url":"https:\/\/www.eldiario.net\/portal\/author\/jeanette\/"}]}},"_links":{"self":[{"href":"https:\/\/www.eldiario.net\/portal\/wp-json\/wp\/v2\/posts\/63401","targetHints":{"allow":["GET"]}}],"collection":[{"href":"https:\/\/www.eldiario.net\/portal\/wp-json\/wp\/v2\/posts"}],"about":[{"href":"https:\/\/www.eldiario.net\/portal\/wp-json\/wp\/v2\/types\/post"}],"author":[{"embeddable":true,"href":"https:\/\/www.eldiario.net\/portal\/wp-json\/wp\/v2\/users\/1"}],"replies":[{"embeddable":true,"href":"https:\/\/www.eldiario.net\/portal\/wp-json\/wp\/v2\/comments?post=63401"}],"version-history":[{"count":0,"href":"https:\/\/www.eldiario.net\/portal\/wp-json\/wp\/v2\/posts\/63401\/revisions"}],"wp:attachment":[{"href":"https:\/\/www.eldiario.net\/portal\/wp-json\/wp\/v2\/media?parent=63401"}],"wp:term":[{"taxonomy":"category","embeddable":true,"href":"https:\/\/www.eldiario.net\/portal\/wp-json\/wp\/v2\/categories?post=63401"},{"taxonomy":"post_tag","embeddable":true,"href":"https:\/\/www.eldiario.net\/portal\/wp-json\/wp\/v2\/tags?post=63401"}],"curies":[{"name":"wp","href":"https:\/\/api.w.org\/{rel}","templated":true}]}}