{"id":63398,"date":"2022-02-15T05:33:00","date_gmt":"2022-02-15T09:33:00","guid":{"rendered":"https:\/\/www.eldiario.net\/portal\/?p=63398"},"modified":"2022-02-15T05:33:00","modified_gmt":"2022-02-15T09:33:00","slug":"diversos-sectores-ya-adelantaron-reuniones-con-relator-de-la-onu","status":"publish","type":"post","link":"https:\/\/www.eldiario.net\/portal\/2022\/02\/15\/diversos-sectores-ya-adelantaron-reuniones-con-relator-de-la-onu\/","title":{"rendered":"Diversos sectores ya adelantaron  reuniones con relator de la ONU"},"content":{"rendered":"<p>Ante la llegada al pa\u00eds del Relator Especial de la Organizaci\u00f3n de Naciones Unidas (ONU), Diego Garc\u00eda Say\u00e1n, parlamentarios de oposici\u00f3n y oficialismo anunciaron encuentros con sectores y plantearon que se visite a la expresidenta, Jeanine A\u00f1ez, como pidieron exjefes de Estado iberoamericanos la semana pasada.<\/p>\n<p>Distintos sectores y representantes pol\u00edticos adelantaron reunirse con Garc\u00eda Say\u00e1n a su llegada al pa\u00eds, adem\u00e1s de plantear temas que deben ser abordados por el representante de las Naciones Unidas.<\/p>\n<p>Para el senador por Comunidad Ciudadana, Rodrigo Paz Pereira,\u00a0 la vista del relator de la ONU debe servir para que este alto representante tenga conocimiento de las irregularidades que pasan en el pa\u00eds en relaci\u00f3n a la justicia, siendo los m\u00e1s urgentes, la persecuci\u00f3n pol\u00edtica a opositores y los procesos ilegales contra la expresidenta A\u00f1ez.<\/p>\n<p>\u201cEspero que este se\u00f1or funja como realmente debe fungir unas Naciones Unidas pro derechos humanos, pro Estados soberanos que cumplan las normas democr\u00e1ticas de convivencia y no que venga a pasear\u201d, manifest\u00f3 el legislador.<\/p>\n<p>Desde las bancadas de Creemos en senadores y diputados se solicit\u00f3 una audiencia con el objetivo de hacer conocer la visi\u00f3n sobre la crisis judicial e institucional por la que atraviesa el pa\u00eds. \u201cDeseamos acreditar los hechos concretos que son motivos de preocupaci\u00f3n y advierten violaciones graves de derechos humanos en las aprehensiones y detenciones de la expresidenta Jeanine A\u00f1ez, exministros, militares y otros l\u00edderes de la oposici\u00f3n\u201d, se\u00f1ala en partes salientes la solicitud enviada a Garc\u00eda-Say\u00e1n el pasado mes de enero.<\/p>\n<p>&nbsp;<\/p>\n<p>Los legisladores de oposici\u00f3n pusieron de manifiesto la presencia de fiscales y jueces que de la militancia \u201cmasista\u201d pasaron a ejercer como administradores de justicia, lo que demuestra que el sistema judicial boliviano est\u00e1 dominado por el \u00d3rgano Ejecutivo y el partido de Gobierno, convirti\u00e9ndolo en una \u201cguillotina judicial\u201d contra la oposici\u00f3n y de impunidad para afines al MAS.<\/p>\n<p>Desde el oficialismo, la senadora Virginia Velasco, se\u00f1al\u00f3 que si se sostienen reuniones con la expresidenta A\u00f1ez, tambi\u00e9n se debe o\u00edr a las v\u00edctimas de Senkata y Sacaba, adem\u00e1s de adelantar que las Comisiones de Justicia Plural y Constituci\u00f3n y Derechos Humanos del Senado, se reunir\u00e1n con el relator de la ONU el d\u00eda mi\u00e9rcoles 16.<\/p>\n<p>\u201cEntiendo que va visitar a la expresidenta Jeanine A\u00f1ez, tiene todo el derecho a recoger los testimonios de ambos lados. \u00c9l tiene que escuchar a ambas partes\u201d manifest\u00f3.<\/p>\n<p>D\u00edas atr\u00e1s, la diputada Toribia Lero, inform\u00f3 sobre una petici\u00f3n v\u00eda Canciller\u00eda, para que representantes del Consejo de Justicia Ind\u00edgena Originario de La Paz expongan la situaci\u00f3n actual de la justicia ind\u00edgena originaria en Bolivia. \u201cLos hermanos a nivel nacional, han presentado su solicitud al canciller Rogelio Mayta y otros directamente solicitando una audiencia para explicar en qu\u00e9 situaci\u00f3n se encuentra la justicia ind\u00edgena\u201d, explic\u00f3 Lero.<\/p>\n<p>Desde su cuenta de Twitter, Garc\u00eda Say\u00e1n, confirm\u00f3 su arribo al pa\u00eds para esta jornada, \u201cInicio mi visita oficial como Relator de la ONU, donde abordar\u00e9 cuestiones relacionadas con la estructura, organizaci\u00f3n y funcionamiento independiente e imparcial del poder judicial, los fiscales y el ejercicio de la profesi\u00f3n jur\u00eddica\u201d, refiri\u00f3.<\/p>\n<p>\u00bfQui\u00e9n es Diego Garc\u00eda Say\u00e1n?<\/p>\n<p>Garc\u00eda-Say\u00e1n fue designado Relator Especial sobre la independencia de magistrados y abogados en diciembre de 2016. Fue magistrado de la Corte Interamericana de Derechos Humanos durante dos mandatos consecutivos. Tiene una amplia experiencia trabajando para organizaciones multilaterales como las Naciones Unidas y la Organizaci\u00f3n de los Estados Americanos.<\/p>\n<p>Garc\u00eda-Say\u00e1n tiene una amplia experiencia trabajando para organizaciones multilaterales como las Naciones Unidas y la Organizaci\u00f3n de los Estados Americanos. Entre sus responsabilidades anteriores se incluye: representante del Secretario General de las Naciones Unidas para los Acuerdos de Paz en El Salvador y de la verificaci\u00f3n posterior de los acuerdos, informando directamente al Consejo de Seguridad; miembro y Presidente del Grupo de Trabajo de las Naciones Unidas sobre las Desapariciones Forzadas o Involuntarias; miembro del Grupo de Reforma del Sistema de Administraci\u00f3n de Justicia de las Naciones Unidas, designado por el Secretario General de las Naciones Unidas en 2006; Jefe de la Misi\u00f3n Electoral de la Organizaci\u00f3n de los Estados Americanos (OEA) en Guatemala durante las elecciones generales (2007), seg\u00fan la p\u00e1gina oficial de las Naciones unidas.<\/p>\n<p>El Relator fue Ministro de Justicia durante la transici\u00f3n democr\u00e1tica en Per\u00fa y ministro de Asuntos Exteriores. Tambi\u00e9n fue presidente de la Comisi\u00f3n de Alto Nivel para dise\u00f1ar y construir el Museo de la Memoria, la Tolerancia y la Inclusi\u00f3n Social en Per\u00fa, inaugurado en diciembre de 2015.<\/p>\n<p>&nbsp;<\/p>\n","protected":false},"excerpt":{"rendered":"<p>Ante la llegada al pa\u00eds del Relator Especial de la Organizaci\u00f3n de Naciones Unidas (ONU), Diego Garc\u00eda Say\u00e1n, parlamentarios de oposici\u00f3n y oficialismo anunciaron encuentros con sectores y plantearon que se visite a la expresidenta, Jeanine A\u00f1ez, como pidieron exjefes de Estado iberoamericanos la semana pasada. Distintos sectores y representantes pol\u00edticos adelantaron reunirse con Garc\u00eda [&hellip;]<\/p>\n","protected":false},"author":1,"featured_media":63399,"comment_status":"closed","ping_status":"closed","sticky":false,"template":"","format":"standard","meta":{"_acf_changed":false,"footnotes":""},"categories":[14],"tags":[],"class_list":["post-63398","post","type-post","status-publish","format-standard","has-post-thumbnail","category-politica"],"acf":{"antetitulo":""},"yoast_head":"<!-- This site is optimized with the Yoast SEO plugin v28.3 - https:\/\/yoast.com\/product\/yoast-seo-wordpress\/ -->\n<title>Diversos sectores ya adelantaron reuniones con relator de la ONU - El Diario - Bolivia<\/title>\n<meta name=\"robots\" content=\"index, follow, max-snippet:-1, max-image-preview:large, max-video-preview:-1\" \/>\n<link rel=\"canonical\" href=\"https:\/\/www.eldiario.net\/portal\/2022\/02\/15\/diversos-sectores-ya-adelantaron-reuniones-con-relator-de-la-onu\/\" \/>\n<meta property=\"og:locale\" content=\"es_ES\" \/>\n<meta property=\"og:type\" content=\"article\" \/>\n<meta property=\"og:title\" content=\"Diversos sectores ya adelantaron reuniones con relator de la ONU - El Diario - Bolivia\" \/>\n<meta property=\"og:description\" content=\"Ante la llegada al pa\u00eds del Relator Especial de la Organizaci\u00f3n de Naciones Unidas (ONU), Diego Garc\u00eda Say\u00e1n, parlamentarios de oposici\u00f3n y oficialismo anunciaron encuentros con sectores y plantearon que se visite a la expresidenta, Jeanine A\u00f1ez, como pidieron exjefes de Estado iberoamericanos la semana pasada. Distintos sectores y representantes pol\u00edticos adelantaron reunirse con Garc\u00eda [&hellip;]\" \/>\n<meta property=\"og:url\" content=\"https:\/\/www.eldiario.net\/portal\/2022\/02\/15\/diversos-sectores-ya-adelantaron-reuniones-con-relator-de-la-onu\/\" \/>\n<meta property=\"og:site_name\" content=\"El Diario - Bolivia\" \/>\n<meta property=\"article:publisher\" content=\"https:\/\/www.facebook.com\/eldiario.bolivia\/\" \/>\n<meta property=\"article:published_time\" content=\"2022-02-15T09:33:00+00:00\" \/>\n<meta name=\"author\" content=\"Jeanette\" \/>\n<meta name=\"twitter:card\" content=\"summary_large_image\" \/>\n<meta name=\"twitter:creator\" content=\"@eldiario_net\" \/>\n<meta name=\"twitter:site\" content=\"@eldiario_net\" \/>\n<meta name=\"twitter:label1\" content=\"Escrito por\" \/>\n\t<meta name=\"twitter:data1\" content=\"Jeanette\" \/>\n\t<meta name=\"twitter:label2\" content=\"Tiempo de lectura\" \/>\n\t<meta name=\"twitter:data2\" content=\"4 minutos\" \/>\n<script type=\"application\/ld+json\" class=\"yoast-schema-graph\">{\"@context\":\"https:\\\/\\\/schema.org\",\"@graph\":[{\"@type\":\"Article\",\"@id\":\"https:\\\/\\\/www.eldiario.net\\\/portal\\\/2022\\\/02\\\/15\\\/diversos-sectores-ya-adelantaron-reuniones-con-relator-de-la-onu\\\/#article\",\"isPartOf\":{\"@id\":\"https:\\\/\\\/www.eldiario.net\\\/portal\\\/2022\\\/02\\\/15\\\/diversos-sectores-ya-adelantaron-reuniones-con-relator-de-la-onu\\\/\"},\"author\":{\"name\":\"Jeanette\",\"@id\":\"https:\\\/\\\/www.eldiario.net\\\/portal\\\/#\\\/schema\\\/person\\\/f46445640444750d7d753ccd04ae01b7\"},\"headline\":\"Diversos sectores ya adelantaron reuniones con relator de la ONU\",\"datePublished\":\"2022-02-15T09:33:00+00:00\",\"mainEntityOfPage\":{\"@id\":\"https:\\\/\\\/www.eldiario.net\\\/portal\\\/2022\\\/02\\\/15\\\/diversos-sectores-ya-adelantaron-reuniones-con-relator-de-la-onu\\\/\"},\"wordCount\":820,\"publisher\":{\"@id\":\"https:\\\/\\\/www.eldiario.net\\\/portal\\\/#organization\"},\"image\":{\"@id\":\"https:\\\/\\\/www.eldiario.net\\\/portal\\\/2022\\\/02\\\/15\\\/diversos-sectores-ya-adelantaron-reuniones-con-relator-de-la-onu\\\/#primaryimage\"},\"thumbnailUrl\":\"\",\"articleSection\":[\"Pol\u00edtica\"],\"inLanguage\":\"es\"},{\"@type\":\"WebPage\",\"@id\":\"https:\\\/\\\/www.eldiario.net\\\/portal\\\/2022\\\/02\\\/15\\\/diversos-sectores-ya-adelantaron-reuniones-con-relator-de-la-onu\\\/\",\"url\":\"https:\\\/\\\/www.eldiario.net\\\/portal\\\/2022\\\/02\\\/15\\\/diversos-sectores-ya-adelantaron-reuniones-con-relator-de-la-onu\\\/\",\"name\":\"Diversos sectores ya adelantaron reuniones con relator de la ONU - El Diario - Bolivia\",\"isPartOf\":{\"@id\":\"https:\\\/\\\/www.eldiario.net\\\/portal\\\/#website\"},\"primaryImageOfPage\":{\"@id\":\"https:\\\/\\\/www.eldiario.net\\\/portal\\\/2022\\\/02\\\/15\\\/diversos-sectores-ya-adelantaron-reuniones-con-relator-de-la-onu\\\/#primaryimage\"},\"image\":{\"@id\":\"https:\\\/\\\/www.eldiario.net\\\/portal\\\/2022\\\/02\\\/15\\\/diversos-sectores-ya-adelantaron-reuniones-con-relator-de-la-onu\\\/#primaryimage\"},\"thumbnailUrl\":\"\",\"datePublished\":\"2022-02-15T09:33:00+00:00\",\"breadcrumb\":{\"@id\":\"https:\\\/\\\/www.eldiario.net\\\/portal\\\/2022\\\/02\\\/15\\\/diversos-sectores-ya-adelantaron-reuniones-con-relator-de-la-onu\\\/#breadcrumb\"},\"inLanguage\":\"es\",\"potentialAction\":[{\"@type\":\"ReadAction\",\"target\":[\"https:\\\/\\\/www.eldiario.net\\\/portal\\\/2022\\\/02\\\/15\\\/diversos-sectores-ya-adelantaron-reuniones-con-relator-de-la-onu\\\/\"]}]},{\"@type\":\"ImageObject\",\"inLanguage\":\"es\",\"@id\":\"https:\\\/\\\/www.eldiario.net\\\/portal\\\/2022\\\/02\\\/15\\\/diversos-sectores-ya-adelantaron-reuniones-con-relator-de-la-onu\\\/#primaryimage\",\"url\":\"\",\"contentUrl\":\"\"},{\"@type\":\"BreadcrumbList\",\"@id\":\"https:\\\/\\\/www.eldiario.net\\\/portal\\\/2022\\\/02\\\/15\\\/diversos-sectores-ya-adelantaron-reuniones-con-relator-de-la-onu\\\/#breadcrumb\",\"itemListElement\":[{\"@type\":\"ListItem\",\"position\":1,\"name\":\"Portada\",\"item\":\"https:\\\/\\\/www.eldiario.net\\\/portal\\\/\"},{\"@type\":\"ListItem\",\"position\":2,\"name\":\"Diversos sectores ya adelantaron reuniones con relator de la ONU\"}]},{\"@type\":\"WebSite\",\"@id\":\"https:\\\/\\\/www.eldiario.net\\\/portal\\\/#website\",\"url\":\"https:\\\/\\\/www.eldiario.net\\\/portal\\\/\",\"name\":\"El Diario - Decano de la prensa nacional\",\"description\":\"El Diario - Decano de la prensa nacional\",\"publisher\":{\"@id\":\"https:\\\/\\\/www.eldiario.net\\\/portal\\\/#organization\"},\"potentialAction\":[{\"@type\":\"SearchAction\",\"target\":{\"@type\":\"EntryPoint\",\"urlTemplate\":\"https:\\\/\\\/www.eldiario.net\\\/portal\\\/?s={search_term_string}\"},\"query-input\":{\"@type\":\"PropertyValueSpecification\",\"valueRequired\":true,\"valueName\":\"search_term_string\"}}],\"inLanguage\":\"es\"},{\"@type\":\"Organization\",\"@id\":\"https:\\\/\\\/www.eldiario.net\\\/portal\\\/#organization\",\"name\":\"El Diario - Decano de la prensa nacional\",\"url\":\"https:\\\/\\\/www.eldiario.net\\\/portal\\\/\",\"logo\":{\"@type\":\"ImageObject\",\"inLanguage\":\"es\",\"@id\":\"https:\\\/\\\/www.eldiario.net\\\/portal\\\/#\\\/schema\\\/logo\\\/image\\\/\",\"url\":\"https:\\\/\\\/www.eldiario.net\\\/portal\\\/wp-content\\\/uploads\\\/2023\\\/07\\\/logo_ED.jpg\",\"contentUrl\":\"https:\\\/\\\/www.eldiario.net\\\/portal\\\/wp-content\\\/uploads\\\/2023\\\/07\\\/logo_ED.jpg\",\"width\":272,\"height\":52,\"caption\":\"El Diario - Decano de la prensa nacional\"},\"image\":{\"@id\":\"https:\\\/\\\/www.eldiario.net\\\/portal\\\/#\\\/schema\\\/logo\\\/image\\\/\"},\"sameAs\":[\"https:\\\/\\\/www.facebook.com\\\/eldiario.bolivia\\\/\",\"https:\\\/\\\/x.com\\\/eldiario_net\"]},{\"@type\":\"Person\",\"@id\":\"https:\\\/\\\/www.eldiario.net\\\/portal\\\/#\\\/schema\\\/person\\\/f46445640444750d7d753ccd04ae01b7\",\"name\":\"Jeanette\",\"image\":{\"@type\":\"ImageObject\",\"inLanguage\":\"es\",\"@id\":\"https:\\\/\\\/secure.gravatar.com\\\/avatar\\\/3ea2118a5f7dad2b7138b1187a6b7ee55f160b9968b66013c3a3ef39dd7e5798?s=96&d=mm&r=g\",\"url\":\"https:\\\/\\\/secure.gravatar.com\\\/avatar\\\/3ea2118a5f7dad2b7138b1187a6b7ee55f160b9968b66013c3a3ef39dd7e5798?s=96&d=mm&r=g\",\"contentUrl\":\"https:\\\/\\\/secure.gravatar.com\\\/avatar\\\/3ea2118a5f7dad2b7138b1187a6b7ee55f160b9968b66013c3a3ef39dd7e5798?s=96&d=mm&r=g\",\"caption\":\"Jeanette\"},\"sameAs\":[\"https:\\\/\\\/www.eldiario.net\\\/portal\"],\"url\":\"https:\\\/\\\/www.eldiario.net\\\/portal\\\/author\\\/jeanette\\\/\"}]}<\/script>\n<!-- \/ Yoast SEO plugin. -->","yoast_head_json":{"title":"Diversos sectores ya adelantaron reuniones con relator de la ONU - El Diario - Bolivia","robots":{"index":"index","follow":"follow","max-snippet":"max-snippet:-1","max-image-preview":"max-image-preview:large","max-video-preview":"max-video-preview:-1"},"canonical":"https:\/\/www.eldiario.net\/portal\/2022\/02\/15\/diversos-sectores-ya-adelantaron-reuniones-con-relator-de-la-onu\/","og_locale":"es_ES","og_type":"article","og_title":"Diversos sectores ya adelantaron reuniones con relator de la ONU - El Diario - Bolivia","og_description":"Ante la llegada al pa\u00eds del Relator Especial de la Organizaci\u00f3n de Naciones Unidas (ONU), Diego Garc\u00eda Say\u00e1n, parlamentarios de oposici\u00f3n y oficialismo anunciaron encuentros con sectores y plantearon que se visite a la expresidenta, Jeanine A\u00f1ez, como pidieron exjefes de Estado iberoamericanos la semana pasada. Distintos sectores y representantes pol\u00edticos adelantaron reunirse con Garc\u00eda [&hellip;]","og_url":"https:\/\/www.eldiario.net\/portal\/2022\/02\/15\/diversos-sectores-ya-adelantaron-reuniones-con-relator-de-la-onu\/","og_site_name":"El Diario - Bolivia","article_publisher":"https:\/\/www.facebook.com\/eldiario.bolivia\/","article_published_time":"2022-02-15T09:33:00+00:00","author":"Jeanette","twitter_card":"summary_large_image","twitter_creator":"@eldiario_net","twitter_site":"@eldiario_net","twitter_misc":{"Escrito por":"Jeanette","Tiempo de lectura":"4 minutos"},"schema":{"@context":"https:\/\/schema.org","@graph":[{"@type":"Article","@id":"https:\/\/www.eldiario.net\/portal\/2022\/02\/15\/diversos-sectores-ya-adelantaron-reuniones-con-relator-de-la-onu\/#article","isPartOf":{"@id":"https:\/\/www.eldiario.net\/portal\/2022\/02\/15\/diversos-sectores-ya-adelantaron-reuniones-con-relator-de-la-onu\/"},"author":{"name":"Jeanette","@id":"https:\/\/www.eldiario.net\/portal\/#\/schema\/person\/f46445640444750d7d753ccd04ae01b7"},"headline":"Diversos sectores ya adelantaron reuniones con relator de la ONU","datePublished":"2022-02-15T09:33:00+00:00","mainEntityOfPage":{"@id":"https:\/\/www.eldiario.net\/portal\/2022\/02\/15\/diversos-sectores-ya-adelantaron-reuniones-con-relator-de-la-onu\/"},"wordCount":820,"publisher":{"@id":"https:\/\/www.eldiario.net\/portal\/#organization"},"image":{"@id":"https:\/\/www.eldiario.net\/portal\/2022\/02\/15\/diversos-sectores-ya-adelantaron-reuniones-con-relator-de-la-onu\/#primaryimage"},"thumbnailUrl":"","articleSection":["Pol\u00edtica"],"inLanguage":"es"},{"@type":"WebPage","@id":"https:\/\/www.eldiario.net\/portal\/2022\/02\/15\/diversos-sectores-ya-adelantaron-reuniones-con-relator-de-la-onu\/","url":"https:\/\/www.eldiario.net\/portal\/2022\/02\/15\/diversos-sectores-ya-adelantaron-reuniones-con-relator-de-la-onu\/","name":"Diversos sectores ya adelantaron reuniones con relator de la ONU - El Diario - Bolivia","isPartOf":{"@id":"https:\/\/www.eldiario.net\/portal\/#website"},"primaryImageOfPage":{"@id":"https:\/\/www.eldiario.net\/portal\/2022\/02\/15\/diversos-sectores-ya-adelantaron-reuniones-con-relator-de-la-onu\/#primaryimage"},"image":{"@id":"https:\/\/www.eldiario.net\/portal\/2022\/02\/15\/diversos-sectores-ya-adelantaron-reuniones-con-relator-de-la-onu\/#primaryimage"},"thumbnailUrl":"","datePublished":"2022-02-15T09:33:00+00:00","breadcrumb":{"@id":"https:\/\/www.eldiario.net\/portal\/2022\/02\/15\/diversos-sectores-ya-adelantaron-reuniones-con-relator-de-la-onu\/#breadcrumb"},"inLanguage":"es","potentialAction":[{"@type":"ReadAction","target":["https:\/\/www.eldiario.net\/portal\/2022\/02\/15\/diversos-sectores-ya-adelantaron-reuniones-con-relator-de-la-onu\/"]}]},{"@type":"ImageObject","inLanguage":"es","@id":"https:\/\/www.eldiario.net\/portal\/2022\/02\/15\/diversos-sectores-ya-adelantaron-reuniones-con-relator-de-la-onu\/#primaryimage","url":"","contentUrl":""},{"@type":"BreadcrumbList","@id":"https:\/\/www.eldiario.net\/portal\/2022\/02\/15\/diversos-sectores-ya-adelantaron-reuniones-con-relator-de-la-onu\/#breadcrumb","itemListElement":[{"@type":"ListItem","position":1,"name":"Portada","item":"https:\/\/www.eldiario.net\/portal\/"},{"@type":"ListItem","position":2,"name":"Diversos sectores ya adelantaron reuniones con relator de la ONU"}]},{"@type":"WebSite","@id":"https:\/\/www.eldiario.net\/portal\/#website","url":"https:\/\/www.eldiario.net\/portal\/","name":"El Diario - Decano de la prensa nacional","description":"El Diario - Decano de la prensa nacional","publisher":{"@id":"https:\/\/www.eldiario.net\/portal\/#organization"},"potentialAction":[{"@type":"SearchAction","target":{"@type":"EntryPoint","urlTemplate":"https:\/\/www.eldiario.net\/portal\/?s={search_term_string}"},"query-input":{"@type":"PropertyValueSpecification","valueRequired":true,"valueName":"search_term_string"}}],"inLanguage":"es"},{"@type":"Organization","@id":"https:\/\/www.eldiario.net\/portal\/#organization","name":"El Diario - Decano de la prensa nacional","url":"https:\/\/www.eldiario.net\/portal\/","logo":{"@type":"ImageObject","inLanguage":"es","@id":"https:\/\/www.eldiario.net\/portal\/#\/schema\/logo\/image\/","url":"https:\/\/www.eldiario.net\/portal\/wp-content\/uploads\/2023\/07\/logo_ED.jpg","contentUrl":"https:\/\/www.eldiario.net\/portal\/wp-content\/uploads\/2023\/07\/logo_ED.jpg","width":272,"height":52,"caption":"El Diario - Decano de la prensa nacional"},"image":{"@id":"https:\/\/www.eldiario.net\/portal\/#\/schema\/logo\/image\/"},"sameAs":["https:\/\/www.facebook.com\/eldiario.bolivia\/","https:\/\/x.com\/eldiario_net"]},{"@type":"Person","@id":"https:\/\/www.eldiario.net\/portal\/#\/schema\/person\/f46445640444750d7d753ccd04ae01b7","name":"Jeanette","image":{"@type":"ImageObject","inLanguage":"es","@id":"https:\/\/secure.gravatar.com\/avatar\/3ea2118a5f7dad2b7138b1187a6b7ee55f160b9968b66013c3a3ef39dd7e5798?s=96&d=mm&r=g","url":"https:\/\/secure.gravatar.com\/avatar\/3ea2118a5f7dad2b7138b1187a6b7ee55f160b9968b66013c3a3ef39dd7e5798?s=96&d=mm&r=g","contentUrl":"https:\/\/secure.gravatar.com\/avatar\/3ea2118a5f7dad2b7138b1187a6b7ee55f160b9968b66013c3a3ef39dd7e5798?s=96&d=mm&r=g","caption":"Jeanette"},"sameAs":["https:\/\/www.eldiario.net\/portal"],"url":"https:\/\/www.eldiario.net\/portal\/author\/jeanette\/"}]}},"_links":{"self":[{"href":"https:\/\/www.eldiario.net\/portal\/wp-json\/wp\/v2\/posts\/63398","targetHints":{"allow":["GET"]}}],"collection":[{"href":"https:\/\/www.eldiario.net\/portal\/wp-json\/wp\/v2\/posts"}],"about":[{"href":"https:\/\/www.eldiario.net\/portal\/wp-json\/wp\/v2\/types\/post"}],"author":[{"embeddable":true,"href":"https:\/\/www.eldiario.net\/portal\/wp-json\/wp\/v2\/users\/1"}],"replies":[{"embeddable":true,"href":"https:\/\/www.eldiario.net\/portal\/wp-json\/wp\/v2\/comments?post=63398"}],"version-history":[{"count":0,"href":"https:\/\/www.eldiario.net\/portal\/wp-json\/wp\/v2\/posts\/63398\/revisions"}],"wp:attachment":[{"href":"https:\/\/www.eldiario.net\/portal\/wp-json\/wp\/v2\/media?parent=63398"}],"wp:term":[{"taxonomy":"category","embeddable":true,"href":"https:\/\/www.eldiario.net\/portal\/wp-json\/wp\/v2\/categories?post=63398"},{"taxonomy":"post_tag","embeddable":true,"href":"https:\/\/www.eldiario.net\/portal\/wp-json\/wp\/v2\/tags?post=63398"}],"curies":[{"name":"wp","href":"https:\/\/api.w.org\/{rel}","templated":true}]}}