{"id":63394,"date":"2022-02-15T05:32:04","date_gmt":"2022-02-15T09:32:04","guid":{"rendered":"https:\/\/www.eldiario.net\/portal\/?p=63394"},"modified":"2022-02-15T05:32:04","modified_gmt":"2022-02-15T09:32:04","slug":"oposicion-ve-presion-del-gobierno-en-pedido-de-juicio-abreviado-de-militares","status":"publish","type":"post","link":"https:\/\/www.eldiario.net\/portal\/2022\/02\/15\/oposicion-ve-presion-del-gobierno-en-pedido-de-juicio-abreviado-de-militares\/","title":{"rendered":"Oposici\u00f3n ve presi\u00f3n del Gobierno en  pedido de juicio abreviado de militares"},"content":{"rendered":"<p>El diputado por Comunidad Ciudadana (CC), Alberto Astorga, se\u00f1al\u00f3 que el Gobierno, mediante el Ministerio de Justicia, presiona a los acusados por el caso del supuesto golpe de Estado y pidi\u00f3 a los militares que enfrentan procesos ponerse fuertes y no ceder ante la presi\u00f3n del poder.<\/p>\n<p>Astorga denunci\u00f3 que el titular de Justicia es quien personalmente se ha encargado de presionar a los exjefes militares para que opten por un proceso abreviado que acorte tiempos en sus respectivos juicios.<\/p>\n<p>Por otra parte, cuestion\u00f3 que la autoridad se preste a ejecutar la injerencia del Gobierno en temas que solo competen al \u00d3rgano Judicial.<\/p>\n<p>\u201cEl Ministro de Justicia est\u00e1 presionando a los militares para optar por el juicio abreviado en el\u00a0 caso golpe, pedimos a los militares que tengan valor y no se dejen amedrentar por el r\u00e9gimen de Arce. Lima hace de juez y se nota la injerencia del gobierno\u201d, manifest\u00f3 Astorga en contacto con medios de prensa.<\/p>\n<p>El parlamentario de oposici\u00f3n hizo un llamado a los militares que son procesados en el caso del supuesto golpe de Estado a no ceder a las maniobras del Gobierno para sustentar un caso armado.<\/p>\n<p>\u201cSimplemente est\u00e1 en manos de los militares ponerse fuertes y no aceptar las presiones que est\u00e1n recibiendo por parte del actual gobierno\u201d, dijo.<\/p>\n<p>Durante el fin de semana se conoci\u00f3 que familiares de dos militares, que son procesados en este caso, solicitaron un proceso abreviado para aliviar sus respectivas condenas.<\/p>\n<p>\u201cA pesar de la negativa de nuestros padres, con la finalidad de tenerlos a nuestro lado, como familia unida no teniendo m\u00e1s camino en esta justicia y habiendo enfrentado solos estas abatidas lides, decidimos optar por el bien mayor\u201d, se\u00f1ala parte de la carta que tambi\u00e9n fue difundida en redes sociales.<\/p>\n<p>Al respecto, el ministro de Justicia Iv\u00e1n Lima, se\u00f1al\u00f3 que de confirmarse esta posibilidad y los excomandantes Terceros y Jarjury se acogen al juicio abreviado, quedar\u00eda confirmado que en 2019 hubo un golpe de Estado sin embargo, tambi\u00e9n precis\u00f3 que esta figura debe ser planteada de forma personal en su pr\u00f3xima audiencia.<\/p>\n","protected":false},"excerpt":{"rendered":"<p>El diputado por Comunidad Ciudadana (CC), Alberto Astorga, se\u00f1al\u00f3 que el Gobierno, mediante el Ministerio de Justicia, presiona a los acusados por el caso del supuesto golpe de Estado y pidi\u00f3 a los militares que enfrentan procesos ponerse fuertes y no ceder ante la presi\u00f3n del poder. Astorga denunci\u00f3 que el titular de Justicia es [&hellip;]<\/p>\n","protected":false},"author":1,"featured_media":63395,"comment_status":"closed","ping_status":"closed","sticky":false,"template":"","format":"standard","meta":{"_acf_changed":false,"footnotes":""},"categories":[14],"tags":[],"class_list":["post-63394","post","type-post","status-publish","format-standard","has-post-thumbnail","category-politica"],"acf":{"antetitulo":""},"yoast_head":"<!-- This site is optimized with the Yoast SEO plugin v28.3 - https:\/\/yoast.com\/product\/yoast-seo-wordpress\/ -->\n<title>Oposici\u00f3n ve presi\u00f3n del Gobierno en pedido de juicio abreviado de militares - El Diario - Bolivia<\/title>\n<meta name=\"robots\" content=\"index, follow, max-snippet:-1, max-image-preview:large, max-video-preview:-1\" \/>\n<link rel=\"canonical\" href=\"https:\/\/www.eldiario.net\/portal\/2022\/02\/15\/oposicion-ve-presion-del-gobierno-en-pedido-de-juicio-abreviado-de-militares\/\" \/>\n<meta property=\"og:locale\" content=\"es_ES\" \/>\n<meta property=\"og:type\" content=\"article\" \/>\n<meta property=\"og:title\" content=\"Oposici\u00f3n ve presi\u00f3n del Gobierno en pedido de juicio abreviado de militares - El Diario - Bolivia\" \/>\n<meta property=\"og:description\" content=\"El diputado por Comunidad Ciudadana (CC), Alberto Astorga, se\u00f1al\u00f3 que el Gobierno, mediante el Ministerio de Justicia, presiona a los acusados por el caso del supuesto golpe de Estado y pidi\u00f3 a los militares que enfrentan procesos ponerse fuertes y no ceder ante la presi\u00f3n del poder. Astorga denunci\u00f3 que el titular de Justicia es [&hellip;]\" \/>\n<meta property=\"og:url\" content=\"https:\/\/www.eldiario.net\/portal\/2022\/02\/15\/oposicion-ve-presion-del-gobierno-en-pedido-de-juicio-abreviado-de-militares\/\" \/>\n<meta property=\"og:site_name\" content=\"El Diario - Bolivia\" \/>\n<meta property=\"article:publisher\" content=\"https:\/\/www.facebook.com\/eldiario.bolivia\/\" \/>\n<meta property=\"article:published_time\" content=\"2022-02-15T09:32:04+00:00\" \/>\n<meta name=\"author\" content=\"Jeanette\" \/>\n<meta name=\"twitter:card\" content=\"summary_large_image\" \/>\n<meta name=\"twitter:creator\" content=\"@eldiario_net\" \/>\n<meta name=\"twitter:site\" content=\"@eldiario_net\" \/>\n<meta name=\"twitter:label1\" content=\"Escrito por\" \/>\n\t<meta name=\"twitter:data1\" content=\"Jeanette\" \/>\n\t<meta name=\"twitter:label2\" content=\"Tiempo de lectura\" \/>\n\t<meta name=\"twitter:data2\" content=\"2 minutos\" \/>\n<script type=\"application\/ld+json\" class=\"yoast-schema-graph\">{\"@context\":\"https:\\\/\\\/schema.org\",\"@graph\":[{\"@type\":\"Article\",\"@id\":\"https:\\\/\\\/www.eldiario.net\\\/portal\\\/2022\\\/02\\\/15\\\/oposicion-ve-presion-del-gobierno-en-pedido-de-juicio-abreviado-de-militares\\\/#article\",\"isPartOf\":{\"@id\":\"https:\\\/\\\/www.eldiario.net\\\/portal\\\/2022\\\/02\\\/15\\\/oposicion-ve-presion-del-gobierno-en-pedido-de-juicio-abreviado-de-militares\\\/\"},\"author\":{\"name\":\"Jeanette\",\"@id\":\"https:\\\/\\\/www.eldiario.net\\\/portal\\\/#\\\/schema\\\/person\\\/f46445640444750d7d753ccd04ae01b7\"},\"headline\":\"Oposici\u00f3n ve presi\u00f3n del Gobierno en pedido de juicio abreviado de militares\",\"datePublished\":\"2022-02-15T09:32:04+00:00\",\"mainEntityOfPage\":{\"@id\":\"https:\\\/\\\/www.eldiario.net\\\/portal\\\/2022\\\/02\\\/15\\\/oposicion-ve-presion-del-gobierno-en-pedido-de-juicio-abreviado-de-militares\\\/\"},\"wordCount\":371,\"publisher\":{\"@id\":\"https:\\\/\\\/www.eldiario.net\\\/portal\\\/#organization\"},\"image\":{\"@id\":\"https:\\\/\\\/www.eldiario.net\\\/portal\\\/2022\\\/02\\\/15\\\/oposicion-ve-presion-del-gobierno-en-pedido-de-juicio-abreviado-de-militares\\\/#primaryimage\"},\"thumbnailUrl\":\"\",\"articleSection\":[\"Pol\u00edtica\"],\"inLanguage\":\"es\"},{\"@type\":\"WebPage\",\"@id\":\"https:\\\/\\\/www.eldiario.net\\\/portal\\\/2022\\\/02\\\/15\\\/oposicion-ve-presion-del-gobierno-en-pedido-de-juicio-abreviado-de-militares\\\/\",\"url\":\"https:\\\/\\\/www.eldiario.net\\\/portal\\\/2022\\\/02\\\/15\\\/oposicion-ve-presion-del-gobierno-en-pedido-de-juicio-abreviado-de-militares\\\/\",\"name\":\"Oposici\u00f3n ve presi\u00f3n del Gobierno en pedido de juicio abreviado de militares - El Diario - Bolivia\",\"isPartOf\":{\"@id\":\"https:\\\/\\\/www.eldiario.net\\\/portal\\\/#website\"},\"primaryImageOfPage\":{\"@id\":\"https:\\\/\\\/www.eldiario.net\\\/portal\\\/2022\\\/02\\\/15\\\/oposicion-ve-presion-del-gobierno-en-pedido-de-juicio-abreviado-de-militares\\\/#primaryimage\"},\"image\":{\"@id\":\"https:\\\/\\\/www.eldiario.net\\\/portal\\\/2022\\\/02\\\/15\\\/oposicion-ve-presion-del-gobierno-en-pedido-de-juicio-abreviado-de-militares\\\/#primaryimage\"},\"thumbnailUrl\":\"\",\"datePublished\":\"2022-02-15T09:32:04+00:00\",\"breadcrumb\":{\"@id\":\"https:\\\/\\\/www.eldiario.net\\\/portal\\\/2022\\\/02\\\/15\\\/oposicion-ve-presion-del-gobierno-en-pedido-de-juicio-abreviado-de-militares\\\/#breadcrumb\"},\"inLanguage\":\"es\",\"potentialAction\":[{\"@type\":\"ReadAction\",\"target\":[\"https:\\\/\\\/www.eldiario.net\\\/portal\\\/2022\\\/02\\\/15\\\/oposicion-ve-presion-del-gobierno-en-pedido-de-juicio-abreviado-de-militares\\\/\"]}]},{\"@type\":\"ImageObject\",\"inLanguage\":\"es\",\"@id\":\"https:\\\/\\\/www.eldiario.net\\\/portal\\\/2022\\\/02\\\/15\\\/oposicion-ve-presion-del-gobierno-en-pedido-de-juicio-abreviado-de-militares\\\/#primaryimage\",\"url\":\"\",\"contentUrl\":\"\"},{\"@type\":\"BreadcrumbList\",\"@id\":\"https:\\\/\\\/www.eldiario.net\\\/portal\\\/2022\\\/02\\\/15\\\/oposicion-ve-presion-del-gobierno-en-pedido-de-juicio-abreviado-de-militares\\\/#breadcrumb\",\"itemListElement\":[{\"@type\":\"ListItem\",\"position\":1,\"name\":\"Portada\",\"item\":\"https:\\\/\\\/www.eldiario.net\\\/portal\\\/\"},{\"@type\":\"ListItem\",\"position\":2,\"name\":\"Oposici\u00f3n ve presi\u00f3n del Gobierno en pedido de juicio abreviado de militares\"}]},{\"@type\":\"WebSite\",\"@id\":\"https:\\\/\\\/www.eldiario.net\\\/portal\\\/#website\",\"url\":\"https:\\\/\\\/www.eldiario.net\\\/portal\\\/\",\"name\":\"El Diario - Decano de la prensa nacional\",\"description\":\"El Diario - Decano de la prensa nacional\",\"publisher\":{\"@id\":\"https:\\\/\\\/www.eldiario.net\\\/portal\\\/#organization\"},\"potentialAction\":[{\"@type\":\"SearchAction\",\"target\":{\"@type\":\"EntryPoint\",\"urlTemplate\":\"https:\\\/\\\/www.eldiario.net\\\/portal\\\/?s={search_term_string}\"},\"query-input\":{\"@type\":\"PropertyValueSpecification\",\"valueRequired\":true,\"valueName\":\"search_term_string\"}}],\"inLanguage\":\"es\"},{\"@type\":\"Organization\",\"@id\":\"https:\\\/\\\/www.eldiario.net\\\/portal\\\/#organization\",\"name\":\"El Diario - Decano de la prensa nacional\",\"url\":\"https:\\\/\\\/www.eldiario.net\\\/portal\\\/\",\"logo\":{\"@type\":\"ImageObject\",\"inLanguage\":\"es\",\"@id\":\"https:\\\/\\\/www.eldiario.net\\\/portal\\\/#\\\/schema\\\/logo\\\/image\\\/\",\"url\":\"https:\\\/\\\/www.eldiario.net\\\/portal\\\/wp-content\\\/uploads\\\/2023\\\/07\\\/logo_ED.jpg\",\"contentUrl\":\"https:\\\/\\\/www.eldiario.net\\\/portal\\\/wp-content\\\/uploads\\\/2023\\\/07\\\/logo_ED.jpg\",\"width\":272,\"height\":52,\"caption\":\"El Diario - Decano de la prensa nacional\"},\"image\":{\"@id\":\"https:\\\/\\\/www.eldiario.net\\\/portal\\\/#\\\/schema\\\/logo\\\/image\\\/\"},\"sameAs\":[\"https:\\\/\\\/www.facebook.com\\\/eldiario.bolivia\\\/\",\"https:\\\/\\\/x.com\\\/eldiario_net\"]},{\"@type\":\"Person\",\"@id\":\"https:\\\/\\\/www.eldiario.net\\\/portal\\\/#\\\/schema\\\/person\\\/f46445640444750d7d753ccd04ae01b7\",\"name\":\"Jeanette\",\"image\":{\"@type\":\"ImageObject\",\"inLanguage\":\"es\",\"@id\":\"https:\\\/\\\/secure.gravatar.com\\\/avatar\\\/3ea2118a5f7dad2b7138b1187a6b7ee55f160b9968b66013c3a3ef39dd7e5798?s=96&d=mm&r=g\",\"url\":\"https:\\\/\\\/secure.gravatar.com\\\/avatar\\\/3ea2118a5f7dad2b7138b1187a6b7ee55f160b9968b66013c3a3ef39dd7e5798?s=96&d=mm&r=g\",\"contentUrl\":\"https:\\\/\\\/secure.gravatar.com\\\/avatar\\\/3ea2118a5f7dad2b7138b1187a6b7ee55f160b9968b66013c3a3ef39dd7e5798?s=96&d=mm&r=g\",\"caption\":\"Jeanette\"},\"sameAs\":[\"https:\\\/\\\/www.eldiario.net\\\/portal\"],\"url\":\"https:\\\/\\\/www.eldiario.net\\\/portal\\\/author\\\/jeanette\\\/\"}]}<\/script>\n<!-- \/ Yoast SEO plugin. -->","yoast_head_json":{"title":"Oposici\u00f3n ve presi\u00f3n del Gobierno en pedido de juicio abreviado de militares - El Diario - Bolivia","robots":{"index":"index","follow":"follow","max-snippet":"max-snippet:-1","max-image-preview":"max-image-preview:large","max-video-preview":"max-video-preview:-1"},"canonical":"https:\/\/www.eldiario.net\/portal\/2022\/02\/15\/oposicion-ve-presion-del-gobierno-en-pedido-de-juicio-abreviado-de-militares\/","og_locale":"es_ES","og_type":"article","og_title":"Oposici\u00f3n ve presi\u00f3n del Gobierno en pedido de juicio abreviado de militares - El Diario - Bolivia","og_description":"El diputado por Comunidad Ciudadana (CC), Alberto Astorga, se\u00f1al\u00f3 que el Gobierno, mediante el Ministerio de Justicia, presiona a los acusados por el caso del supuesto golpe de Estado y pidi\u00f3 a los militares que enfrentan procesos ponerse fuertes y no ceder ante la presi\u00f3n del poder. Astorga denunci\u00f3 que el titular de Justicia es [&hellip;]","og_url":"https:\/\/www.eldiario.net\/portal\/2022\/02\/15\/oposicion-ve-presion-del-gobierno-en-pedido-de-juicio-abreviado-de-militares\/","og_site_name":"El Diario - Bolivia","article_publisher":"https:\/\/www.facebook.com\/eldiario.bolivia\/","article_published_time":"2022-02-15T09:32:04+00:00","author":"Jeanette","twitter_card":"summary_large_image","twitter_creator":"@eldiario_net","twitter_site":"@eldiario_net","twitter_misc":{"Escrito por":"Jeanette","Tiempo de lectura":"2 minutos"},"schema":{"@context":"https:\/\/schema.org","@graph":[{"@type":"Article","@id":"https:\/\/www.eldiario.net\/portal\/2022\/02\/15\/oposicion-ve-presion-del-gobierno-en-pedido-de-juicio-abreviado-de-militares\/#article","isPartOf":{"@id":"https:\/\/www.eldiario.net\/portal\/2022\/02\/15\/oposicion-ve-presion-del-gobierno-en-pedido-de-juicio-abreviado-de-militares\/"},"author":{"name":"Jeanette","@id":"https:\/\/www.eldiario.net\/portal\/#\/schema\/person\/f46445640444750d7d753ccd04ae01b7"},"headline":"Oposici\u00f3n ve presi\u00f3n del Gobierno en pedido de juicio abreviado de militares","datePublished":"2022-02-15T09:32:04+00:00","mainEntityOfPage":{"@id":"https:\/\/www.eldiario.net\/portal\/2022\/02\/15\/oposicion-ve-presion-del-gobierno-en-pedido-de-juicio-abreviado-de-militares\/"},"wordCount":371,"publisher":{"@id":"https:\/\/www.eldiario.net\/portal\/#organization"},"image":{"@id":"https:\/\/www.eldiario.net\/portal\/2022\/02\/15\/oposicion-ve-presion-del-gobierno-en-pedido-de-juicio-abreviado-de-militares\/#primaryimage"},"thumbnailUrl":"","articleSection":["Pol\u00edtica"],"inLanguage":"es"},{"@type":"WebPage","@id":"https:\/\/www.eldiario.net\/portal\/2022\/02\/15\/oposicion-ve-presion-del-gobierno-en-pedido-de-juicio-abreviado-de-militares\/","url":"https:\/\/www.eldiario.net\/portal\/2022\/02\/15\/oposicion-ve-presion-del-gobierno-en-pedido-de-juicio-abreviado-de-militares\/","name":"Oposici\u00f3n ve presi\u00f3n del Gobierno en pedido de juicio abreviado de militares - El Diario - Bolivia","isPartOf":{"@id":"https:\/\/www.eldiario.net\/portal\/#website"},"primaryImageOfPage":{"@id":"https:\/\/www.eldiario.net\/portal\/2022\/02\/15\/oposicion-ve-presion-del-gobierno-en-pedido-de-juicio-abreviado-de-militares\/#primaryimage"},"image":{"@id":"https:\/\/www.eldiario.net\/portal\/2022\/02\/15\/oposicion-ve-presion-del-gobierno-en-pedido-de-juicio-abreviado-de-militares\/#primaryimage"},"thumbnailUrl":"","datePublished":"2022-02-15T09:32:04+00:00","breadcrumb":{"@id":"https:\/\/www.eldiario.net\/portal\/2022\/02\/15\/oposicion-ve-presion-del-gobierno-en-pedido-de-juicio-abreviado-de-militares\/#breadcrumb"},"inLanguage":"es","potentialAction":[{"@type":"ReadAction","target":["https:\/\/www.eldiario.net\/portal\/2022\/02\/15\/oposicion-ve-presion-del-gobierno-en-pedido-de-juicio-abreviado-de-militares\/"]}]},{"@type":"ImageObject","inLanguage":"es","@id":"https:\/\/www.eldiario.net\/portal\/2022\/02\/15\/oposicion-ve-presion-del-gobierno-en-pedido-de-juicio-abreviado-de-militares\/#primaryimage","url":"","contentUrl":""},{"@type":"BreadcrumbList","@id":"https:\/\/www.eldiario.net\/portal\/2022\/02\/15\/oposicion-ve-presion-del-gobierno-en-pedido-de-juicio-abreviado-de-militares\/#breadcrumb","itemListElement":[{"@type":"ListItem","position":1,"name":"Portada","item":"https:\/\/www.eldiario.net\/portal\/"},{"@type":"ListItem","position":2,"name":"Oposici\u00f3n ve presi\u00f3n del Gobierno en pedido de juicio abreviado de militares"}]},{"@type":"WebSite","@id":"https:\/\/www.eldiario.net\/portal\/#website","url":"https:\/\/www.eldiario.net\/portal\/","name":"El Diario - Decano de la prensa nacional","description":"El Diario - Decano de la prensa nacional","publisher":{"@id":"https:\/\/www.eldiario.net\/portal\/#organization"},"potentialAction":[{"@type":"SearchAction","target":{"@type":"EntryPoint","urlTemplate":"https:\/\/www.eldiario.net\/portal\/?s={search_term_string}"},"query-input":{"@type":"PropertyValueSpecification","valueRequired":true,"valueName":"search_term_string"}}],"inLanguage":"es"},{"@type":"Organization","@id":"https:\/\/www.eldiario.net\/portal\/#organization","name":"El Diario - Decano de la prensa nacional","url":"https:\/\/www.eldiario.net\/portal\/","logo":{"@type":"ImageObject","inLanguage":"es","@id":"https:\/\/www.eldiario.net\/portal\/#\/schema\/logo\/image\/","url":"https:\/\/www.eldiario.net\/portal\/wp-content\/uploads\/2023\/07\/logo_ED.jpg","contentUrl":"https:\/\/www.eldiario.net\/portal\/wp-content\/uploads\/2023\/07\/logo_ED.jpg","width":272,"height":52,"caption":"El Diario - Decano de la prensa nacional"},"image":{"@id":"https:\/\/www.eldiario.net\/portal\/#\/schema\/logo\/image\/"},"sameAs":["https:\/\/www.facebook.com\/eldiario.bolivia\/","https:\/\/x.com\/eldiario_net"]},{"@type":"Person","@id":"https:\/\/www.eldiario.net\/portal\/#\/schema\/person\/f46445640444750d7d753ccd04ae01b7","name":"Jeanette","image":{"@type":"ImageObject","inLanguage":"es","@id":"https:\/\/secure.gravatar.com\/avatar\/3ea2118a5f7dad2b7138b1187a6b7ee55f160b9968b66013c3a3ef39dd7e5798?s=96&d=mm&r=g","url":"https:\/\/secure.gravatar.com\/avatar\/3ea2118a5f7dad2b7138b1187a6b7ee55f160b9968b66013c3a3ef39dd7e5798?s=96&d=mm&r=g","contentUrl":"https:\/\/secure.gravatar.com\/avatar\/3ea2118a5f7dad2b7138b1187a6b7ee55f160b9968b66013c3a3ef39dd7e5798?s=96&d=mm&r=g","caption":"Jeanette"},"sameAs":["https:\/\/www.eldiario.net\/portal"],"url":"https:\/\/www.eldiario.net\/portal\/author\/jeanette\/"}]}},"_links":{"self":[{"href":"https:\/\/www.eldiario.net\/portal\/wp-json\/wp\/v2\/posts\/63394","targetHints":{"allow":["GET"]}}],"collection":[{"href":"https:\/\/www.eldiario.net\/portal\/wp-json\/wp\/v2\/posts"}],"about":[{"href":"https:\/\/www.eldiario.net\/portal\/wp-json\/wp\/v2\/types\/post"}],"author":[{"embeddable":true,"href":"https:\/\/www.eldiario.net\/portal\/wp-json\/wp\/v2\/users\/1"}],"replies":[{"embeddable":true,"href":"https:\/\/www.eldiario.net\/portal\/wp-json\/wp\/v2\/comments?post=63394"}],"version-history":[{"count":0,"href":"https:\/\/www.eldiario.net\/portal\/wp-json\/wp\/v2\/posts\/63394\/revisions"}],"wp:attachment":[{"href":"https:\/\/www.eldiario.net\/portal\/wp-json\/wp\/v2\/media?parent=63394"}],"wp:term":[{"taxonomy":"category","embeddable":true,"href":"https:\/\/www.eldiario.net\/portal\/wp-json\/wp\/v2\/categories?post=63394"},{"taxonomy":"post_tag","embeddable":true,"href":"https:\/\/www.eldiario.net\/portal\/wp-json\/wp\/v2\/tags?post=63394"}],"curies":[{"name":"wp","href":"https:\/\/api.w.org\/{rel}","templated":true}]}}