{"id":63391,"date":"2022-02-15T05:31:03","date_gmt":"2022-02-15T09:31:03","guid":{"rendered":"https:\/\/www.eldiario.net\/portal\/?p=63391"},"modified":"2022-02-15T05:31:03","modified_gmt":"2022-02-15T09:31:03","slug":"oficialismo-anuncia-investigar-denuncias-de-sobreprecio-en-insumos","status":"publish","type":"post","link":"https:\/\/www.eldiario.net\/portal\/2022\/02\/15\/oficialismo-anuncia-investigar-denuncias-de-sobreprecio-en-insumos\/","title":{"rendered":"Oficialismo anuncia investigar  denuncias de sobreprecio en insumos"},"content":{"rendered":"<p>El senador por el Movimiento al Socialismo (MAS), F\u00e9lix Ajpi, anuncio que, desde la Comisi\u00f3n de Pol\u00edtica Social, Educaci\u00f3n y Salud, se har\u00e1 seguimiento de las denuncias por supuesto sobre precio en la compra de insumos por parte de entidades estatales controladas por esta organizaci\u00f3n pol\u00edtica.<\/p>\n<p>El legislador oficialista manifest\u00f3 que las tareas para la atenci\u00f3n de la salud y la educaci\u00f3n no deben tener colores pol\u00edticos, as\u00ed como la investigaci\u00f3n relacionada a los casos de corrupci\u00f3n en estas \u00e1reas, por lo que adelant\u00f3 un trabajo de fiscalizaci\u00f3n para esclarecer las denuncias recientemente conocidas.<\/p>\n<p>\u201cSalud y educaci\u00f3n no tienen colores pol\u00edticos\u201d, refiri\u00f3 Ajpi a tiempo de anunciar que el ente legislativo nacional har\u00e1 seguimiento a las investigaciones por un supuesto sobreprecio en la compra de pruebas ant\u00edgeno nasales en varias entidades p\u00fablicas del Estado.<\/p>\n<p>Sostuvo que la Comisi\u00f3n de Pol\u00edtica Social, Educaci\u00f3n y Salud, de la que forma parte, tiene previsto abordar este tema a la brevedad y remarc\u00f3 que, de comprobarse irregularidades, los implicados deber\u00e1n someterse a la justicia.<\/p>\n<p>\u201cCada lunes nos reunimos y hoy en esta sesi\u00f3n, vamos a ver qu\u00e9 acci\u00f3n asumimos como Comisi\u00f3n\u201d, manifest\u00f3 el parlamentario representante del norte pace\u00f1o.<\/p>\n<p>Sostuvo que debe ser el Ministerio P\u00fablico la instancia encargada de investigar de oficio estos hechos aparentemente irregulares y sanciones de forma dr\u00e1stica a todos los que resulten involucrados. En esa l\u00ednea, mencion\u00f3 que las propias Unidades de Transparencia de las instituciones observadas deben investigar las denuncias expuestas.<\/p>\n<p>\u201cSea quien sea, soy parte de eso, no podemos permitir que haya corrupci\u00f3n, esto hay que investigar y sancionar a los responsables para que devuelvan el dinero que han robado al pueblo boliviano\u201d, indic\u00f3.<\/p>\n<p>Desde la oposici\u00f3n, el l\u00edder de la alianza Comunidad Ciudadana, Carlos mesa Gisbert, apunt\u00f3 a que desde el Gobierno se encubren los actos de corrupci\u00f3n y esta pr\u00e1ctica se extendi\u00f3 desde el periodo de Evo Morales en el poder.<\/p>\n<p>\u201cEl encubrimiento de la corrupci\u00f3n fue constante en el gobierno del dictador pr\u00f3fugo y se repite ahora en el de Arce. Ambulancias fantasmas, protecci\u00f3n al gobernador potosino y los avasalladores masistas, y ahora la compra de insumos m\u00e9dicos con sobreprecio en entidades p\u00fablicas\u201d, expres\u00f3 desde su cuenta de Twitter.<\/p>\n<p>Las alcald\u00edas de Yapacan\u00ed y de Sucre, la Corporaci\u00f3n Minera de Bolivia y las regionales de Oruro y Santa Cruz de la Caja Nacional de Salud, est\u00e1n en la mira por una supuesta adquisici\u00f3n de pruebas ant\u00edgeno nasales con presunto sobreprecio.<\/p>\n","protected":false},"excerpt":{"rendered":"<p>El senador por el Movimiento al Socialismo (MAS), F\u00e9lix Ajpi, anuncio que, desde la Comisi\u00f3n de Pol\u00edtica Social, Educaci\u00f3n y Salud, se har\u00e1 seguimiento de las denuncias por supuesto sobre precio en la compra de insumos por parte de entidades estatales controladas por esta organizaci\u00f3n pol\u00edtica. El legislador oficialista manifest\u00f3 que las tareas para la [&hellip;]<\/p>\n","protected":false},"author":1,"featured_media":63392,"comment_status":"closed","ping_status":"closed","sticky":false,"template":"","format":"standard","meta":{"_acf_changed":false,"footnotes":""},"categories":[14],"tags":[],"class_list":["post-63391","post","type-post","status-publish","format-standard","has-post-thumbnail","category-politica"],"acf":{"antetitulo":""},"yoast_head":"<!-- This site is optimized with the Yoast SEO plugin v28.3 - https:\/\/yoast.com\/product\/yoast-seo-wordpress\/ -->\n<title>Oficialismo anuncia investigar denuncias de sobreprecio en insumos - El Diario - Bolivia<\/title>\n<meta name=\"robots\" content=\"index, follow, max-snippet:-1, max-image-preview:large, max-video-preview:-1\" \/>\n<link rel=\"canonical\" href=\"https:\/\/www.eldiario.net\/portal\/2022\/02\/15\/oficialismo-anuncia-investigar-denuncias-de-sobreprecio-en-insumos\/\" \/>\n<meta property=\"og:locale\" content=\"es_ES\" \/>\n<meta property=\"og:type\" content=\"article\" \/>\n<meta property=\"og:title\" content=\"Oficialismo anuncia investigar denuncias de sobreprecio en insumos - El Diario - Bolivia\" \/>\n<meta property=\"og:description\" content=\"El senador por el Movimiento al Socialismo (MAS), F\u00e9lix Ajpi, anuncio que, desde la Comisi\u00f3n de Pol\u00edtica Social, Educaci\u00f3n y Salud, se har\u00e1 seguimiento de las denuncias por supuesto sobre precio en la compra de insumos por parte de entidades estatales controladas por esta organizaci\u00f3n pol\u00edtica. El legislador oficialista manifest\u00f3 que las tareas para la [&hellip;]\" \/>\n<meta property=\"og:url\" content=\"https:\/\/www.eldiario.net\/portal\/2022\/02\/15\/oficialismo-anuncia-investigar-denuncias-de-sobreprecio-en-insumos\/\" \/>\n<meta property=\"og:site_name\" content=\"El Diario - Bolivia\" \/>\n<meta property=\"article:publisher\" content=\"https:\/\/www.facebook.com\/eldiario.bolivia\/\" \/>\n<meta property=\"article:published_time\" content=\"2022-02-15T09:31:03+00:00\" \/>\n<meta property=\"og:image\" content=\"https:\/\/www.eldiario.net\/portal\/wp-content\/uploads\/2022\/02\/AJPI-foto.jpg\" \/>\n\t<meta property=\"og:image:width\" content=\"1600\" \/>\n\t<meta property=\"og:image:height\" content=\"1200\" \/>\n\t<meta property=\"og:image:type\" content=\"image\/jpeg\" \/>\n<meta name=\"author\" content=\"Jeanette\" \/>\n<meta name=\"twitter:card\" content=\"summary_large_image\" \/>\n<meta name=\"twitter:creator\" content=\"@eldiario_net\" \/>\n<meta name=\"twitter:site\" content=\"@eldiario_net\" \/>\n<meta name=\"twitter:label1\" content=\"Escrito por\" \/>\n\t<meta name=\"twitter:data1\" content=\"Jeanette\" \/>\n\t<meta name=\"twitter:label2\" content=\"Tiempo de lectura\" \/>\n\t<meta name=\"twitter:data2\" content=\"2 minutos\" \/>\n<script type=\"application\/ld+json\" class=\"yoast-schema-graph\">{\"@context\":\"https:\\\/\\\/schema.org\",\"@graph\":[{\"@type\":\"Article\",\"@id\":\"https:\\\/\\\/www.eldiario.net\\\/portal\\\/2022\\\/02\\\/15\\\/oficialismo-anuncia-investigar-denuncias-de-sobreprecio-en-insumos\\\/#article\",\"isPartOf\":{\"@id\":\"https:\\\/\\\/www.eldiario.net\\\/portal\\\/2022\\\/02\\\/15\\\/oficialismo-anuncia-investigar-denuncias-de-sobreprecio-en-insumos\\\/\"},\"author\":{\"name\":\"Jeanette\",\"@id\":\"https:\\\/\\\/www.eldiario.net\\\/portal\\\/#\\\/schema\\\/person\\\/f46445640444750d7d753ccd04ae01b7\"},\"headline\":\"Oficialismo anuncia investigar denuncias de sobreprecio en insumos\",\"datePublished\":\"2022-02-15T09:31:03+00:00\",\"mainEntityOfPage\":{\"@id\":\"https:\\\/\\\/www.eldiario.net\\\/portal\\\/2022\\\/02\\\/15\\\/oficialismo-anuncia-investigar-denuncias-de-sobreprecio-en-insumos\\\/\"},\"wordCount\":455,\"publisher\":{\"@id\":\"https:\\\/\\\/www.eldiario.net\\\/portal\\\/#organization\"},\"image\":{\"@id\":\"https:\\\/\\\/www.eldiario.net\\\/portal\\\/2022\\\/02\\\/15\\\/oficialismo-anuncia-investigar-denuncias-de-sobreprecio-en-insumos\\\/#primaryimage\"},\"thumbnailUrl\":\"https:\\\/\\\/www.eldiario.net\\\/portal\\\/wp-content\\\/uploads\\\/2022\\\/02\\\/AJPI-foto.jpg\",\"articleSection\":[\"Pol\u00edtica\"],\"inLanguage\":\"es\"},{\"@type\":\"WebPage\",\"@id\":\"https:\\\/\\\/www.eldiario.net\\\/portal\\\/2022\\\/02\\\/15\\\/oficialismo-anuncia-investigar-denuncias-de-sobreprecio-en-insumos\\\/\",\"url\":\"https:\\\/\\\/www.eldiario.net\\\/portal\\\/2022\\\/02\\\/15\\\/oficialismo-anuncia-investigar-denuncias-de-sobreprecio-en-insumos\\\/\",\"name\":\"Oficialismo anuncia investigar denuncias de sobreprecio en insumos - El Diario - Bolivia\",\"isPartOf\":{\"@id\":\"https:\\\/\\\/www.eldiario.net\\\/portal\\\/#website\"},\"primaryImageOfPage\":{\"@id\":\"https:\\\/\\\/www.eldiario.net\\\/portal\\\/2022\\\/02\\\/15\\\/oficialismo-anuncia-investigar-denuncias-de-sobreprecio-en-insumos\\\/#primaryimage\"},\"image\":{\"@id\":\"https:\\\/\\\/www.eldiario.net\\\/portal\\\/2022\\\/02\\\/15\\\/oficialismo-anuncia-investigar-denuncias-de-sobreprecio-en-insumos\\\/#primaryimage\"},\"thumbnailUrl\":\"https:\\\/\\\/www.eldiario.net\\\/portal\\\/wp-content\\\/uploads\\\/2022\\\/02\\\/AJPI-foto.jpg\",\"datePublished\":\"2022-02-15T09:31:03+00:00\",\"breadcrumb\":{\"@id\":\"https:\\\/\\\/www.eldiario.net\\\/portal\\\/2022\\\/02\\\/15\\\/oficialismo-anuncia-investigar-denuncias-de-sobreprecio-en-insumos\\\/#breadcrumb\"},\"inLanguage\":\"es\",\"potentialAction\":[{\"@type\":\"ReadAction\",\"target\":[\"https:\\\/\\\/www.eldiario.net\\\/portal\\\/2022\\\/02\\\/15\\\/oficialismo-anuncia-investigar-denuncias-de-sobreprecio-en-insumos\\\/\"]}]},{\"@type\":\"ImageObject\",\"inLanguage\":\"es\",\"@id\":\"https:\\\/\\\/www.eldiario.net\\\/portal\\\/2022\\\/02\\\/15\\\/oficialismo-anuncia-investigar-denuncias-de-sobreprecio-en-insumos\\\/#primaryimage\",\"url\":\"https:\\\/\\\/www.eldiario.net\\\/portal\\\/wp-content\\\/uploads\\\/2022\\\/02\\\/AJPI-foto.jpg\",\"contentUrl\":\"https:\\\/\\\/www.eldiario.net\\\/portal\\\/wp-content\\\/uploads\\\/2022\\\/02\\\/AJPI-foto.jpg\",\"width\":1600,\"height\":1200,\"caption\":\"Senador F\u00e9lix Ajpi CREDITOS \\\/ Senado\"},{\"@type\":\"BreadcrumbList\",\"@id\":\"https:\\\/\\\/www.eldiario.net\\\/portal\\\/2022\\\/02\\\/15\\\/oficialismo-anuncia-investigar-denuncias-de-sobreprecio-en-insumos\\\/#breadcrumb\",\"itemListElement\":[{\"@type\":\"ListItem\",\"position\":1,\"name\":\"Portada\",\"item\":\"https:\\\/\\\/www.eldiario.net\\\/portal\\\/\"},{\"@type\":\"ListItem\",\"position\":2,\"name\":\"Oficialismo anuncia investigar denuncias de sobreprecio en insumos\"}]},{\"@type\":\"WebSite\",\"@id\":\"https:\\\/\\\/www.eldiario.net\\\/portal\\\/#website\",\"url\":\"https:\\\/\\\/www.eldiario.net\\\/portal\\\/\",\"name\":\"El Diario - Decano de la prensa nacional\",\"description\":\"El Diario - Decano de la prensa nacional\",\"publisher\":{\"@id\":\"https:\\\/\\\/www.eldiario.net\\\/portal\\\/#organization\"},\"potentialAction\":[{\"@type\":\"SearchAction\",\"target\":{\"@type\":\"EntryPoint\",\"urlTemplate\":\"https:\\\/\\\/www.eldiario.net\\\/portal\\\/?s={search_term_string}\"},\"query-input\":{\"@type\":\"PropertyValueSpecification\",\"valueRequired\":true,\"valueName\":\"search_term_string\"}}],\"inLanguage\":\"es\"},{\"@type\":\"Organization\",\"@id\":\"https:\\\/\\\/www.eldiario.net\\\/portal\\\/#organization\",\"name\":\"El Diario - Decano de la prensa nacional\",\"url\":\"https:\\\/\\\/www.eldiario.net\\\/portal\\\/\",\"logo\":{\"@type\":\"ImageObject\",\"inLanguage\":\"es\",\"@id\":\"https:\\\/\\\/www.eldiario.net\\\/portal\\\/#\\\/schema\\\/logo\\\/image\\\/\",\"url\":\"https:\\\/\\\/www.eldiario.net\\\/portal\\\/wp-content\\\/uploads\\\/2023\\\/07\\\/logo_ED.jpg\",\"contentUrl\":\"https:\\\/\\\/www.eldiario.net\\\/portal\\\/wp-content\\\/uploads\\\/2023\\\/07\\\/logo_ED.jpg\",\"width\":272,\"height\":52,\"caption\":\"El Diario - Decano de la prensa nacional\"},\"image\":{\"@id\":\"https:\\\/\\\/www.eldiario.net\\\/portal\\\/#\\\/schema\\\/logo\\\/image\\\/\"},\"sameAs\":[\"https:\\\/\\\/www.facebook.com\\\/eldiario.bolivia\\\/\",\"https:\\\/\\\/x.com\\\/eldiario_net\"]},{\"@type\":\"Person\",\"@id\":\"https:\\\/\\\/www.eldiario.net\\\/portal\\\/#\\\/schema\\\/person\\\/f46445640444750d7d753ccd04ae01b7\",\"name\":\"Jeanette\",\"image\":{\"@type\":\"ImageObject\",\"inLanguage\":\"es\",\"@id\":\"https:\\\/\\\/secure.gravatar.com\\\/avatar\\\/3ea2118a5f7dad2b7138b1187a6b7ee55f160b9968b66013c3a3ef39dd7e5798?s=96&d=mm&r=g\",\"url\":\"https:\\\/\\\/secure.gravatar.com\\\/avatar\\\/3ea2118a5f7dad2b7138b1187a6b7ee55f160b9968b66013c3a3ef39dd7e5798?s=96&d=mm&r=g\",\"contentUrl\":\"https:\\\/\\\/secure.gravatar.com\\\/avatar\\\/3ea2118a5f7dad2b7138b1187a6b7ee55f160b9968b66013c3a3ef39dd7e5798?s=96&d=mm&r=g\",\"caption\":\"Jeanette\"},\"sameAs\":[\"https:\\\/\\\/www.eldiario.net\\\/portal\"],\"url\":\"https:\\\/\\\/www.eldiario.net\\\/portal\\\/author\\\/jeanette\\\/\"}]}<\/script>\n<!-- \/ Yoast SEO plugin. -->","yoast_head_json":{"title":"Oficialismo anuncia investigar denuncias de sobreprecio en insumos - El Diario - Bolivia","robots":{"index":"index","follow":"follow","max-snippet":"max-snippet:-1","max-image-preview":"max-image-preview:large","max-video-preview":"max-video-preview:-1"},"canonical":"https:\/\/www.eldiario.net\/portal\/2022\/02\/15\/oficialismo-anuncia-investigar-denuncias-de-sobreprecio-en-insumos\/","og_locale":"es_ES","og_type":"article","og_title":"Oficialismo anuncia investigar denuncias de sobreprecio en insumos - El Diario - Bolivia","og_description":"El senador por el Movimiento al Socialismo (MAS), F\u00e9lix Ajpi, anuncio que, desde la Comisi\u00f3n de Pol\u00edtica Social, Educaci\u00f3n y Salud, se har\u00e1 seguimiento de las denuncias por supuesto sobre precio en la compra de insumos por parte de entidades estatales controladas por esta organizaci\u00f3n pol\u00edtica. El legislador oficialista manifest\u00f3 que las tareas para la [&hellip;]","og_url":"https:\/\/www.eldiario.net\/portal\/2022\/02\/15\/oficialismo-anuncia-investigar-denuncias-de-sobreprecio-en-insumos\/","og_site_name":"El Diario - Bolivia","article_publisher":"https:\/\/www.facebook.com\/eldiario.bolivia\/","article_published_time":"2022-02-15T09:31:03+00:00","og_image":[{"width":1600,"height":1200,"url":"https:\/\/www.eldiario.net\/portal\/wp-content\/uploads\/2022\/02\/AJPI-foto.jpg","type":"image\/jpeg"}],"author":"Jeanette","twitter_card":"summary_large_image","twitter_creator":"@eldiario_net","twitter_site":"@eldiario_net","twitter_misc":{"Escrito por":"Jeanette","Tiempo de lectura":"2 minutos"},"schema":{"@context":"https:\/\/schema.org","@graph":[{"@type":"Article","@id":"https:\/\/www.eldiario.net\/portal\/2022\/02\/15\/oficialismo-anuncia-investigar-denuncias-de-sobreprecio-en-insumos\/#article","isPartOf":{"@id":"https:\/\/www.eldiario.net\/portal\/2022\/02\/15\/oficialismo-anuncia-investigar-denuncias-de-sobreprecio-en-insumos\/"},"author":{"name":"Jeanette","@id":"https:\/\/www.eldiario.net\/portal\/#\/schema\/person\/f46445640444750d7d753ccd04ae01b7"},"headline":"Oficialismo anuncia investigar denuncias de sobreprecio en insumos","datePublished":"2022-02-15T09:31:03+00:00","mainEntityOfPage":{"@id":"https:\/\/www.eldiario.net\/portal\/2022\/02\/15\/oficialismo-anuncia-investigar-denuncias-de-sobreprecio-en-insumos\/"},"wordCount":455,"publisher":{"@id":"https:\/\/www.eldiario.net\/portal\/#organization"},"image":{"@id":"https:\/\/www.eldiario.net\/portal\/2022\/02\/15\/oficialismo-anuncia-investigar-denuncias-de-sobreprecio-en-insumos\/#primaryimage"},"thumbnailUrl":"https:\/\/www.eldiario.net\/portal\/wp-content\/uploads\/2022\/02\/AJPI-foto.jpg","articleSection":["Pol\u00edtica"],"inLanguage":"es"},{"@type":"WebPage","@id":"https:\/\/www.eldiario.net\/portal\/2022\/02\/15\/oficialismo-anuncia-investigar-denuncias-de-sobreprecio-en-insumos\/","url":"https:\/\/www.eldiario.net\/portal\/2022\/02\/15\/oficialismo-anuncia-investigar-denuncias-de-sobreprecio-en-insumos\/","name":"Oficialismo anuncia investigar denuncias de sobreprecio en insumos - El Diario - Bolivia","isPartOf":{"@id":"https:\/\/www.eldiario.net\/portal\/#website"},"primaryImageOfPage":{"@id":"https:\/\/www.eldiario.net\/portal\/2022\/02\/15\/oficialismo-anuncia-investigar-denuncias-de-sobreprecio-en-insumos\/#primaryimage"},"image":{"@id":"https:\/\/www.eldiario.net\/portal\/2022\/02\/15\/oficialismo-anuncia-investigar-denuncias-de-sobreprecio-en-insumos\/#primaryimage"},"thumbnailUrl":"https:\/\/www.eldiario.net\/portal\/wp-content\/uploads\/2022\/02\/AJPI-foto.jpg","datePublished":"2022-02-15T09:31:03+00:00","breadcrumb":{"@id":"https:\/\/www.eldiario.net\/portal\/2022\/02\/15\/oficialismo-anuncia-investigar-denuncias-de-sobreprecio-en-insumos\/#breadcrumb"},"inLanguage":"es","potentialAction":[{"@type":"ReadAction","target":["https:\/\/www.eldiario.net\/portal\/2022\/02\/15\/oficialismo-anuncia-investigar-denuncias-de-sobreprecio-en-insumos\/"]}]},{"@type":"ImageObject","inLanguage":"es","@id":"https:\/\/www.eldiario.net\/portal\/2022\/02\/15\/oficialismo-anuncia-investigar-denuncias-de-sobreprecio-en-insumos\/#primaryimage","url":"https:\/\/www.eldiario.net\/portal\/wp-content\/uploads\/2022\/02\/AJPI-foto.jpg","contentUrl":"https:\/\/www.eldiario.net\/portal\/wp-content\/uploads\/2022\/02\/AJPI-foto.jpg","width":1600,"height":1200,"caption":"Senador F\u00e9lix Ajpi CREDITOS \/ Senado"},{"@type":"BreadcrumbList","@id":"https:\/\/www.eldiario.net\/portal\/2022\/02\/15\/oficialismo-anuncia-investigar-denuncias-de-sobreprecio-en-insumos\/#breadcrumb","itemListElement":[{"@type":"ListItem","position":1,"name":"Portada","item":"https:\/\/www.eldiario.net\/portal\/"},{"@type":"ListItem","position":2,"name":"Oficialismo anuncia investigar denuncias de sobreprecio en insumos"}]},{"@type":"WebSite","@id":"https:\/\/www.eldiario.net\/portal\/#website","url":"https:\/\/www.eldiario.net\/portal\/","name":"El Diario - Decano de la prensa nacional","description":"El Diario - Decano de la prensa nacional","publisher":{"@id":"https:\/\/www.eldiario.net\/portal\/#organization"},"potentialAction":[{"@type":"SearchAction","target":{"@type":"EntryPoint","urlTemplate":"https:\/\/www.eldiario.net\/portal\/?s={search_term_string}"},"query-input":{"@type":"PropertyValueSpecification","valueRequired":true,"valueName":"search_term_string"}}],"inLanguage":"es"},{"@type":"Organization","@id":"https:\/\/www.eldiario.net\/portal\/#organization","name":"El Diario - Decano de la prensa nacional","url":"https:\/\/www.eldiario.net\/portal\/","logo":{"@type":"ImageObject","inLanguage":"es","@id":"https:\/\/www.eldiario.net\/portal\/#\/schema\/logo\/image\/","url":"https:\/\/www.eldiario.net\/portal\/wp-content\/uploads\/2023\/07\/logo_ED.jpg","contentUrl":"https:\/\/www.eldiario.net\/portal\/wp-content\/uploads\/2023\/07\/logo_ED.jpg","width":272,"height":52,"caption":"El Diario - Decano de la prensa nacional"},"image":{"@id":"https:\/\/www.eldiario.net\/portal\/#\/schema\/logo\/image\/"},"sameAs":["https:\/\/www.facebook.com\/eldiario.bolivia\/","https:\/\/x.com\/eldiario_net"]},{"@type":"Person","@id":"https:\/\/www.eldiario.net\/portal\/#\/schema\/person\/f46445640444750d7d753ccd04ae01b7","name":"Jeanette","image":{"@type":"ImageObject","inLanguage":"es","@id":"https:\/\/secure.gravatar.com\/avatar\/3ea2118a5f7dad2b7138b1187a6b7ee55f160b9968b66013c3a3ef39dd7e5798?s=96&d=mm&r=g","url":"https:\/\/secure.gravatar.com\/avatar\/3ea2118a5f7dad2b7138b1187a6b7ee55f160b9968b66013c3a3ef39dd7e5798?s=96&d=mm&r=g","contentUrl":"https:\/\/secure.gravatar.com\/avatar\/3ea2118a5f7dad2b7138b1187a6b7ee55f160b9968b66013c3a3ef39dd7e5798?s=96&d=mm&r=g","caption":"Jeanette"},"sameAs":["https:\/\/www.eldiario.net\/portal"],"url":"https:\/\/www.eldiario.net\/portal\/author\/jeanette\/"}]}},"_links":{"self":[{"href":"https:\/\/www.eldiario.net\/portal\/wp-json\/wp\/v2\/posts\/63391","targetHints":{"allow":["GET"]}}],"collection":[{"href":"https:\/\/www.eldiario.net\/portal\/wp-json\/wp\/v2\/posts"}],"about":[{"href":"https:\/\/www.eldiario.net\/portal\/wp-json\/wp\/v2\/types\/post"}],"author":[{"embeddable":true,"href":"https:\/\/www.eldiario.net\/portal\/wp-json\/wp\/v2\/users\/1"}],"replies":[{"embeddable":true,"href":"https:\/\/www.eldiario.net\/portal\/wp-json\/wp\/v2\/comments?post=63391"}],"version-history":[{"count":0,"href":"https:\/\/www.eldiario.net\/portal\/wp-json\/wp\/v2\/posts\/63391\/revisions"}],"wp:featuredmedia":[{"embeddable":true,"href":"https:\/\/www.eldiario.net\/portal\/wp-json\/wp\/v2\/media\/63392"}],"wp:attachment":[{"href":"https:\/\/www.eldiario.net\/portal\/wp-json\/wp\/v2\/media?parent=63391"}],"wp:term":[{"taxonomy":"category","embeddable":true,"href":"https:\/\/www.eldiario.net\/portal\/wp-json\/wp\/v2\/categories?post=63391"},{"taxonomy":"post_tag","embeddable":true,"href":"https:\/\/www.eldiario.net\/portal\/wp-json\/wp\/v2\/tags?post=63391"}],"curies":[{"name":"wp","href":"https:\/\/api.w.org\/{rel}","templated":true}]}}