{"id":63388,"date":"2022-02-15T05:29:49","date_gmt":"2022-02-15T09:29:49","guid":{"rendered":"https:\/\/www.eldiario.net\/portal\/?p=63388"},"modified":"2022-02-15T05:29:49","modified_gmt":"2022-02-15T09:29:49","slug":"senalan-que-el-ala-derecha-del-mas-es-evo-morales","status":"publish","type":"post","link":"https:\/\/www.eldiario.net\/portal\/2022\/02\/15\/senalan-que-el-ala-derecha-del-mas-es-evo-morales\/","title":{"rendered":"Se\u00f1alan que el ala derecha  del MAS es Evo Morales"},"content":{"rendered":"<p>Tras las declaraciones del jefe del Movimiento al Socialismo (MAS), Evo Morales, sobre intentos de vincularlo con el narcotr\u00e1fico por parte del \u201cala derecha del partido azul\u201d, el senador por Comunidad Ciudadana (CC), Rodrigo Paz Pereira, sostuvo que las acciones y palabras del exmandatario llevan a se\u00f1alar que el agente de la derecha infiltrado en este partido es el propio Morales.<\/p>\n<p>Paz sostuvo que las caracter\u00edsticas de irrespeto a la democracia y otras normativas que garantizan la institucionalidad del Estado, adem\u00e1s de reglamentos al interior del oficialismo indican que los planes de derecha provienen del mismo tr\u00f3pico de Cochabamba.<\/p>\n<p>\u201cEl que no respeta la democracia, el que no respeta la Constituci\u00f3n, el 21F y las normas de convivencia, ese es derecha, por ende, el de la derecha est\u00e1 en el Chapare\u201d, sostuvo el senador opositor.<\/p>\n<p>Se\u00f1al\u00f3 que otra gran prueba de que Morales es \u201cla derecha\u201d que \u00e9l mismo denuncia, son las intromisiones que faltan el respeto al gobierno legalmente constituido del presidente Arce, por lo que estas manifestaciones sobre conspiraciones de un grupo al interior del partido azul, corresponden a su propia presencia.<\/p>\n<p>\u201cTampoco respeta al gobierno de Arce porque la derecha normalmente conspira y la conspiraci\u00f3n al gobierno de Arce est\u00e1 en el Chapare\u201d, dijo.<\/p>\n<p>D\u00edas atr\u00e1s, el l\u00edder cocalero denunci\u00f3 que se trama una conspiraci\u00f3n en contra de su persona y denunci\u00f3 que existe un \u201cala derecha\u201d en el partido azul que hace eco de acusaciones en su contra y de las federaciones del tr\u00f3pico de Cochabamba.<\/p>\n<p>\u201cEn las \u00faltimas semanas todo es contra el tr\u00f3pico de Cochabamba, contra el Leonardo, Andr\u00f3nico, contra el Evo, es decir, hay una campa\u00f1a desde fuera de Bolivia, desde la derecha, por su puesto, pero tambi\u00e9n siento, no s\u00e9, si el MAS tiene ala derecha, eso estoy notando por c\u00f3mo algunos compa\u00f1eros nuestros est\u00e1n hablando, o contra el tr\u00f3pico o contra el Evo, no entiendo\u201d, manifest\u00f3 Morales a RKC.<\/p>\n<p>Desde su cuenta de Twitter, tambi\u00e9n se\u00f1al\u00f3 que se atenta contra su seguridad y esa actitud es una traici\u00f3n. \u201cSe olvidan que venimos de la resistencia del pueblo humilde y trabajador contra el sistema represor del neoliberalismo servil al imperialismo de EEUU. Prestarse a la conspiraci\u00f3n de la DEA es traicionar la lucha del pueblo boliviano\u201d, public\u00f3.<\/p>\n","protected":false},"excerpt":{"rendered":"<p>Tras las declaraciones del jefe del Movimiento al Socialismo (MAS), Evo Morales, sobre intentos de vincularlo con el narcotr\u00e1fico por parte del \u201cala derecha del partido azul\u201d, el senador por Comunidad Ciudadana (CC), Rodrigo Paz Pereira, sostuvo que las acciones y palabras del exmandatario llevan a se\u00f1alar que el agente de la derecha infiltrado en [&hellip;]<\/p>\n","protected":false},"author":1,"featured_media":63389,"comment_status":"closed","ping_status":"closed","sticky":false,"template":"","format":"standard","meta":{"_acf_changed":false,"footnotes":""},"categories":[14],"tags":[],"class_list":["post-63388","post","type-post","status-publish","format-standard","has-post-thumbnail","category-politica"],"acf":{"antetitulo":""},"yoast_head":"<!-- This site is optimized with the Yoast SEO plugin v28.3 - https:\/\/yoast.com\/product\/yoast-seo-wordpress\/ -->\n<title>Se\u00f1alan que el ala derecha del MAS es Evo Morales - El Diario - Bolivia<\/title>\n<meta name=\"robots\" content=\"index, follow, max-snippet:-1, max-image-preview:large, max-video-preview:-1\" \/>\n<link rel=\"canonical\" href=\"https:\/\/www.eldiario.net\/portal\/2022\/02\/15\/senalan-que-el-ala-derecha-del-mas-es-evo-morales\/\" \/>\n<meta property=\"og:locale\" content=\"es_ES\" \/>\n<meta property=\"og:type\" content=\"article\" \/>\n<meta property=\"og:title\" content=\"Se\u00f1alan que el ala derecha del MAS es Evo Morales - El Diario - Bolivia\" \/>\n<meta property=\"og:description\" content=\"Tras las declaraciones del jefe del Movimiento al Socialismo (MAS), Evo Morales, sobre intentos de vincularlo con el narcotr\u00e1fico por parte del \u201cala derecha del partido azul\u201d, el senador por Comunidad Ciudadana (CC), Rodrigo Paz Pereira, sostuvo que las acciones y palabras del exmandatario llevan a se\u00f1alar que el agente de la derecha infiltrado en [&hellip;]\" \/>\n<meta property=\"og:url\" content=\"https:\/\/www.eldiario.net\/portal\/2022\/02\/15\/senalan-que-el-ala-derecha-del-mas-es-evo-morales\/\" \/>\n<meta property=\"og:site_name\" content=\"El Diario - Bolivia\" \/>\n<meta property=\"article:publisher\" content=\"https:\/\/www.facebook.com\/eldiario.bolivia\/\" \/>\n<meta property=\"article:published_time\" content=\"2022-02-15T09:29:49+00:00\" \/>\n<meta property=\"og:image\" content=\"https:\/\/www.eldiario.net\/portal\/wp-content\/uploads\/2022\/02\/paz-foto-2.jpg\" \/>\n\t<meta property=\"og:image:width\" content=\"1280\" \/>\n\t<meta property=\"og:image:height\" content=\"853\" \/>\n\t<meta property=\"og:image:type\" content=\"image\/jpeg\" \/>\n<meta name=\"author\" content=\"Jeanette\" \/>\n<meta name=\"twitter:card\" content=\"summary_large_image\" \/>\n<meta name=\"twitter:creator\" content=\"@eldiario_net\" \/>\n<meta name=\"twitter:site\" content=\"@eldiario_net\" \/>\n<meta name=\"twitter:label1\" content=\"Escrito por\" \/>\n\t<meta name=\"twitter:data1\" content=\"Jeanette\" \/>\n\t<meta name=\"twitter:label2\" content=\"Tiempo de lectura\" \/>\n\t<meta name=\"twitter:data2\" content=\"2 minutos\" \/>\n<script type=\"application\/ld+json\" class=\"yoast-schema-graph\">{\"@context\":\"https:\\\/\\\/schema.org\",\"@graph\":[{\"@type\":\"Article\",\"@id\":\"https:\\\/\\\/www.eldiario.net\\\/portal\\\/2022\\\/02\\\/15\\\/senalan-que-el-ala-derecha-del-mas-es-evo-morales\\\/#article\",\"isPartOf\":{\"@id\":\"https:\\\/\\\/www.eldiario.net\\\/portal\\\/2022\\\/02\\\/15\\\/senalan-que-el-ala-derecha-del-mas-es-evo-morales\\\/\"},\"author\":{\"name\":\"Jeanette\",\"@id\":\"https:\\\/\\\/www.eldiario.net\\\/portal\\\/#\\\/schema\\\/person\\\/f46445640444750d7d753ccd04ae01b7\"},\"headline\":\"Se\u00f1alan que el ala derecha del MAS es Evo Morales\",\"datePublished\":\"2022-02-15T09:29:49+00:00\",\"mainEntityOfPage\":{\"@id\":\"https:\\\/\\\/www.eldiario.net\\\/portal\\\/2022\\\/02\\\/15\\\/senalan-que-el-ala-derecha-del-mas-es-evo-morales\\\/\"},\"wordCount\":411,\"publisher\":{\"@id\":\"https:\\\/\\\/www.eldiario.net\\\/portal\\\/#organization\"},\"image\":{\"@id\":\"https:\\\/\\\/www.eldiario.net\\\/portal\\\/2022\\\/02\\\/15\\\/senalan-que-el-ala-derecha-del-mas-es-evo-morales\\\/#primaryimage\"},\"thumbnailUrl\":\"https:\\\/\\\/www.eldiario.net\\\/portal\\\/wp-content\\\/uploads\\\/2022\\\/02\\\/paz-foto-2.jpg\",\"articleSection\":[\"Pol\u00edtica\"],\"inLanguage\":\"es\"},{\"@type\":\"WebPage\",\"@id\":\"https:\\\/\\\/www.eldiario.net\\\/portal\\\/2022\\\/02\\\/15\\\/senalan-que-el-ala-derecha-del-mas-es-evo-morales\\\/\",\"url\":\"https:\\\/\\\/www.eldiario.net\\\/portal\\\/2022\\\/02\\\/15\\\/senalan-que-el-ala-derecha-del-mas-es-evo-morales\\\/\",\"name\":\"Se\u00f1alan que el ala derecha del MAS es Evo Morales - El Diario - Bolivia\",\"isPartOf\":{\"@id\":\"https:\\\/\\\/www.eldiario.net\\\/portal\\\/#website\"},\"primaryImageOfPage\":{\"@id\":\"https:\\\/\\\/www.eldiario.net\\\/portal\\\/2022\\\/02\\\/15\\\/senalan-que-el-ala-derecha-del-mas-es-evo-morales\\\/#primaryimage\"},\"image\":{\"@id\":\"https:\\\/\\\/www.eldiario.net\\\/portal\\\/2022\\\/02\\\/15\\\/senalan-que-el-ala-derecha-del-mas-es-evo-morales\\\/#primaryimage\"},\"thumbnailUrl\":\"https:\\\/\\\/www.eldiario.net\\\/portal\\\/wp-content\\\/uploads\\\/2022\\\/02\\\/paz-foto-2.jpg\",\"datePublished\":\"2022-02-15T09:29:49+00:00\",\"breadcrumb\":{\"@id\":\"https:\\\/\\\/www.eldiario.net\\\/portal\\\/2022\\\/02\\\/15\\\/senalan-que-el-ala-derecha-del-mas-es-evo-morales\\\/#breadcrumb\"},\"inLanguage\":\"es\",\"potentialAction\":[{\"@type\":\"ReadAction\",\"target\":[\"https:\\\/\\\/www.eldiario.net\\\/portal\\\/2022\\\/02\\\/15\\\/senalan-que-el-ala-derecha-del-mas-es-evo-morales\\\/\"]}]},{\"@type\":\"ImageObject\",\"inLanguage\":\"es\",\"@id\":\"https:\\\/\\\/www.eldiario.net\\\/portal\\\/2022\\\/02\\\/15\\\/senalan-que-el-ala-derecha-del-mas-es-evo-morales\\\/#primaryimage\",\"url\":\"https:\\\/\\\/www.eldiario.net\\\/portal\\\/wp-content\\\/uploads\\\/2022\\\/02\\\/paz-foto-2.jpg\",\"contentUrl\":\"https:\\\/\\\/www.eldiario.net\\\/portal\\\/wp-content\\\/uploads\\\/2022\\\/02\\\/paz-foto-2.jpg\",\"width\":1280,\"height\":853,\"caption\":\"Senador Rodrigo Paz (CC) CREDITOS \\\/ RRSS\"},{\"@type\":\"BreadcrumbList\",\"@id\":\"https:\\\/\\\/www.eldiario.net\\\/portal\\\/2022\\\/02\\\/15\\\/senalan-que-el-ala-derecha-del-mas-es-evo-morales\\\/#breadcrumb\",\"itemListElement\":[{\"@type\":\"ListItem\",\"position\":1,\"name\":\"Portada\",\"item\":\"https:\\\/\\\/www.eldiario.net\\\/portal\\\/\"},{\"@type\":\"ListItem\",\"position\":2,\"name\":\"Se\u00f1alan que el ala derecha del MAS es Evo Morales\"}]},{\"@type\":\"WebSite\",\"@id\":\"https:\\\/\\\/www.eldiario.net\\\/portal\\\/#website\",\"url\":\"https:\\\/\\\/www.eldiario.net\\\/portal\\\/\",\"name\":\"El Diario - Decano de la prensa nacional\",\"description\":\"El Diario - Decano de la prensa nacional\",\"publisher\":{\"@id\":\"https:\\\/\\\/www.eldiario.net\\\/portal\\\/#organization\"},\"potentialAction\":[{\"@type\":\"SearchAction\",\"target\":{\"@type\":\"EntryPoint\",\"urlTemplate\":\"https:\\\/\\\/www.eldiario.net\\\/portal\\\/?s={search_term_string}\"},\"query-input\":{\"@type\":\"PropertyValueSpecification\",\"valueRequired\":true,\"valueName\":\"search_term_string\"}}],\"inLanguage\":\"es\"},{\"@type\":\"Organization\",\"@id\":\"https:\\\/\\\/www.eldiario.net\\\/portal\\\/#organization\",\"name\":\"El Diario - Decano de la prensa nacional\",\"url\":\"https:\\\/\\\/www.eldiario.net\\\/portal\\\/\",\"logo\":{\"@type\":\"ImageObject\",\"inLanguage\":\"es\",\"@id\":\"https:\\\/\\\/www.eldiario.net\\\/portal\\\/#\\\/schema\\\/logo\\\/image\\\/\",\"url\":\"https:\\\/\\\/www.eldiario.net\\\/portal\\\/wp-content\\\/uploads\\\/2023\\\/07\\\/logo_ED.jpg\",\"contentUrl\":\"https:\\\/\\\/www.eldiario.net\\\/portal\\\/wp-content\\\/uploads\\\/2023\\\/07\\\/logo_ED.jpg\",\"width\":272,\"height\":52,\"caption\":\"El Diario - Decano de la prensa nacional\"},\"image\":{\"@id\":\"https:\\\/\\\/www.eldiario.net\\\/portal\\\/#\\\/schema\\\/logo\\\/image\\\/\"},\"sameAs\":[\"https:\\\/\\\/www.facebook.com\\\/eldiario.bolivia\\\/\",\"https:\\\/\\\/x.com\\\/eldiario_net\"]},{\"@type\":\"Person\",\"@id\":\"https:\\\/\\\/www.eldiario.net\\\/portal\\\/#\\\/schema\\\/person\\\/f46445640444750d7d753ccd04ae01b7\",\"name\":\"Jeanette\",\"image\":{\"@type\":\"ImageObject\",\"inLanguage\":\"es\",\"@id\":\"https:\\\/\\\/secure.gravatar.com\\\/avatar\\\/3ea2118a5f7dad2b7138b1187a6b7ee55f160b9968b66013c3a3ef39dd7e5798?s=96&d=mm&r=g\",\"url\":\"https:\\\/\\\/secure.gravatar.com\\\/avatar\\\/3ea2118a5f7dad2b7138b1187a6b7ee55f160b9968b66013c3a3ef39dd7e5798?s=96&d=mm&r=g\",\"contentUrl\":\"https:\\\/\\\/secure.gravatar.com\\\/avatar\\\/3ea2118a5f7dad2b7138b1187a6b7ee55f160b9968b66013c3a3ef39dd7e5798?s=96&d=mm&r=g\",\"caption\":\"Jeanette\"},\"sameAs\":[\"https:\\\/\\\/www.eldiario.net\\\/portal\"],\"url\":\"https:\\\/\\\/www.eldiario.net\\\/portal\\\/author\\\/jeanette\\\/\"}]}<\/script>\n<!-- \/ Yoast SEO plugin. -->","yoast_head_json":{"title":"Se\u00f1alan que el ala derecha del MAS es Evo Morales - El Diario - Bolivia","robots":{"index":"index","follow":"follow","max-snippet":"max-snippet:-1","max-image-preview":"max-image-preview:large","max-video-preview":"max-video-preview:-1"},"canonical":"https:\/\/www.eldiario.net\/portal\/2022\/02\/15\/senalan-que-el-ala-derecha-del-mas-es-evo-morales\/","og_locale":"es_ES","og_type":"article","og_title":"Se\u00f1alan que el ala derecha del MAS es Evo Morales - El Diario - Bolivia","og_description":"Tras las declaraciones del jefe del Movimiento al Socialismo (MAS), Evo Morales, sobre intentos de vincularlo con el narcotr\u00e1fico por parte del \u201cala derecha del partido azul\u201d, el senador por Comunidad Ciudadana (CC), Rodrigo Paz Pereira, sostuvo que las acciones y palabras del exmandatario llevan a se\u00f1alar que el agente de la derecha infiltrado en [&hellip;]","og_url":"https:\/\/www.eldiario.net\/portal\/2022\/02\/15\/senalan-que-el-ala-derecha-del-mas-es-evo-morales\/","og_site_name":"El Diario - Bolivia","article_publisher":"https:\/\/www.facebook.com\/eldiario.bolivia\/","article_published_time":"2022-02-15T09:29:49+00:00","og_image":[{"width":1280,"height":853,"url":"https:\/\/www.eldiario.net\/portal\/wp-content\/uploads\/2022\/02\/paz-foto-2.jpg","type":"image\/jpeg"}],"author":"Jeanette","twitter_card":"summary_large_image","twitter_creator":"@eldiario_net","twitter_site":"@eldiario_net","twitter_misc":{"Escrito por":"Jeanette","Tiempo de lectura":"2 minutos"},"schema":{"@context":"https:\/\/schema.org","@graph":[{"@type":"Article","@id":"https:\/\/www.eldiario.net\/portal\/2022\/02\/15\/senalan-que-el-ala-derecha-del-mas-es-evo-morales\/#article","isPartOf":{"@id":"https:\/\/www.eldiario.net\/portal\/2022\/02\/15\/senalan-que-el-ala-derecha-del-mas-es-evo-morales\/"},"author":{"name":"Jeanette","@id":"https:\/\/www.eldiario.net\/portal\/#\/schema\/person\/f46445640444750d7d753ccd04ae01b7"},"headline":"Se\u00f1alan que el ala derecha del MAS es Evo Morales","datePublished":"2022-02-15T09:29:49+00:00","mainEntityOfPage":{"@id":"https:\/\/www.eldiario.net\/portal\/2022\/02\/15\/senalan-que-el-ala-derecha-del-mas-es-evo-morales\/"},"wordCount":411,"publisher":{"@id":"https:\/\/www.eldiario.net\/portal\/#organization"},"image":{"@id":"https:\/\/www.eldiario.net\/portal\/2022\/02\/15\/senalan-que-el-ala-derecha-del-mas-es-evo-morales\/#primaryimage"},"thumbnailUrl":"https:\/\/www.eldiario.net\/portal\/wp-content\/uploads\/2022\/02\/paz-foto-2.jpg","articleSection":["Pol\u00edtica"],"inLanguage":"es"},{"@type":"WebPage","@id":"https:\/\/www.eldiario.net\/portal\/2022\/02\/15\/senalan-que-el-ala-derecha-del-mas-es-evo-morales\/","url":"https:\/\/www.eldiario.net\/portal\/2022\/02\/15\/senalan-que-el-ala-derecha-del-mas-es-evo-morales\/","name":"Se\u00f1alan que el ala derecha del MAS es Evo Morales - El Diario - Bolivia","isPartOf":{"@id":"https:\/\/www.eldiario.net\/portal\/#website"},"primaryImageOfPage":{"@id":"https:\/\/www.eldiario.net\/portal\/2022\/02\/15\/senalan-que-el-ala-derecha-del-mas-es-evo-morales\/#primaryimage"},"image":{"@id":"https:\/\/www.eldiario.net\/portal\/2022\/02\/15\/senalan-que-el-ala-derecha-del-mas-es-evo-morales\/#primaryimage"},"thumbnailUrl":"https:\/\/www.eldiario.net\/portal\/wp-content\/uploads\/2022\/02\/paz-foto-2.jpg","datePublished":"2022-02-15T09:29:49+00:00","breadcrumb":{"@id":"https:\/\/www.eldiario.net\/portal\/2022\/02\/15\/senalan-que-el-ala-derecha-del-mas-es-evo-morales\/#breadcrumb"},"inLanguage":"es","potentialAction":[{"@type":"ReadAction","target":["https:\/\/www.eldiario.net\/portal\/2022\/02\/15\/senalan-que-el-ala-derecha-del-mas-es-evo-morales\/"]}]},{"@type":"ImageObject","inLanguage":"es","@id":"https:\/\/www.eldiario.net\/portal\/2022\/02\/15\/senalan-que-el-ala-derecha-del-mas-es-evo-morales\/#primaryimage","url":"https:\/\/www.eldiario.net\/portal\/wp-content\/uploads\/2022\/02\/paz-foto-2.jpg","contentUrl":"https:\/\/www.eldiario.net\/portal\/wp-content\/uploads\/2022\/02\/paz-foto-2.jpg","width":1280,"height":853,"caption":"Senador Rodrigo Paz (CC) CREDITOS \/ RRSS"},{"@type":"BreadcrumbList","@id":"https:\/\/www.eldiario.net\/portal\/2022\/02\/15\/senalan-que-el-ala-derecha-del-mas-es-evo-morales\/#breadcrumb","itemListElement":[{"@type":"ListItem","position":1,"name":"Portada","item":"https:\/\/www.eldiario.net\/portal\/"},{"@type":"ListItem","position":2,"name":"Se\u00f1alan que el ala derecha del MAS es Evo Morales"}]},{"@type":"WebSite","@id":"https:\/\/www.eldiario.net\/portal\/#website","url":"https:\/\/www.eldiario.net\/portal\/","name":"El Diario - Decano de la prensa nacional","description":"El Diario - Decano de la prensa nacional","publisher":{"@id":"https:\/\/www.eldiario.net\/portal\/#organization"},"potentialAction":[{"@type":"SearchAction","target":{"@type":"EntryPoint","urlTemplate":"https:\/\/www.eldiario.net\/portal\/?s={search_term_string}"},"query-input":{"@type":"PropertyValueSpecification","valueRequired":true,"valueName":"search_term_string"}}],"inLanguage":"es"},{"@type":"Organization","@id":"https:\/\/www.eldiario.net\/portal\/#organization","name":"El Diario - Decano de la prensa nacional","url":"https:\/\/www.eldiario.net\/portal\/","logo":{"@type":"ImageObject","inLanguage":"es","@id":"https:\/\/www.eldiario.net\/portal\/#\/schema\/logo\/image\/","url":"https:\/\/www.eldiario.net\/portal\/wp-content\/uploads\/2023\/07\/logo_ED.jpg","contentUrl":"https:\/\/www.eldiario.net\/portal\/wp-content\/uploads\/2023\/07\/logo_ED.jpg","width":272,"height":52,"caption":"El Diario - Decano de la prensa nacional"},"image":{"@id":"https:\/\/www.eldiario.net\/portal\/#\/schema\/logo\/image\/"},"sameAs":["https:\/\/www.facebook.com\/eldiario.bolivia\/","https:\/\/x.com\/eldiario_net"]},{"@type":"Person","@id":"https:\/\/www.eldiario.net\/portal\/#\/schema\/person\/f46445640444750d7d753ccd04ae01b7","name":"Jeanette","image":{"@type":"ImageObject","inLanguage":"es","@id":"https:\/\/secure.gravatar.com\/avatar\/3ea2118a5f7dad2b7138b1187a6b7ee55f160b9968b66013c3a3ef39dd7e5798?s=96&d=mm&r=g","url":"https:\/\/secure.gravatar.com\/avatar\/3ea2118a5f7dad2b7138b1187a6b7ee55f160b9968b66013c3a3ef39dd7e5798?s=96&d=mm&r=g","contentUrl":"https:\/\/secure.gravatar.com\/avatar\/3ea2118a5f7dad2b7138b1187a6b7ee55f160b9968b66013c3a3ef39dd7e5798?s=96&d=mm&r=g","caption":"Jeanette"},"sameAs":["https:\/\/www.eldiario.net\/portal"],"url":"https:\/\/www.eldiario.net\/portal\/author\/jeanette\/"}]}},"_links":{"self":[{"href":"https:\/\/www.eldiario.net\/portal\/wp-json\/wp\/v2\/posts\/63388","targetHints":{"allow":["GET"]}}],"collection":[{"href":"https:\/\/www.eldiario.net\/portal\/wp-json\/wp\/v2\/posts"}],"about":[{"href":"https:\/\/www.eldiario.net\/portal\/wp-json\/wp\/v2\/types\/post"}],"author":[{"embeddable":true,"href":"https:\/\/www.eldiario.net\/portal\/wp-json\/wp\/v2\/users\/1"}],"replies":[{"embeddable":true,"href":"https:\/\/www.eldiario.net\/portal\/wp-json\/wp\/v2\/comments?post=63388"}],"version-history":[{"count":0,"href":"https:\/\/www.eldiario.net\/portal\/wp-json\/wp\/v2\/posts\/63388\/revisions"}],"wp:featuredmedia":[{"embeddable":true,"href":"https:\/\/www.eldiario.net\/portal\/wp-json\/wp\/v2\/media\/63389"}],"wp:attachment":[{"href":"https:\/\/www.eldiario.net\/portal\/wp-json\/wp\/v2\/media?parent=63388"}],"wp:term":[{"taxonomy":"category","embeddable":true,"href":"https:\/\/www.eldiario.net\/portal\/wp-json\/wp\/v2\/categories?post=63388"},{"taxonomy":"post_tag","embeddable":true,"href":"https:\/\/www.eldiario.net\/portal\/wp-json\/wp\/v2\/tags?post=63388"}],"curies":[{"name":"wp","href":"https:\/\/api.w.org\/{rel}","templated":true}]}}