{"id":63375,"date":"2022-02-15T05:25:12","date_gmt":"2022-02-15T09:25:12","guid":{"rendered":"https:\/\/www.eldiario.net\/portal\/?p=63375"},"modified":"2022-02-15T05:25:12","modified_gmt":"2022-02-15T09:25:12","slug":"alcalde-reprocha-desenfreno-festivo-durante-fin-de-semana","status":"publish","type":"post","link":"https:\/\/www.eldiario.net\/portal\/2022\/02\/15\/alcalde-reprocha-desenfreno-festivo-durante-fin-de-semana\/","title":{"rendered":"Alcalde reprocha \u201cdesenfreno\u201d festivo durante fin de semana"},"content":{"rendered":"<p>La actitud desenfrenada de muchos ciudadanos que acudieron a fiestas el fin de semana y consumieron bebidas alcoh\u00f3licas sin ninguna medida de bioseguridad, fue censurada por el burgomaestre\u00a0 de La Paz por lo que llam\u00f3 a la responsabilidad ya que el pa\u00eds sigue atravesando la cuarta ola del covid-19.<\/p>\n<p>\u201cMuy preocupado. En Mallasa, en Cota Cota, en Achumani, en la zona de El Tejar, qu\u00e9 manera de soltarnos al desenfreno. J\u00f3venes que no respetan el uso del barbijo, locales que no respetan el aforo, domicilios privados hasta las tres de la ma\u00f1ana tocando conjuntos musicales en sus casas\u201d, asever\u00f3 el alcalde Arias.<\/p>\n<p>A esta situaci\u00f3n tambi\u00e9n se sum\u00f3 el excesivo consumo de bebidas alcoh\u00f3licas que provoc\u00f3 que muchos j\u00f3venes se enfrasquen en peleas y se queden en el suelo. Mientras que en domicilios particulares, las fiestas se realizaron hasta las 03:00 con grupos en vivo. \u201cEsta situaci\u00f3n perjudic\u00f3 la tranquilidad del barrio\u201d, indic\u00f3.<\/p>\n<p>Ante esta situaci\u00f3n, el alcalde Arias llam\u00f3 a la poblaci\u00f3n de La Paz a actuar con mesura y responsabilidad, sobre todo durante el carnaval, ya que la Alcald\u00eda autoriz\u00f3 que se realicen algunas de las actividades como el Jisk\u2019a Anata, el entierro del pepino y otras fiestas particulares, pero con las debidas medidas de bioseguridad.<\/p>\n<p>\u201cNo arruinemos nuestros permisos de carnaval, actuemos con mesura con lo que se llama responsabilidad. Somos la ciudad m\u00e1s vacunada tenemos una serie de ventajas, pero no la arruinemos con esta actitud que raya a veces con la irresponsabilidad y que nos lleva a cuestionarnos seriamente qu\u00e9 nos est\u00e1 pasando a los pace\u00f1os, \u00bfpor qu\u00e9 este desenfreno?\u201d, remarc\u00f3.<\/p>\n<p>Arias espera que el Carnaval 2022 sea la oportunidad para que los j\u00f3venes realicen una demostraci\u00f3n de arte y cultura en la entrada folkl\u00f3rica del Jisk\u2019a Anata y que tradicionalmente se realiza el lunes de carnaval y recorre las v\u00edas del centro pace\u00f1o.<\/p>\n<p>\u201cSe ha habilitado algunos lugares para que los j\u00f3venes entrenen, para que hagan sus pr\u00e1cticas, lo cual podr\u00eda ser una demostraci\u00f3n muy bonita de arte, de cultura, pero claro si a eso le metes trago, si a eso le metes violencia, le metes griter\u00edo, entonces lo que es hermoso, lo que es arte se vuelve algo detestable\u201d, agreg\u00f3 el burgomaestre pace\u00f1o.<\/p>\n<p>&nbsp;<\/p>\n","protected":false},"excerpt":{"rendered":"<p>La actitud desenfrenada de muchos ciudadanos que acudieron a fiestas el fin de semana y consumieron bebidas alcoh\u00f3licas sin ninguna medida de bioseguridad, fue censurada por el burgomaestre\u00a0 de La Paz por lo que llam\u00f3 a la responsabilidad ya que el pa\u00eds sigue atravesando la cuarta ola del covid-19. \u201cMuy preocupado. En Mallasa, en Cota [&hellip;]<\/p>\n","protected":false},"author":1,"featured_media":63376,"comment_status":"closed","ping_status":"closed","sticky":false,"template":"","format":"standard","meta":{"_acf_changed":false,"footnotes":""},"categories":[12],"tags":[],"class_list":["post-63375","post","type-post","status-publish","format-standard","has-post-thumbnail","category-nacional"],"acf":{"antetitulo":""},"yoast_head":"<!-- This site is optimized with the Yoast SEO plugin v28.3 - https:\/\/yoast.com\/product\/yoast-seo-wordpress\/ -->\n<title>Alcalde reprocha \u201cdesenfreno\u201d festivo durante fin de semana - El Diario - Bolivia<\/title>\n<meta name=\"robots\" content=\"index, follow, max-snippet:-1, max-image-preview:large, max-video-preview:-1\" \/>\n<link rel=\"canonical\" href=\"https:\/\/www.eldiario.net\/portal\/2022\/02\/15\/alcalde-reprocha-desenfreno-festivo-durante-fin-de-semana\/\" \/>\n<meta property=\"og:locale\" content=\"es_ES\" \/>\n<meta property=\"og:type\" content=\"article\" \/>\n<meta property=\"og:title\" content=\"Alcalde reprocha \u201cdesenfreno\u201d festivo durante fin de semana - El Diario - Bolivia\" \/>\n<meta property=\"og:description\" content=\"La actitud desenfrenada de muchos ciudadanos que acudieron a fiestas el fin de semana y consumieron bebidas alcoh\u00f3licas sin ninguna medida de bioseguridad, fue censurada por el burgomaestre\u00a0 de La Paz por lo que llam\u00f3 a la responsabilidad ya que el pa\u00eds sigue atravesando la cuarta ola del covid-19. \u201cMuy preocupado. En Mallasa, en Cota [&hellip;]\" \/>\n<meta property=\"og:url\" content=\"https:\/\/www.eldiario.net\/portal\/2022\/02\/15\/alcalde-reprocha-desenfreno-festivo-durante-fin-de-semana\/\" \/>\n<meta property=\"og:site_name\" content=\"El Diario - Bolivia\" \/>\n<meta property=\"article:publisher\" content=\"https:\/\/www.facebook.com\/eldiario.bolivia\/\" \/>\n<meta property=\"article:published_time\" content=\"2022-02-15T09:25:12+00:00\" \/>\n<meta property=\"og:image\" content=\"https:\/\/www.eldiario.net\/portal\/wp-content\/uploads\/2022\/02\/Fiestas-foto.jpg\" \/>\n\t<meta property=\"og:image:width\" content=\"1600\" \/>\n\t<meta property=\"og:image:height\" content=\"1067\" \/>\n\t<meta property=\"og:image:type\" content=\"image\/jpeg\" \/>\n<meta name=\"author\" content=\"Jeanette\" \/>\n<meta name=\"twitter:card\" content=\"summary_large_image\" \/>\n<meta name=\"twitter:creator\" content=\"@eldiario_net\" \/>\n<meta name=\"twitter:site\" content=\"@eldiario_net\" \/>\n<meta name=\"twitter:label1\" content=\"Escrito por\" \/>\n\t<meta name=\"twitter:data1\" content=\"Jeanette\" \/>\n\t<meta name=\"twitter:label2\" content=\"Tiempo de lectura\" \/>\n\t<meta name=\"twitter:data2\" content=\"2 minutos\" \/>\n<script type=\"application\/ld+json\" class=\"yoast-schema-graph\">{\"@context\":\"https:\\\/\\\/schema.org\",\"@graph\":[{\"@type\":\"Article\",\"@id\":\"https:\\\/\\\/www.eldiario.net\\\/portal\\\/2022\\\/02\\\/15\\\/alcalde-reprocha-desenfreno-festivo-durante-fin-de-semana\\\/#article\",\"isPartOf\":{\"@id\":\"https:\\\/\\\/www.eldiario.net\\\/portal\\\/2022\\\/02\\\/15\\\/alcalde-reprocha-desenfreno-festivo-durante-fin-de-semana\\\/\"},\"author\":{\"name\":\"Jeanette\",\"@id\":\"https:\\\/\\\/www.eldiario.net\\\/portal\\\/#\\\/schema\\\/person\\\/f46445640444750d7d753ccd04ae01b7\"},\"headline\":\"Alcalde reprocha \u201cdesenfreno\u201d festivo durante fin de semana\",\"datePublished\":\"2022-02-15T09:25:12+00:00\",\"mainEntityOfPage\":{\"@id\":\"https:\\\/\\\/www.eldiario.net\\\/portal\\\/2022\\\/02\\\/15\\\/alcalde-reprocha-desenfreno-festivo-durante-fin-de-semana\\\/\"},\"wordCount\":404,\"publisher\":{\"@id\":\"https:\\\/\\\/www.eldiario.net\\\/portal\\\/#organization\"},\"image\":{\"@id\":\"https:\\\/\\\/www.eldiario.net\\\/portal\\\/2022\\\/02\\\/15\\\/alcalde-reprocha-desenfreno-festivo-durante-fin-de-semana\\\/#primaryimage\"},\"thumbnailUrl\":\"https:\\\/\\\/www.eldiario.net\\\/portal\\\/wp-content\\\/uploads\\\/2022\\\/02\\\/Fiestas-foto.jpg\",\"articleSection\":[\"Nacional\"],\"inLanguage\":\"es\"},{\"@type\":\"WebPage\",\"@id\":\"https:\\\/\\\/www.eldiario.net\\\/portal\\\/2022\\\/02\\\/15\\\/alcalde-reprocha-desenfreno-festivo-durante-fin-de-semana\\\/\",\"url\":\"https:\\\/\\\/www.eldiario.net\\\/portal\\\/2022\\\/02\\\/15\\\/alcalde-reprocha-desenfreno-festivo-durante-fin-de-semana\\\/\",\"name\":\"Alcalde reprocha \u201cdesenfreno\u201d festivo durante fin de semana - El Diario - Bolivia\",\"isPartOf\":{\"@id\":\"https:\\\/\\\/www.eldiario.net\\\/portal\\\/#website\"},\"primaryImageOfPage\":{\"@id\":\"https:\\\/\\\/www.eldiario.net\\\/portal\\\/2022\\\/02\\\/15\\\/alcalde-reprocha-desenfreno-festivo-durante-fin-de-semana\\\/#primaryimage\"},\"image\":{\"@id\":\"https:\\\/\\\/www.eldiario.net\\\/portal\\\/2022\\\/02\\\/15\\\/alcalde-reprocha-desenfreno-festivo-durante-fin-de-semana\\\/#primaryimage\"},\"thumbnailUrl\":\"https:\\\/\\\/www.eldiario.net\\\/portal\\\/wp-content\\\/uploads\\\/2022\\\/02\\\/Fiestas-foto.jpg\",\"datePublished\":\"2022-02-15T09:25:12+00:00\",\"breadcrumb\":{\"@id\":\"https:\\\/\\\/www.eldiario.net\\\/portal\\\/2022\\\/02\\\/15\\\/alcalde-reprocha-desenfreno-festivo-durante-fin-de-semana\\\/#breadcrumb\"},\"inLanguage\":\"es\",\"potentialAction\":[{\"@type\":\"ReadAction\",\"target\":[\"https:\\\/\\\/www.eldiario.net\\\/portal\\\/2022\\\/02\\\/15\\\/alcalde-reprocha-desenfreno-festivo-durante-fin-de-semana\\\/\"]}]},{\"@type\":\"ImageObject\",\"inLanguage\":\"es\",\"@id\":\"https:\\\/\\\/www.eldiario.net\\\/portal\\\/2022\\\/02\\\/15\\\/alcalde-reprocha-desenfreno-festivo-durante-fin-de-semana\\\/#primaryimage\",\"url\":\"https:\\\/\\\/www.eldiario.net\\\/portal\\\/wp-content\\\/uploads\\\/2022\\\/02\\\/Fiestas-foto.jpg\",\"contentUrl\":\"https:\\\/\\\/www.eldiario.net\\\/portal\\\/wp-content\\\/uploads\\\/2022\\\/02\\\/Fiestas-foto.jpg\",\"width\":1600,\"height\":1067,\"caption\":\"Miles de ciudadanos se preparan para celebrar el carnaval, la mayor\u00eda dej\u00f3 de usar elementos de bioseguridad. Foto: Referencial\"},{\"@type\":\"BreadcrumbList\",\"@id\":\"https:\\\/\\\/www.eldiario.net\\\/portal\\\/2022\\\/02\\\/15\\\/alcalde-reprocha-desenfreno-festivo-durante-fin-de-semana\\\/#breadcrumb\",\"itemListElement\":[{\"@type\":\"ListItem\",\"position\":1,\"name\":\"Portada\",\"item\":\"https:\\\/\\\/www.eldiario.net\\\/portal\\\/\"},{\"@type\":\"ListItem\",\"position\":2,\"name\":\"Alcalde reprocha \u201cdesenfreno\u201d festivo durante fin de semana\"}]},{\"@type\":\"WebSite\",\"@id\":\"https:\\\/\\\/www.eldiario.net\\\/portal\\\/#website\",\"url\":\"https:\\\/\\\/www.eldiario.net\\\/portal\\\/\",\"name\":\"El Diario - Decano de la prensa nacional\",\"description\":\"El Diario - Decano de la prensa nacional\",\"publisher\":{\"@id\":\"https:\\\/\\\/www.eldiario.net\\\/portal\\\/#organization\"},\"potentialAction\":[{\"@type\":\"SearchAction\",\"target\":{\"@type\":\"EntryPoint\",\"urlTemplate\":\"https:\\\/\\\/www.eldiario.net\\\/portal\\\/?s={search_term_string}\"},\"query-input\":{\"@type\":\"PropertyValueSpecification\",\"valueRequired\":true,\"valueName\":\"search_term_string\"}}],\"inLanguage\":\"es\"},{\"@type\":\"Organization\",\"@id\":\"https:\\\/\\\/www.eldiario.net\\\/portal\\\/#organization\",\"name\":\"El Diario - Decano de la prensa nacional\",\"url\":\"https:\\\/\\\/www.eldiario.net\\\/portal\\\/\",\"logo\":{\"@type\":\"ImageObject\",\"inLanguage\":\"es\",\"@id\":\"https:\\\/\\\/www.eldiario.net\\\/portal\\\/#\\\/schema\\\/logo\\\/image\\\/\",\"url\":\"https:\\\/\\\/www.eldiario.net\\\/portal\\\/wp-content\\\/uploads\\\/2023\\\/07\\\/logo_ED.jpg\",\"contentUrl\":\"https:\\\/\\\/www.eldiario.net\\\/portal\\\/wp-content\\\/uploads\\\/2023\\\/07\\\/logo_ED.jpg\",\"width\":272,\"height\":52,\"caption\":\"El Diario - Decano de la prensa nacional\"},\"image\":{\"@id\":\"https:\\\/\\\/www.eldiario.net\\\/portal\\\/#\\\/schema\\\/logo\\\/image\\\/\"},\"sameAs\":[\"https:\\\/\\\/www.facebook.com\\\/eldiario.bolivia\\\/\",\"https:\\\/\\\/x.com\\\/eldiario_net\"]},{\"@type\":\"Person\",\"@id\":\"https:\\\/\\\/www.eldiario.net\\\/portal\\\/#\\\/schema\\\/person\\\/f46445640444750d7d753ccd04ae01b7\",\"name\":\"Jeanette\",\"image\":{\"@type\":\"ImageObject\",\"inLanguage\":\"es\",\"@id\":\"https:\\\/\\\/secure.gravatar.com\\\/avatar\\\/3ea2118a5f7dad2b7138b1187a6b7ee55f160b9968b66013c3a3ef39dd7e5798?s=96&d=mm&r=g\",\"url\":\"https:\\\/\\\/secure.gravatar.com\\\/avatar\\\/3ea2118a5f7dad2b7138b1187a6b7ee55f160b9968b66013c3a3ef39dd7e5798?s=96&d=mm&r=g\",\"contentUrl\":\"https:\\\/\\\/secure.gravatar.com\\\/avatar\\\/3ea2118a5f7dad2b7138b1187a6b7ee55f160b9968b66013c3a3ef39dd7e5798?s=96&d=mm&r=g\",\"caption\":\"Jeanette\"},\"sameAs\":[\"https:\\\/\\\/www.eldiario.net\\\/portal\"],\"url\":\"https:\\\/\\\/www.eldiario.net\\\/portal\\\/author\\\/jeanette\\\/\"}]}<\/script>\n<!-- \/ Yoast SEO plugin. -->","yoast_head_json":{"title":"Alcalde reprocha \u201cdesenfreno\u201d festivo durante fin de semana - El Diario - Bolivia","robots":{"index":"index","follow":"follow","max-snippet":"max-snippet:-1","max-image-preview":"max-image-preview:large","max-video-preview":"max-video-preview:-1"},"canonical":"https:\/\/www.eldiario.net\/portal\/2022\/02\/15\/alcalde-reprocha-desenfreno-festivo-durante-fin-de-semana\/","og_locale":"es_ES","og_type":"article","og_title":"Alcalde reprocha \u201cdesenfreno\u201d festivo durante fin de semana - El Diario - Bolivia","og_description":"La actitud desenfrenada de muchos ciudadanos que acudieron a fiestas el fin de semana y consumieron bebidas alcoh\u00f3licas sin ninguna medida de bioseguridad, fue censurada por el burgomaestre\u00a0 de La Paz por lo que llam\u00f3 a la responsabilidad ya que el pa\u00eds sigue atravesando la cuarta ola del covid-19. \u201cMuy preocupado. En Mallasa, en Cota [&hellip;]","og_url":"https:\/\/www.eldiario.net\/portal\/2022\/02\/15\/alcalde-reprocha-desenfreno-festivo-durante-fin-de-semana\/","og_site_name":"El Diario - Bolivia","article_publisher":"https:\/\/www.facebook.com\/eldiario.bolivia\/","article_published_time":"2022-02-15T09:25:12+00:00","og_image":[{"width":1600,"height":1067,"url":"https:\/\/www.eldiario.net\/portal\/wp-content\/uploads\/2022\/02\/Fiestas-foto.jpg","type":"image\/jpeg"}],"author":"Jeanette","twitter_card":"summary_large_image","twitter_creator":"@eldiario_net","twitter_site":"@eldiario_net","twitter_misc":{"Escrito por":"Jeanette","Tiempo de lectura":"2 minutos"},"schema":{"@context":"https:\/\/schema.org","@graph":[{"@type":"Article","@id":"https:\/\/www.eldiario.net\/portal\/2022\/02\/15\/alcalde-reprocha-desenfreno-festivo-durante-fin-de-semana\/#article","isPartOf":{"@id":"https:\/\/www.eldiario.net\/portal\/2022\/02\/15\/alcalde-reprocha-desenfreno-festivo-durante-fin-de-semana\/"},"author":{"name":"Jeanette","@id":"https:\/\/www.eldiario.net\/portal\/#\/schema\/person\/f46445640444750d7d753ccd04ae01b7"},"headline":"Alcalde reprocha \u201cdesenfreno\u201d festivo durante fin de semana","datePublished":"2022-02-15T09:25:12+00:00","mainEntityOfPage":{"@id":"https:\/\/www.eldiario.net\/portal\/2022\/02\/15\/alcalde-reprocha-desenfreno-festivo-durante-fin-de-semana\/"},"wordCount":404,"publisher":{"@id":"https:\/\/www.eldiario.net\/portal\/#organization"},"image":{"@id":"https:\/\/www.eldiario.net\/portal\/2022\/02\/15\/alcalde-reprocha-desenfreno-festivo-durante-fin-de-semana\/#primaryimage"},"thumbnailUrl":"https:\/\/www.eldiario.net\/portal\/wp-content\/uploads\/2022\/02\/Fiestas-foto.jpg","articleSection":["Nacional"],"inLanguage":"es"},{"@type":"WebPage","@id":"https:\/\/www.eldiario.net\/portal\/2022\/02\/15\/alcalde-reprocha-desenfreno-festivo-durante-fin-de-semana\/","url":"https:\/\/www.eldiario.net\/portal\/2022\/02\/15\/alcalde-reprocha-desenfreno-festivo-durante-fin-de-semana\/","name":"Alcalde reprocha \u201cdesenfreno\u201d festivo durante fin de semana - El Diario - Bolivia","isPartOf":{"@id":"https:\/\/www.eldiario.net\/portal\/#website"},"primaryImageOfPage":{"@id":"https:\/\/www.eldiario.net\/portal\/2022\/02\/15\/alcalde-reprocha-desenfreno-festivo-durante-fin-de-semana\/#primaryimage"},"image":{"@id":"https:\/\/www.eldiario.net\/portal\/2022\/02\/15\/alcalde-reprocha-desenfreno-festivo-durante-fin-de-semana\/#primaryimage"},"thumbnailUrl":"https:\/\/www.eldiario.net\/portal\/wp-content\/uploads\/2022\/02\/Fiestas-foto.jpg","datePublished":"2022-02-15T09:25:12+00:00","breadcrumb":{"@id":"https:\/\/www.eldiario.net\/portal\/2022\/02\/15\/alcalde-reprocha-desenfreno-festivo-durante-fin-de-semana\/#breadcrumb"},"inLanguage":"es","potentialAction":[{"@type":"ReadAction","target":["https:\/\/www.eldiario.net\/portal\/2022\/02\/15\/alcalde-reprocha-desenfreno-festivo-durante-fin-de-semana\/"]}]},{"@type":"ImageObject","inLanguage":"es","@id":"https:\/\/www.eldiario.net\/portal\/2022\/02\/15\/alcalde-reprocha-desenfreno-festivo-durante-fin-de-semana\/#primaryimage","url":"https:\/\/www.eldiario.net\/portal\/wp-content\/uploads\/2022\/02\/Fiestas-foto.jpg","contentUrl":"https:\/\/www.eldiario.net\/portal\/wp-content\/uploads\/2022\/02\/Fiestas-foto.jpg","width":1600,"height":1067,"caption":"Miles de ciudadanos se preparan para celebrar el carnaval, la mayor\u00eda dej\u00f3 de usar elementos de bioseguridad. Foto: Referencial"},{"@type":"BreadcrumbList","@id":"https:\/\/www.eldiario.net\/portal\/2022\/02\/15\/alcalde-reprocha-desenfreno-festivo-durante-fin-de-semana\/#breadcrumb","itemListElement":[{"@type":"ListItem","position":1,"name":"Portada","item":"https:\/\/www.eldiario.net\/portal\/"},{"@type":"ListItem","position":2,"name":"Alcalde reprocha \u201cdesenfreno\u201d festivo durante fin de semana"}]},{"@type":"WebSite","@id":"https:\/\/www.eldiario.net\/portal\/#website","url":"https:\/\/www.eldiario.net\/portal\/","name":"El Diario - Decano de la prensa nacional","description":"El Diario - Decano de la prensa nacional","publisher":{"@id":"https:\/\/www.eldiario.net\/portal\/#organization"},"potentialAction":[{"@type":"SearchAction","target":{"@type":"EntryPoint","urlTemplate":"https:\/\/www.eldiario.net\/portal\/?s={search_term_string}"},"query-input":{"@type":"PropertyValueSpecification","valueRequired":true,"valueName":"search_term_string"}}],"inLanguage":"es"},{"@type":"Organization","@id":"https:\/\/www.eldiario.net\/portal\/#organization","name":"El Diario - Decano de la prensa nacional","url":"https:\/\/www.eldiario.net\/portal\/","logo":{"@type":"ImageObject","inLanguage":"es","@id":"https:\/\/www.eldiario.net\/portal\/#\/schema\/logo\/image\/","url":"https:\/\/www.eldiario.net\/portal\/wp-content\/uploads\/2023\/07\/logo_ED.jpg","contentUrl":"https:\/\/www.eldiario.net\/portal\/wp-content\/uploads\/2023\/07\/logo_ED.jpg","width":272,"height":52,"caption":"El Diario - Decano de la prensa nacional"},"image":{"@id":"https:\/\/www.eldiario.net\/portal\/#\/schema\/logo\/image\/"},"sameAs":["https:\/\/www.facebook.com\/eldiario.bolivia\/","https:\/\/x.com\/eldiario_net"]},{"@type":"Person","@id":"https:\/\/www.eldiario.net\/portal\/#\/schema\/person\/f46445640444750d7d753ccd04ae01b7","name":"Jeanette","image":{"@type":"ImageObject","inLanguage":"es","@id":"https:\/\/secure.gravatar.com\/avatar\/3ea2118a5f7dad2b7138b1187a6b7ee55f160b9968b66013c3a3ef39dd7e5798?s=96&d=mm&r=g","url":"https:\/\/secure.gravatar.com\/avatar\/3ea2118a5f7dad2b7138b1187a6b7ee55f160b9968b66013c3a3ef39dd7e5798?s=96&d=mm&r=g","contentUrl":"https:\/\/secure.gravatar.com\/avatar\/3ea2118a5f7dad2b7138b1187a6b7ee55f160b9968b66013c3a3ef39dd7e5798?s=96&d=mm&r=g","caption":"Jeanette"},"sameAs":["https:\/\/www.eldiario.net\/portal"],"url":"https:\/\/www.eldiario.net\/portal\/author\/jeanette\/"}]}},"_links":{"self":[{"href":"https:\/\/www.eldiario.net\/portal\/wp-json\/wp\/v2\/posts\/63375","targetHints":{"allow":["GET"]}}],"collection":[{"href":"https:\/\/www.eldiario.net\/portal\/wp-json\/wp\/v2\/posts"}],"about":[{"href":"https:\/\/www.eldiario.net\/portal\/wp-json\/wp\/v2\/types\/post"}],"author":[{"embeddable":true,"href":"https:\/\/www.eldiario.net\/portal\/wp-json\/wp\/v2\/users\/1"}],"replies":[{"embeddable":true,"href":"https:\/\/www.eldiario.net\/portal\/wp-json\/wp\/v2\/comments?post=63375"}],"version-history":[{"count":0,"href":"https:\/\/www.eldiario.net\/portal\/wp-json\/wp\/v2\/posts\/63375\/revisions"}],"wp:featuredmedia":[{"embeddable":true,"href":"https:\/\/www.eldiario.net\/portal\/wp-json\/wp\/v2\/media\/63376"}],"wp:attachment":[{"href":"https:\/\/www.eldiario.net\/portal\/wp-json\/wp\/v2\/media?parent=63375"}],"wp:term":[{"taxonomy":"category","embeddable":true,"href":"https:\/\/www.eldiario.net\/portal\/wp-json\/wp\/v2\/categories?post=63375"},{"taxonomy":"post_tag","embeddable":true,"href":"https:\/\/www.eldiario.net\/portal\/wp-json\/wp\/v2\/tags?post=63375"}],"curies":[{"name":"wp","href":"https:\/\/api.w.org\/{rel}","templated":true}]}}