{"id":6313,"date":"2021-05-26T05:24:52","date_gmt":"2021-05-26T09:24:52","guid":{"rendered":"https:\/\/www.eldiario.net\/portal\/?p=6313"},"modified":"2021-05-26T05:24:52","modified_gmt":"2021-05-26T09:24:52","slug":"la-academia-parte-con-la-esperanza-en-las-maletas","status":"publish","type":"post","link":"https:\/\/www.eldiario.net\/portal\/2021\/05\/26\/la-academia-parte-con-la-esperanza-en-las-maletas\/","title":{"rendered":"La Academia parte con la esperanza en las maletas"},"content":{"rendered":"<p>El primer plantel de Bol\u00edvar parti\u00f3 ayer rumbo a Argentina donde se medir\u00e1 ma\u00f1ana ante Arsenal de ese pa\u00eds. La Academia viaj\u00f3 con la esperanza de ganar y esperar un milagro para poder clasificar a octavos de final en el Grupo C de la Copa Sudamericana.<br \/>\nLos celestes se aferran a su \u00faltima chance. Bol\u00edvar, que tiene m\u00ednimas posibilidades de clasificar, parti\u00f3 rumbo a tierras argentinas donde tiene la obligaci\u00f3n de ganar y esperar que Cear\u00e1 de Brasil no sume en su visita a Wilstermann en Cochabamba.<br \/>\nEl equipo que ahora comanda Vladimir Soria (Jos\u00e9 Ignacio Gonz\u00e1lez ya no es m\u00e1s DT de Bol\u00edvar) no tiene bajas de cara a este duelo. Los defensores Felipe Carvalho y Luis Guti\u00e9rrez, quienes no fueron parte del anterior choque ante Cear\u00e1 por lesi\u00f3n, viajaron con parte de la delegaci\u00f3n de 25 futbolistas.<br \/>\nEl jugador Diego Bejarano indic\u00f3 antes de su partida que dejar\u00e1n la vida para este trascendental choque: \u201cEs un viaje importante. Estamos muy confiados vamos a dejar la vida para sacar los tres puntos y esperemos que otros resultados nos ayude\u201d, dijo Bejarano.<br \/>\nPor su lado, el centrocampista Alex Granell indic\u00f3 que \u201cafrontaremos este partido con mucha ilusi\u00f3n para intentar ganar\u201d. El cotejo se jugar\u00e1 desde las 18.15 en el estadio Julio Humberto Grondona.<\/p>\n<p>6 puntos Bol\u00edvar tiene seis puntos en el Grupo C de la Copa Sudamericana. Primero est\u00e1 Cear\u00e1 de Brasil con nueve unidades, segundo Arsenal con ocho puntos y cierra Wilstermann con dos.<\/p>\n<p>RECESO<\/p>\n<p>Tras el partido ante Arsenal el primer plantel de la Academia tendr\u00e1 un permiso especial hasta el domingo. El lunes retomar\u00e1n el entrenamiento en el estadio Sim\u00f3n Bol\u00edvar de Tembladerani.<\/p>\n","protected":false},"excerpt":{"rendered":"<p>El primer plantel de Bol\u00edvar parti\u00f3 ayer rumbo a Argentina donde se medir\u00e1 ma\u00f1ana ante Arsenal de ese pa\u00eds. La Academia viaj\u00f3 con la esperanza de ganar y esperar un milagro para poder clasificar a octavos de final en el Grupo C de la Copa Sudamericana. Los celestes se aferran a su \u00faltima chance. Bol\u00edvar, [&hellip;]<\/p>\n","protected":false},"author":1,"featured_media":6314,"comment_status":"closed","ping_status":"closed","sticky":false,"template":"","format":"standard","meta":{"_acf_changed":false,"footnotes":""},"categories":[6],"tags":[],"class_list":["post-6313","post","type-post","status-publish","format-standard","has-post-thumbnail","category-deportes"],"acf":{"antetitulo":""},"yoast_head":"<!-- This site is optimized with the Yoast SEO plugin v28.3 - https:\/\/yoast.com\/product\/yoast-seo-wordpress\/ -->\n<title>La Academia parte con la esperanza en las maletas - El Diario - Bolivia<\/title>\n<meta name=\"robots\" content=\"index, follow, max-snippet:-1, max-image-preview:large, max-video-preview:-1\" \/>\n<link rel=\"canonical\" href=\"https:\/\/www.eldiario.net\/portal\/2021\/05\/26\/la-academia-parte-con-la-esperanza-en-las-maletas\/\" \/>\n<meta property=\"og:locale\" content=\"es_ES\" \/>\n<meta property=\"og:type\" content=\"article\" \/>\n<meta property=\"og:title\" content=\"La Academia parte con la esperanza en las maletas - El Diario - Bolivia\" \/>\n<meta property=\"og:description\" content=\"El primer plantel de Bol\u00edvar parti\u00f3 ayer rumbo a Argentina donde se medir\u00e1 ma\u00f1ana ante Arsenal de ese pa\u00eds. La Academia viaj\u00f3 con la esperanza de ganar y esperar un milagro para poder clasificar a octavos de final en el Grupo C de la Copa Sudamericana. Los celestes se aferran a su \u00faltima chance. Bol\u00edvar, [&hellip;]\" \/>\n<meta property=\"og:url\" content=\"https:\/\/www.eldiario.net\/portal\/2021\/05\/26\/la-academia-parte-con-la-esperanza-en-las-maletas\/\" \/>\n<meta property=\"og:site_name\" content=\"El Diario - Bolivia\" \/>\n<meta property=\"article:publisher\" content=\"https:\/\/www.facebook.com\/eldiario.bolivia\/\" \/>\n<meta property=\"article:published_time\" content=\"2021-05-26T09:24:52+00:00\" \/>\n<meta name=\"author\" content=\"Jeanette\" \/>\n<meta name=\"twitter:card\" content=\"summary_large_image\" \/>\n<meta name=\"twitter:creator\" content=\"@eldiario_net\" \/>\n<meta name=\"twitter:site\" content=\"@eldiario_net\" \/>\n<meta name=\"twitter:label1\" content=\"Escrito por\" \/>\n\t<meta name=\"twitter:data1\" content=\"Jeanette\" \/>\n\t<meta name=\"twitter:label2\" content=\"Tiempo de lectura\" \/>\n\t<meta name=\"twitter:data2\" content=\"2 minutos\" \/>\n<script type=\"application\/ld+json\" class=\"yoast-schema-graph\">{\"@context\":\"https:\\\/\\\/schema.org\",\"@graph\":[{\"@type\":\"Article\",\"@id\":\"https:\\\/\\\/www.eldiario.net\\\/portal\\\/2021\\\/05\\\/26\\\/la-academia-parte-con-la-esperanza-en-las-maletas\\\/#article\",\"isPartOf\":{\"@id\":\"https:\\\/\\\/www.eldiario.net\\\/portal\\\/2021\\\/05\\\/26\\\/la-academia-parte-con-la-esperanza-en-las-maletas\\\/\"},\"author\":{\"name\":\"Jeanette\",\"@id\":\"https:\\\/\\\/www.eldiario.net\\\/portal\\\/#\\\/schema\\\/person\\\/f46445640444750d7d753ccd04ae01b7\"},\"headline\":\"La Academia parte con la esperanza en las maletas\",\"datePublished\":\"2021-05-26T09:24:52+00:00\",\"mainEntityOfPage\":{\"@id\":\"https:\\\/\\\/www.eldiario.net\\\/portal\\\/2021\\\/05\\\/26\\\/la-academia-parte-con-la-esperanza-en-las-maletas\\\/\"},\"wordCount\":300,\"publisher\":{\"@id\":\"https:\\\/\\\/www.eldiario.net\\\/portal\\\/#organization\"},\"image\":{\"@id\":\"https:\\\/\\\/www.eldiario.net\\\/portal\\\/2021\\\/05\\\/26\\\/la-academia-parte-con-la-esperanza-en-las-maletas\\\/#primaryimage\"},\"thumbnailUrl\":\"\",\"articleSection\":[\"Deportes\"],\"inLanguage\":\"es\"},{\"@type\":\"WebPage\",\"@id\":\"https:\\\/\\\/www.eldiario.net\\\/portal\\\/2021\\\/05\\\/26\\\/la-academia-parte-con-la-esperanza-en-las-maletas\\\/\",\"url\":\"https:\\\/\\\/www.eldiario.net\\\/portal\\\/2021\\\/05\\\/26\\\/la-academia-parte-con-la-esperanza-en-las-maletas\\\/\",\"name\":\"La Academia parte con la esperanza en las maletas - El Diario - Bolivia\",\"isPartOf\":{\"@id\":\"https:\\\/\\\/www.eldiario.net\\\/portal\\\/#website\"},\"primaryImageOfPage\":{\"@id\":\"https:\\\/\\\/www.eldiario.net\\\/portal\\\/2021\\\/05\\\/26\\\/la-academia-parte-con-la-esperanza-en-las-maletas\\\/#primaryimage\"},\"image\":{\"@id\":\"https:\\\/\\\/www.eldiario.net\\\/portal\\\/2021\\\/05\\\/26\\\/la-academia-parte-con-la-esperanza-en-las-maletas\\\/#primaryimage\"},\"thumbnailUrl\":\"\",\"datePublished\":\"2021-05-26T09:24:52+00:00\",\"breadcrumb\":{\"@id\":\"https:\\\/\\\/www.eldiario.net\\\/portal\\\/2021\\\/05\\\/26\\\/la-academia-parte-con-la-esperanza-en-las-maletas\\\/#breadcrumb\"},\"inLanguage\":\"es\",\"potentialAction\":[{\"@type\":\"ReadAction\",\"target\":[\"https:\\\/\\\/www.eldiario.net\\\/portal\\\/2021\\\/05\\\/26\\\/la-academia-parte-con-la-esperanza-en-las-maletas\\\/\"]}]},{\"@type\":\"ImageObject\",\"inLanguage\":\"es\",\"@id\":\"https:\\\/\\\/www.eldiario.net\\\/portal\\\/2021\\\/05\\\/26\\\/la-academia-parte-con-la-esperanza-en-las-maletas\\\/#primaryimage\",\"url\":\"\",\"contentUrl\":\"\"},{\"@type\":\"BreadcrumbList\",\"@id\":\"https:\\\/\\\/www.eldiario.net\\\/portal\\\/2021\\\/05\\\/26\\\/la-academia-parte-con-la-esperanza-en-las-maletas\\\/#breadcrumb\",\"itemListElement\":[{\"@type\":\"ListItem\",\"position\":1,\"name\":\"Portada\",\"item\":\"https:\\\/\\\/www.eldiario.net\\\/portal\\\/\"},{\"@type\":\"ListItem\",\"position\":2,\"name\":\"La Academia parte con la esperanza en las maletas\"}]},{\"@type\":\"WebSite\",\"@id\":\"https:\\\/\\\/www.eldiario.net\\\/portal\\\/#website\",\"url\":\"https:\\\/\\\/www.eldiario.net\\\/portal\\\/\",\"name\":\"El Diario - Decano de la prensa nacional\",\"description\":\"El Diario - Decano de la prensa nacional\",\"publisher\":{\"@id\":\"https:\\\/\\\/www.eldiario.net\\\/portal\\\/#organization\"},\"potentialAction\":[{\"@type\":\"SearchAction\",\"target\":{\"@type\":\"EntryPoint\",\"urlTemplate\":\"https:\\\/\\\/www.eldiario.net\\\/portal\\\/?s={search_term_string}\"},\"query-input\":{\"@type\":\"PropertyValueSpecification\",\"valueRequired\":true,\"valueName\":\"search_term_string\"}}],\"inLanguage\":\"es\"},{\"@type\":\"Organization\",\"@id\":\"https:\\\/\\\/www.eldiario.net\\\/portal\\\/#organization\",\"name\":\"El Diario - Decano de la prensa nacional\",\"url\":\"https:\\\/\\\/www.eldiario.net\\\/portal\\\/\",\"logo\":{\"@type\":\"ImageObject\",\"inLanguage\":\"es\",\"@id\":\"https:\\\/\\\/www.eldiario.net\\\/portal\\\/#\\\/schema\\\/logo\\\/image\\\/\",\"url\":\"https:\\\/\\\/www.eldiario.net\\\/portal\\\/wp-content\\\/uploads\\\/2023\\\/07\\\/logo_ED.jpg\",\"contentUrl\":\"https:\\\/\\\/www.eldiario.net\\\/portal\\\/wp-content\\\/uploads\\\/2023\\\/07\\\/logo_ED.jpg\",\"width\":272,\"height\":52,\"caption\":\"El Diario - Decano de la prensa nacional\"},\"image\":{\"@id\":\"https:\\\/\\\/www.eldiario.net\\\/portal\\\/#\\\/schema\\\/logo\\\/image\\\/\"},\"sameAs\":[\"https:\\\/\\\/www.facebook.com\\\/eldiario.bolivia\\\/\",\"https:\\\/\\\/x.com\\\/eldiario_net\"]},{\"@type\":\"Person\",\"@id\":\"https:\\\/\\\/www.eldiario.net\\\/portal\\\/#\\\/schema\\\/person\\\/f46445640444750d7d753ccd04ae01b7\",\"name\":\"Jeanette\",\"image\":{\"@type\":\"ImageObject\",\"inLanguage\":\"es\",\"@id\":\"https:\\\/\\\/secure.gravatar.com\\\/avatar\\\/3ea2118a5f7dad2b7138b1187a6b7ee55f160b9968b66013c3a3ef39dd7e5798?s=96&d=mm&r=g\",\"url\":\"https:\\\/\\\/secure.gravatar.com\\\/avatar\\\/3ea2118a5f7dad2b7138b1187a6b7ee55f160b9968b66013c3a3ef39dd7e5798?s=96&d=mm&r=g\",\"contentUrl\":\"https:\\\/\\\/secure.gravatar.com\\\/avatar\\\/3ea2118a5f7dad2b7138b1187a6b7ee55f160b9968b66013c3a3ef39dd7e5798?s=96&d=mm&r=g\",\"caption\":\"Jeanette\"},\"sameAs\":[\"https:\\\/\\\/www.eldiario.net\\\/portal\"],\"url\":\"https:\\\/\\\/www.eldiario.net\\\/portal\\\/author\\\/jeanette\\\/\"}]}<\/script>\n<!-- \/ Yoast SEO plugin. -->","yoast_head_json":{"title":"La Academia parte con la esperanza en las maletas - El Diario - Bolivia","robots":{"index":"index","follow":"follow","max-snippet":"max-snippet:-1","max-image-preview":"max-image-preview:large","max-video-preview":"max-video-preview:-1"},"canonical":"https:\/\/www.eldiario.net\/portal\/2021\/05\/26\/la-academia-parte-con-la-esperanza-en-las-maletas\/","og_locale":"es_ES","og_type":"article","og_title":"La Academia parte con la esperanza en las maletas - El Diario - Bolivia","og_description":"El primer plantel de Bol\u00edvar parti\u00f3 ayer rumbo a Argentina donde se medir\u00e1 ma\u00f1ana ante Arsenal de ese pa\u00eds. La Academia viaj\u00f3 con la esperanza de ganar y esperar un milagro para poder clasificar a octavos de final en el Grupo C de la Copa Sudamericana. Los celestes se aferran a su \u00faltima chance. Bol\u00edvar, [&hellip;]","og_url":"https:\/\/www.eldiario.net\/portal\/2021\/05\/26\/la-academia-parte-con-la-esperanza-en-las-maletas\/","og_site_name":"El Diario - Bolivia","article_publisher":"https:\/\/www.facebook.com\/eldiario.bolivia\/","article_published_time":"2021-05-26T09:24:52+00:00","author":"Jeanette","twitter_card":"summary_large_image","twitter_creator":"@eldiario_net","twitter_site":"@eldiario_net","twitter_misc":{"Escrito por":"Jeanette","Tiempo de lectura":"2 minutos"},"schema":{"@context":"https:\/\/schema.org","@graph":[{"@type":"Article","@id":"https:\/\/www.eldiario.net\/portal\/2021\/05\/26\/la-academia-parte-con-la-esperanza-en-las-maletas\/#article","isPartOf":{"@id":"https:\/\/www.eldiario.net\/portal\/2021\/05\/26\/la-academia-parte-con-la-esperanza-en-las-maletas\/"},"author":{"name":"Jeanette","@id":"https:\/\/www.eldiario.net\/portal\/#\/schema\/person\/f46445640444750d7d753ccd04ae01b7"},"headline":"La Academia parte con la esperanza en las maletas","datePublished":"2021-05-26T09:24:52+00:00","mainEntityOfPage":{"@id":"https:\/\/www.eldiario.net\/portal\/2021\/05\/26\/la-academia-parte-con-la-esperanza-en-las-maletas\/"},"wordCount":300,"publisher":{"@id":"https:\/\/www.eldiario.net\/portal\/#organization"},"image":{"@id":"https:\/\/www.eldiario.net\/portal\/2021\/05\/26\/la-academia-parte-con-la-esperanza-en-las-maletas\/#primaryimage"},"thumbnailUrl":"","articleSection":["Deportes"],"inLanguage":"es"},{"@type":"WebPage","@id":"https:\/\/www.eldiario.net\/portal\/2021\/05\/26\/la-academia-parte-con-la-esperanza-en-las-maletas\/","url":"https:\/\/www.eldiario.net\/portal\/2021\/05\/26\/la-academia-parte-con-la-esperanza-en-las-maletas\/","name":"La Academia parte con la esperanza en las maletas - El Diario - Bolivia","isPartOf":{"@id":"https:\/\/www.eldiario.net\/portal\/#website"},"primaryImageOfPage":{"@id":"https:\/\/www.eldiario.net\/portal\/2021\/05\/26\/la-academia-parte-con-la-esperanza-en-las-maletas\/#primaryimage"},"image":{"@id":"https:\/\/www.eldiario.net\/portal\/2021\/05\/26\/la-academia-parte-con-la-esperanza-en-las-maletas\/#primaryimage"},"thumbnailUrl":"","datePublished":"2021-05-26T09:24:52+00:00","breadcrumb":{"@id":"https:\/\/www.eldiario.net\/portal\/2021\/05\/26\/la-academia-parte-con-la-esperanza-en-las-maletas\/#breadcrumb"},"inLanguage":"es","potentialAction":[{"@type":"ReadAction","target":["https:\/\/www.eldiario.net\/portal\/2021\/05\/26\/la-academia-parte-con-la-esperanza-en-las-maletas\/"]}]},{"@type":"ImageObject","inLanguage":"es","@id":"https:\/\/www.eldiario.net\/portal\/2021\/05\/26\/la-academia-parte-con-la-esperanza-en-las-maletas\/#primaryimage","url":"","contentUrl":""},{"@type":"BreadcrumbList","@id":"https:\/\/www.eldiario.net\/portal\/2021\/05\/26\/la-academia-parte-con-la-esperanza-en-las-maletas\/#breadcrumb","itemListElement":[{"@type":"ListItem","position":1,"name":"Portada","item":"https:\/\/www.eldiario.net\/portal\/"},{"@type":"ListItem","position":2,"name":"La Academia parte con la esperanza en las maletas"}]},{"@type":"WebSite","@id":"https:\/\/www.eldiario.net\/portal\/#website","url":"https:\/\/www.eldiario.net\/portal\/","name":"El Diario - Decano de la prensa nacional","description":"El Diario - Decano de la prensa nacional","publisher":{"@id":"https:\/\/www.eldiario.net\/portal\/#organization"},"potentialAction":[{"@type":"SearchAction","target":{"@type":"EntryPoint","urlTemplate":"https:\/\/www.eldiario.net\/portal\/?s={search_term_string}"},"query-input":{"@type":"PropertyValueSpecification","valueRequired":true,"valueName":"search_term_string"}}],"inLanguage":"es"},{"@type":"Organization","@id":"https:\/\/www.eldiario.net\/portal\/#organization","name":"El Diario - Decano de la prensa nacional","url":"https:\/\/www.eldiario.net\/portal\/","logo":{"@type":"ImageObject","inLanguage":"es","@id":"https:\/\/www.eldiario.net\/portal\/#\/schema\/logo\/image\/","url":"https:\/\/www.eldiario.net\/portal\/wp-content\/uploads\/2023\/07\/logo_ED.jpg","contentUrl":"https:\/\/www.eldiario.net\/portal\/wp-content\/uploads\/2023\/07\/logo_ED.jpg","width":272,"height":52,"caption":"El Diario - Decano de la prensa nacional"},"image":{"@id":"https:\/\/www.eldiario.net\/portal\/#\/schema\/logo\/image\/"},"sameAs":["https:\/\/www.facebook.com\/eldiario.bolivia\/","https:\/\/x.com\/eldiario_net"]},{"@type":"Person","@id":"https:\/\/www.eldiario.net\/portal\/#\/schema\/person\/f46445640444750d7d753ccd04ae01b7","name":"Jeanette","image":{"@type":"ImageObject","inLanguage":"es","@id":"https:\/\/secure.gravatar.com\/avatar\/3ea2118a5f7dad2b7138b1187a6b7ee55f160b9968b66013c3a3ef39dd7e5798?s=96&d=mm&r=g","url":"https:\/\/secure.gravatar.com\/avatar\/3ea2118a5f7dad2b7138b1187a6b7ee55f160b9968b66013c3a3ef39dd7e5798?s=96&d=mm&r=g","contentUrl":"https:\/\/secure.gravatar.com\/avatar\/3ea2118a5f7dad2b7138b1187a6b7ee55f160b9968b66013c3a3ef39dd7e5798?s=96&d=mm&r=g","caption":"Jeanette"},"sameAs":["https:\/\/www.eldiario.net\/portal"],"url":"https:\/\/www.eldiario.net\/portal\/author\/jeanette\/"}]}},"_links":{"self":[{"href":"https:\/\/www.eldiario.net\/portal\/wp-json\/wp\/v2\/posts\/6313","targetHints":{"allow":["GET"]}}],"collection":[{"href":"https:\/\/www.eldiario.net\/portal\/wp-json\/wp\/v2\/posts"}],"about":[{"href":"https:\/\/www.eldiario.net\/portal\/wp-json\/wp\/v2\/types\/post"}],"author":[{"embeddable":true,"href":"https:\/\/www.eldiario.net\/portal\/wp-json\/wp\/v2\/users\/1"}],"replies":[{"embeddable":true,"href":"https:\/\/www.eldiario.net\/portal\/wp-json\/wp\/v2\/comments?post=6313"}],"version-history":[{"count":0,"href":"https:\/\/www.eldiario.net\/portal\/wp-json\/wp\/v2\/posts\/6313\/revisions"}],"wp:attachment":[{"href":"https:\/\/www.eldiario.net\/portal\/wp-json\/wp\/v2\/media?parent=6313"}],"wp:term":[{"taxonomy":"category","embeddable":true,"href":"https:\/\/www.eldiario.net\/portal\/wp-json\/wp\/v2\/categories?post=6313"},{"taxonomy":"post_tag","embeddable":true,"href":"https:\/\/www.eldiario.net\/portal\/wp-json\/wp\/v2\/tags?post=6313"}],"curies":[{"name":"wp","href":"https:\/\/api.w.org\/{rel}","templated":true}]}}