{"id":6310,"date":"2021-05-26T05:23:34","date_gmt":"2021-05-26T09:23:34","guid":{"rendered":"https:\/\/www.eldiario.net\/portal\/?p=6310"},"modified":"2021-05-26T05:23:34","modified_gmt":"2021-05-26T09:23:34","slug":"bolivar-decidira-futuro-de-jugadores-con-el-dt","status":"publish","type":"post","link":"https:\/\/www.eldiario.net\/portal\/2021\/05\/26\/bolivar-decidira-futuro-de-jugadores-con-el-dt\/","title":{"rendered":"Bol\u00edvar decidir\u00e1 futuro de jugadores con el DT"},"content":{"rendered":"<p>El director deportivo del Club Bol\u00edvar, Javier Recio, manifest\u00f3 ayer que la salida o permanencia de jugadores en la Academia se determinar\u00e1 con la llegada del nuevo t\u00e9cnico a filas celestes.<br \/>\n\u201cVamos a centrarnos en encontrar el t\u00e9cnico indicado y a partir de ah\u00ed ya tomaremos decisiones y valoraremos quienes vuelven o no\u201d, dijo Recio al Futbolmania.<br \/>\nEn los \u00faltimos d\u00edas se habl\u00f3 de la salida de Felipe Carvalho, Armando Sadiku y otros por bajo rendimiento. Ante esto, Recio afirm\u00f3 que no se precipitar\u00e1n hasta que elijan quien se har\u00e1 cargo del equipo celeste que por el momento es dirigido por Vladimir Soria de manera interina.<br \/>\n\u201cLa realidad es que hay jugadores que est\u00e1n debajo de su rendimiento, pero nosotros lo tenemos claro, vamos a esperar la incorporaci\u00f3n del nuevo DT y de ah\u00ed tomaremos la decisi\u00f3n\u201d, recalc\u00f3.<br \/>\nSobre el nuevo estratega bolivarista Recio indic\u00f3 que se tomar\u00e1n el tiempo necesario para elegir al flamante estratega que seg\u00fan indic\u00f3 ser\u00e1 alguien que conozca el medio boliviano o Sudamericano.<\/p>\n<blockquote><p>\u00abHay jugadores que no est\u00e1n dando el rendimiento esperado y es normal que haya este debate. Vamos a centrarnos en encontrar el t\u00e9cnico indicado y a partir de ah\u00ed ya tomaremos decisiones. \u00bb Javier Recio<\/p><\/blockquote>\n","protected":false},"excerpt":{"rendered":"<p>El director deportivo del Club Bol\u00edvar, Javier Recio, manifest\u00f3 ayer que la salida o permanencia de jugadores en la Academia se determinar\u00e1 con la llegada del nuevo t\u00e9cnico a filas celestes. \u201cVamos a centrarnos en encontrar el t\u00e9cnico indicado y a partir de ah\u00ed ya tomaremos decisiones y valoraremos quienes vuelven o no\u201d, dijo Recio [&hellip;]<\/p>\n","protected":false},"author":1,"featured_media":6311,"comment_status":"closed","ping_status":"closed","sticky":false,"template":"","format":"standard","meta":{"_acf_changed":false,"footnotes":""},"categories":[6],"tags":[],"class_list":["post-6310","post","type-post","status-publish","format-standard","has-post-thumbnail","category-deportes"],"acf":{"antetitulo":""},"yoast_head":"<!-- This site is optimized with the Yoast SEO plugin v28.3 - https:\/\/yoast.com\/product\/yoast-seo-wordpress\/ -->\n<title>Bol\u00edvar decidir\u00e1 futuro de jugadores con el DT - El Diario - Bolivia<\/title>\n<meta name=\"robots\" content=\"index, follow, max-snippet:-1, max-image-preview:large, max-video-preview:-1\" \/>\n<link rel=\"canonical\" href=\"https:\/\/www.eldiario.net\/portal\/2021\/05\/26\/bolivar-decidira-futuro-de-jugadores-con-el-dt\/\" \/>\n<meta property=\"og:locale\" content=\"es_ES\" \/>\n<meta property=\"og:type\" content=\"article\" \/>\n<meta property=\"og:title\" content=\"Bol\u00edvar decidir\u00e1 futuro de jugadores con el DT - El Diario - Bolivia\" \/>\n<meta property=\"og:description\" content=\"El director deportivo del Club Bol\u00edvar, Javier Recio, manifest\u00f3 ayer que la salida o permanencia de jugadores en la Academia se determinar\u00e1 con la llegada del nuevo t\u00e9cnico a filas celestes. \u201cVamos a centrarnos en encontrar el t\u00e9cnico indicado y a partir de ah\u00ed ya tomaremos decisiones y valoraremos quienes vuelven o no\u201d, dijo Recio [&hellip;]\" \/>\n<meta property=\"og:url\" content=\"https:\/\/www.eldiario.net\/portal\/2021\/05\/26\/bolivar-decidira-futuro-de-jugadores-con-el-dt\/\" \/>\n<meta property=\"og:site_name\" content=\"El Diario - Bolivia\" \/>\n<meta property=\"article:publisher\" content=\"https:\/\/www.facebook.com\/eldiario.bolivia\/\" \/>\n<meta property=\"article:published_time\" content=\"2021-05-26T09:23:34+00:00\" \/>\n<meta name=\"author\" content=\"Jeanette\" \/>\n<meta name=\"twitter:card\" content=\"summary_large_image\" \/>\n<meta name=\"twitter:creator\" content=\"@eldiario_net\" \/>\n<meta name=\"twitter:site\" content=\"@eldiario_net\" \/>\n<meta name=\"twitter:label1\" content=\"Escrito por\" \/>\n\t<meta name=\"twitter:data1\" content=\"Jeanette\" \/>\n\t<meta name=\"twitter:label2\" content=\"Tiempo de lectura\" \/>\n\t<meta name=\"twitter:data2\" content=\"1 minuto\" \/>\n<script type=\"application\/ld+json\" class=\"yoast-schema-graph\">{\"@context\":\"https:\\\/\\\/schema.org\",\"@graph\":[{\"@type\":\"Article\",\"@id\":\"https:\\\/\\\/www.eldiario.net\\\/portal\\\/2021\\\/05\\\/26\\\/bolivar-decidira-futuro-de-jugadores-con-el-dt\\\/#article\",\"isPartOf\":{\"@id\":\"https:\\\/\\\/www.eldiario.net\\\/portal\\\/2021\\\/05\\\/26\\\/bolivar-decidira-futuro-de-jugadores-con-el-dt\\\/\"},\"author\":{\"name\":\"Jeanette\",\"@id\":\"https:\\\/\\\/www.eldiario.net\\\/portal\\\/#\\\/schema\\\/person\\\/f46445640444750d7d753ccd04ae01b7\"},\"headline\":\"Bol\u00edvar decidir\u00e1 futuro de jugadores con el DT\",\"datePublished\":\"2021-05-26T09:23:34+00:00\",\"mainEntityOfPage\":{\"@id\":\"https:\\\/\\\/www.eldiario.net\\\/portal\\\/2021\\\/05\\\/26\\\/bolivar-decidira-futuro-de-jugadores-con-el-dt\\\/\"},\"wordCount\":223,\"publisher\":{\"@id\":\"https:\\\/\\\/www.eldiario.net\\\/portal\\\/#organization\"},\"image\":{\"@id\":\"https:\\\/\\\/www.eldiario.net\\\/portal\\\/2021\\\/05\\\/26\\\/bolivar-decidira-futuro-de-jugadores-con-el-dt\\\/#primaryimage\"},\"thumbnailUrl\":\"\",\"articleSection\":[\"Deportes\"],\"inLanguage\":\"es\"},{\"@type\":\"WebPage\",\"@id\":\"https:\\\/\\\/www.eldiario.net\\\/portal\\\/2021\\\/05\\\/26\\\/bolivar-decidira-futuro-de-jugadores-con-el-dt\\\/\",\"url\":\"https:\\\/\\\/www.eldiario.net\\\/portal\\\/2021\\\/05\\\/26\\\/bolivar-decidira-futuro-de-jugadores-con-el-dt\\\/\",\"name\":\"Bol\u00edvar decidir\u00e1 futuro de jugadores con el DT - El Diario - Bolivia\",\"isPartOf\":{\"@id\":\"https:\\\/\\\/www.eldiario.net\\\/portal\\\/#website\"},\"primaryImageOfPage\":{\"@id\":\"https:\\\/\\\/www.eldiario.net\\\/portal\\\/2021\\\/05\\\/26\\\/bolivar-decidira-futuro-de-jugadores-con-el-dt\\\/#primaryimage\"},\"image\":{\"@id\":\"https:\\\/\\\/www.eldiario.net\\\/portal\\\/2021\\\/05\\\/26\\\/bolivar-decidira-futuro-de-jugadores-con-el-dt\\\/#primaryimage\"},\"thumbnailUrl\":\"\",\"datePublished\":\"2021-05-26T09:23:34+00:00\",\"breadcrumb\":{\"@id\":\"https:\\\/\\\/www.eldiario.net\\\/portal\\\/2021\\\/05\\\/26\\\/bolivar-decidira-futuro-de-jugadores-con-el-dt\\\/#breadcrumb\"},\"inLanguage\":\"es\",\"potentialAction\":[{\"@type\":\"ReadAction\",\"target\":[\"https:\\\/\\\/www.eldiario.net\\\/portal\\\/2021\\\/05\\\/26\\\/bolivar-decidira-futuro-de-jugadores-con-el-dt\\\/\"]}]},{\"@type\":\"ImageObject\",\"inLanguage\":\"es\",\"@id\":\"https:\\\/\\\/www.eldiario.net\\\/portal\\\/2021\\\/05\\\/26\\\/bolivar-decidira-futuro-de-jugadores-con-el-dt\\\/#primaryimage\",\"url\":\"\",\"contentUrl\":\"\"},{\"@type\":\"BreadcrumbList\",\"@id\":\"https:\\\/\\\/www.eldiario.net\\\/portal\\\/2021\\\/05\\\/26\\\/bolivar-decidira-futuro-de-jugadores-con-el-dt\\\/#breadcrumb\",\"itemListElement\":[{\"@type\":\"ListItem\",\"position\":1,\"name\":\"Portada\",\"item\":\"https:\\\/\\\/www.eldiario.net\\\/portal\\\/\"},{\"@type\":\"ListItem\",\"position\":2,\"name\":\"Bol\u00edvar decidir\u00e1 futuro de jugadores con el DT\"}]},{\"@type\":\"WebSite\",\"@id\":\"https:\\\/\\\/www.eldiario.net\\\/portal\\\/#website\",\"url\":\"https:\\\/\\\/www.eldiario.net\\\/portal\\\/\",\"name\":\"El Diario - Decano de la prensa nacional\",\"description\":\"El Diario - Decano de la prensa nacional\",\"publisher\":{\"@id\":\"https:\\\/\\\/www.eldiario.net\\\/portal\\\/#organization\"},\"potentialAction\":[{\"@type\":\"SearchAction\",\"target\":{\"@type\":\"EntryPoint\",\"urlTemplate\":\"https:\\\/\\\/www.eldiario.net\\\/portal\\\/?s={search_term_string}\"},\"query-input\":{\"@type\":\"PropertyValueSpecification\",\"valueRequired\":true,\"valueName\":\"search_term_string\"}}],\"inLanguage\":\"es\"},{\"@type\":\"Organization\",\"@id\":\"https:\\\/\\\/www.eldiario.net\\\/portal\\\/#organization\",\"name\":\"El Diario - Decano de la prensa nacional\",\"url\":\"https:\\\/\\\/www.eldiario.net\\\/portal\\\/\",\"logo\":{\"@type\":\"ImageObject\",\"inLanguage\":\"es\",\"@id\":\"https:\\\/\\\/www.eldiario.net\\\/portal\\\/#\\\/schema\\\/logo\\\/image\\\/\",\"url\":\"https:\\\/\\\/www.eldiario.net\\\/portal\\\/wp-content\\\/uploads\\\/2023\\\/07\\\/logo_ED.jpg\",\"contentUrl\":\"https:\\\/\\\/www.eldiario.net\\\/portal\\\/wp-content\\\/uploads\\\/2023\\\/07\\\/logo_ED.jpg\",\"width\":272,\"height\":52,\"caption\":\"El Diario - Decano de la prensa nacional\"},\"image\":{\"@id\":\"https:\\\/\\\/www.eldiario.net\\\/portal\\\/#\\\/schema\\\/logo\\\/image\\\/\"},\"sameAs\":[\"https:\\\/\\\/www.facebook.com\\\/eldiario.bolivia\\\/\",\"https:\\\/\\\/x.com\\\/eldiario_net\"]},{\"@type\":\"Person\",\"@id\":\"https:\\\/\\\/www.eldiario.net\\\/portal\\\/#\\\/schema\\\/person\\\/f46445640444750d7d753ccd04ae01b7\",\"name\":\"Jeanette\",\"image\":{\"@type\":\"ImageObject\",\"inLanguage\":\"es\",\"@id\":\"https:\\\/\\\/secure.gravatar.com\\\/avatar\\\/3ea2118a5f7dad2b7138b1187a6b7ee55f160b9968b66013c3a3ef39dd7e5798?s=96&d=mm&r=g\",\"url\":\"https:\\\/\\\/secure.gravatar.com\\\/avatar\\\/3ea2118a5f7dad2b7138b1187a6b7ee55f160b9968b66013c3a3ef39dd7e5798?s=96&d=mm&r=g\",\"contentUrl\":\"https:\\\/\\\/secure.gravatar.com\\\/avatar\\\/3ea2118a5f7dad2b7138b1187a6b7ee55f160b9968b66013c3a3ef39dd7e5798?s=96&d=mm&r=g\",\"caption\":\"Jeanette\"},\"sameAs\":[\"https:\\\/\\\/www.eldiario.net\\\/portal\"],\"url\":\"https:\\\/\\\/www.eldiario.net\\\/portal\\\/author\\\/jeanette\\\/\"}]}<\/script>\n<!-- \/ Yoast SEO plugin. -->","yoast_head_json":{"title":"Bol\u00edvar decidir\u00e1 futuro de jugadores con el DT - El Diario - Bolivia","robots":{"index":"index","follow":"follow","max-snippet":"max-snippet:-1","max-image-preview":"max-image-preview:large","max-video-preview":"max-video-preview:-1"},"canonical":"https:\/\/www.eldiario.net\/portal\/2021\/05\/26\/bolivar-decidira-futuro-de-jugadores-con-el-dt\/","og_locale":"es_ES","og_type":"article","og_title":"Bol\u00edvar decidir\u00e1 futuro de jugadores con el DT - El Diario - Bolivia","og_description":"El director deportivo del Club Bol\u00edvar, Javier Recio, manifest\u00f3 ayer que la salida o permanencia de jugadores en la Academia se determinar\u00e1 con la llegada del nuevo t\u00e9cnico a filas celestes. \u201cVamos a centrarnos en encontrar el t\u00e9cnico indicado y a partir de ah\u00ed ya tomaremos decisiones y valoraremos quienes vuelven o no\u201d, dijo Recio [&hellip;]","og_url":"https:\/\/www.eldiario.net\/portal\/2021\/05\/26\/bolivar-decidira-futuro-de-jugadores-con-el-dt\/","og_site_name":"El Diario - Bolivia","article_publisher":"https:\/\/www.facebook.com\/eldiario.bolivia\/","article_published_time":"2021-05-26T09:23:34+00:00","author":"Jeanette","twitter_card":"summary_large_image","twitter_creator":"@eldiario_net","twitter_site":"@eldiario_net","twitter_misc":{"Escrito por":"Jeanette","Tiempo de lectura":"1 minuto"},"schema":{"@context":"https:\/\/schema.org","@graph":[{"@type":"Article","@id":"https:\/\/www.eldiario.net\/portal\/2021\/05\/26\/bolivar-decidira-futuro-de-jugadores-con-el-dt\/#article","isPartOf":{"@id":"https:\/\/www.eldiario.net\/portal\/2021\/05\/26\/bolivar-decidira-futuro-de-jugadores-con-el-dt\/"},"author":{"name":"Jeanette","@id":"https:\/\/www.eldiario.net\/portal\/#\/schema\/person\/f46445640444750d7d753ccd04ae01b7"},"headline":"Bol\u00edvar decidir\u00e1 futuro de jugadores con el DT","datePublished":"2021-05-26T09:23:34+00:00","mainEntityOfPage":{"@id":"https:\/\/www.eldiario.net\/portal\/2021\/05\/26\/bolivar-decidira-futuro-de-jugadores-con-el-dt\/"},"wordCount":223,"publisher":{"@id":"https:\/\/www.eldiario.net\/portal\/#organization"},"image":{"@id":"https:\/\/www.eldiario.net\/portal\/2021\/05\/26\/bolivar-decidira-futuro-de-jugadores-con-el-dt\/#primaryimage"},"thumbnailUrl":"","articleSection":["Deportes"],"inLanguage":"es"},{"@type":"WebPage","@id":"https:\/\/www.eldiario.net\/portal\/2021\/05\/26\/bolivar-decidira-futuro-de-jugadores-con-el-dt\/","url":"https:\/\/www.eldiario.net\/portal\/2021\/05\/26\/bolivar-decidira-futuro-de-jugadores-con-el-dt\/","name":"Bol\u00edvar decidir\u00e1 futuro de jugadores con el DT - El Diario - Bolivia","isPartOf":{"@id":"https:\/\/www.eldiario.net\/portal\/#website"},"primaryImageOfPage":{"@id":"https:\/\/www.eldiario.net\/portal\/2021\/05\/26\/bolivar-decidira-futuro-de-jugadores-con-el-dt\/#primaryimage"},"image":{"@id":"https:\/\/www.eldiario.net\/portal\/2021\/05\/26\/bolivar-decidira-futuro-de-jugadores-con-el-dt\/#primaryimage"},"thumbnailUrl":"","datePublished":"2021-05-26T09:23:34+00:00","breadcrumb":{"@id":"https:\/\/www.eldiario.net\/portal\/2021\/05\/26\/bolivar-decidira-futuro-de-jugadores-con-el-dt\/#breadcrumb"},"inLanguage":"es","potentialAction":[{"@type":"ReadAction","target":["https:\/\/www.eldiario.net\/portal\/2021\/05\/26\/bolivar-decidira-futuro-de-jugadores-con-el-dt\/"]}]},{"@type":"ImageObject","inLanguage":"es","@id":"https:\/\/www.eldiario.net\/portal\/2021\/05\/26\/bolivar-decidira-futuro-de-jugadores-con-el-dt\/#primaryimage","url":"","contentUrl":""},{"@type":"BreadcrumbList","@id":"https:\/\/www.eldiario.net\/portal\/2021\/05\/26\/bolivar-decidira-futuro-de-jugadores-con-el-dt\/#breadcrumb","itemListElement":[{"@type":"ListItem","position":1,"name":"Portada","item":"https:\/\/www.eldiario.net\/portal\/"},{"@type":"ListItem","position":2,"name":"Bol\u00edvar decidir\u00e1 futuro de jugadores con el DT"}]},{"@type":"WebSite","@id":"https:\/\/www.eldiario.net\/portal\/#website","url":"https:\/\/www.eldiario.net\/portal\/","name":"El Diario - Decano de la prensa nacional","description":"El Diario - Decano de la prensa nacional","publisher":{"@id":"https:\/\/www.eldiario.net\/portal\/#organization"},"potentialAction":[{"@type":"SearchAction","target":{"@type":"EntryPoint","urlTemplate":"https:\/\/www.eldiario.net\/portal\/?s={search_term_string}"},"query-input":{"@type":"PropertyValueSpecification","valueRequired":true,"valueName":"search_term_string"}}],"inLanguage":"es"},{"@type":"Organization","@id":"https:\/\/www.eldiario.net\/portal\/#organization","name":"El Diario - Decano de la prensa nacional","url":"https:\/\/www.eldiario.net\/portal\/","logo":{"@type":"ImageObject","inLanguage":"es","@id":"https:\/\/www.eldiario.net\/portal\/#\/schema\/logo\/image\/","url":"https:\/\/www.eldiario.net\/portal\/wp-content\/uploads\/2023\/07\/logo_ED.jpg","contentUrl":"https:\/\/www.eldiario.net\/portal\/wp-content\/uploads\/2023\/07\/logo_ED.jpg","width":272,"height":52,"caption":"El Diario - Decano de la prensa nacional"},"image":{"@id":"https:\/\/www.eldiario.net\/portal\/#\/schema\/logo\/image\/"},"sameAs":["https:\/\/www.facebook.com\/eldiario.bolivia\/","https:\/\/x.com\/eldiario_net"]},{"@type":"Person","@id":"https:\/\/www.eldiario.net\/portal\/#\/schema\/person\/f46445640444750d7d753ccd04ae01b7","name":"Jeanette","image":{"@type":"ImageObject","inLanguage":"es","@id":"https:\/\/secure.gravatar.com\/avatar\/3ea2118a5f7dad2b7138b1187a6b7ee55f160b9968b66013c3a3ef39dd7e5798?s=96&d=mm&r=g","url":"https:\/\/secure.gravatar.com\/avatar\/3ea2118a5f7dad2b7138b1187a6b7ee55f160b9968b66013c3a3ef39dd7e5798?s=96&d=mm&r=g","contentUrl":"https:\/\/secure.gravatar.com\/avatar\/3ea2118a5f7dad2b7138b1187a6b7ee55f160b9968b66013c3a3ef39dd7e5798?s=96&d=mm&r=g","caption":"Jeanette"},"sameAs":["https:\/\/www.eldiario.net\/portal"],"url":"https:\/\/www.eldiario.net\/portal\/author\/jeanette\/"}]}},"_links":{"self":[{"href":"https:\/\/www.eldiario.net\/portal\/wp-json\/wp\/v2\/posts\/6310","targetHints":{"allow":["GET"]}}],"collection":[{"href":"https:\/\/www.eldiario.net\/portal\/wp-json\/wp\/v2\/posts"}],"about":[{"href":"https:\/\/www.eldiario.net\/portal\/wp-json\/wp\/v2\/types\/post"}],"author":[{"embeddable":true,"href":"https:\/\/www.eldiario.net\/portal\/wp-json\/wp\/v2\/users\/1"}],"replies":[{"embeddable":true,"href":"https:\/\/www.eldiario.net\/portal\/wp-json\/wp\/v2\/comments?post=6310"}],"version-history":[{"count":0,"href":"https:\/\/www.eldiario.net\/portal\/wp-json\/wp\/v2\/posts\/6310\/revisions"}],"wp:attachment":[{"href":"https:\/\/www.eldiario.net\/portal\/wp-json\/wp\/v2\/media?parent=6310"}],"wp:term":[{"taxonomy":"category","embeddable":true,"href":"https:\/\/www.eldiario.net\/portal\/wp-json\/wp\/v2\/categories?post=6310"},{"taxonomy":"post_tag","embeddable":true,"href":"https:\/\/www.eldiario.net\/portal\/wp-json\/wp\/v2\/tags?post=6310"}],"curies":[{"name":"wp","href":"https:\/\/api.w.org\/{rel}","templated":true}]}}