{"id":63098,"date":"2022-02-14T05:20:25","date_gmt":"2022-02-14T09:20:25","guid":{"rendered":"https:\/\/www.eldiario.net\/portal\/?p=63098"},"modified":"2022-02-14T05:20:25","modified_gmt":"2022-02-14T09:20:25","slug":"corea-del-norte-describe-a-otan-como-producto-de-guerra-fria","status":"publish","type":"post","link":"https:\/\/www.eldiario.net\/portal\/2022\/02\/14\/corea-del-norte-describe-a-otan-como-producto-de-guerra-fria\/","title":{"rendered":"Corea del Norte describe a OTAN  como producto de Guerra Fr\u00eda"},"content":{"rendered":"<p>Pionyang.- El Ministerio de Exteriores de Corea del Norte defendi\u00f3 ayer los intereses de Rusia en la tensi\u00f3n con Ucrania acusando a Estados Unidos y a la Organizaci\u00f3n de Tratado de Atl\u00e1ntico Norte (OTAN) de ser un producto de la guerra fr\u00eda y supone que una amenaza a la seguridad de Mosc\u00fa.<br \/>\n\u00abEs un hecho bien conocido que la amenaza militar a Mosc\u00fa por parte de Estados Unidos est\u00e1 aumentando gradualmente debido al despliegue de sistemas de defensa antimisiles en Europa del Este, el fortalecimiento de la presencia militar de la OTAN en las regiones fronterizas con Rusia y la expansi\u00f3n en curso de la OTAN hacia el este tras el colapso de la Uni\u00f3n Sovi\u00e9tica\u00bb, denunci\u00f3 el Ministerio en un comunicado.<br \/>\nCorea del Norte lamenta los \u00abpersistentes rumores lanzados por Estados Unidos sobre una \u2039invasi\u00f3n rusa de Ucrania\u00bb como un pretexto para \u00abenviar miles de soldados a Europa del Este\u00bb y \u00abaumentar el grado de tensi\u00f3n en torno a Ucrania\u00bb. Rumores, seg\u00fan el Ministerio, tan \u00absorprendentes como salvajes\u00bb.<br \/>\nAsimismo, el Ministerio denuncia a la OTAN como \u00abun producto de la Guerra Fr\u00eda, impulsado por la agresi\u00f3n y el deseo de dominar\u00bb, antes de recalcar que estos intentos \u00abde presionar a Mosc\u00fa\u00bb solo provocar\u00e1n \u00abuna reacci\u00f3n m\u00e1s fuerte de Rusia\u00bb, que est\u00e1 \u00ablista para luchar por sus intereses de seguridad\u00bb, de acuerdo con la nota, publicada en la web de la instituci\u00f3n. (Europa Press)<\/p>\n","protected":false},"excerpt":{"rendered":"<p>Pionyang.- El Ministerio de Exteriores de Corea del Norte defendi\u00f3 ayer los intereses de Rusia en la tensi\u00f3n con Ucrania acusando a Estados Unidos y a la Organizaci\u00f3n de Tratado de Atl\u00e1ntico Norte (OTAN) de ser un producto de la guerra fr\u00eda y supone que una amenaza a la seguridad de Mosc\u00fa. \u00abEs un hecho [&hellip;]<\/p>\n","protected":false},"author":1,"featured_media":63099,"comment_status":"closed","ping_status":"closed","sticky":false,"template":"","format":"standard","meta":{"_acf_changed":false,"footnotes":""},"categories":[3],"tags":[],"class_list":["post-63098","post","type-post","status-publish","format-standard","has-post-thumbnail","category-internacional"],"acf":{"antetitulo":""},"yoast_head":"<!-- This site is optimized with the Yoast SEO plugin v28.4 - https:\/\/yoast.com\/product\/yoast-seo-wordpress\/ -->\n<title>Corea del Norte describe a OTAN como producto de Guerra Fr\u00eda - El Diario - Bolivia<\/title>\n<meta name=\"robots\" content=\"index, follow, max-snippet:-1, max-image-preview:large, max-video-preview:-1\" \/>\n<link rel=\"canonical\" href=\"https:\/\/www.eldiario.net\/portal\/2022\/02\/14\/corea-del-norte-describe-a-otan-como-producto-de-guerra-fria\/\" \/>\n<meta property=\"og:locale\" content=\"es_ES\" \/>\n<meta property=\"og:type\" content=\"article\" \/>\n<meta property=\"og:title\" content=\"Corea del Norte describe a OTAN como producto de Guerra Fr\u00eda - El Diario - Bolivia\" \/>\n<meta property=\"og:description\" content=\"Pionyang.- El Ministerio de Exteriores de Corea del Norte defendi\u00f3 ayer los intereses de Rusia en la tensi\u00f3n con Ucrania acusando a Estados Unidos y a la Organizaci\u00f3n de Tratado de Atl\u00e1ntico Norte (OTAN) de ser un producto de la guerra fr\u00eda y supone que una amenaza a la seguridad de Mosc\u00fa. \u00abEs un hecho [&hellip;]\" \/>\n<meta property=\"og:url\" content=\"https:\/\/www.eldiario.net\/portal\/2022\/02\/14\/corea-del-norte-describe-a-otan-como-producto-de-guerra-fria\/\" \/>\n<meta property=\"og:site_name\" content=\"El Diario - Bolivia\" \/>\n<meta property=\"article:publisher\" content=\"https:\/\/www.facebook.com\/eldiario.bolivia\/\" \/>\n<meta property=\"article:published_time\" content=\"2022-02-14T09:20:25+00:00\" \/>\n<meta name=\"author\" content=\"Jeanette\" \/>\n<meta name=\"twitter:card\" content=\"summary_large_image\" \/>\n<meta name=\"twitter:creator\" content=\"@eldiario_net\" \/>\n<meta name=\"twitter:site\" content=\"@eldiario_net\" \/>\n<meta name=\"twitter:label1\" content=\"Escrito por\" \/>\n\t<meta name=\"twitter:data1\" content=\"Jeanette\" \/>\n\t<meta name=\"twitter:label2\" content=\"Tiempo de lectura\" \/>\n\t<meta name=\"twitter:data2\" content=\"2 minutos\" \/>\n<script type=\"application\/ld+json\" class=\"yoast-schema-graph\">{\"@context\":\"https:\\\/\\\/schema.org\",\"@graph\":[{\"@type\":\"Article\",\"@id\":\"https:\\\/\\\/www.eldiario.net\\\/portal\\\/2022\\\/02\\\/14\\\/corea-del-norte-describe-a-otan-como-producto-de-guerra-fria\\\/#article\",\"isPartOf\":{\"@id\":\"https:\\\/\\\/www.eldiario.net\\\/portal\\\/2022\\\/02\\\/14\\\/corea-del-norte-describe-a-otan-como-producto-de-guerra-fria\\\/\"},\"author\":{\"name\":\"Jeanette\",\"@id\":\"https:\\\/\\\/www.eldiario.net\\\/portal\\\/#\\\/schema\\\/person\\\/2c57cf2b7a7ae032e449e4c9b1019eac\"},\"headline\":\"Corea del Norte describe a OTAN como producto de Guerra Fr\u00eda\",\"datePublished\":\"2022-02-14T09:20:25+00:00\",\"mainEntityOfPage\":{\"@id\":\"https:\\\/\\\/www.eldiario.net\\\/portal\\\/2022\\\/02\\\/14\\\/corea-del-norte-describe-a-otan-como-producto-de-guerra-fria\\\/\"},\"wordCount\":263,\"publisher\":{\"@id\":\"https:\\\/\\\/www.eldiario.net\\\/portal\\\/#organization\"},\"image\":{\"@id\":\"https:\\\/\\\/www.eldiario.net\\\/portal\\\/2022\\\/02\\\/14\\\/corea-del-norte-describe-a-otan-como-producto-de-guerra-fria\\\/#primaryimage\"},\"thumbnailUrl\":\"\",\"articleSection\":[\"Internacional\"],\"inLanguage\":\"es\"},{\"@type\":\"WebPage\",\"@id\":\"https:\\\/\\\/www.eldiario.net\\\/portal\\\/2022\\\/02\\\/14\\\/corea-del-norte-describe-a-otan-como-producto-de-guerra-fria\\\/\",\"url\":\"https:\\\/\\\/www.eldiario.net\\\/portal\\\/2022\\\/02\\\/14\\\/corea-del-norte-describe-a-otan-como-producto-de-guerra-fria\\\/\",\"name\":\"Corea del Norte describe a OTAN como producto de Guerra Fr\u00eda - El Diario - Bolivia\",\"isPartOf\":{\"@id\":\"https:\\\/\\\/www.eldiario.net\\\/portal\\\/#website\"},\"primaryImageOfPage\":{\"@id\":\"https:\\\/\\\/www.eldiario.net\\\/portal\\\/2022\\\/02\\\/14\\\/corea-del-norte-describe-a-otan-como-producto-de-guerra-fria\\\/#primaryimage\"},\"image\":{\"@id\":\"https:\\\/\\\/www.eldiario.net\\\/portal\\\/2022\\\/02\\\/14\\\/corea-del-norte-describe-a-otan-como-producto-de-guerra-fria\\\/#primaryimage\"},\"thumbnailUrl\":\"\",\"datePublished\":\"2022-02-14T09:20:25+00:00\",\"breadcrumb\":{\"@id\":\"https:\\\/\\\/www.eldiario.net\\\/portal\\\/2022\\\/02\\\/14\\\/corea-del-norte-describe-a-otan-como-producto-de-guerra-fria\\\/#breadcrumb\"},\"inLanguage\":\"es\",\"potentialAction\":[{\"@type\":\"ReadAction\",\"target\":[\"https:\\\/\\\/www.eldiario.net\\\/portal\\\/2022\\\/02\\\/14\\\/corea-del-norte-describe-a-otan-como-producto-de-guerra-fria\\\/\"]}]},{\"@type\":\"ImageObject\",\"inLanguage\":\"es\",\"@id\":\"https:\\\/\\\/www.eldiario.net\\\/portal\\\/2022\\\/02\\\/14\\\/corea-del-norte-describe-a-otan-como-producto-de-guerra-fria\\\/#primaryimage\",\"url\":\"\",\"contentUrl\":\"\"},{\"@type\":\"BreadcrumbList\",\"@id\":\"https:\\\/\\\/www.eldiario.net\\\/portal\\\/2022\\\/02\\\/14\\\/corea-del-norte-describe-a-otan-como-producto-de-guerra-fria\\\/#breadcrumb\",\"itemListElement\":[{\"@type\":\"ListItem\",\"position\":1,\"name\":\"Portada\",\"item\":\"https:\\\/\\\/www.eldiario.net\\\/portal\\\/\"},{\"@type\":\"ListItem\",\"position\":2,\"name\":\"Corea del Norte describe a OTAN como producto de Guerra Fr\u00eda\"}]},{\"@type\":\"WebSite\",\"@id\":\"https:\\\/\\\/www.eldiario.net\\\/portal\\\/#website\",\"url\":\"https:\\\/\\\/www.eldiario.net\\\/portal\\\/\",\"name\":\"El Diario - Decano de la prensa nacional\",\"description\":\"El Diario - Decano de la prensa nacional\",\"publisher\":{\"@id\":\"https:\\\/\\\/www.eldiario.net\\\/portal\\\/#organization\"},\"potentialAction\":[{\"@type\":\"SearchAction\",\"target\":{\"@type\":\"EntryPoint\",\"urlTemplate\":\"https:\\\/\\\/www.eldiario.net\\\/portal\\\/?s={search_term_string}\"},\"query-input\":{\"@type\":\"PropertyValueSpecification\",\"valueRequired\":true,\"valueName\":\"search_term_string\"}}],\"inLanguage\":\"es\"},{\"@type\":\"Organization\",\"@id\":\"https:\\\/\\\/www.eldiario.net\\\/portal\\\/#organization\",\"name\":\"El Diario - Decano de la prensa nacional\",\"url\":\"https:\\\/\\\/www.eldiario.net\\\/portal\\\/\",\"logo\":{\"@type\":\"ImageObject\",\"inLanguage\":\"es\",\"@id\":\"https:\\\/\\\/www.eldiario.net\\\/portal\\\/#\\\/schema\\\/logo\\\/image\\\/\",\"url\":\"https:\\\/\\\/www.eldiario.net\\\/portal\\\/wp-content\\\/uploads\\\/2023\\\/07\\\/logo_ED.jpg\",\"contentUrl\":\"https:\\\/\\\/www.eldiario.net\\\/portal\\\/wp-content\\\/uploads\\\/2023\\\/07\\\/logo_ED.jpg\",\"width\":272,\"height\":52,\"caption\":\"El Diario - Decano de la prensa nacional\"},\"image\":{\"@id\":\"https:\\\/\\\/www.eldiario.net\\\/portal\\\/#\\\/schema\\\/logo\\\/image\\\/\"},\"sameAs\":[\"https:\\\/\\\/www.facebook.com\\\/eldiario.bolivia\\\/\",\"https:\\\/\\\/x.com\\\/eldiario_net\"]},{\"@type\":\"Person\",\"@id\":\"https:\\\/\\\/www.eldiario.net\\\/portal\\\/#\\\/schema\\\/person\\\/2c57cf2b7a7ae032e449e4c9b1019eac\",\"name\":\"Jeanette\",\"image\":{\"@type\":\"ImageObject\",\"inLanguage\":\"es\",\"@id\":\"https:\\\/\\\/secure.gravatar.com\\\/avatar\\\/3ea2118a5f7dad2b7138b1187a6b7ee55f160b9968b66013c3a3ef39dd7e5798?s=96&d=mm&r=g\",\"url\":\"https:\\\/\\\/secure.gravatar.com\\\/avatar\\\/3ea2118a5f7dad2b7138b1187a6b7ee55f160b9968b66013c3a3ef39dd7e5798?s=96&d=mm&r=g\",\"contentUrl\":\"https:\\\/\\\/secure.gravatar.com\\\/avatar\\\/3ea2118a5f7dad2b7138b1187a6b7ee55f160b9968b66013c3a3ef39dd7e5798?s=96&d=mm&r=g\",\"caption\":\"Jeanette\"},\"sameAs\":[\"https:\\\/\\\/www.eldiario.net\\\/portal\"],\"url\":\"https:\\\/\\\/www.eldiario.net\\\/portal\\\/author\\\/jeanette\\\/\"}]}<\/script>\n<!-- \/ Yoast SEO plugin. -->","yoast_head_json":{"title":"Corea del Norte describe a OTAN como producto de Guerra Fr\u00eda - El Diario - Bolivia","robots":{"index":"index","follow":"follow","max-snippet":"max-snippet:-1","max-image-preview":"max-image-preview:large","max-video-preview":"max-video-preview:-1"},"canonical":"https:\/\/www.eldiario.net\/portal\/2022\/02\/14\/corea-del-norte-describe-a-otan-como-producto-de-guerra-fria\/","og_locale":"es_ES","og_type":"article","og_title":"Corea del Norte describe a OTAN como producto de Guerra Fr\u00eda - El Diario - Bolivia","og_description":"Pionyang.- El Ministerio de Exteriores de Corea del Norte defendi\u00f3 ayer los intereses de Rusia en la tensi\u00f3n con Ucrania acusando a Estados Unidos y a la Organizaci\u00f3n de Tratado de Atl\u00e1ntico Norte (OTAN) de ser un producto de la guerra fr\u00eda y supone que una amenaza a la seguridad de Mosc\u00fa. \u00abEs un hecho [&hellip;]","og_url":"https:\/\/www.eldiario.net\/portal\/2022\/02\/14\/corea-del-norte-describe-a-otan-como-producto-de-guerra-fria\/","og_site_name":"El Diario - Bolivia","article_publisher":"https:\/\/www.facebook.com\/eldiario.bolivia\/","article_published_time":"2022-02-14T09:20:25+00:00","author":"Jeanette","twitter_card":"summary_large_image","twitter_creator":"@eldiario_net","twitter_site":"@eldiario_net","twitter_misc":{"Escrito por":"Jeanette","Tiempo de lectura":"2 minutos"},"schema":{"@context":"https:\/\/schema.org","@graph":[{"@type":"Article","@id":"https:\/\/www.eldiario.net\/portal\/2022\/02\/14\/corea-del-norte-describe-a-otan-como-producto-de-guerra-fria\/#article","isPartOf":{"@id":"https:\/\/www.eldiario.net\/portal\/2022\/02\/14\/corea-del-norte-describe-a-otan-como-producto-de-guerra-fria\/"},"author":{"name":"Jeanette","@id":"https:\/\/www.eldiario.net\/portal\/#\/schema\/person\/2c57cf2b7a7ae032e449e4c9b1019eac"},"headline":"Corea del Norte describe a OTAN como producto de Guerra Fr\u00eda","datePublished":"2022-02-14T09:20:25+00:00","mainEntityOfPage":{"@id":"https:\/\/www.eldiario.net\/portal\/2022\/02\/14\/corea-del-norte-describe-a-otan-como-producto-de-guerra-fria\/"},"wordCount":263,"publisher":{"@id":"https:\/\/www.eldiario.net\/portal\/#organization"},"image":{"@id":"https:\/\/www.eldiario.net\/portal\/2022\/02\/14\/corea-del-norte-describe-a-otan-como-producto-de-guerra-fria\/#primaryimage"},"thumbnailUrl":"","articleSection":["Internacional"],"inLanguage":"es"},{"@type":"WebPage","@id":"https:\/\/www.eldiario.net\/portal\/2022\/02\/14\/corea-del-norte-describe-a-otan-como-producto-de-guerra-fria\/","url":"https:\/\/www.eldiario.net\/portal\/2022\/02\/14\/corea-del-norte-describe-a-otan-como-producto-de-guerra-fria\/","name":"Corea del Norte describe a OTAN como producto de Guerra Fr\u00eda - El Diario - Bolivia","isPartOf":{"@id":"https:\/\/www.eldiario.net\/portal\/#website"},"primaryImageOfPage":{"@id":"https:\/\/www.eldiario.net\/portal\/2022\/02\/14\/corea-del-norte-describe-a-otan-como-producto-de-guerra-fria\/#primaryimage"},"image":{"@id":"https:\/\/www.eldiario.net\/portal\/2022\/02\/14\/corea-del-norte-describe-a-otan-como-producto-de-guerra-fria\/#primaryimage"},"thumbnailUrl":"","datePublished":"2022-02-14T09:20:25+00:00","breadcrumb":{"@id":"https:\/\/www.eldiario.net\/portal\/2022\/02\/14\/corea-del-norte-describe-a-otan-como-producto-de-guerra-fria\/#breadcrumb"},"inLanguage":"es","potentialAction":[{"@type":"ReadAction","target":["https:\/\/www.eldiario.net\/portal\/2022\/02\/14\/corea-del-norte-describe-a-otan-como-producto-de-guerra-fria\/"]}]},{"@type":"ImageObject","inLanguage":"es","@id":"https:\/\/www.eldiario.net\/portal\/2022\/02\/14\/corea-del-norte-describe-a-otan-como-producto-de-guerra-fria\/#primaryimage","url":"","contentUrl":""},{"@type":"BreadcrumbList","@id":"https:\/\/www.eldiario.net\/portal\/2022\/02\/14\/corea-del-norte-describe-a-otan-como-producto-de-guerra-fria\/#breadcrumb","itemListElement":[{"@type":"ListItem","position":1,"name":"Portada","item":"https:\/\/www.eldiario.net\/portal\/"},{"@type":"ListItem","position":2,"name":"Corea del Norte describe a OTAN como producto de Guerra Fr\u00eda"}]},{"@type":"WebSite","@id":"https:\/\/www.eldiario.net\/portal\/#website","url":"https:\/\/www.eldiario.net\/portal\/","name":"El Diario - Decano de la prensa nacional","description":"El Diario - Decano de la prensa nacional","publisher":{"@id":"https:\/\/www.eldiario.net\/portal\/#organization"},"potentialAction":[{"@type":"SearchAction","target":{"@type":"EntryPoint","urlTemplate":"https:\/\/www.eldiario.net\/portal\/?s={search_term_string}"},"query-input":{"@type":"PropertyValueSpecification","valueRequired":true,"valueName":"search_term_string"}}],"inLanguage":"es"},{"@type":"Organization","@id":"https:\/\/www.eldiario.net\/portal\/#organization","name":"El Diario - Decano de la prensa nacional","url":"https:\/\/www.eldiario.net\/portal\/","logo":{"@type":"ImageObject","inLanguage":"es","@id":"https:\/\/www.eldiario.net\/portal\/#\/schema\/logo\/image\/","url":"https:\/\/www.eldiario.net\/portal\/wp-content\/uploads\/2023\/07\/logo_ED.jpg","contentUrl":"https:\/\/www.eldiario.net\/portal\/wp-content\/uploads\/2023\/07\/logo_ED.jpg","width":272,"height":52,"caption":"El Diario - Decano de la prensa nacional"},"image":{"@id":"https:\/\/www.eldiario.net\/portal\/#\/schema\/logo\/image\/"},"sameAs":["https:\/\/www.facebook.com\/eldiario.bolivia\/","https:\/\/x.com\/eldiario_net"]},{"@type":"Person","@id":"https:\/\/www.eldiario.net\/portal\/#\/schema\/person\/2c57cf2b7a7ae032e449e4c9b1019eac","name":"Jeanette","image":{"@type":"ImageObject","inLanguage":"es","@id":"https:\/\/secure.gravatar.com\/avatar\/3ea2118a5f7dad2b7138b1187a6b7ee55f160b9968b66013c3a3ef39dd7e5798?s=96&d=mm&r=g","url":"https:\/\/secure.gravatar.com\/avatar\/3ea2118a5f7dad2b7138b1187a6b7ee55f160b9968b66013c3a3ef39dd7e5798?s=96&d=mm&r=g","contentUrl":"https:\/\/secure.gravatar.com\/avatar\/3ea2118a5f7dad2b7138b1187a6b7ee55f160b9968b66013c3a3ef39dd7e5798?s=96&d=mm&r=g","caption":"Jeanette"},"sameAs":["https:\/\/www.eldiario.net\/portal"],"url":"https:\/\/www.eldiario.net\/portal\/author\/jeanette\/"}]}},"_links":{"self":[{"href":"https:\/\/www.eldiario.net\/portal\/wp-json\/wp\/v2\/posts\/63098","targetHints":{"allow":["GET"]}}],"collection":[{"href":"https:\/\/www.eldiario.net\/portal\/wp-json\/wp\/v2\/posts"}],"about":[{"href":"https:\/\/www.eldiario.net\/portal\/wp-json\/wp\/v2\/types\/post"}],"author":[{"embeddable":true,"href":"https:\/\/www.eldiario.net\/portal\/wp-json\/wp\/v2\/users\/1"}],"replies":[{"embeddable":true,"href":"https:\/\/www.eldiario.net\/portal\/wp-json\/wp\/v2\/comments?post=63098"}],"version-history":[{"count":0,"href":"https:\/\/www.eldiario.net\/portal\/wp-json\/wp\/v2\/posts\/63098\/revisions"}],"wp:attachment":[{"href":"https:\/\/www.eldiario.net\/portal\/wp-json\/wp\/v2\/media?parent=63098"}],"wp:term":[{"taxonomy":"category","embeddable":true,"href":"https:\/\/www.eldiario.net\/portal\/wp-json\/wp\/v2\/categories?post=63098"},{"taxonomy":"post_tag","embeddable":true,"href":"https:\/\/www.eldiario.net\/portal\/wp-json\/wp\/v2\/tags?post=63098"}],"curies":[{"name":"wp","href":"https:\/\/api.w.org\/{rel}","templated":true}]}}