{"id":63096,"date":"2022-02-14T05:19:29","date_gmt":"2022-02-14T09:19:29","guid":{"rendered":"https:\/\/www.eldiario.net\/portal\/?p=63096"},"modified":"2022-02-14T05:19:29","modified_gmt":"2022-02-14T09:19:29","slug":"policia-arresta-a-manifestantes-y-reabre-puente-fronterizo","status":"publish","type":"post","link":"https:\/\/www.eldiario.net\/portal\/2022\/02\/14\/policia-arresta-a-manifestantes-y-reabre-puente-fronterizo\/","title":{"rendered":"Polic\u00eda arresta a manifestantes y reabre puente fronterizo"},"content":{"rendered":"<p>Ottawa.- La polic\u00eda canadiense detuvo a varias personas ayer y desaloj\u00f3 a manifestantes y veh\u00edculos que hab\u00edan bloqueado una ruta comercial vital en la frontera con Estados Unidos, pero el puente a\u00fan no estaba abierto al tr\u00e1fico.<br \/>\nLos agentes intervinieron despu\u00e9s de un tenso enfrentamiento entre la polic\u00eda canadiense y los manifestantes desde el viernes, cuando una orden judicial y las amenazas de arresto no lograron poner fin al bloqueo del puente Ambassador en Windsor, en el estado de Ontario, que duraba ya seis d\u00edas.<br \/>\nLa polic\u00eda de Windsor dijo en un comunicado el domingo que hab\u00eda detenido a varias personas por cargos de da\u00f1os, sin mencionar cu\u00e1ntas, adem\u00e1s incaut\u00f3 veh\u00edculos en la zona de la manifestaci\u00f3n, a\u00f1adi\u00f3 el comunicado.<br \/>\nAdem\u00e1s, se intensific\u00f3 su presencia ayer con m\u00e1s de 50 veh\u00edculos, entre ellos autobuses y un coche blindado, y el n\u00famero de manifestantes se redujo a unos 45, frente a los aproximadamente 100 del s\u00e1bado. La polic\u00eda de Windsor escribi\u00f3 en Twitter que \u201chabr\u00e1 tolerancia cero con la actividad ilegal\u201d.<br \/>\nContraprotestas comenzaron a bloquear los veh\u00edculos que intentaban unirse a las protestas el domingo en Ottawa, porque residentes perd\u00edan la paciencia tras tres semanas de manifestaciones.<br \/>\n\u201cEstamos hartos, estamos cansados. Queremos que Ottawa vuelva a ser aburrida\u201d, dijo un residente de Ottawa en una contraprotesta frente a la sede de la polic\u00eda de la ciudad. (Reuters)<\/p>\n","protected":false},"excerpt":{"rendered":"<p>Ottawa.- La polic\u00eda canadiense detuvo a varias personas ayer y desaloj\u00f3 a manifestantes y veh\u00edculos que hab\u00edan bloqueado una ruta comercial vital en la frontera con Estados Unidos, pero el puente a\u00fan no estaba abierto al tr\u00e1fico. Los agentes intervinieron despu\u00e9s de un tenso enfrentamiento entre la polic\u00eda canadiense y los manifestantes desde el viernes, [&hellip;]<\/p>\n","protected":false},"author":1,"featured_media":0,"comment_status":"closed","ping_status":"closed","sticky":false,"template":"","format":"standard","meta":{"_acf_changed":false,"footnotes":""},"categories":[3],"tags":[],"class_list":["post-63096","post","type-post","status-publish","format-standard","category-internacional"],"acf":{"antetitulo":""},"yoast_head":"<!-- This site is optimized with the Yoast SEO plugin v28.4 - https:\/\/yoast.com\/product\/yoast-seo-wordpress\/ -->\n<title>Polic\u00eda arresta a manifestantes y reabre puente fronterizo - El Diario - Bolivia<\/title>\n<meta name=\"robots\" content=\"index, follow, max-snippet:-1, max-image-preview:large, max-video-preview:-1\" \/>\n<link rel=\"canonical\" href=\"https:\/\/www.eldiario.net\/portal\/2022\/02\/14\/policia-arresta-a-manifestantes-y-reabre-puente-fronterizo\/\" \/>\n<meta property=\"og:locale\" content=\"es_ES\" \/>\n<meta property=\"og:type\" content=\"article\" \/>\n<meta property=\"og:title\" content=\"Polic\u00eda arresta a manifestantes y reabre puente fronterizo - El Diario - Bolivia\" \/>\n<meta property=\"og:description\" content=\"Ottawa.- La polic\u00eda canadiense detuvo a varias personas ayer y desaloj\u00f3 a manifestantes y veh\u00edculos que hab\u00edan bloqueado una ruta comercial vital en la frontera con Estados Unidos, pero el puente a\u00fan no estaba abierto al tr\u00e1fico. Los agentes intervinieron despu\u00e9s de un tenso enfrentamiento entre la polic\u00eda canadiense y los manifestantes desde el viernes, [&hellip;]\" \/>\n<meta property=\"og:url\" content=\"https:\/\/www.eldiario.net\/portal\/2022\/02\/14\/policia-arresta-a-manifestantes-y-reabre-puente-fronterizo\/\" \/>\n<meta property=\"og:site_name\" content=\"El Diario - Bolivia\" \/>\n<meta property=\"article:publisher\" content=\"https:\/\/www.facebook.com\/eldiario.bolivia\/\" \/>\n<meta property=\"article:published_time\" content=\"2022-02-14T09:19:29+00:00\" \/>\n<meta name=\"author\" content=\"Jeanette\" \/>\n<meta name=\"twitter:card\" content=\"summary_large_image\" \/>\n<meta name=\"twitter:creator\" content=\"@eldiario_net\" \/>\n<meta name=\"twitter:site\" content=\"@eldiario_net\" \/>\n<meta name=\"twitter:label1\" content=\"Escrito por\" \/>\n\t<meta name=\"twitter:data1\" content=\"Jeanette\" \/>\n\t<meta name=\"twitter:label2\" content=\"Tiempo de lectura\" \/>\n\t<meta name=\"twitter:data2\" content=\"2 minutos\" \/>\n<script type=\"application\/ld+json\" class=\"yoast-schema-graph\">{\"@context\":\"https:\\\/\\\/schema.org\",\"@graph\":[{\"@type\":\"Article\",\"@id\":\"https:\\\/\\\/www.eldiario.net\\\/portal\\\/2022\\\/02\\\/14\\\/policia-arresta-a-manifestantes-y-reabre-puente-fronterizo\\\/#article\",\"isPartOf\":{\"@id\":\"https:\\\/\\\/www.eldiario.net\\\/portal\\\/2022\\\/02\\\/14\\\/policia-arresta-a-manifestantes-y-reabre-puente-fronterizo\\\/\"},\"author\":{\"name\":\"Jeanette\",\"@id\":\"https:\\\/\\\/www.eldiario.net\\\/portal\\\/#\\\/schema\\\/person\\\/2c57cf2b7a7ae032e449e4c9b1019eac\"},\"headline\":\"Polic\u00eda arresta a manifestantes y reabre puente fronterizo\",\"datePublished\":\"2022-02-14T09:19:29+00:00\",\"mainEntityOfPage\":{\"@id\":\"https:\\\/\\\/www.eldiario.net\\\/portal\\\/2022\\\/02\\\/14\\\/policia-arresta-a-manifestantes-y-reabre-puente-fronterizo\\\/\"},\"wordCount\":258,\"publisher\":{\"@id\":\"https:\\\/\\\/www.eldiario.net\\\/portal\\\/#organization\"},\"articleSection\":[\"Internacional\"],\"inLanguage\":\"es\"},{\"@type\":\"WebPage\",\"@id\":\"https:\\\/\\\/www.eldiario.net\\\/portal\\\/2022\\\/02\\\/14\\\/policia-arresta-a-manifestantes-y-reabre-puente-fronterizo\\\/\",\"url\":\"https:\\\/\\\/www.eldiario.net\\\/portal\\\/2022\\\/02\\\/14\\\/policia-arresta-a-manifestantes-y-reabre-puente-fronterizo\\\/\",\"name\":\"Polic\u00eda arresta a manifestantes y reabre puente fronterizo - El Diario - Bolivia\",\"isPartOf\":{\"@id\":\"https:\\\/\\\/www.eldiario.net\\\/portal\\\/#website\"},\"datePublished\":\"2022-02-14T09:19:29+00:00\",\"breadcrumb\":{\"@id\":\"https:\\\/\\\/www.eldiario.net\\\/portal\\\/2022\\\/02\\\/14\\\/policia-arresta-a-manifestantes-y-reabre-puente-fronterizo\\\/#breadcrumb\"},\"inLanguage\":\"es\",\"potentialAction\":[{\"@type\":\"ReadAction\",\"target\":[\"https:\\\/\\\/www.eldiario.net\\\/portal\\\/2022\\\/02\\\/14\\\/policia-arresta-a-manifestantes-y-reabre-puente-fronterizo\\\/\"]}]},{\"@type\":\"BreadcrumbList\",\"@id\":\"https:\\\/\\\/www.eldiario.net\\\/portal\\\/2022\\\/02\\\/14\\\/policia-arresta-a-manifestantes-y-reabre-puente-fronterizo\\\/#breadcrumb\",\"itemListElement\":[{\"@type\":\"ListItem\",\"position\":1,\"name\":\"Portada\",\"item\":\"https:\\\/\\\/www.eldiario.net\\\/portal\\\/\"},{\"@type\":\"ListItem\",\"position\":2,\"name\":\"Polic\u00eda arresta a manifestantes y reabre puente fronterizo\"}]},{\"@type\":\"WebSite\",\"@id\":\"https:\\\/\\\/www.eldiario.net\\\/portal\\\/#website\",\"url\":\"https:\\\/\\\/www.eldiario.net\\\/portal\\\/\",\"name\":\"El Diario - Decano de la prensa nacional\",\"description\":\"El Diario - Decano de la prensa nacional\",\"publisher\":{\"@id\":\"https:\\\/\\\/www.eldiario.net\\\/portal\\\/#organization\"},\"potentialAction\":[{\"@type\":\"SearchAction\",\"target\":{\"@type\":\"EntryPoint\",\"urlTemplate\":\"https:\\\/\\\/www.eldiario.net\\\/portal\\\/?s={search_term_string}\"},\"query-input\":{\"@type\":\"PropertyValueSpecification\",\"valueRequired\":true,\"valueName\":\"search_term_string\"}}],\"inLanguage\":\"es\"},{\"@type\":\"Organization\",\"@id\":\"https:\\\/\\\/www.eldiario.net\\\/portal\\\/#organization\",\"name\":\"El Diario - Decano de la prensa nacional\",\"url\":\"https:\\\/\\\/www.eldiario.net\\\/portal\\\/\",\"logo\":{\"@type\":\"ImageObject\",\"inLanguage\":\"es\",\"@id\":\"https:\\\/\\\/www.eldiario.net\\\/portal\\\/#\\\/schema\\\/logo\\\/image\\\/\",\"url\":\"https:\\\/\\\/www.eldiario.net\\\/portal\\\/wp-content\\\/uploads\\\/2023\\\/07\\\/logo_ED.jpg\",\"contentUrl\":\"https:\\\/\\\/www.eldiario.net\\\/portal\\\/wp-content\\\/uploads\\\/2023\\\/07\\\/logo_ED.jpg\",\"width\":272,\"height\":52,\"caption\":\"El Diario - Decano de la prensa nacional\"},\"image\":{\"@id\":\"https:\\\/\\\/www.eldiario.net\\\/portal\\\/#\\\/schema\\\/logo\\\/image\\\/\"},\"sameAs\":[\"https:\\\/\\\/www.facebook.com\\\/eldiario.bolivia\\\/\",\"https:\\\/\\\/x.com\\\/eldiario_net\"]},{\"@type\":\"Person\",\"@id\":\"https:\\\/\\\/www.eldiario.net\\\/portal\\\/#\\\/schema\\\/person\\\/2c57cf2b7a7ae032e449e4c9b1019eac\",\"name\":\"Jeanette\",\"image\":{\"@type\":\"ImageObject\",\"inLanguage\":\"es\",\"@id\":\"https:\\\/\\\/secure.gravatar.com\\\/avatar\\\/3ea2118a5f7dad2b7138b1187a6b7ee55f160b9968b66013c3a3ef39dd7e5798?s=96&d=mm&r=g\",\"url\":\"https:\\\/\\\/secure.gravatar.com\\\/avatar\\\/3ea2118a5f7dad2b7138b1187a6b7ee55f160b9968b66013c3a3ef39dd7e5798?s=96&d=mm&r=g\",\"contentUrl\":\"https:\\\/\\\/secure.gravatar.com\\\/avatar\\\/3ea2118a5f7dad2b7138b1187a6b7ee55f160b9968b66013c3a3ef39dd7e5798?s=96&d=mm&r=g\",\"caption\":\"Jeanette\"},\"sameAs\":[\"https:\\\/\\\/www.eldiario.net\\\/portal\"],\"url\":\"https:\\\/\\\/www.eldiario.net\\\/portal\\\/author\\\/jeanette\\\/\"}]}<\/script>\n<!-- \/ Yoast SEO plugin. -->","yoast_head_json":{"title":"Polic\u00eda arresta a manifestantes y reabre puente fronterizo - El Diario - Bolivia","robots":{"index":"index","follow":"follow","max-snippet":"max-snippet:-1","max-image-preview":"max-image-preview:large","max-video-preview":"max-video-preview:-1"},"canonical":"https:\/\/www.eldiario.net\/portal\/2022\/02\/14\/policia-arresta-a-manifestantes-y-reabre-puente-fronterizo\/","og_locale":"es_ES","og_type":"article","og_title":"Polic\u00eda arresta a manifestantes y reabre puente fronterizo - El Diario - Bolivia","og_description":"Ottawa.- La polic\u00eda canadiense detuvo a varias personas ayer y desaloj\u00f3 a manifestantes y veh\u00edculos que hab\u00edan bloqueado una ruta comercial vital en la frontera con Estados Unidos, pero el puente a\u00fan no estaba abierto al tr\u00e1fico. Los agentes intervinieron despu\u00e9s de un tenso enfrentamiento entre la polic\u00eda canadiense y los manifestantes desde el viernes, [&hellip;]","og_url":"https:\/\/www.eldiario.net\/portal\/2022\/02\/14\/policia-arresta-a-manifestantes-y-reabre-puente-fronterizo\/","og_site_name":"El Diario - Bolivia","article_publisher":"https:\/\/www.facebook.com\/eldiario.bolivia\/","article_published_time":"2022-02-14T09:19:29+00:00","author":"Jeanette","twitter_card":"summary_large_image","twitter_creator":"@eldiario_net","twitter_site":"@eldiario_net","twitter_misc":{"Escrito por":"Jeanette","Tiempo de lectura":"2 minutos"},"schema":{"@context":"https:\/\/schema.org","@graph":[{"@type":"Article","@id":"https:\/\/www.eldiario.net\/portal\/2022\/02\/14\/policia-arresta-a-manifestantes-y-reabre-puente-fronterizo\/#article","isPartOf":{"@id":"https:\/\/www.eldiario.net\/portal\/2022\/02\/14\/policia-arresta-a-manifestantes-y-reabre-puente-fronterizo\/"},"author":{"name":"Jeanette","@id":"https:\/\/www.eldiario.net\/portal\/#\/schema\/person\/2c57cf2b7a7ae032e449e4c9b1019eac"},"headline":"Polic\u00eda arresta a manifestantes y reabre puente fronterizo","datePublished":"2022-02-14T09:19:29+00:00","mainEntityOfPage":{"@id":"https:\/\/www.eldiario.net\/portal\/2022\/02\/14\/policia-arresta-a-manifestantes-y-reabre-puente-fronterizo\/"},"wordCount":258,"publisher":{"@id":"https:\/\/www.eldiario.net\/portal\/#organization"},"articleSection":["Internacional"],"inLanguage":"es"},{"@type":"WebPage","@id":"https:\/\/www.eldiario.net\/portal\/2022\/02\/14\/policia-arresta-a-manifestantes-y-reabre-puente-fronterizo\/","url":"https:\/\/www.eldiario.net\/portal\/2022\/02\/14\/policia-arresta-a-manifestantes-y-reabre-puente-fronterizo\/","name":"Polic\u00eda arresta a manifestantes y reabre puente fronterizo - El Diario - Bolivia","isPartOf":{"@id":"https:\/\/www.eldiario.net\/portal\/#website"},"datePublished":"2022-02-14T09:19:29+00:00","breadcrumb":{"@id":"https:\/\/www.eldiario.net\/portal\/2022\/02\/14\/policia-arresta-a-manifestantes-y-reabre-puente-fronterizo\/#breadcrumb"},"inLanguage":"es","potentialAction":[{"@type":"ReadAction","target":["https:\/\/www.eldiario.net\/portal\/2022\/02\/14\/policia-arresta-a-manifestantes-y-reabre-puente-fronterizo\/"]}]},{"@type":"BreadcrumbList","@id":"https:\/\/www.eldiario.net\/portal\/2022\/02\/14\/policia-arresta-a-manifestantes-y-reabre-puente-fronterizo\/#breadcrumb","itemListElement":[{"@type":"ListItem","position":1,"name":"Portada","item":"https:\/\/www.eldiario.net\/portal\/"},{"@type":"ListItem","position":2,"name":"Polic\u00eda arresta a manifestantes y reabre puente fronterizo"}]},{"@type":"WebSite","@id":"https:\/\/www.eldiario.net\/portal\/#website","url":"https:\/\/www.eldiario.net\/portal\/","name":"El Diario - Decano de la prensa nacional","description":"El Diario - Decano de la prensa nacional","publisher":{"@id":"https:\/\/www.eldiario.net\/portal\/#organization"},"potentialAction":[{"@type":"SearchAction","target":{"@type":"EntryPoint","urlTemplate":"https:\/\/www.eldiario.net\/portal\/?s={search_term_string}"},"query-input":{"@type":"PropertyValueSpecification","valueRequired":true,"valueName":"search_term_string"}}],"inLanguage":"es"},{"@type":"Organization","@id":"https:\/\/www.eldiario.net\/portal\/#organization","name":"El Diario - Decano de la prensa nacional","url":"https:\/\/www.eldiario.net\/portal\/","logo":{"@type":"ImageObject","inLanguage":"es","@id":"https:\/\/www.eldiario.net\/portal\/#\/schema\/logo\/image\/","url":"https:\/\/www.eldiario.net\/portal\/wp-content\/uploads\/2023\/07\/logo_ED.jpg","contentUrl":"https:\/\/www.eldiario.net\/portal\/wp-content\/uploads\/2023\/07\/logo_ED.jpg","width":272,"height":52,"caption":"El Diario - Decano de la prensa nacional"},"image":{"@id":"https:\/\/www.eldiario.net\/portal\/#\/schema\/logo\/image\/"},"sameAs":["https:\/\/www.facebook.com\/eldiario.bolivia\/","https:\/\/x.com\/eldiario_net"]},{"@type":"Person","@id":"https:\/\/www.eldiario.net\/portal\/#\/schema\/person\/2c57cf2b7a7ae032e449e4c9b1019eac","name":"Jeanette","image":{"@type":"ImageObject","inLanguage":"es","@id":"https:\/\/secure.gravatar.com\/avatar\/3ea2118a5f7dad2b7138b1187a6b7ee55f160b9968b66013c3a3ef39dd7e5798?s=96&d=mm&r=g","url":"https:\/\/secure.gravatar.com\/avatar\/3ea2118a5f7dad2b7138b1187a6b7ee55f160b9968b66013c3a3ef39dd7e5798?s=96&d=mm&r=g","contentUrl":"https:\/\/secure.gravatar.com\/avatar\/3ea2118a5f7dad2b7138b1187a6b7ee55f160b9968b66013c3a3ef39dd7e5798?s=96&d=mm&r=g","caption":"Jeanette"},"sameAs":["https:\/\/www.eldiario.net\/portal"],"url":"https:\/\/www.eldiario.net\/portal\/author\/jeanette\/"}]}},"_links":{"self":[{"href":"https:\/\/www.eldiario.net\/portal\/wp-json\/wp\/v2\/posts\/63096","targetHints":{"allow":["GET"]}}],"collection":[{"href":"https:\/\/www.eldiario.net\/portal\/wp-json\/wp\/v2\/posts"}],"about":[{"href":"https:\/\/www.eldiario.net\/portal\/wp-json\/wp\/v2\/types\/post"}],"author":[{"embeddable":true,"href":"https:\/\/www.eldiario.net\/portal\/wp-json\/wp\/v2\/users\/1"}],"replies":[{"embeddable":true,"href":"https:\/\/www.eldiario.net\/portal\/wp-json\/wp\/v2\/comments?post=63096"}],"version-history":[{"count":0,"href":"https:\/\/www.eldiario.net\/portal\/wp-json\/wp\/v2\/posts\/63096\/revisions"}],"wp:attachment":[{"href":"https:\/\/www.eldiario.net\/portal\/wp-json\/wp\/v2\/media?parent=63096"}],"wp:term":[{"taxonomy":"category","embeddable":true,"href":"https:\/\/www.eldiario.net\/portal\/wp-json\/wp\/v2\/categories?post=63096"},{"taxonomy":"post_tag","embeddable":true,"href":"https:\/\/www.eldiario.net\/portal\/wp-json\/wp\/v2\/tags?post=63096"}],"curies":[{"name":"wp","href":"https:\/\/api.w.org\/{rel}","templated":true}]}}