{"id":63089,"date":"2022-02-14T05:17:01","date_gmt":"2022-02-14T09:17:01","guid":{"rendered":"https:\/\/www.eldiario.net\/portal\/?p=63089"},"modified":"2022-02-14T05:17:01","modified_gmt":"2022-02-14T09:17:01","slug":"la-innovacion-en-compras-publicas-impulsa-tecnologia","status":"publish","type":"post","link":"https:\/\/www.eldiario.net\/portal\/2022\/02\/14\/la-innovacion-en-compras-publicas-impulsa-tecnologia\/","title":{"rendered":"La innovaci\u00f3n en compras  p\u00fablicas impulsa tecnolog\u00eda"},"content":{"rendered":"<p>La compra p\u00fablica de todo tipo de insumos m\u00e9dicos ha obligado a los gobiernos a ejercer un nivel de transparencia al que en muchos casos no estaban acostumbrados. Esta realidad ha acelerado algunos procesos innovadores, pero queda mucho recorrido para aprovechar el potencial de las Contrataciones P\u00fablicas de Innovaci\u00f3n (CPI) para acelerar la transformaci\u00f3n digital del sector p\u00fablico. El Gobierno ha ampliado la subasta electr\u00f3nica a los bienes y servicios en 2022.<br \/>\nLa publicaci\u00f3n de CAF -banco de desarrollo de Am\u00e9rica Latina- titulada \u201cLa compra p\u00fablica como catalizador del ecosistema de govtech\u201d analiza de manera pr\u00e1ctica c\u00f3mo las CPI pueden convertirse en un instrumento de pol\u00edtica p\u00fablica de innovaci\u00f3n para promover ecosistemas govtech.<br \/>\nDe acuerdo al estudio, los pa\u00edses de Iberoam\u00e9rica m\u00e1s avanzados en CPI son Espa\u00f1a, Portugal y Brasil, seguidos de Chile, M\u00e9xico, Uruguay, Colombia y Argentina, los cuales se encuentran en un proceso de adopci\u00f3n; mientras que Per\u00fa y Paraguay tienen un avance incipiente.<br \/>\nLos criterios de an\u00e1lisis del nivel de desarrollo de CPI que obtienen mayor puntuaci\u00f3n son el marco legal, seguido del dise\u00f1o de pol\u00edtica de CPI y la sofisticaci\u00f3n de pol\u00edticas de compra. Por el contrario, los aspectos peor valorados tienen que ver con los instrumentos de apoyo a CPI, seguido de los pilotos CPI.<br \/>\nAdem\u00e1s del an\u00e1lisis y casos, la publicaci\u00f3n presenta recomendaciones en tres l\u00edneas de acci\u00f3n para fortalecer el ecosistema govtech y fomentar la CPI en Iberoam\u00e9rica. Entre las recomendaciones se destacan, la vinculaci\u00f3n de los programas CPI y govtech a la Agenda 2030, aumentar el liderazgo institucional y el compromiso pol\u00edtico de alto nivel y fortalecer las capacidades en el capital humano para llevar a cabo procesos de CPI.<br \/>\nAdem\u00e1s, para implementar m\u00e9todos \u00e1giles de compra p\u00fablica de innovaci\u00f3n, se recomienda el desarrollo de esquemas de financiamiento para la CPI, flexibilizar los procesos normativos de regulaci\u00f3n y la incorporaci\u00f3n de modelos de evaluaci\u00f3n de iniciativas CPI.<br \/>\nFinalmente, para fomentar la oferta de scaleups y pymes govtech con vocaci\u00f3n p\u00fablica, se sugiere incluir la visi\u00f3n empresarial, acad\u00e9mica y de la sociedad civil desde fases tempranas y generar espacios de encuentro entre agentes de la oferta tecnol\u00f3gica.<\/p>\n<p>Subasta<br \/>\nMientras tanto, la pasada semana la Subasta Electr\u00f3nica en las contrataciones estatales inicialmente habilitado para Bienes, ahora tambi\u00e9n se aplicar\u00e1 a Servicios Generales y el m\u00e9todo de selecci\u00f3n y adjudicaci\u00f3n de Calidad, Propuesta T\u00e9cnica y Costo.<br \/>\nEl ministro de Econom\u00eda y Finanzas P\u00fablicas, Marcelo Montenegro, fue el que inform\u00f3 que la Subasta Electr\u00f3nica se ampl\u00eda para las contrataciones estatales de Bienes y Servicios Generales con el objetivo de apoyar la industria nacional y fortalecer la transparencia en las compras estatales.<br \/>\nLa Subasta Electr\u00f3nica se aplicar\u00e1 en las modalidades de Apoyo Nacional a la Producci\u00f3n y Empleo (ANPE) por montos desde 50.000 bolivianos hasta 1 mill\u00f3n y las Licitaciones P\u00fablicas por m\u00e1s de 1 mill\u00f3n.<br \/>\nCon el objetivo de profundizar la transparencia en los procesos de contrataci\u00f3n tomando en cuenta las ventajas del uso de medios electr\u00f3nicos se considera necesario que las propuestas sean presentadas de manera electr\u00f3nica a trav\u00e9s del Registro \u00danico de Proveedores del Estado (RUPE).<\/p>\n","protected":false},"excerpt":{"rendered":"<p>La compra p\u00fablica de todo tipo de insumos m\u00e9dicos ha obligado a los gobiernos a ejercer un nivel de transparencia al que en muchos casos no estaban acostumbrados. Esta realidad ha acelerado algunos procesos innovadores, pero queda mucho recorrido para aprovechar el potencial de las Contrataciones P\u00fablicas de Innovaci\u00f3n (CPI) para acelerar la transformaci\u00f3n digital [&hellip;]<\/p>\n","protected":false},"author":1,"featured_media":63090,"comment_status":"closed","ping_status":"closed","sticky":false,"template":"","format":"standard","meta":{"_acf_changed":false,"footnotes":""},"categories":[7],"tags":[],"class_list":["post-63089","post","type-post","status-publish","format-standard","has-post-thumbnail","category-economia"],"acf":{"antetitulo":""},"yoast_head":"<!-- This site is optimized with the Yoast SEO plugin v28.4 - https:\/\/yoast.com\/product\/yoast-seo-wordpress\/ -->\n<title>La innovaci\u00f3n en compras p\u00fablicas impulsa tecnolog\u00eda - El Diario - Bolivia<\/title>\n<meta name=\"robots\" content=\"index, follow, max-snippet:-1, max-image-preview:large, max-video-preview:-1\" \/>\n<link rel=\"canonical\" href=\"https:\/\/www.eldiario.net\/portal\/2022\/02\/14\/la-innovacion-en-compras-publicas-impulsa-tecnologia\/\" \/>\n<meta property=\"og:locale\" content=\"es_ES\" \/>\n<meta property=\"og:type\" content=\"article\" \/>\n<meta property=\"og:title\" content=\"La innovaci\u00f3n en compras p\u00fablicas impulsa tecnolog\u00eda - El Diario - Bolivia\" \/>\n<meta property=\"og:description\" content=\"La compra p\u00fablica de todo tipo de insumos m\u00e9dicos ha obligado a los gobiernos a ejercer un nivel de transparencia al que en muchos casos no estaban acostumbrados. Esta realidad ha acelerado algunos procesos innovadores, pero queda mucho recorrido para aprovechar el potencial de las Contrataciones P\u00fablicas de Innovaci\u00f3n (CPI) para acelerar la transformaci\u00f3n digital [&hellip;]\" \/>\n<meta property=\"og:url\" content=\"https:\/\/www.eldiario.net\/portal\/2022\/02\/14\/la-innovacion-en-compras-publicas-impulsa-tecnologia\/\" \/>\n<meta property=\"og:site_name\" content=\"El Diario - Bolivia\" \/>\n<meta property=\"article:publisher\" content=\"https:\/\/www.facebook.com\/eldiario.bolivia\/\" \/>\n<meta property=\"article:published_time\" content=\"2022-02-14T09:17:01+00:00\" \/>\n<meta name=\"author\" content=\"Jeanette\" \/>\n<meta name=\"twitter:card\" content=\"summary_large_image\" \/>\n<meta name=\"twitter:creator\" content=\"@eldiario_net\" \/>\n<meta name=\"twitter:site\" content=\"@eldiario_net\" \/>\n<meta name=\"twitter:label1\" content=\"Escrito por\" \/>\n\t<meta name=\"twitter:data1\" content=\"Jeanette\" \/>\n\t<meta name=\"twitter:label2\" content=\"Tiempo de lectura\" \/>\n\t<meta name=\"twitter:data2\" content=\"3 minutos\" \/>\n<script type=\"application\/ld+json\" class=\"yoast-schema-graph\">{\"@context\":\"https:\\\/\\\/schema.org\",\"@graph\":[{\"@type\":\"Article\",\"@id\":\"https:\\\/\\\/www.eldiario.net\\\/portal\\\/2022\\\/02\\\/14\\\/la-innovacion-en-compras-publicas-impulsa-tecnologia\\\/#article\",\"isPartOf\":{\"@id\":\"https:\\\/\\\/www.eldiario.net\\\/portal\\\/2022\\\/02\\\/14\\\/la-innovacion-en-compras-publicas-impulsa-tecnologia\\\/\"},\"author\":{\"name\":\"Jeanette\",\"@id\":\"https:\\\/\\\/www.eldiario.net\\\/portal\\\/#\\\/schema\\\/person\\\/2c57cf2b7a7ae032e449e4c9b1019eac\"},\"headline\":\"La innovaci\u00f3n en compras p\u00fablicas impulsa tecnolog\u00eda\",\"datePublished\":\"2022-02-14T09:17:01+00:00\",\"mainEntityOfPage\":{\"@id\":\"https:\\\/\\\/www.eldiario.net\\\/portal\\\/2022\\\/02\\\/14\\\/la-innovacion-en-compras-publicas-impulsa-tecnologia\\\/\"},\"wordCount\":584,\"publisher\":{\"@id\":\"https:\\\/\\\/www.eldiario.net\\\/portal\\\/#organization\"},\"image\":{\"@id\":\"https:\\\/\\\/www.eldiario.net\\\/portal\\\/2022\\\/02\\\/14\\\/la-innovacion-en-compras-publicas-impulsa-tecnologia\\\/#primaryimage\"},\"thumbnailUrl\":\"\",\"articleSection\":[\"Econom\u00eda\"],\"inLanguage\":\"es\"},{\"@type\":\"WebPage\",\"@id\":\"https:\\\/\\\/www.eldiario.net\\\/portal\\\/2022\\\/02\\\/14\\\/la-innovacion-en-compras-publicas-impulsa-tecnologia\\\/\",\"url\":\"https:\\\/\\\/www.eldiario.net\\\/portal\\\/2022\\\/02\\\/14\\\/la-innovacion-en-compras-publicas-impulsa-tecnologia\\\/\",\"name\":\"La innovaci\u00f3n en compras p\u00fablicas impulsa tecnolog\u00eda - El Diario - Bolivia\",\"isPartOf\":{\"@id\":\"https:\\\/\\\/www.eldiario.net\\\/portal\\\/#website\"},\"primaryImageOfPage\":{\"@id\":\"https:\\\/\\\/www.eldiario.net\\\/portal\\\/2022\\\/02\\\/14\\\/la-innovacion-en-compras-publicas-impulsa-tecnologia\\\/#primaryimage\"},\"image\":{\"@id\":\"https:\\\/\\\/www.eldiario.net\\\/portal\\\/2022\\\/02\\\/14\\\/la-innovacion-en-compras-publicas-impulsa-tecnologia\\\/#primaryimage\"},\"thumbnailUrl\":\"\",\"datePublished\":\"2022-02-14T09:17:01+00:00\",\"breadcrumb\":{\"@id\":\"https:\\\/\\\/www.eldiario.net\\\/portal\\\/2022\\\/02\\\/14\\\/la-innovacion-en-compras-publicas-impulsa-tecnologia\\\/#breadcrumb\"},\"inLanguage\":\"es\",\"potentialAction\":[{\"@type\":\"ReadAction\",\"target\":[\"https:\\\/\\\/www.eldiario.net\\\/portal\\\/2022\\\/02\\\/14\\\/la-innovacion-en-compras-publicas-impulsa-tecnologia\\\/\"]}]},{\"@type\":\"ImageObject\",\"inLanguage\":\"es\",\"@id\":\"https:\\\/\\\/www.eldiario.net\\\/portal\\\/2022\\\/02\\\/14\\\/la-innovacion-en-compras-publicas-impulsa-tecnologia\\\/#primaryimage\",\"url\":\"\",\"contentUrl\":\"\"},{\"@type\":\"BreadcrumbList\",\"@id\":\"https:\\\/\\\/www.eldiario.net\\\/portal\\\/2022\\\/02\\\/14\\\/la-innovacion-en-compras-publicas-impulsa-tecnologia\\\/#breadcrumb\",\"itemListElement\":[{\"@type\":\"ListItem\",\"position\":1,\"name\":\"Portada\",\"item\":\"https:\\\/\\\/www.eldiario.net\\\/portal\\\/\"},{\"@type\":\"ListItem\",\"position\":2,\"name\":\"La innovaci\u00f3n en compras p\u00fablicas impulsa tecnolog\u00eda\"}]},{\"@type\":\"WebSite\",\"@id\":\"https:\\\/\\\/www.eldiario.net\\\/portal\\\/#website\",\"url\":\"https:\\\/\\\/www.eldiario.net\\\/portal\\\/\",\"name\":\"El Diario - Decano de la prensa nacional\",\"description\":\"El Diario - Decano de la prensa nacional\",\"publisher\":{\"@id\":\"https:\\\/\\\/www.eldiario.net\\\/portal\\\/#organization\"},\"potentialAction\":[{\"@type\":\"SearchAction\",\"target\":{\"@type\":\"EntryPoint\",\"urlTemplate\":\"https:\\\/\\\/www.eldiario.net\\\/portal\\\/?s={search_term_string}\"},\"query-input\":{\"@type\":\"PropertyValueSpecification\",\"valueRequired\":true,\"valueName\":\"search_term_string\"}}],\"inLanguage\":\"es\"},{\"@type\":\"Organization\",\"@id\":\"https:\\\/\\\/www.eldiario.net\\\/portal\\\/#organization\",\"name\":\"El Diario - Decano de la prensa nacional\",\"url\":\"https:\\\/\\\/www.eldiario.net\\\/portal\\\/\",\"logo\":{\"@type\":\"ImageObject\",\"inLanguage\":\"es\",\"@id\":\"https:\\\/\\\/www.eldiario.net\\\/portal\\\/#\\\/schema\\\/logo\\\/image\\\/\",\"url\":\"https:\\\/\\\/www.eldiario.net\\\/portal\\\/wp-content\\\/uploads\\\/2023\\\/07\\\/logo_ED.jpg\",\"contentUrl\":\"https:\\\/\\\/www.eldiario.net\\\/portal\\\/wp-content\\\/uploads\\\/2023\\\/07\\\/logo_ED.jpg\",\"width\":272,\"height\":52,\"caption\":\"El Diario - Decano de la prensa nacional\"},\"image\":{\"@id\":\"https:\\\/\\\/www.eldiario.net\\\/portal\\\/#\\\/schema\\\/logo\\\/image\\\/\"},\"sameAs\":[\"https:\\\/\\\/www.facebook.com\\\/eldiario.bolivia\\\/\",\"https:\\\/\\\/x.com\\\/eldiario_net\"]},{\"@type\":\"Person\",\"@id\":\"https:\\\/\\\/www.eldiario.net\\\/portal\\\/#\\\/schema\\\/person\\\/2c57cf2b7a7ae032e449e4c9b1019eac\",\"name\":\"Jeanette\",\"image\":{\"@type\":\"ImageObject\",\"inLanguage\":\"es\",\"@id\":\"https:\\\/\\\/secure.gravatar.com\\\/avatar\\\/3ea2118a5f7dad2b7138b1187a6b7ee55f160b9968b66013c3a3ef39dd7e5798?s=96&d=mm&r=g\",\"url\":\"https:\\\/\\\/secure.gravatar.com\\\/avatar\\\/3ea2118a5f7dad2b7138b1187a6b7ee55f160b9968b66013c3a3ef39dd7e5798?s=96&d=mm&r=g\",\"contentUrl\":\"https:\\\/\\\/secure.gravatar.com\\\/avatar\\\/3ea2118a5f7dad2b7138b1187a6b7ee55f160b9968b66013c3a3ef39dd7e5798?s=96&d=mm&r=g\",\"caption\":\"Jeanette\"},\"sameAs\":[\"https:\\\/\\\/www.eldiario.net\\\/portal\"],\"url\":\"https:\\\/\\\/www.eldiario.net\\\/portal\\\/author\\\/jeanette\\\/\"}]}<\/script>\n<!-- \/ Yoast SEO plugin. -->","yoast_head_json":{"title":"La innovaci\u00f3n en compras p\u00fablicas impulsa tecnolog\u00eda - El Diario - Bolivia","robots":{"index":"index","follow":"follow","max-snippet":"max-snippet:-1","max-image-preview":"max-image-preview:large","max-video-preview":"max-video-preview:-1"},"canonical":"https:\/\/www.eldiario.net\/portal\/2022\/02\/14\/la-innovacion-en-compras-publicas-impulsa-tecnologia\/","og_locale":"es_ES","og_type":"article","og_title":"La innovaci\u00f3n en compras p\u00fablicas impulsa tecnolog\u00eda - El Diario - Bolivia","og_description":"La compra p\u00fablica de todo tipo de insumos m\u00e9dicos ha obligado a los gobiernos a ejercer un nivel de transparencia al que en muchos casos no estaban acostumbrados. Esta realidad ha acelerado algunos procesos innovadores, pero queda mucho recorrido para aprovechar el potencial de las Contrataciones P\u00fablicas de Innovaci\u00f3n (CPI) para acelerar la transformaci\u00f3n digital [&hellip;]","og_url":"https:\/\/www.eldiario.net\/portal\/2022\/02\/14\/la-innovacion-en-compras-publicas-impulsa-tecnologia\/","og_site_name":"El Diario - Bolivia","article_publisher":"https:\/\/www.facebook.com\/eldiario.bolivia\/","article_published_time":"2022-02-14T09:17:01+00:00","author":"Jeanette","twitter_card":"summary_large_image","twitter_creator":"@eldiario_net","twitter_site":"@eldiario_net","twitter_misc":{"Escrito por":"Jeanette","Tiempo de lectura":"3 minutos"},"schema":{"@context":"https:\/\/schema.org","@graph":[{"@type":"Article","@id":"https:\/\/www.eldiario.net\/portal\/2022\/02\/14\/la-innovacion-en-compras-publicas-impulsa-tecnologia\/#article","isPartOf":{"@id":"https:\/\/www.eldiario.net\/portal\/2022\/02\/14\/la-innovacion-en-compras-publicas-impulsa-tecnologia\/"},"author":{"name":"Jeanette","@id":"https:\/\/www.eldiario.net\/portal\/#\/schema\/person\/2c57cf2b7a7ae032e449e4c9b1019eac"},"headline":"La innovaci\u00f3n en compras p\u00fablicas impulsa tecnolog\u00eda","datePublished":"2022-02-14T09:17:01+00:00","mainEntityOfPage":{"@id":"https:\/\/www.eldiario.net\/portal\/2022\/02\/14\/la-innovacion-en-compras-publicas-impulsa-tecnologia\/"},"wordCount":584,"publisher":{"@id":"https:\/\/www.eldiario.net\/portal\/#organization"},"image":{"@id":"https:\/\/www.eldiario.net\/portal\/2022\/02\/14\/la-innovacion-en-compras-publicas-impulsa-tecnologia\/#primaryimage"},"thumbnailUrl":"","articleSection":["Econom\u00eda"],"inLanguage":"es"},{"@type":"WebPage","@id":"https:\/\/www.eldiario.net\/portal\/2022\/02\/14\/la-innovacion-en-compras-publicas-impulsa-tecnologia\/","url":"https:\/\/www.eldiario.net\/portal\/2022\/02\/14\/la-innovacion-en-compras-publicas-impulsa-tecnologia\/","name":"La innovaci\u00f3n en compras p\u00fablicas impulsa tecnolog\u00eda - El Diario - Bolivia","isPartOf":{"@id":"https:\/\/www.eldiario.net\/portal\/#website"},"primaryImageOfPage":{"@id":"https:\/\/www.eldiario.net\/portal\/2022\/02\/14\/la-innovacion-en-compras-publicas-impulsa-tecnologia\/#primaryimage"},"image":{"@id":"https:\/\/www.eldiario.net\/portal\/2022\/02\/14\/la-innovacion-en-compras-publicas-impulsa-tecnologia\/#primaryimage"},"thumbnailUrl":"","datePublished":"2022-02-14T09:17:01+00:00","breadcrumb":{"@id":"https:\/\/www.eldiario.net\/portal\/2022\/02\/14\/la-innovacion-en-compras-publicas-impulsa-tecnologia\/#breadcrumb"},"inLanguage":"es","potentialAction":[{"@type":"ReadAction","target":["https:\/\/www.eldiario.net\/portal\/2022\/02\/14\/la-innovacion-en-compras-publicas-impulsa-tecnologia\/"]}]},{"@type":"ImageObject","inLanguage":"es","@id":"https:\/\/www.eldiario.net\/portal\/2022\/02\/14\/la-innovacion-en-compras-publicas-impulsa-tecnologia\/#primaryimage","url":"","contentUrl":""},{"@type":"BreadcrumbList","@id":"https:\/\/www.eldiario.net\/portal\/2022\/02\/14\/la-innovacion-en-compras-publicas-impulsa-tecnologia\/#breadcrumb","itemListElement":[{"@type":"ListItem","position":1,"name":"Portada","item":"https:\/\/www.eldiario.net\/portal\/"},{"@type":"ListItem","position":2,"name":"La innovaci\u00f3n en compras p\u00fablicas impulsa tecnolog\u00eda"}]},{"@type":"WebSite","@id":"https:\/\/www.eldiario.net\/portal\/#website","url":"https:\/\/www.eldiario.net\/portal\/","name":"El Diario - Decano de la prensa nacional","description":"El Diario - Decano de la prensa nacional","publisher":{"@id":"https:\/\/www.eldiario.net\/portal\/#organization"},"potentialAction":[{"@type":"SearchAction","target":{"@type":"EntryPoint","urlTemplate":"https:\/\/www.eldiario.net\/portal\/?s={search_term_string}"},"query-input":{"@type":"PropertyValueSpecification","valueRequired":true,"valueName":"search_term_string"}}],"inLanguage":"es"},{"@type":"Organization","@id":"https:\/\/www.eldiario.net\/portal\/#organization","name":"El Diario - Decano de la prensa nacional","url":"https:\/\/www.eldiario.net\/portal\/","logo":{"@type":"ImageObject","inLanguage":"es","@id":"https:\/\/www.eldiario.net\/portal\/#\/schema\/logo\/image\/","url":"https:\/\/www.eldiario.net\/portal\/wp-content\/uploads\/2023\/07\/logo_ED.jpg","contentUrl":"https:\/\/www.eldiario.net\/portal\/wp-content\/uploads\/2023\/07\/logo_ED.jpg","width":272,"height":52,"caption":"El Diario - Decano de la prensa nacional"},"image":{"@id":"https:\/\/www.eldiario.net\/portal\/#\/schema\/logo\/image\/"},"sameAs":["https:\/\/www.facebook.com\/eldiario.bolivia\/","https:\/\/x.com\/eldiario_net"]},{"@type":"Person","@id":"https:\/\/www.eldiario.net\/portal\/#\/schema\/person\/2c57cf2b7a7ae032e449e4c9b1019eac","name":"Jeanette","image":{"@type":"ImageObject","inLanguage":"es","@id":"https:\/\/secure.gravatar.com\/avatar\/3ea2118a5f7dad2b7138b1187a6b7ee55f160b9968b66013c3a3ef39dd7e5798?s=96&d=mm&r=g","url":"https:\/\/secure.gravatar.com\/avatar\/3ea2118a5f7dad2b7138b1187a6b7ee55f160b9968b66013c3a3ef39dd7e5798?s=96&d=mm&r=g","contentUrl":"https:\/\/secure.gravatar.com\/avatar\/3ea2118a5f7dad2b7138b1187a6b7ee55f160b9968b66013c3a3ef39dd7e5798?s=96&d=mm&r=g","caption":"Jeanette"},"sameAs":["https:\/\/www.eldiario.net\/portal"],"url":"https:\/\/www.eldiario.net\/portal\/author\/jeanette\/"}]}},"_links":{"self":[{"href":"https:\/\/www.eldiario.net\/portal\/wp-json\/wp\/v2\/posts\/63089","targetHints":{"allow":["GET"]}}],"collection":[{"href":"https:\/\/www.eldiario.net\/portal\/wp-json\/wp\/v2\/posts"}],"about":[{"href":"https:\/\/www.eldiario.net\/portal\/wp-json\/wp\/v2\/types\/post"}],"author":[{"embeddable":true,"href":"https:\/\/www.eldiario.net\/portal\/wp-json\/wp\/v2\/users\/1"}],"replies":[{"embeddable":true,"href":"https:\/\/www.eldiario.net\/portal\/wp-json\/wp\/v2\/comments?post=63089"}],"version-history":[{"count":0,"href":"https:\/\/www.eldiario.net\/portal\/wp-json\/wp\/v2\/posts\/63089\/revisions"}],"wp:attachment":[{"href":"https:\/\/www.eldiario.net\/portal\/wp-json\/wp\/v2\/media?parent=63089"}],"wp:term":[{"taxonomy":"category","embeddable":true,"href":"https:\/\/www.eldiario.net\/portal\/wp-json\/wp\/v2\/categories?post=63089"},{"taxonomy":"post_tag","embeddable":true,"href":"https:\/\/www.eldiario.net\/portal\/wp-json\/wp\/v2\/tags?post=63089"}],"curies":[{"name":"wp","href":"https:\/\/api.w.org\/{rel}","templated":true}]}}