{"id":63085,"date":"2022-02-14T05:15:49","date_gmt":"2022-02-14T09:15:49","guid":{"rendered":"https:\/\/www.eldiario.net\/portal\/?p=63085"},"modified":"2022-02-14T05:15:49","modified_gmt":"2022-02-14T09:15:49","slug":"aduana-cerro-2021-con-un-valor-de-comiso-de-menos-de-us-100-millones","status":"publish","type":"post","link":"https:\/\/www.eldiario.net\/portal\/2022\/02\/14\/aduana-cerro-2021-con-un-valor-de-comiso-de-menos-de-us-100-millones\/","title":{"rendered":"Aduana cerr\u00f3 2021 con un valor de  comiso de menos de $us 100 millones"},"content":{"rendered":"<p>De acuerdo a la Rendici\u00f3n P\u00fablica que brind\u00f3, hace unos d\u00edas la presidenta de la Aduana Nacional, Karina Serrudo, el valor de los decomisos no lograron pasar los 100 millones de d\u00f3lares, puesto que el sector privado estima que la cidra bordea los 3.000 millones anuales.<br \/>\nEn su informe, la Presidenta de la Aduana se\u00f1al\u00f3 que en decomisos al contrabando se alcanz\u00f3 una cifra de 654 millones de bolivianos, en recaudaci\u00f3n se alcanzaron 13.385 millones, una ejecuci\u00f3n tributaria de 167 millones, 47.065 millones de bolivianos en importaciones y 72.657 millones de bolivianos en exportaciones.<br \/>\nEl contrabando creci\u00f3 en los \u00faltimos a\u00f1os, y la modificaci\u00f3n de la norma permiti\u00f3 aumentar las UFV a 200.000, por lo que el empresariado sugiere reducir a 10.000 Unidades de Fomento a la Vivienda (UFVs).<br \/>\nEn una reuni\u00f3n con embajadores y sector empresarial, el presidente de la C\u00e1mara Nacional de Industria (CNI), Ibo Blazicevic, inform\u00f3 que el valor del contrabando en la d\u00e9cada de los 90 alcanzaba a m\u00e1s de 900 millones de d\u00f3lares, pero a la fecha se triplic\u00f3 a 3.000 millones.<br \/>\nSin embargo, si se toma en cuenta el micro contrabando la cifra se incrementa en 500 millones de d\u00f3lares m\u00e1s, en su momento indicaron los peque\u00f1os empresarios.<\/p>\n<p>Logros<br \/>\nEn la Rendici\u00f3n de Cuentas, Serrudo inform\u00f3 que uno de los avances m\u00e1s importantes fue la implementaci\u00f3n del Sistema \u00danico de Modernizaci\u00f3n Aduanera (SUMA), que facilita los tr\u00e1mites de importaci\u00f3n y exportaci\u00f3n puesto que abarca todos los reg\u00edmenes aduaneros en una sola plataforma.<br \/>\nLa Aduana durante el 2021, ha invertido en el mejoramiento y modernizaci\u00f3n de su infraestructura, la interconexi\u00f3n entre las diferentes oficinas en todo el pa\u00eds mediante una nueva central telef\u00f3nica, nuevos sistemas de control de personal y asistencia, c\u00e1maras de seguridad para instalaciones y veh\u00edculos institucionales y otros elementos tecnol\u00f3gicos.<\/p>\n","protected":false},"excerpt":{"rendered":"<p>De acuerdo a la Rendici\u00f3n P\u00fablica que brind\u00f3, hace unos d\u00edas la presidenta de la Aduana Nacional, Karina Serrudo, el valor de los decomisos no lograron pasar los 100 millones de d\u00f3lares, puesto que el sector privado estima que la cidra bordea los 3.000 millones anuales. En su informe, la Presidenta de la Aduana se\u00f1al\u00f3 [&hellip;]<\/p>\n","protected":false},"author":1,"featured_media":0,"comment_status":"closed","ping_status":"closed","sticky":false,"template":"","format":"standard","meta":{"_acf_changed":false,"footnotes":""},"categories":[7],"tags":[],"class_list":["post-63085","post","type-post","status-publish","format-standard","category-economia"],"acf":{"antetitulo":""},"yoast_head":"<!-- This site is optimized with the Yoast SEO plugin v28.4 - https:\/\/yoast.com\/product\/yoast-seo-wordpress\/ -->\n<title>Aduana cerr\u00f3 2021 con un valor de comiso de menos de $us 100 millones - El Diario - Bolivia<\/title>\n<meta name=\"robots\" content=\"index, follow, max-snippet:-1, max-image-preview:large, max-video-preview:-1\" \/>\n<link rel=\"canonical\" href=\"https:\/\/www.eldiario.net\/portal\/2022\/02\/14\/aduana-cerro-2021-con-un-valor-de-comiso-de-menos-de-us-100-millones\/\" \/>\n<meta property=\"og:locale\" content=\"es_ES\" \/>\n<meta property=\"og:type\" content=\"article\" \/>\n<meta property=\"og:title\" content=\"Aduana cerr\u00f3 2021 con un valor de comiso de menos de $us 100 millones - El Diario - Bolivia\" \/>\n<meta property=\"og:description\" content=\"De acuerdo a la Rendici\u00f3n P\u00fablica que brind\u00f3, hace unos d\u00edas la presidenta de la Aduana Nacional, Karina Serrudo, el valor de los decomisos no lograron pasar los 100 millones de d\u00f3lares, puesto que el sector privado estima que la cidra bordea los 3.000 millones anuales. En su informe, la Presidenta de la Aduana se\u00f1al\u00f3 [&hellip;]\" \/>\n<meta property=\"og:url\" content=\"https:\/\/www.eldiario.net\/portal\/2022\/02\/14\/aduana-cerro-2021-con-un-valor-de-comiso-de-menos-de-us-100-millones\/\" \/>\n<meta property=\"og:site_name\" content=\"El Diario - Bolivia\" \/>\n<meta property=\"article:publisher\" content=\"https:\/\/www.facebook.com\/eldiario.bolivia\/\" \/>\n<meta property=\"article:published_time\" content=\"2022-02-14T09:15:49+00:00\" \/>\n<meta name=\"author\" content=\"Jeanette\" \/>\n<meta name=\"twitter:card\" content=\"summary_large_image\" \/>\n<meta name=\"twitter:creator\" content=\"@eldiario_net\" \/>\n<meta name=\"twitter:site\" content=\"@eldiario_net\" \/>\n<meta name=\"twitter:label1\" content=\"Escrito por\" \/>\n\t<meta name=\"twitter:data1\" content=\"Jeanette\" \/>\n\t<meta name=\"twitter:label2\" content=\"Tiempo de lectura\" \/>\n\t<meta name=\"twitter:data2\" content=\"2 minutos\" \/>\n<script type=\"application\/ld+json\" class=\"yoast-schema-graph\">{\"@context\":\"https:\\\/\\\/schema.org\",\"@graph\":[{\"@type\":\"Article\",\"@id\":\"https:\\\/\\\/www.eldiario.net\\\/portal\\\/2022\\\/02\\\/14\\\/aduana-cerro-2021-con-un-valor-de-comiso-de-menos-de-us-100-millones\\\/#article\",\"isPartOf\":{\"@id\":\"https:\\\/\\\/www.eldiario.net\\\/portal\\\/2022\\\/02\\\/14\\\/aduana-cerro-2021-con-un-valor-de-comiso-de-menos-de-us-100-millones\\\/\"},\"author\":{\"name\":\"Jeanette\",\"@id\":\"https:\\\/\\\/www.eldiario.net\\\/portal\\\/#\\\/schema\\\/person\\\/2c57cf2b7a7ae032e449e4c9b1019eac\"},\"headline\":\"Aduana cerr\u00f3 2021 con un valor de comiso de menos de $us 100 millones\",\"datePublished\":\"2022-02-14T09:15:49+00:00\",\"mainEntityOfPage\":{\"@id\":\"https:\\\/\\\/www.eldiario.net\\\/portal\\\/2022\\\/02\\\/14\\\/aduana-cerro-2021-con-un-valor-de-comiso-de-menos-de-us-100-millones\\\/\"},\"wordCount\":328,\"publisher\":{\"@id\":\"https:\\\/\\\/www.eldiario.net\\\/portal\\\/#organization\"},\"articleSection\":[\"Econom\u00eda\"],\"inLanguage\":\"es\"},{\"@type\":\"WebPage\",\"@id\":\"https:\\\/\\\/www.eldiario.net\\\/portal\\\/2022\\\/02\\\/14\\\/aduana-cerro-2021-con-un-valor-de-comiso-de-menos-de-us-100-millones\\\/\",\"url\":\"https:\\\/\\\/www.eldiario.net\\\/portal\\\/2022\\\/02\\\/14\\\/aduana-cerro-2021-con-un-valor-de-comiso-de-menos-de-us-100-millones\\\/\",\"name\":\"Aduana cerr\u00f3 2021 con un valor de comiso de menos de $us 100 millones - El Diario - Bolivia\",\"isPartOf\":{\"@id\":\"https:\\\/\\\/www.eldiario.net\\\/portal\\\/#website\"},\"datePublished\":\"2022-02-14T09:15:49+00:00\",\"breadcrumb\":{\"@id\":\"https:\\\/\\\/www.eldiario.net\\\/portal\\\/2022\\\/02\\\/14\\\/aduana-cerro-2021-con-un-valor-de-comiso-de-menos-de-us-100-millones\\\/#breadcrumb\"},\"inLanguage\":\"es\",\"potentialAction\":[{\"@type\":\"ReadAction\",\"target\":[\"https:\\\/\\\/www.eldiario.net\\\/portal\\\/2022\\\/02\\\/14\\\/aduana-cerro-2021-con-un-valor-de-comiso-de-menos-de-us-100-millones\\\/\"]}]},{\"@type\":\"BreadcrumbList\",\"@id\":\"https:\\\/\\\/www.eldiario.net\\\/portal\\\/2022\\\/02\\\/14\\\/aduana-cerro-2021-con-un-valor-de-comiso-de-menos-de-us-100-millones\\\/#breadcrumb\",\"itemListElement\":[{\"@type\":\"ListItem\",\"position\":1,\"name\":\"Portada\",\"item\":\"https:\\\/\\\/www.eldiario.net\\\/portal\\\/\"},{\"@type\":\"ListItem\",\"position\":2,\"name\":\"Aduana cerr\u00f3 2021 con un valor de comiso de menos de $us 100 millones\"}]},{\"@type\":\"WebSite\",\"@id\":\"https:\\\/\\\/www.eldiario.net\\\/portal\\\/#website\",\"url\":\"https:\\\/\\\/www.eldiario.net\\\/portal\\\/\",\"name\":\"El Diario - Decano de la prensa nacional\",\"description\":\"El Diario - Decano de la prensa nacional\",\"publisher\":{\"@id\":\"https:\\\/\\\/www.eldiario.net\\\/portal\\\/#organization\"},\"potentialAction\":[{\"@type\":\"SearchAction\",\"target\":{\"@type\":\"EntryPoint\",\"urlTemplate\":\"https:\\\/\\\/www.eldiario.net\\\/portal\\\/?s={search_term_string}\"},\"query-input\":{\"@type\":\"PropertyValueSpecification\",\"valueRequired\":true,\"valueName\":\"search_term_string\"}}],\"inLanguage\":\"es\"},{\"@type\":\"Organization\",\"@id\":\"https:\\\/\\\/www.eldiario.net\\\/portal\\\/#organization\",\"name\":\"El Diario - Decano de la prensa nacional\",\"url\":\"https:\\\/\\\/www.eldiario.net\\\/portal\\\/\",\"logo\":{\"@type\":\"ImageObject\",\"inLanguage\":\"es\",\"@id\":\"https:\\\/\\\/www.eldiario.net\\\/portal\\\/#\\\/schema\\\/logo\\\/image\\\/\",\"url\":\"https:\\\/\\\/www.eldiario.net\\\/portal\\\/wp-content\\\/uploads\\\/2023\\\/07\\\/logo_ED.jpg\",\"contentUrl\":\"https:\\\/\\\/www.eldiario.net\\\/portal\\\/wp-content\\\/uploads\\\/2023\\\/07\\\/logo_ED.jpg\",\"width\":272,\"height\":52,\"caption\":\"El Diario - Decano de la prensa nacional\"},\"image\":{\"@id\":\"https:\\\/\\\/www.eldiario.net\\\/portal\\\/#\\\/schema\\\/logo\\\/image\\\/\"},\"sameAs\":[\"https:\\\/\\\/www.facebook.com\\\/eldiario.bolivia\\\/\",\"https:\\\/\\\/x.com\\\/eldiario_net\"]},{\"@type\":\"Person\",\"@id\":\"https:\\\/\\\/www.eldiario.net\\\/portal\\\/#\\\/schema\\\/person\\\/2c57cf2b7a7ae032e449e4c9b1019eac\",\"name\":\"Jeanette\",\"image\":{\"@type\":\"ImageObject\",\"inLanguage\":\"es\",\"@id\":\"https:\\\/\\\/secure.gravatar.com\\\/avatar\\\/3ea2118a5f7dad2b7138b1187a6b7ee55f160b9968b66013c3a3ef39dd7e5798?s=96&d=mm&r=g\",\"url\":\"https:\\\/\\\/secure.gravatar.com\\\/avatar\\\/3ea2118a5f7dad2b7138b1187a6b7ee55f160b9968b66013c3a3ef39dd7e5798?s=96&d=mm&r=g\",\"contentUrl\":\"https:\\\/\\\/secure.gravatar.com\\\/avatar\\\/3ea2118a5f7dad2b7138b1187a6b7ee55f160b9968b66013c3a3ef39dd7e5798?s=96&d=mm&r=g\",\"caption\":\"Jeanette\"},\"sameAs\":[\"https:\\\/\\\/www.eldiario.net\\\/portal\"],\"url\":\"https:\\\/\\\/www.eldiario.net\\\/portal\\\/author\\\/jeanette\\\/\"}]}<\/script>\n<!-- \/ Yoast SEO plugin. -->","yoast_head_json":{"title":"Aduana cerr\u00f3 2021 con un valor de comiso de menos de $us 100 millones - El Diario - Bolivia","robots":{"index":"index","follow":"follow","max-snippet":"max-snippet:-1","max-image-preview":"max-image-preview:large","max-video-preview":"max-video-preview:-1"},"canonical":"https:\/\/www.eldiario.net\/portal\/2022\/02\/14\/aduana-cerro-2021-con-un-valor-de-comiso-de-menos-de-us-100-millones\/","og_locale":"es_ES","og_type":"article","og_title":"Aduana cerr\u00f3 2021 con un valor de comiso de menos de $us 100 millones - El Diario - Bolivia","og_description":"De acuerdo a la Rendici\u00f3n P\u00fablica que brind\u00f3, hace unos d\u00edas la presidenta de la Aduana Nacional, Karina Serrudo, el valor de los decomisos no lograron pasar los 100 millones de d\u00f3lares, puesto que el sector privado estima que la cidra bordea los 3.000 millones anuales. En su informe, la Presidenta de la Aduana se\u00f1al\u00f3 [&hellip;]","og_url":"https:\/\/www.eldiario.net\/portal\/2022\/02\/14\/aduana-cerro-2021-con-un-valor-de-comiso-de-menos-de-us-100-millones\/","og_site_name":"El Diario - Bolivia","article_publisher":"https:\/\/www.facebook.com\/eldiario.bolivia\/","article_published_time":"2022-02-14T09:15:49+00:00","author":"Jeanette","twitter_card":"summary_large_image","twitter_creator":"@eldiario_net","twitter_site":"@eldiario_net","twitter_misc":{"Escrito por":"Jeanette","Tiempo de lectura":"2 minutos"},"schema":{"@context":"https:\/\/schema.org","@graph":[{"@type":"Article","@id":"https:\/\/www.eldiario.net\/portal\/2022\/02\/14\/aduana-cerro-2021-con-un-valor-de-comiso-de-menos-de-us-100-millones\/#article","isPartOf":{"@id":"https:\/\/www.eldiario.net\/portal\/2022\/02\/14\/aduana-cerro-2021-con-un-valor-de-comiso-de-menos-de-us-100-millones\/"},"author":{"name":"Jeanette","@id":"https:\/\/www.eldiario.net\/portal\/#\/schema\/person\/2c57cf2b7a7ae032e449e4c9b1019eac"},"headline":"Aduana cerr\u00f3 2021 con un valor de comiso de menos de $us 100 millones","datePublished":"2022-02-14T09:15:49+00:00","mainEntityOfPage":{"@id":"https:\/\/www.eldiario.net\/portal\/2022\/02\/14\/aduana-cerro-2021-con-un-valor-de-comiso-de-menos-de-us-100-millones\/"},"wordCount":328,"publisher":{"@id":"https:\/\/www.eldiario.net\/portal\/#organization"},"articleSection":["Econom\u00eda"],"inLanguage":"es"},{"@type":"WebPage","@id":"https:\/\/www.eldiario.net\/portal\/2022\/02\/14\/aduana-cerro-2021-con-un-valor-de-comiso-de-menos-de-us-100-millones\/","url":"https:\/\/www.eldiario.net\/portal\/2022\/02\/14\/aduana-cerro-2021-con-un-valor-de-comiso-de-menos-de-us-100-millones\/","name":"Aduana cerr\u00f3 2021 con un valor de comiso de menos de $us 100 millones - El Diario - Bolivia","isPartOf":{"@id":"https:\/\/www.eldiario.net\/portal\/#website"},"datePublished":"2022-02-14T09:15:49+00:00","breadcrumb":{"@id":"https:\/\/www.eldiario.net\/portal\/2022\/02\/14\/aduana-cerro-2021-con-un-valor-de-comiso-de-menos-de-us-100-millones\/#breadcrumb"},"inLanguage":"es","potentialAction":[{"@type":"ReadAction","target":["https:\/\/www.eldiario.net\/portal\/2022\/02\/14\/aduana-cerro-2021-con-un-valor-de-comiso-de-menos-de-us-100-millones\/"]}]},{"@type":"BreadcrumbList","@id":"https:\/\/www.eldiario.net\/portal\/2022\/02\/14\/aduana-cerro-2021-con-un-valor-de-comiso-de-menos-de-us-100-millones\/#breadcrumb","itemListElement":[{"@type":"ListItem","position":1,"name":"Portada","item":"https:\/\/www.eldiario.net\/portal\/"},{"@type":"ListItem","position":2,"name":"Aduana cerr\u00f3 2021 con un valor de comiso de menos de $us 100 millones"}]},{"@type":"WebSite","@id":"https:\/\/www.eldiario.net\/portal\/#website","url":"https:\/\/www.eldiario.net\/portal\/","name":"El Diario - Decano de la prensa nacional","description":"El Diario - Decano de la prensa nacional","publisher":{"@id":"https:\/\/www.eldiario.net\/portal\/#organization"},"potentialAction":[{"@type":"SearchAction","target":{"@type":"EntryPoint","urlTemplate":"https:\/\/www.eldiario.net\/portal\/?s={search_term_string}"},"query-input":{"@type":"PropertyValueSpecification","valueRequired":true,"valueName":"search_term_string"}}],"inLanguage":"es"},{"@type":"Organization","@id":"https:\/\/www.eldiario.net\/portal\/#organization","name":"El Diario - Decano de la prensa nacional","url":"https:\/\/www.eldiario.net\/portal\/","logo":{"@type":"ImageObject","inLanguage":"es","@id":"https:\/\/www.eldiario.net\/portal\/#\/schema\/logo\/image\/","url":"https:\/\/www.eldiario.net\/portal\/wp-content\/uploads\/2023\/07\/logo_ED.jpg","contentUrl":"https:\/\/www.eldiario.net\/portal\/wp-content\/uploads\/2023\/07\/logo_ED.jpg","width":272,"height":52,"caption":"El Diario - Decano de la prensa nacional"},"image":{"@id":"https:\/\/www.eldiario.net\/portal\/#\/schema\/logo\/image\/"},"sameAs":["https:\/\/www.facebook.com\/eldiario.bolivia\/","https:\/\/x.com\/eldiario_net"]},{"@type":"Person","@id":"https:\/\/www.eldiario.net\/portal\/#\/schema\/person\/2c57cf2b7a7ae032e449e4c9b1019eac","name":"Jeanette","image":{"@type":"ImageObject","inLanguage":"es","@id":"https:\/\/secure.gravatar.com\/avatar\/3ea2118a5f7dad2b7138b1187a6b7ee55f160b9968b66013c3a3ef39dd7e5798?s=96&d=mm&r=g","url":"https:\/\/secure.gravatar.com\/avatar\/3ea2118a5f7dad2b7138b1187a6b7ee55f160b9968b66013c3a3ef39dd7e5798?s=96&d=mm&r=g","contentUrl":"https:\/\/secure.gravatar.com\/avatar\/3ea2118a5f7dad2b7138b1187a6b7ee55f160b9968b66013c3a3ef39dd7e5798?s=96&d=mm&r=g","caption":"Jeanette"},"sameAs":["https:\/\/www.eldiario.net\/portal"],"url":"https:\/\/www.eldiario.net\/portal\/author\/jeanette\/"}]}},"_links":{"self":[{"href":"https:\/\/www.eldiario.net\/portal\/wp-json\/wp\/v2\/posts\/63085","targetHints":{"allow":["GET"]}}],"collection":[{"href":"https:\/\/www.eldiario.net\/portal\/wp-json\/wp\/v2\/posts"}],"about":[{"href":"https:\/\/www.eldiario.net\/portal\/wp-json\/wp\/v2\/types\/post"}],"author":[{"embeddable":true,"href":"https:\/\/www.eldiario.net\/portal\/wp-json\/wp\/v2\/users\/1"}],"replies":[{"embeddable":true,"href":"https:\/\/www.eldiario.net\/portal\/wp-json\/wp\/v2\/comments?post=63085"}],"version-history":[{"count":0,"href":"https:\/\/www.eldiario.net\/portal\/wp-json\/wp\/v2\/posts\/63085\/revisions"}],"wp:attachment":[{"href":"https:\/\/www.eldiario.net\/portal\/wp-json\/wp\/v2\/media?parent=63085"}],"wp:term":[{"taxonomy":"category","embeddable":true,"href":"https:\/\/www.eldiario.net\/portal\/wp-json\/wp\/v2\/categories?post=63085"},{"taxonomy":"post_tag","embeddable":true,"href":"https:\/\/www.eldiario.net\/portal\/wp-json\/wp\/v2\/tags?post=63085"}],"curies":[{"name":"wp","href":"https:\/\/api.w.org\/{rel}","templated":true}]}}