{"id":63079,"date":"2022-02-14T05:15:19","date_gmt":"2022-02-14T09:15:19","guid":{"rendered":"https:\/\/www.eldiario.net\/portal\/?p=63079"},"modified":"2022-02-14T05:15:19","modified_gmt":"2022-02-14T09:15:19","slug":"animal-de-medianocheun-libro-de-cuentos-mas-y-mejor","status":"publish","type":"post","link":"https:\/\/www.eldiario.net\/portal\/2022\/02\/14\/animal-de-medianocheun-libro-de-cuentos-mas-y-mejor\/","title":{"rendered":"Animal de medianocheUn libro de cuentos  m\u00e1s (y mejor)"},"content":{"rendered":"<p>Rese\u00f1a de Daniel Averanga Montiel<\/p>\n<p>En estos tiempos es dif\u00edcil encontrar un libro que, siendo el primero en la producci\u00f3n de un autor, logre sorprender por la diversidad de los temas, argumentos, estilos y formas que propone.<br \/>\nRealmente no logra ser f\u00e1cil sacar algo por primera vez para los lectores y que sea o posea esa magia que justifica la lectura. Los lectores, como seres consumidores, a veces somos muy crueles y no damos segundas oportunidades.<br \/>\nDe hecho, no es novedad que muchos de los escritores ya consolidados renieguen de sus libros inaugurales, o lectores que digan que los primeros libros de ciertos autores sean los menos preferidos porque \u201cel autor estaba buscando su voz en esa primera etapa\u201d; pero la verdad es que, como afirma Borges en una entrevista realizada por Joaqu\u00edn Soler Serrano el siglo pasado, un autor abre su oficio con una esencia y esta, a pesar de los a\u00f1os, no cambia.<br \/>\nEn este sentido, ha sido una grata sorpresa encontrarme con \u201cAnimal de Medianoche\u201d, el primer libro de cuentos de Salem Arce Tavares, que le\u00ed en casi tres d\u00edas; trato de ser r\u00e1pido en mis lecturas y avanzo m\u00e1s r\u00e1pido cuanto m\u00e1s me gusta el libro; en este caso, me ha agradado mucho el atrevimiento de su autor, los temas que trata y los estilos que abarca, pues todos ellos suman una prueba irrefutable de muchas lecturas literarias e incluso cinematogr\u00e1ficas, ya que cada cuento aborda lo visual desde lo sensitivo; no olvidar esto: cada una de las formas de describir las perversiones y los actos violentos realizados por Arce, es un avance hacia la comprensi\u00f3n de cada uno de los cuentos incluidos; su forma de narrar y de describir es casi con la fuerza de un aluvi\u00f3n, record\u00e1ndome en ciertos momentos al m\u00e1s violento Arturo Von Vacano, autor de aquella explosi\u00f3n narrativa llamada \u201cEl apocalipsis de Ant\u00f3n\u201d, que pareci\u00f3 desaparecer en influencias, pero que, con la lectura de estos cuentos, parece revivir con la misma fuerza de su aparici\u00f3n.<br \/>\nCada p\u00e1rrafo de Arce porta un doble o triple sentido, y cada sentido oscurece una aclaraci\u00f3n de lo que se est\u00e1 contando. Denomino a esto, y lo he visto en muchos autores recientes, como La virtud de la premura: ellos tienen hambre y quieren comerse el mundo para poder asimilarlo y darle un propio lenguaje para replicarlo en sus letras.<br \/>\n\u201cAnimal de medianoche\u201d no se queda en pausa en ning\u00fan momento: explota a cada momento y sorprende por su naturalidad y fluidez, cosa notoria en nuevos autores que llaman la atenci\u00f3n porque trabajan la palabra con sinceridad; un ejemplo de esto son las elipsis sorpresivas que Arce saca de sus mangas para producir un efecto distinto al que esper\u00e1bamos. Ese es un logro satisfactorio y notable, y demuestra que el futuro de la literatura boliviana no se quedar\u00e1 solo en tratar de recorrer los senderos grandiosos y sutiles del minimalismo; Arce y otros de los nuevos autores no necesitan andar ese camino ya transitado, es m\u00e1s, se har\u00e1n su propio camino, algo barroco (no es nada malo decir que uno tiene algo de barroquismo en su estilo narrativo, a veces esto es la cura contra lo simplista que se disfraza de minimalista), algo portentoso, exagerado y febril, pero excelente y entusiasta, y eso vale por mil.<\/p>\n<div id='gallery-1' class='gallery galleryid-63079 gallery-columns-3 gallery-size-medium'><figure class='gallery-item'>\n\t\t\t<div class='gallery-icon portrait'>\n\t\t\t\t<a href='https:\/\/www.eldiario.net\/portal\/2022\/02\/14\/animal-de-medianocheun-libro-de-cuentos-mas-y-mejor\/autor-de-la-resena-jpg-19-kb\/'><img loading=\"lazy\" decoding=\"async\" width=\"300\" height=\"300\" src=\"https:\/\/www.eldiario.net\/portal\/wp-content\/uploads\/2022\/02\/AUTOR-DE-LA-RESENA.jpg-19-KB-300x300.jpg\" class=\"attachment-medium size-medium\" alt=\"\" srcset=\"https:\/\/www.eldiario.net\/portal\/wp-content\/uploads\/2022\/02\/AUTOR-DE-LA-RESENA.jpg-19-KB-300x300.jpg 300w, https:\/\/www.eldiario.net\/portal\/wp-content\/uploads\/2022\/02\/AUTOR-DE-LA-RESENA.jpg-19-KB-150x150.jpg 150w, https:\/\/www.eldiario.net\/portal\/wp-content\/uploads\/2022\/02\/AUTOR-DE-LA-RESENA.jpg-19-KB.jpg 404w\" sizes=\"auto, (max-width: 300px) 100vw, 300px\" \/><\/a>\n\t\t\t<\/div><\/figure>\n\t\t<\/div>\n\n","protected":false},"excerpt":{"rendered":"<p>Rese\u00f1a de Daniel Averanga Montiel En estos tiempos es dif\u00edcil encontrar un libro que, siendo el primero en la producci\u00f3n de un autor, logre sorprender por la diversidad de los temas, argumentos, estilos y formas que propone. Realmente no logra ser f\u00e1cil sacar algo por primera vez para los lectores y que sea o posea [&hellip;]<\/p>\n","protected":false},"author":1,"featured_media":63080,"comment_status":"closed","ping_status":"closed","sticky":false,"template":"","format":"standard","meta":{"_acf_changed":false,"footnotes":""},"categories":[8],"tags":[],"class_list":["post-63079","post","type-post","status-publish","format-standard","has-post-thumbnail","category-cultural"],"acf":{"antetitulo":""},"yoast_head":"<!-- This site is optimized with the Yoast SEO plugin v28.4 - https:\/\/yoast.com\/product\/yoast-seo-wordpress\/ -->\n<title>Animal de medianocheUn libro de cuentos m\u00e1s (y mejor) - El Diario - Bolivia<\/title>\n<meta name=\"robots\" content=\"index, follow, max-snippet:-1, max-image-preview:large, max-video-preview:-1\" \/>\n<link rel=\"canonical\" href=\"https:\/\/www.eldiario.net\/portal\/2022\/02\/14\/animal-de-medianocheun-libro-de-cuentos-mas-y-mejor\/\" \/>\n<meta property=\"og:locale\" content=\"es_ES\" \/>\n<meta property=\"og:type\" content=\"article\" \/>\n<meta property=\"og:title\" content=\"Animal de medianocheUn libro de cuentos m\u00e1s (y mejor) - El Diario - Bolivia\" \/>\n<meta property=\"og:description\" content=\"Rese\u00f1a de Daniel Averanga Montiel En estos tiempos es dif\u00edcil encontrar un libro que, siendo el primero en la producci\u00f3n de un autor, logre sorprender por la diversidad de los temas, argumentos, estilos y formas que propone. Realmente no logra ser f\u00e1cil sacar algo por primera vez para los lectores y que sea o posea [&hellip;]\" \/>\n<meta property=\"og:url\" content=\"https:\/\/www.eldiario.net\/portal\/2022\/02\/14\/animal-de-medianocheun-libro-de-cuentos-mas-y-mejor\/\" \/>\n<meta property=\"og:site_name\" content=\"El Diario - Bolivia\" \/>\n<meta property=\"article:publisher\" content=\"https:\/\/www.facebook.com\/eldiario.bolivia\/\" \/>\n<meta property=\"article:published_time\" content=\"2022-02-14T09:15:19+00:00\" \/>\n<meta property=\"og:image\" content=\"https:\/\/www.eldiario.net\/portal\/wp-content\/uploads\/2022\/02\/AUTOR-DEL-LIBRO.jpg-556-KB.jpg\" \/>\n\t<meta property=\"og:image:width\" content=\"1000\" \/>\n\t<meta property=\"og:image:height\" content=\"880\" \/>\n\t<meta property=\"og:image:type\" content=\"image\/jpeg\" \/>\n<meta name=\"author\" content=\"Jeanette\" \/>\n<meta name=\"twitter:card\" content=\"summary_large_image\" \/>\n<meta name=\"twitter:creator\" content=\"@eldiario_net\" \/>\n<meta name=\"twitter:site\" content=\"@eldiario_net\" \/>\n<meta name=\"twitter:label1\" content=\"Escrito por\" \/>\n\t<meta name=\"twitter:data1\" content=\"Jeanette\" \/>\n\t<meta name=\"twitter:label2\" content=\"Tiempo de lectura\" \/>\n\t<meta name=\"twitter:data2\" content=\"3 minutos\" \/>\n<script type=\"application\/ld+json\" class=\"yoast-schema-graph\">{\"@context\":\"https:\\\/\\\/schema.org\",\"@graph\":[{\"@type\":\"Article\",\"@id\":\"https:\\\/\\\/www.eldiario.net\\\/portal\\\/2022\\\/02\\\/14\\\/animal-de-medianocheun-libro-de-cuentos-mas-y-mejor\\\/#article\",\"isPartOf\":{\"@id\":\"https:\\\/\\\/www.eldiario.net\\\/portal\\\/2022\\\/02\\\/14\\\/animal-de-medianocheun-libro-de-cuentos-mas-y-mejor\\\/\"},\"author\":{\"name\":\"Jeanette\",\"@id\":\"https:\\\/\\\/www.eldiario.net\\\/portal\\\/#\\\/schema\\\/person\\\/2c57cf2b7a7ae032e449e4c9b1019eac\"},\"headline\":\"Animal de medianocheUn libro de cuentos m\u00e1s (y mejor)\",\"datePublished\":\"2022-02-14T09:15:19+00:00\",\"mainEntityOfPage\":{\"@id\":\"https:\\\/\\\/www.eldiario.net\\\/portal\\\/2022\\\/02\\\/14\\\/animal-de-medianocheun-libro-de-cuentos-mas-y-mejor\\\/\"},\"wordCount\":590,\"publisher\":{\"@id\":\"https:\\\/\\\/www.eldiario.net\\\/portal\\\/#organization\"},\"image\":{\"@id\":\"https:\\\/\\\/www.eldiario.net\\\/portal\\\/2022\\\/02\\\/14\\\/animal-de-medianocheun-libro-de-cuentos-mas-y-mejor\\\/#primaryimage\"},\"thumbnailUrl\":\"https:\\\/\\\/www.eldiario.net\\\/portal\\\/wp-content\\\/uploads\\\/2022\\\/02\\\/AUTOR-DEL-LIBRO.jpg-556-KB.jpg\",\"articleSection\":[\"Cultural\"],\"inLanguage\":\"es\"},{\"@type\":\"WebPage\",\"@id\":\"https:\\\/\\\/www.eldiario.net\\\/portal\\\/2022\\\/02\\\/14\\\/animal-de-medianocheun-libro-de-cuentos-mas-y-mejor\\\/\",\"url\":\"https:\\\/\\\/www.eldiario.net\\\/portal\\\/2022\\\/02\\\/14\\\/animal-de-medianocheun-libro-de-cuentos-mas-y-mejor\\\/\",\"name\":\"Animal de medianocheUn libro de cuentos m\u00e1s (y mejor) - El Diario - Bolivia\",\"isPartOf\":{\"@id\":\"https:\\\/\\\/www.eldiario.net\\\/portal\\\/#website\"},\"primaryImageOfPage\":{\"@id\":\"https:\\\/\\\/www.eldiario.net\\\/portal\\\/2022\\\/02\\\/14\\\/animal-de-medianocheun-libro-de-cuentos-mas-y-mejor\\\/#primaryimage\"},\"image\":{\"@id\":\"https:\\\/\\\/www.eldiario.net\\\/portal\\\/2022\\\/02\\\/14\\\/animal-de-medianocheun-libro-de-cuentos-mas-y-mejor\\\/#primaryimage\"},\"thumbnailUrl\":\"https:\\\/\\\/www.eldiario.net\\\/portal\\\/wp-content\\\/uploads\\\/2022\\\/02\\\/AUTOR-DEL-LIBRO.jpg-556-KB.jpg\",\"datePublished\":\"2022-02-14T09:15:19+00:00\",\"breadcrumb\":{\"@id\":\"https:\\\/\\\/www.eldiario.net\\\/portal\\\/2022\\\/02\\\/14\\\/animal-de-medianocheun-libro-de-cuentos-mas-y-mejor\\\/#breadcrumb\"},\"inLanguage\":\"es\",\"potentialAction\":[{\"@type\":\"ReadAction\",\"target\":[\"https:\\\/\\\/www.eldiario.net\\\/portal\\\/2022\\\/02\\\/14\\\/animal-de-medianocheun-libro-de-cuentos-mas-y-mejor\\\/\"]}]},{\"@type\":\"ImageObject\",\"inLanguage\":\"es\",\"@id\":\"https:\\\/\\\/www.eldiario.net\\\/portal\\\/2022\\\/02\\\/14\\\/animal-de-medianocheun-libro-de-cuentos-mas-y-mejor\\\/#primaryimage\",\"url\":\"https:\\\/\\\/www.eldiario.net\\\/portal\\\/wp-content\\\/uploads\\\/2022\\\/02\\\/AUTOR-DEL-LIBRO.jpg-556-KB.jpg\",\"contentUrl\":\"https:\\\/\\\/www.eldiario.net\\\/portal\\\/wp-content\\\/uploads\\\/2022\\\/02\\\/AUTOR-DEL-LIBRO.jpg-556-KB.jpg\",\"width\":1000,\"height\":880},{\"@type\":\"BreadcrumbList\",\"@id\":\"https:\\\/\\\/www.eldiario.net\\\/portal\\\/2022\\\/02\\\/14\\\/animal-de-medianocheun-libro-de-cuentos-mas-y-mejor\\\/#breadcrumb\",\"itemListElement\":[{\"@type\":\"ListItem\",\"position\":1,\"name\":\"Portada\",\"item\":\"https:\\\/\\\/www.eldiario.net\\\/portal\\\/\"},{\"@type\":\"ListItem\",\"position\":2,\"name\":\"Animal de medianocheUn libro de cuentos m\u00e1s (y mejor)\"}]},{\"@type\":\"WebSite\",\"@id\":\"https:\\\/\\\/www.eldiario.net\\\/portal\\\/#website\",\"url\":\"https:\\\/\\\/www.eldiario.net\\\/portal\\\/\",\"name\":\"El Diario - Decano de la prensa nacional\",\"description\":\"El Diario - Decano de la prensa nacional\",\"publisher\":{\"@id\":\"https:\\\/\\\/www.eldiario.net\\\/portal\\\/#organization\"},\"potentialAction\":[{\"@type\":\"SearchAction\",\"target\":{\"@type\":\"EntryPoint\",\"urlTemplate\":\"https:\\\/\\\/www.eldiario.net\\\/portal\\\/?s={search_term_string}\"},\"query-input\":{\"@type\":\"PropertyValueSpecification\",\"valueRequired\":true,\"valueName\":\"search_term_string\"}}],\"inLanguage\":\"es\"},{\"@type\":\"Organization\",\"@id\":\"https:\\\/\\\/www.eldiario.net\\\/portal\\\/#organization\",\"name\":\"El Diario - Decano de la prensa nacional\",\"url\":\"https:\\\/\\\/www.eldiario.net\\\/portal\\\/\",\"logo\":{\"@type\":\"ImageObject\",\"inLanguage\":\"es\",\"@id\":\"https:\\\/\\\/www.eldiario.net\\\/portal\\\/#\\\/schema\\\/logo\\\/image\\\/\",\"url\":\"https:\\\/\\\/www.eldiario.net\\\/portal\\\/wp-content\\\/uploads\\\/2023\\\/07\\\/logo_ED.jpg\",\"contentUrl\":\"https:\\\/\\\/www.eldiario.net\\\/portal\\\/wp-content\\\/uploads\\\/2023\\\/07\\\/logo_ED.jpg\",\"width\":272,\"height\":52,\"caption\":\"El Diario - Decano de la prensa nacional\"},\"image\":{\"@id\":\"https:\\\/\\\/www.eldiario.net\\\/portal\\\/#\\\/schema\\\/logo\\\/image\\\/\"},\"sameAs\":[\"https:\\\/\\\/www.facebook.com\\\/eldiario.bolivia\\\/\",\"https:\\\/\\\/x.com\\\/eldiario_net\"]},{\"@type\":\"Person\",\"@id\":\"https:\\\/\\\/www.eldiario.net\\\/portal\\\/#\\\/schema\\\/person\\\/2c57cf2b7a7ae032e449e4c9b1019eac\",\"name\":\"Jeanette\",\"image\":{\"@type\":\"ImageObject\",\"inLanguage\":\"es\",\"@id\":\"https:\\\/\\\/secure.gravatar.com\\\/avatar\\\/3ea2118a5f7dad2b7138b1187a6b7ee55f160b9968b66013c3a3ef39dd7e5798?s=96&d=mm&r=g\",\"url\":\"https:\\\/\\\/secure.gravatar.com\\\/avatar\\\/3ea2118a5f7dad2b7138b1187a6b7ee55f160b9968b66013c3a3ef39dd7e5798?s=96&d=mm&r=g\",\"contentUrl\":\"https:\\\/\\\/secure.gravatar.com\\\/avatar\\\/3ea2118a5f7dad2b7138b1187a6b7ee55f160b9968b66013c3a3ef39dd7e5798?s=96&d=mm&r=g\",\"caption\":\"Jeanette\"},\"sameAs\":[\"https:\\\/\\\/www.eldiario.net\\\/portal\"],\"url\":\"https:\\\/\\\/www.eldiario.net\\\/portal\\\/author\\\/jeanette\\\/\"}]}<\/script>\n<!-- \/ Yoast SEO plugin. -->","yoast_head_json":{"title":"Animal de medianocheUn libro de cuentos m\u00e1s (y mejor) - El Diario - Bolivia","robots":{"index":"index","follow":"follow","max-snippet":"max-snippet:-1","max-image-preview":"max-image-preview:large","max-video-preview":"max-video-preview:-1"},"canonical":"https:\/\/www.eldiario.net\/portal\/2022\/02\/14\/animal-de-medianocheun-libro-de-cuentos-mas-y-mejor\/","og_locale":"es_ES","og_type":"article","og_title":"Animal de medianocheUn libro de cuentos m\u00e1s (y mejor) - El Diario - Bolivia","og_description":"Rese\u00f1a de Daniel Averanga Montiel En estos tiempos es dif\u00edcil encontrar un libro que, siendo el primero en la producci\u00f3n de un autor, logre sorprender por la diversidad de los temas, argumentos, estilos y formas que propone. Realmente no logra ser f\u00e1cil sacar algo por primera vez para los lectores y que sea o posea [&hellip;]","og_url":"https:\/\/www.eldiario.net\/portal\/2022\/02\/14\/animal-de-medianocheun-libro-de-cuentos-mas-y-mejor\/","og_site_name":"El Diario - Bolivia","article_publisher":"https:\/\/www.facebook.com\/eldiario.bolivia\/","article_published_time":"2022-02-14T09:15:19+00:00","og_image":[{"width":1000,"height":880,"url":"https:\/\/www.eldiario.net\/portal\/wp-content\/uploads\/2022\/02\/AUTOR-DEL-LIBRO.jpg-556-KB.jpg","type":"image\/jpeg"}],"author":"Jeanette","twitter_card":"summary_large_image","twitter_creator":"@eldiario_net","twitter_site":"@eldiario_net","twitter_misc":{"Escrito por":"Jeanette","Tiempo de lectura":"3 minutos"},"schema":{"@context":"https:\/\/schema.org","@graph":[{"@type":"Article","@id":"https:\/\/www.eldiario.net\/portal\/2022\/02\/14\/animal-de-medianocheun-libro-de-cuentos-mas-y-mejor\/#article","isPartOf":{"@id":"https:\/\/www.eldiario.net\/portal\/2022\/02\/14\/animal-de-medianocheun-libro-de-cuentos-mas-y-mejor\/"},"author":{"name":"Jeanette","@id":"https:\/\/www.eldiario.net\/portal\/#\/schema\/person\/2c57cf2b7a7ae032e449e4c9b1019eac"},"headline":"Animal de medianocheUn libro de cuentos m\u00e1s (y mejor)","datePublished":"2022-02-14T09:15:19+00:00","mainEntityOfPage":{"@id":"https:\/\/www.eldiario.net\/portal\/2022\/02\/14\/animal-de-medianocheun-libro-de-cuentos-mas-y-mejor\/"},"wordCount":590,"publisher":{"@id":"https:\/\/www.eldiario.net\/portal\/#organization"},"image":{"@id":"https:\/\/www.eldiario.net\/portal\/2022\/02\/14\/animal-de-medianocheun-libro-de-cuentos-mas-y-mejor\/#primaryimage"},"thumbnailUrl":"https:\/\/www.eldiario.net\/portal\/wp-content\/uploads\/2022\/02\/AUTOR-DEL-LIBRO.jpg-556-KB.jpg","articleSection":["Cultural"],"inLanguage":"es"},{"@type":"WebPage","@id":"https:\/\/www.eldiario.net\/portal\/2022\/02\/14\/animal-de-medianocheun-libro-de-cuentos-mas-y-mejor\/","url":"https:\/\/www.eldiario.net\/portal\/2022\/02\/14\/animal-de-medianocheun-libro-de-cuentos-mas-y-mejor\/","name":"Animal de medianocheUn libro de cuentos m\u00e1s (y mejor) - El Diario - Bolivia","isPartOf":{"@id":"https:\/\/www.eldiario.net\/portal\/#website"},"primaryImageOfPage":{"@id":"https:\/\/www.eldiario.net\/portal\/2022\/02\/14\/animal-de-medianocheun-libro-de-cuentos-mas-y-mejor\/#primaryimage"},"image":{"@id":"https:\/\/www.eldiario.net\/portal\/2022\/02\/14\/animal-de-medianocheun-libro-de-cuentos-mas-y-mejor\/#primaryimage"},"thumbnailUrl":"https:\/\/www.eldiario.net\/portal\/wp-content\/uploads\/2022\/02\/AUTOR-DEL-LIBRO.jpg-556-KB.jpg","datePublished":"2022-02-14T09:15:19+00:00","breadcrumb":{"@id":"https:\/\/www.eldiario.net\/portal\/2022\/02\/14\/animal-de-medianocheun-libro-de-cuentos-mas-y-mejor\/#breadcrumb"},"inLanguage":"es","potentialAction":[{"@type":"ReadAction","target":["https:\/\/www.eldiario.net\/portal\/2022\/02\/14\/animal-de-medianocheun-libro-de-cuentos-mas-y-mejor\/"]}]},{"@type":"ImageObject","inLanguage":"es","@id":"https:\/\/www.eldiario.net\/portal\/2022\/02\/14\/animal-de-medianocheun-libro-de-cuentos-mas-y-mejor\/#primaryimage","url":"https:\/\/www.eldiario.net\/portal\/wp-content\/uploads\/2022\/02\/AUTOR-DEL-LIBRO.jpg-556-KB.jpg","contentUrl":"https:\/\/www.eldiario.net\/portal\/wp-content\/uploads\/2022\/02\/AUTOR-DEL-LIBRO.jpg-556-KB.jpg","width":1000,"height":880},{"@type":"BreadcrumbList","@id":"https:\/\/www.eldiario.net\/portal\/2022\/02\/14\/animal-de-medianocheun-libro-de-cuentos-mas-y-mejor\/#breadcrumb","itemListElement":[{"@type":"ListItem","position":1,"name":"Portada","item":"https:\/\/www.eldiario.net\/portal\/"},{"@type":"ListItem","position":2,"name":"Animal de medianocheUn libro de cuentos m\u00e1s (y mejor)"}]},{"@type":"WebSite","@id":"https:\/\/www.eldiario.net\/portal\/#website","url":"https:\/\/www.eldiario.net\/portal\/","name":"El Diario - Decano de la prensa nacional","description":"El Diario - Decano de la prensa nacional","publisher":{"@id":"https:\/\/www.eldiario.net\/portal\/#organization"},"potentialAction":[{"@type":"SearchAction","target":{"@type":"EntryPoint","urlTemplate":"https:\/\/www.eldiario.net\/portal\/?s={search_term_string}"},"query-input":{"@type":"PropertyValueSpecification","valueRequired":true,"valueName":"search_term_string"}}],"inLanguage":"es"},{"@type":"Organization","@id":"https:\/\/www.eldiario.net\/portal\/#organization","name":"El Diario - Decano de la prensa nacional","url":"https:\/\/www.eldiario.net\/portal\/","logo":{"@type":"ImageObject","inLanguage":"es","@id":"https:\/\/www.eldiario.net\/portal\/#\/schema\/logo\/image\/","url":"https:\/\/www.eldiario.net\/portal\/wp-content\/uploads\/2023\/07\/logo_ED.jpg","contentUrl":"https:\/\/www.eldiario.net\/portal\/wp-content\/uploads\/2023\/07\/logo_ED.jpg","width":272,"height":52,"caption":"El Diario - Decano de la prensa nacional"},"image":{"@id":"https:\/\/www.eldiario.net\/portal\/#\/schema\/logo\/image\/"},"sameAs":["https:\/\/www.facebook.com\/eldiario.bolivia\/","https:\/\/x.com\/eldiario_net"]},{"@type":"Person","@id":"https:\/\/www.eldiario.net\/portal\/#\/schema\/person\/2c57cf2b7a7ae032e449e4c9b1019eac","name":"Jeanette","image":{"@type":"ImageObject","inLanguage":"es","@id":"https:\/\/secure.gravatar.com\/avatar\/3ea2118a5f7dad2b7138b1187a6b7ee55f160b9968b66013c3a3ef39dd7e5798?s=96&d=mm&r=g","url":"https:\/\/secure.gravatar.com\/avatar\/3ea2118a5f7dad2b7138b1187a6b7ee55f160b9968b66013c3a3ef39dd7e5798?s=96&d=mm&r=g","contentUrl":"https:\/\/secure.gravatar.com\/avatar\/3ea2118a5f7dad2b7138b1187a6b7ee55f160b9968b66013c3a3ef39dd7e5798?s=96&d=mm&r=g","caption":"Jeanette"},"sameAs":["https:\/\/www.eldiario.net\/portal"],"url":"https:\/\/www.eldiario.net\/portal\/author\/jeanette\/"}]}},"_links":{"self":[{"href":"https:\/\/www.eldiario.net\/portal\/wp-json\/wp\/v2\/posts\/63079","targetHints":{"allow":["GET"]}}],"collection":[{"href":"https:\/\/www.eldiario.net\/portal\/wp-json\/wp\/v2\/posts"}],"about":[{"href":"https:\/\/www.eldiario.net\/portal\/wp-json\/wp\/v2\/types\/post"}],"author":[{"embeddable":true,"href":"https:\/\/www.eldiario.net\/portal\/wp-json\/wp\/v2\/users\/1"}],"replies":[{"embeddable":true,"href":"https:\/\/www.eldiario.net\/portal\/wp-json\/wp\/v2\/comments?post=63079"}],"version-history":[{"count":0,"href":"https:\/\/www.eldiario.net\/portal\/wp-json\/wp\/v2\/posts\/63079\/revisions"}],"wp:featuredmedia":[{"embeddable":true,"href":"https:\/\/www.eldiario.net\/portal\/wp-json\/wp\/v2\/media\/63080"}],"wp:attachment":[{"href":"https:\/\/www.eldiario.net\/portal\/wp-json\/wp\/v2\/media?parent=63079"}],"wp:term":[{"taxonomy":"category","embeddable":true,"href":"https:\/\/www.eldiario.net\/portal\/wp-json\/wp\/v2\/categories?post=63079"},{"taxonomy":"post_tag","embeddable":true,"href":"https:\/\/www.eldiario.net\/portal\/wp-json\/wp\/v2\/tags?post=63079"}],"curies":[{"name":"wp","href":"https:\/\/api.w.org\/{rel}","templated":true}]}}