{"id":6307,"date":"2021-05-26T05:21:38","date_gmt":"2021-05-26T09:21:38","guid":{"rendered":"https:\/\/www.eldiario.net\/portal\/?p=6307"},"modified":"2021-05-26T05:21:38","modified_gmt":"2021-05-26T09:21:38","slug":"farias-a-jugadores-vamos-a-sorprender-a-propios-y-extranos","status":"publish","type":"post","link":"https:\/\/www.eldiario.net\/portal\/2021\/05\/26\/farias-a-jugadores-vamos-a-sorprender-a-propios-y-extranos\/","title":{"rendered":"Far\u00edas a jugadores: \u201cVamos a sorprender a propios y extra\u00f1os\u201d"},"content":{"rendered":"<p>\u201cVamos a sorprender a propios y extra\u00f1os\u201d, as\u00ed afirm\u00f3 C\u00e9sar Far\u00edas, director t\u00e9cnico de la Selecci\u00f3n boliviana de f\u00fatbol, en una carta que envi\u00f3 a los potenciales futbolistas que ser\u00e1n convocados de cara a la participaci\u00f3n de la Verde en las Eliminatorias Sudamericanas y la Copa Am\u00e9rica.<br \/>\nEn la jornada de ayer sali\u00f3 a la luz una misiva fechada en el mes de abril bajo el t\u00edtulo \u201cSomos m\u00e1s de lo que creen\u201d donde el seleccionador de la Verde expresa su convencimiento del potencial que mostrar\u00e1n los jugadores nacionales en las pr\u00f3ximas dos fechas que se disputar\u00e1 de Eliminatorias al Mundial de Catar 2022 y la Copa Am\u00e9rica 2021.<br \/>\n\u201cConstituimos una selecci\u00f3n que tiene rasgos de procesos establecidos, que empieza a tener una madurez de competencia y nos conocemos bien\u201d, dice parte de la carta.<br \/>\nAsimismo, Far\u00edas indica que los jugadores le den de manera personal 20 minutos diarios de entrenamiento a la Selecci\u00f3n nacional y tambi\u00e9n revel\u00f3 que apelar\u00e1 a un sistema de juego que se basar\u00e1 en 1-4-3-3 de cara a estas citas internacionales.<br \/>\n\u201cLlegar bien f\u00edsicamente nos permitir\u00e1 cumplir con nuestro objetivo t\u00e1ctico de juego. Armaremos un 1-4-3-3 como sistema de base y darle versatilidad a los jugadores para ver un equipo con mucha movilidad, que pueda jugar continuo, con buen pie, con tenencia de pelota y con la vocaci\u00f3n de alimentar ofensivamente al equipo en busca del arco rival.<br \/>\nBolivia jugar\u00e1 Eliminatorias ante Venezuela en La Paz el 3 de junio y el 8 de junio visitar\u00e1 a Chile. Luego de este compromiso deber\u00e1 prepararse para la Copa Am\u00e9rica que se desarrollar\u00e1 desde el 13 de junio.<\/p>\n","protected":false},"excerpt":{"rendered":"<p>\u201cVamos a sorprender a propios y extra\u00f1os\u201d, as\u00ed afirm\u00f3 C\u00e9sar Far\u00edas, director t\u00e9cnico de la Selecci\u00f3n boliviana de f\u00fatbol, en una carta que envi\u00f3 a los potenciales futbolistas que ser\u00e1n convocados de cara a la participaci\u00f3n de la Verde en las Eliminatorias Sudamericanas y la Copa Am\u00e9rica. En la jornada de ayer sali\u00f3 a la [&hellip;]<\/p>\n","protected":false},"author":1,"featured_media":6308,"comment_status":"closed","ping_status":"closed","sticky":false,"template":"","format":"standard","meta":{"_acf_changed":false,"footnotes":""},"categories":[6],"tags":[],"class_list":["post-6307","post","type-post","status-publish","format-standard","has-post-thumbnail","category-deportes"],"acf":{"antetitulo":""},"yoast_head":"<!-- This site is optimized with the Yoast SEO plugin v28.3 - https:\/\/yoast.com\/product\/yoast-seo-wordpress\/ -->\n<title>Far\u00edas a jugadores: \u201cVamos a sorprender a propios y extra\u00f1os\u201d - El Diario - Bolivia<\/title>\n<meta name=\"robots\" content=\"index, follow, max-snippet:-1, max-image-preview:large, max-video-preview:-1\" \/>\n<link rel=\"canonical\" href=\"https:\/\/www.eldiario.net\/portal\/2021\/05\/26\/farias-a-jugadores-vamos-a-sorprender-a-propios-y-extranos\/\" \/>\n<meta property=\"og:locale\" content=\"es_ES\" \/>\n<meta property=\"og:type\" content=\"article\" \/>\n<meta property=\"og:title\" content=\"Far\u00edas a jugadores: \u201cVamos a sorprender a propios y extra\u00f1os\u201d - El Diario - Bolivia\" \/>\n<meta property=\"og:description\" content=\"\u201cVamos a sorprender a propios y extra\u00f1os\u201d, as\u00ed afirm\u00f3 C\u00e9sar Far\u00edas, director t\u00e9cnico de la Selecci\u00f3n boliviana de f\u00fatbol, en una carta que envi\u00f3 a los potenciales futbolistas que ser\u00e1n convocados de cara a la participaci\u00f3n de la Verde en las Eliminatorias Sudamericanas y la Copa Am\u00e9rica. En la jornada de ayer sali\u00f3 a la [&hellip;]\" \/>\n<meta property=\"og:url\" content=\"https:\/\/www.eldiario.net\/portal\/2021\/05\/26\/farias-a-jugadores-vamos-a-sorprender-a-propios-y-extranos\/\" \/>\n<meta property=\"og:site_name\" content=\"El Diario - Bolivia\" \/>\n<meta property=\"article:publisher\" content=\"https:\/\/www.facebook.com\/eldiario.bolivia\/\" \/>\n<meta property=\"article:published_time\" content=\"2021-05-26T09:21:38+00:00\" \/>\n<meta name=\"author\" content=\"Jeanette\" \/>\n<meta name=\"twitter:card\" content=\"summary_large_image\" \/>\n<meta name=\"twitter:creator\" content=\"@eldiario_net\" \/>\n<meta name=\"twitter:site\" content=\"@eldiario_net\" \/>\n<meta name=\"twitter:label1\" content=\"Escrito por\" \/>\n\t<meta name=\"twitter:data1\" content=\"Jeanette\" \/>\n\t<meta name=\"twitter:label2\" content=\"Tiempo de lectura\" \/>\n\t<meta name=\"twitter:data2\" content=\"2 minutos\" \/>\n<script type=\"application\/ld+json\" class=\"yoast-schema-graph\">{\"@context\":\"https:\\\/\\\/schema.org\",\"@graph\":[{\"@type\":\"Article\",\"@id\":\"https:\\\/\\\/www.eldiario.net\\\/portal\\\/2021\\\/05\\\/26\\\/farias-a-jugadores-vamos-a-sorprender-a-propios-y-extranos\\\/#article\",\"isPartOf\":{\"@id\":\"https:\\\/\\\/www.eldiario.net\\\/portal\\\/2021\\\/05\\\/26\\\/farias-a-jugadores-vamos-a-sorprender-a-propios-y-extranos\\\/\"},\"author\":{\"name\":\"Jeanette\",\"@id\":\"https:\\\/\\\/www.eldiario.net\\\/portal\\\/#\\\/schema\\\/person\\\/f46445640444750d7d753ccd04ae01b7\"},\"headline\":\"Far\u00edas a jugadores: \u201cVamos a sorprender a propios y extra\u00f1os\u201d\",\"datePublished\":\"2021-05-26T09:21:38+00:00\",\"mainEntityOfPage\":{\"@id\":\"https:\\\/\\\/www.eldiario.net\\\/portal\\\/2021\\\/05\\\/26\\\/farias-a-jugadores-vamos-a-sorprender-a-propios-y-extranos\\\/\"},\"wordCount\":303,\"publisher\":{\"@id\":\"https:\\\/\\\/www.eldiario.net\\\/portal\\\/#organization\"},\"image\":{\"@id\":\"https:\\\/\\\/www.eldiario.net\\\/portal\\\/2021\\\/05\\\/26\\\/farias-a-jugadores-vamos-a-sorprender-a-propios-y-extranos\\\/#primaryimage\"},\"thumbnailUrl\":\"\",\"articleSection\":[\"Deportes\"],\"inLanguage\":\"es\"},{\"@type\":\"WebPage\",\"@id\":\"https:\\\/\\\/www.eldiario.net\\\/portal\\\/2021\\\/05\\\/26\\\/farias-a-jugadores-vamos-a-sorprender-a-propios-y-extranos\\\/\",\"url\":\"https:\\\/\\\/www.eldiario.net\\\/portal\\\/2021\\\/05\\\/26\\\/farias-a-jugadores-vamos-a-sorprender-a-propios-y-extranos\\\/\",\"name\":\"Far\u00edas a jugadores: \u201cVamos a sorprender a propios y extra\u00f1os\u201d - El Diario - Bolivia\",\"isPartOf\":{\"@id\":\"https:\\\/\\\/www.eldiario.net\\\/portal\\\/#website\"},\"primaryImageOfPage\":{\"@id\":\"https:\\\/\\\/www.eldiario.net\\\/portal\\\/2021\\\/05\\\/26\\\/farias-a-jugadores-vamos-a-sorprender-a-propios-y-extranos\\\/#primaryimage\"},\"image\":{\"@id\":\"https:\\\/\\\/www.eldiario.net\\\/portal\\\/2021\\\/05\\\/26\\\/farias-a-jugadores-vamos-a-sorprender-a-propios-y-extranos\\\/#primaryimage\"},\"thumbnailUrl\":\"\",\"datePublished\":\"2021-05-26T09:21:38+00:00\",\"breadcrumb\":{\"@id\":\"https:\\\/\\\/www.eldiario.net\\\/portal\\\/2021\\\/05\\\/26\\\/farias-a-jugadores-vamos-a-sorprender-a-propios-y-extranos\\\/#breadcrumb\"},\"inLanguage\":\"es\",\"potentialAction\":[{\"@type\":\"ReadAction\",\"target\":[\"https:\\\/\\\/www.eldiario.net\\\/portal\\\/2021\\\/05\\\/26\\\/farias-a-jugadores-vamos-a-sorprender-a-propios-y-extranos\\\/\"]}]},{\"@type\":\"ImageObject\",\"inLanguage\":\"es\",\"@id\":\"https:\\\/\\\/www.eldiario.net\\\/portal\\\/2021\\\/05\\\/26\\\/farias-a-jugadores-vamos-a-sorprender-a-propios-y-extranos\\\/#primaryimage\",\"url\":\"\",\"contentUrl\":\"\"},{\"@type\":\"BreadcrumbList\",\"@id\":\"https:\\\/\\\/www.eldiario.net\\\/portal\\\/2021\\\/05\\\/26\\\/farias-a-jugadores-vamos-a-sorprender-a-propios-y-extranos\\\/#breadcrumb\",\"itemListElement\":[{\"@type\":\"ListItem\",\"position\":1,\"name\":\"Portada\",\"item\":\"https:\\\/\\\/www.eldiario.net\\\/portal\\\/\"},{\"@type\":\"ListItem\",\"position\":2,\"name\":\"Far\u00edas a jugadores: \u201cVamos a sorprender a propios y extra\u00f1os\u201d\"}]},{\"@type\":\"WebSite\",\"@id\":\"https:\\\/\\\/www.eldiario.net\\\/portal\\\/#website\",\"url\":\"https:\\\/\\\/www.eldiario.net\\\/portal\\\/\",\"name\":\"El Diario - Decano de la prensa nacional\",\"description\":\"El Diario - Decano de la prensa nacional\",\"publisher\":{\"@id\":\"https:\\\/\\\/www.eldiario.net\\\/portal\\\/#organization\"},\"potentialAction\":[{\"@type\":\"SearchAction\",\"target\":{\"@type\":\"EntryPoint\",\"urlTemplate\":\"https:\\\/\\\/www.eldiario.net\\\/portal\\\/?s={search_term_string}\"},\"query-input\":{\"@type\":\"PropertyValueSpecification\",\"valueRequired\":true,\"valueName\":\"search_term_string\"}}],\"inLanguage\":\"es\"},{\"@type\":\"Organization\",\"@id\":\"https:\\\/\\\/www.eldiario.net\\\/portal\\\/#organization\",\"name\":\"El Diario - Decano de la prensa nacional\",\"url\":\"https:\\\/\\\/www.eldiario.net\\\/portal\\\/\",\"logo\":{\"@type\":\"ImageObject\",\"inLanguage\":\"es\",\"@id\":\"https:\\\/\\\/www.eldiario.net\\\/portal\\\/#\\\/schema\\\/logo\\\/image\\\/\",\"url\":\"https:\\\/\\\/www.eldiario.net\\\/portal\\\/wp-content\\\/uploads\\\/2023\\\/07\\\/logo_ED.jpg\",\"contentUrl\":\"https:\\\/\\\/www.eldiario.net\\\/portal\\\/wp-content\\\/uploads\\\/2023\\\/07\\\/logo_ED.jpg\",\"width\":272,\"height\":52,\"caption\":\"El Diario - Decano de la prensa nacional\"},\"image\":{\"@id\":\"https:\\\/\\\/www.eldiario.net\\\/portal\\\/#\\\/schema\\\/logo\\\/image\\\/\"},\"sameAs\":[\"https:\\\/\\\/www.facebook.com\\\/eldiario.bolivia\\\/\",\"https:\\\/\\\/x.com\\\/eldiario_net\"]},{\"@type\":\"Person\",\"@id\":\"https:\\\/\\\/www.eldiario.net\\\/portal\\\/#\\\/schema\\\/person\\\/f46445640444750d7d753ccd04ae01b7\",\"name\":\"Jeanette\",\"image\":{\"@type\":\"ImageObject\",\"inLanguage\":\"es\",\"@id\":\"https:\\\/\\\/secure.gravatar.com\\\/avatar\\\/3ea2118a5f7dad2b7138b1187a6b7ee55f160b9968b66013c3a3ef39dd7e5798?s=96&d=mm&r=g\",\"url\":\"https:\\\/\\\/secure.gravatar.com\\\/avatar\\\/3ea2118a5f7dad2b7138b1187a6b7ee55f160b9968b66013c3a3ef39dd7e5798?s=96&d=mm&r=g\",\"contentUrl\":\"https:\\\/\\\/secure.gravatar.com\\\/avatar\\\/3ea2118a5f7dad2b7138b1187a6b7ee55f160b9968b66013c3a3ef39dd7e5798?s=96&d=mm&r=g\",\"caption\":\"Jeanette\"},\"sameAs\":[\"https:\\\/\\\/www.eldiario.net\\\/portal\"],\"url\":\"https:\\\/\\\/www.eldiario.net\\\/portal\\\/author\\\/jeanette\\\/\"}]}<\/script>\n<!-- \/ Yoast SEO plugin. -->","yoast_head_json":{"title":"Far\u00edas a jugadores: \u201cVamos a sorprender a propios y extra\u00f1os\u201d - El Diario - Bolivia","robots":{"index":"index","follow":"follow","max-snippet":"max-snippet:-1","max-image-preview":"max-image-preview:large","max-video-preview":"max-video-preview:-1"},"canonical":"https:\/\/www.eldiario.net\/portal\/2021\/05\/26\/farias-a-jugadores-vamos-a-sorprender-a-propios-y-extranos\/","og_locale":"es_ES","og_type":"article","og_title":"Far\u00edas a jugadores: \u201cVamos a sorprender a propios y extra\u00f1os\u201d - El Diario - Bolivia","og_description":"\u201cVamos a sorprender a propios y extra\u00f1os\u201d, as\u00ed afirm\u00f3 C\u00e9sar Far\u00edas, director t\u00e9cnico de la Selecci\u00f3n boliviana de f\u00fatbol, en una carta que envi\u00f3 a los potenciales futbolistas que ser\u00e1n convocados de cara a la participaci\u00f3n de la Verde en las Eliminatorias Sudamericanas y la Copa Am\u00e9rica. En la jornada de ayer sali\u00f3 a la [&hellip;]","og_url":"https:\/\/www.eldiario.net\/portal\/2021\/05\/26\/farias-a-jugadores-vamos-a-sorprender-a-propios-y-extranos\/","og_site_name":"El Diario - Bolivia","article_publisher":"https:\/\/www.facebook.com\/eldiario.bolivia\/","article_published_time":"2021-05-26T09:21:38+00:00","author":"Jeanette","twitter_card":"summary_large_image","twitter_creator":"@eldiario_net","twitter_site":"@eldiario_net","twitter_misc":{"Escrito por":"Jeanette","Tiempo de lectura":"2 minutos"},"schema":{"@context":"https:\/\/schema.org","@graph":[{"@type":"Article","@id":"https:\/\/www.eldiario.net\/portal\/2021\/05\/26\/farias-a-jugadores-vamos-a-sorprender-a-propios-y-extranos\/#article","isPartOf":{"@id":"https:\/\/www.eldiario.net\/portal\/2021\/05\/26\/farias-a-jugadores-vamos-a-sorprender-a-propios-y-extranos\/"},"author":{"name":"Jeanette","@id":"https:\/\/www.eldiario.net\/portal\/#\/schema\/person\/f46445640444750d7d753ccd04ae01b7"},"headline":"Far\u00edas a jugadores: \u201cVamos a sorprender a propios y extra\u00f1os\u201d","datePublished":"2021-05-26T09:21:38+00:00","mainEntityOfPage":{"@id":"https:\/\/www.eldiario.net\/portal\/2021\/05\/26\/farias-a-jugadores-vamos-a-sorprender-a-propios-y-extranos\/"},"wordCount":303,"publisher":{"@id":"https:\/\/www.eldiario.net\/portal\/#organization"},"image":{"@id":"https:\/\/www.eldiario.net\/portal\/2021\/05\/26\/farias-a-jugadores-vamos-a-sorprender-a-propios-y-extranos\/#primaryimage"},"thumbnailUrl":"","articleSection":["Deportes"],"inLanguage":"es"},{"@type":"WebPage","@id":"https:\/\/www.eldiario.net\/portal\/2021\/05\/26\/farias-a-jugadores-vamos-a-sorprender-a-propios-y-extranos\/","url":"https:\/\/www.eldiario.net\/portal\/2021\/05\/26\/farias-a-jugadores-vamos-a-sorprender-a-propios-y-extranos\/","name":"Far\u00edas a jugadores: \u201cVamos a sorprender a propios y extra\u00f1os\u201d - El Diario - Bolivia","isPartOf":{"@id":"https:\/\/www.eldiario.net\/portal\/#website"},"primaryImageOfPage":{"@id":"https:\/\/www.eldiario.net\/portal\/2021\/05\/26\/farias-a-jugadores-vamos-a-sorprender-a-propios-y-extranos\/#primaryimage"},"image":{"@id":"https:\/\/www.eldiario.net\/portal\/2021\/05\/26\/farias-a-jugadores-vamos-a-sorprender-a-propios-y-extranos\/#primaryimage"},"thumbnailUrl":"","datePublished":"2021-05-26T09:21:38+00:00","breadcrumb":{"@id":"https:\/\/www.eldiario.net\/portal\/2021\/05\/26\/farias-a-jugadores-vamos-a-sorprender-a-propios-y-extranos\/#breadcrumb"},"inLanguage":"es","potentialAction":[{"@type":"ReadAction","target":["https:\/\/www.eldiario.net\/portal\/2021\/05\/26\/farias-a-jugadores-vamos-a-sorprender-a-propios-y-extranos\/"]}]},{"@type":"ImageObject","inLanguage":"es","@id":"https:\/\/www.eldiario.net\/portal\/2021\/05\/26\/farias-a-jugadores-vamos-a-sorprender-a-propios-y-extranos\/#primaryimage","url":"","contentUrl":""},{"@type":"BreadcrumbList","@id":"https:\/\/www.eldiario.net\/portal\/2021\/05\/26\/farias-a-jugadores-vamos-a-sorprender-a-propios-y-extranos\/#breadcrumb","itemListElement":[{"@type":"ListItem","position":1,"name":"Portada","item":"https:\/\/www.eldiario.net\/portal\/"},{"@type":"ListItem","position":2,"name":"Far\u00edas a jugadores: \u201cVamos a sorprender a propios y extra\u00f1os\u201d"}]},{"@type":"WebSite","@id":"https:\/\/www.eldiario.net\/portal\/#website","url":"https:\/\/www.eldiario.net\/portal\/","name":"El Diario - Decano de la prensa nacional","description":"El Diario - Decano de la prensa nacional","publisher":{"@id":"https:\/\/www.eldiario.net\/portal\/#organization"},"potentialAction":[{"@type":"SearchAction","target":{"@type":"EntryPoint","urlTemplate":"https:\/\/www.eldiario.net\/portal\/?s={search_term_string}"},"query-input":{"@type":"PropertyValueSpecification","valueRequired":true,"valueName":"search_term_string"}}],"inLanguage":"es"},{"@type":"Organization","@id":"https:\/\/www.eldiario.net\/portal\/#organization","name":"El Diario - Decano de la prensa nacional","url":"https:\/\/www.eldiario.net\/portal\/","logo":{"@type":"ImageObject","inLanguage":"es","@id":"https:\/\/www.eldiario.net\/portal\/#\/schema\/logo\/image\/","url":"https:\/\/www.eldiario.net\/portal\/wp-content\/uploads\/2023\/07\/logo_ED.jpg","contentUrl":"https:\/\/www.eldiario.net\/portal\/wp-content\/uploads\/2023\/07\/logo_ED.jpg","width":272,"height":52,"caption":"El Diario - Decano de la prensa nacional"},"image":{"@id":"https:\/\/www.eldiario.net\/portal\/#\/schema\/logo\/image\/"},"sameAs":["https:\/\/www.facebook.com\/eldiario.bolivia\/","https:\/\/x.com\/eldiario_net"]},{"@type":"Person","@id":"https:\/\/www.eldiario.net\/portal\/#\/schema\/person\/f46445640444750d7d753ccd04ae01b7","name":"Jeanette","image":{"@type":"ImageObject","inLanguage":"es","@id":"https:\/\/secure.gravatar.com\/avatar\/3ea2118a5f7dad2b7138b1187a6b7ee55f160b9968b66013c3a3ef39dd7e5798?s=96&d=mm&r=g","url":"https:\/\/secure.gravatar.com\/avatar\/3ea2118a5f7dad2b7138b1187a6b7ee55f160b9968b66013c3a3ef39dd7e5798?s=96&d=mm&r=g","contentUrl":"https:\/\/secure.gravatar.com\/avatar\/3ea2118a5f7dad2b7138b1187a6b7ee55f160b9968b66013c3a3ef39dd7e5798?s=96&d=mm&r=g","caption":"Jeanette"},"sameAs":["https:\/\/www.eldiario.net\/portal"],"url":"https:\/\/www.eldiario.net\/portal\/author\/jeanette\/"}]}},"_links":{"self":[{"href":"https:\/\/www.eldiario.net\/portal\/wp-json\/wp\/v2\/posts\/6307","targetHints":{"allow":["GET"]}}],"collection":[{"href":"https:\/\/www.eldiario.net\/portal\/wp-json\/wp\/v2\/posts"}],"about":[{"href":"https:\/\/www.eldiario.net\/portal\/wp-json\/wp\/v2\/types\/post"}],"author":[{"embeddable":true,"href":"https:\/\/www.eldiario.net\/portal\/wp-json\/wp\/v2\/users\/1"}],"replies":[{"embeddable":true,"href":"https:\/\/www.eldiario.net\/portal\/wp-json\/wp\/v2\/comments?post=6307"}],"version-history":[{"count":0,"href":"https:\/\/www.eldiario.net\/portal\/wp-json\/wp\/v2\/posts\/6307\/revisions"}],"wp:attachment":[{"href":"https:\/\/www.eldiario.net\/portal\/wp-json\/wp\/v2\/media?parent=6307"}],"wp:term":[{"taxonomy":"category","embeddable":true,"href":"https:\/\/www.eldiario.net\/portal\/wp-json\/wp\/v2\/categories?post=6307"},{"taxonomy":"post_tag","embeddable":true,"href":"https:\/\/www.eldiario.net\/portal\/wp-json\/wp\/v2\/tags?post=6307"}],"curies":[{"name":"wp","href":"https:\/\/api.w.org\/{rel}","templated":true}]}}