{"id":6301,"date":"2021-05-26T05:19:16","date_gmt":"2021-05-26T09:19:16","guid":{"rendered":"https:\/\/www.eldiario.net\/portal\/?p=6301"},"modified":"2021-05-26T05:19:16","modified_gmt":"2021-05-26T09:19:16","slug":"la-verde-de-basquetbol-tendra-un-examen-en-potosi","status":"publish","type":"post","link":"https:\/\/www.eldiario.net\/portal\/2021\/05\/26\/la-verde-de-basquetbol-tendra-un-examen-en-potosi\/","title":{"rendered":"La Verde de b\u00e1squetbol  tendr\u00e1 un examen en Potos\u00ed"},"content":{"rendered":"<p>Este s\u00e1bado a partir de las 20:00 en el coliseo Ciudad de Potos\u00ed, el seleccionado boliviano de b\u00e1squetbol enfrentar\u00e1 a un combinado potosino como parte de la preparaci\u00f3n de la plantilla antes de jugar contra su similar de Ecuador entre el 12 y 16 de junio de visitante y local de manera respectiva.Giovanny Vargas, director t\u00e9cnico del seleccionado subray\u00f3 que este partido servir\u00e1 para pulir al elenco que jugar\u00e1 desde el primer minuto de juego, pero tambi\u00e9n para observar el rendimiento del equipo que ya concentro en dos ocasiones en Tarija primero con m\u00e1s de 20 jugadores, la misma fue reducida a 16 y en las pr\u00f3ximas horas el entrenador dar\u00e1 a conocer la n\u00f3mina oficial del plantel para inscribirla a la Consubasquet.<br \/>\n\u201cEs un partido de exhibici\u00f3n que servir\u00e1 para los entrenamientos, obviamente vamos a cuidar a los jugadores y as\u00ed evitar contagios, en eso habr\u00e1 estricto control\u201d, declar\u00f3 el entrenador quien adem\u00e1s inform\u00f3 que la organizaci\u00f3n del encuentro est\u00e1 a cargo de la Asociaci\u00f3n de B\u00e1squetbol de Potos\u00ed, por lo que el rival ser\u00e1 un combinado de esa ciudad que se complementar\u00e1 con algunos jugadores extranjeros.<br \/>\nEste partido tambi\u00e9n servir\u00e1 para recaudar fondos para la Federaci\u00f3n Boliviana de B\u00e1squetbol y as\u00ed cubrir algunos gastos administrativos.<br \/>\nTras el partido, el cuerpo t\u00e9cnico se reunir\u00e1 con los jugadores para continuar con el trabajo del plantel y la posibilidad de concentrar en la ciudad de Tarija, pero tambi\u00e9n reconoci\u00f3 que \u201ces casi imposible\u201d ya que los basquetbolistas no logran permisos especiales de sus fuentes laborales, por lo que le complica en el plan de entrenamientos.<br \/>\nMientras tanto, la plantilla contin\u00faa entrenando en Tarija, aunque el grupo es reducido, pues solo se trabaja con quienes viven en esta ciudad, adem\u00e1s de basquetbolista boliviano-estadounidense Joshua Reaves, quien -seg\u00fan el t\u00e9cnico- es un jugador explosivo y que se acopla a la preparaci\u00f3n del seleccionado, \u201c\u00e9l se adecu\u00f3 como esper\u00e1bamos, hay que destacar su profesionalismo y humildad\u201d, destac\u00f3 Vargas, el entrenador.<\/p>\n<p><strong>ERWIN QUISPE PERCA<\/strong><\/p>\n","protected":false},"excerpt":{"rendered":"<p>Este s\u00e1bado a partir de las 20:00 en el coliseo Ciudad de Potos\u00ed, el seleccionado boliviano de b\u00e1squetbol enfrentar\u00e1 a un combinado potosino como parte de la preparaci\u00f3n de la plantilla antes de jugar contra su similar de Ecuador entre el 12 y 16 de junio de visitante y local de manera respectiva.Giovanny Vargas, director [&hellip;]<\/p>\n","protected":false},"author":1,"featured_media":6302,"comment_status":"closed","ping_status":"closed","sticky":false,"template":"","format":"standard","meta":{"_acf_changed":false,"footnotes":""},"categories":[6],"tags":[],"class_list":["post-6301","post","type-post","status-publish","format-standard","has-post-thumbnail","category-deportes"],"acf":{"antetitulo":""},"yoast_head":"<!-- This site is optimized with the Yoast SEO plugin v28.3 - https:\/\/yoast.com\/product\/yoast-seo-wordpress\/ -->\n<title>La Verde de b\u00e1squetbol tendr\u00e1 un examen en Potos\u00ed - El Diario - Bolivia<\/title>\n<meta name=\"robots\" content=\"index, follow, max-snippet:-1, max-image-preview:large, max-video-preview:-1\" \/>\n<link rel=\"canonical\" href=\"https:\/\/www.eldiario.net\/portal\/2021\/05\/26\/la-verde-de-basquetbol-tendra-un-examen-en-potosi\/\" \/>\n<meta property=\"og:locale\" content=\"es_ES\" \/>\n<meta property=\"og:type\" content=\"article\" \/>\n<meta property=\"og:title\" content=\"La Verde de b\u00e1squetbol tendr\u00e1 un examen en Potos\u00ed - El Diario - Bolivia\" \/>\n<meta property=\"og:description\" content=\"Este s\u00e1bado a partir de las 20:00 en el coliseo Ciudad de Potos\u00ed, el seleccionado boliviano de b\u00e1squetbol enfrentar\u00e1 a un combinado potosino como parte de la preparaci\u00f3n de la plantilla antes de jugar contra su similar de Ecuador entre el 12 y 16 de junio de visitante y local de manera respectiva.Giovanny Vargas, director [&hellip;]\" \/>\n<meta property=\"og:url\" content=\"https:\/\/www.eldiario.net\/portal\/2021\/05\/26\/la-verde-de-basquetbol-tendra-un-examen-en-potosi\/\" \/>\n<meta property=\"og:site_name\" content=\"El Diario - Bolivia\" \/>\n<meta property=\"article:publisher\" content=\"https:\/\/www.facebook.com\/eldiario.bolivia\/\" \/>\n<meta property=\"article:published_time\" content=\"2021-05-26T09:19:16+00:00\" \/>\n<meta name=\"author\" content=\"Jeanette\" \/>\n<meta name=\"twitter:card\" content=\"summary_large_image\" \/>\n<meta name=\"twitter:creator\" content=\"@eldiario_net\" \/>\n<meta name=\"twitter:site\" content=\"@eldiario_net\" \/>\n<meta name=\"twitter:label1\" content=\"Escrito por\" \/>\n\t<meta name=\"twitter:data1\" content=\"Jeanette\" \/>\n\t<meta name=\"twitter:label2\" content=\"Tiempo de lectura\" \/>\n\t<meta name=\"twitter:data2\" content=\"2 minutos\" \/>\n<script type=\"application\/ld+json\" class=\"yoast-schema-graph\">{\"@context\":\"https:\\\/\\\/schema.org\",\"@graph\":[{\"@type\":\"Article\",\"@id\":\"https:\\\/\\\/www.eldiario.net\\\/portal\\\/2021\\\/05\\\/26\\\/la-verde-de-basquetbol-tendra-un-examen-en-potosi\\\/#article\",\"isPartOf\":{\"@id\":\"https:\\\/\\\/www.eldiario.net\\\/portal\\\/2021\\\/05\\\/26\\\/la-verde-de-basquetbol-tendra-un-examen-en-potosi\\\/\"},\"author\":{\"name\":\"Jeanette\",\"@id\":\"https:\\\/\\\/www.eldiario.net\\\/portal\\\/#\\\/schema\\\/person\\\/f46445640444750d7d753ccd04ae01b7\"},\"headline\":\"La Verde de b\u00e1squetbol tendr\u00e1 un examen en Potos\u00ed\",\"datePublished\":\"2021-05-26T09:19:16+00:00\",\"mainEntityOfPage\":{\"@id\":\"https:\\\/\\\/www.eldiario.net\\\/portal\\\/2021\\\/05\\\/26\\\/la-verde-de-basquetbol-tendra-un-examen-en-potosi\\\/\"},\"wordCount\":359,\"publisher\":{\"@id\":\"https:\\\/\\\/www.eldiario.net\\\/portal\\\/#organization\"},\"image\":{\"@id\":\"https:\\\/\\\/www.eldiario.net\\\/portal\\\/2021\\\/05\\\/26\\\/la-verde-de-basquetbol-tendra-un-examen-en-potosi\\\/#primaryimage\"},\"thumbnailUrl\":\"\",\"articleSection\":[\"Deportes\"],\"inLanguage\":\"es\"},{\"@type\":\"WebPage\",\"@id\":\"https:\\\/\\\/www.eldiario.net\\\/portal\\\/2021\\\/05\\\/26\\\/la-verde-de-basquetbol-tendra-un-examen-en-potosi\\\/\",\"url\":\"https:\\\/\\\/www.eldiario.net\\\/portal\\\/2021\\\/05\\\/26\\\/la-verde-de-basquetbol-tendra-un-examen-en-potosi\\\/\",\"name\":\"La Verde de b\u00e1squetbol tendr\u00e1 un examen en Potos\u00ed - El Diario - Bolivia\",\"isPartOf\":{\"@id\":\"https:\\\/\\\/www.eldiario.net\\\/portal\\\/#website\"},\"primaryImageOfPage\":{\"@id\":\"https:\\\/\\\/www.eldiario.net\\\/portal\\\/2021\\\/05\\\/26\\\/la-verde-de-basquetbol-tendra-un-examen-en-potosi\\\/#primaryimage\"},\"image\":{\"@id\":\"https:\\\/\\\/www.eldiario.net\\\/portal\\\/2021\\\/05\\\/26\\\/la-verde-de-basquetbol-tendra-un-examen-en-potosi\\\/#primaryimage\"},\"thumbnailUrl\":\"\",\"datePublished\":\"2021-05-26T09:19:16+00:00\",\"breadcrumb\":{\"@id\":\"https:\\\/\\\/www.eldiario.net\\\/portal\\\/2021\\\/05\\\/26\\\/la-verde-de-basquetbol-tendra-un-examen-en-potosi\\\/#breadcrumb\"},\"inLanguage\":\"es\",\"potentialAction\":[{\"@type\":\"ReadAction\",\"target\":[\"https:\\\/\\\/www.eldiario.net\\\/portal\\\/2021\\\/05\\\/26\\\/la-verde-de-basquetbol-tendra-un-examen-en-potosi\\\/\"]}]},{\"@type\":\"ImageObject\",\"inLanguage\":\"es\",\"@id\":\"https:\\\/\\\/www.eldiario.net\\\/portal\\\/2021\\\/05\\\/26\\\/la-verde-de-basquetbol-tendra-un-examen-en-potosi\\\/#primaryimage\",\"url\":\"\",\"contentUrl\":\"\"},{\"@type\":\"BreadcrumbList\",\"@id\":\"https:\\\/\\\/www.eldiario.net\\\/portal\\\/2021\\\/05\\\/26\\\/la-verde-de-basquetbol-tendra-un-examen-en-potosi\\\/#breadcrumb\",\"itemListElement\":[{\"@type\":\"ListItem\",\"position\":1,\"name\":\"Portada\",\"item\":\"https:\\\/\\\/www.eldiario.net\\\/portal\\\/\"},{\"@type\":\"ListItem\",\"position\":2,\"name\":\"La Verde de b\u00e1squetbol tendr\u00e1 un examen en Potos\u00ed\"}]},{\"@type\":\"WebSite\",\"@id\":\"https:\\\/\\\/www.eldiario.net\\\/portal\\\/#website\",\"url\":\"https:\\\/\\\/www.eldiario.net\\\/portal\\\/\",\"name\":\"El Diario - Decano de la prensa nacional\",\"description\":\"El Diario - Decano de la prensa nacional\",\"publisher\":{\"@id\":\"https:\\\/\\\/www.eldiario.net\\\/portal\\\/#organization\"},\"potentialAction\":[{\"@type\":\"SearchAction\",\"target\":{\"@type\":\"EntryPoint\",\"urlTemplate\":\"https:\\\/\\\/www.eldiario.net\\\/portal\\\/?s={search_term_string}\"},\"query-input\":{\"@type\":\"PropertyValueSpecification\",\"valueRequired\":true,\"valueName\":\"search_term_string\"}}],\"inLanguage\":\"es\"},{\"@type\":\"Organization\",\"@id\":\"https:\\\/\\\/www.eldiario.net\\\/portal\\\/#organization\",\"name\":\"El Diario - Decano de la prensa nacional\",\"url\":\"https:\\\/\\\/www.eldiario.net\\\/portal\\\/\",\"logo\":{\"@type\":\"ImageObject\",\"inLanguage\":\"es\",\"@id\":\"https:\\\/\\\/www.eldiario.net\\\/portal\\\/#\\\/schema\\\/logo\\\/image\\\/\",\"url\":\"https:\\\/\\\/www.eldiario.net\\\/portal\\\/wp-content\\\/uploads\\\/2023\\\/07\\\/logo_ED.jpg\",\"contentUrl\":\"https:\\\/\\\/www.eldiario.net\\\/portal\\\/wp-content\\\/uploads\\\/2023\\\/07\\\/logo_ED.jpg\",\"width\":272,\"height\":52,\"caption\":\"El Diario - Decano de la prensa nacional\"},\"image\":{\"@id\":\"https:\\\/\\\/www.eldiario.net\\\/portal\\\/#\\\/schema\\\/logo\\\/image\\\/\"},\"sameAs\":[\"https:\\\/\\\/www.facebook.com\\\/eldiario.bolivia\\\/\",\"https:\\\/\\\/x.com\\\/eldiario_net\"]},{\"@type\":\"Person\",\"@id\":\"https:\\\/\\\/www.eldiario.net\\\/portal\\\/#\\\/schema\\\/person\\\/f46445640444750d7d753ccd04ae01b7\",\"name\":\"Jeanette\",\"image\":{\"@type\":\"ImageObject\",\"inLanguage\":\"es\",\"@id\":\"https:\\\/\\\/secure.gravatar.com\\\/avatar\\\/3ea2118a5f7dad2b7138b1187a6b7ee55f160b9968b66013c3a3ef39dd7e5798?s=96&d=mm&r=g\",\"url\":\"https:\\\/\\\/secure.gravatar.com\\\/avatar\\\/3ea2118a5f7dad2b7138b1187a6b7ee55f160b9968b66013c3a3ef39dd7e5798?s=96&d=mm&r=g\",\"contentUrl\":\"https:\\\/\\\/secure.gravatar.com\\\/avatar\\\/3ea2118a5f7dad2b7138b1187a6b7ee55f160b9968b66013c3a3ef39dd7e5798?s=96&d=mm&r=g\",\"caption\":\"Jeanette\"},\"sameAs\":[\"https:\\\/\\\/www.eldiario.net\\\/portal\"],\"url\":\"https:\\\/\\\/www.eldiario.net\\\/portal\\\/author\\\/jeanette\\\/\"}]}<\/script>\n<!-- \/ Yoast SEO plugin. -->","yoast_head_json":{"title":"La Verde de b\u00e1squetbol tendr\u00e1 un examen en Potos\u00ed - El Diario - Bolivia","robots":{"index":"index","follow":"follow","max-snippet":"max-snippet:-1","max-image-preview":"max-image-preview:large","max-video-preview":"max-video-preview:-1"},"canonical":"https:\/\/www.eldiario.net\/portal\/2021\/05\/26\/la-verde-de-basquetbol-tendra-un-examen-en-potosi\/","og_locale":"es_ES","og_type":"article","og_title":"La Verde de b\u00e1squetbol tendr\u00e1 un examen en Potos\u00ed - El Diario - Bolivia","og_description":"Este s\u00e1bado a partir de las 20:00 en el coliseo Ciudad de Potos\u00ed, el seleccionado boliviano de b\u00e1squetbol enfrentar\u00e1 a un combinado potosino como parte de la preparaci\u00f3n de la plantilla antes de jugar contra su similar de Ecuador entre el 12 y 16 de junio de visitante y local de manera respectiva.Giovanny Vargas, director [&hellip;]","og_url":"https:\/\/www.eldiario.net\/portal\/2021\/05\/26\/la-verde-de-basquetbol-tendra-un-examen-en-potosi\/","og_site_name":"El Diario - Bolivia","article_publisher":"https:\/\/www.facebook.com\/eldiario.bolivia\/","article_published_time":"2021-05-26T09:19:16+00:00","author":"Jeanette","twitter_card":"summary_large_image","twitter_creator":"@eldiario_net","twitter_site":"@eldiario_net","twitter_misc":{"Escrito por":"Jeanette","Tiempo de lectura":"2 minutos"},"schema":{"@context":"https:\/\/schema.org","@graph":[{"@type":"Article","@id":"https:\/\/www.eldiario.net\/portal\/2021\/05\/26\/la-verde-de-basquetbol-tendra-un-examen-en-potosi\/#article","isPartOf":{"@id":"https:\/\/www.eldiario.net\/portal\/2021\/05\/26\/la-verde-de-basquetbol-tendra-un-examen-en-potosi\/"},"author":{"name":"Jeanette","@id":"https:\/\/www.eldiario.net\/portal\/#\/schema\/person\/f46445640444750d7d753ccd04ae01b7"},"headline":"La Verde de b\u00e1squetbol tendr\u00e1 un examen en Potos\u00ed","datePublished":"2021-05-26T09:19:16+00:00","mainEntityOfPage":{"@id":"https:\/\/www.eldiario.net\/portal\/2021\/05\/26\/la-verde-de-basquetbol-tendra-un-examen-en-potosi\/"},"wordCount":359,"publisher":{"@id":"https:\/\/www.eldiario.net\/portal\/#organization"},"image":{"@id":"https:\/\/www.eldiario.net\/portal\/2021\/05\/26\/la-verde-de-basquetbol-tendra-un-examen-en-potosi\/#primaryimage"},"thumbnailUrl":"","articleSection":["Deportes"],"inLanguage":"es"},{"@type":"WebPage","@id":"https:\/\/www.eldiario.net\/portal\/2021\/05\/26\/la-verde-de-basquetbol-tendra-un-examen-en-potosi\/","url":"https:\/\/www.eldiario.net\/portal\/2021\/05\/26\/la-verde-de-basquetbol-tendra-un-examen-en-potosi\/","name":"La Verde de b\u00e1squetbol tendr\u00e1 un examen en Potos\u00ed - El Diario - Bolivia","isPartOf":{"@id":"https:\/\/www.eldiario.net\/portal\/#website"},"primaryImageOfPage":{"@id":"https:\/\/www.eldiario.net\/portal\/2021\/05\/26\/la-verde-de-basquetbol-tendra-un-examen-en-potosi\/#primaryimage"},"image":{"@id":"https:\/\/www.eldiario.net\/portal\/2021\/05\/26\/la-verde-de-basquetbol-tendra-un-examen-en-potosi\/#primaryimage"},"thumbnailUrl":"","datePublished":"2021-05-26T09:19:16+00:00","breadcrumb":{"@id":"https:\/\/www.eldiario.net\/portal\/2021\/05\/26\/la-verde-de-basquetbol-tendra-un-examen-en-potosi\/#breadcrumb"},"inLanguage":"es","potentialAction":[{"@type":"ReadAction","target":["https:\/\/www.eldiario.net\/portal\/2021\/05\/26\/la-verde-de-basquetbol-tendra-un-examen-en-potosi\/"]}]},{"@type":"ImageObject","inLanguage":"es","@id":"https:\/\/www.eldiario.net\/portal\/2021\/05\/26\/la-verde-de-basquetbol-tendra-un-examen-en-potosi\/#primaryimage","url":"","contentUrl":""},{"@type":"BreadcrumbList","@id":"https:\/\/www.eldiario.net\/portal\/2021\/05\/26\/la-verde-de-basquetbol-tendra-un-examen-en-potosi\/#breadcrumb","itemListElement":[{"@type":"ListItem","position":1,"name":"Portada","item":"https:\/\/www.eldiario.net\/portal\/"},{"@type":"ListItem","position":2,"name":"La Verde de b\u00e1squetbol tendr\u00e1 un examen en Potos\u00ed"}]},{"@type":"WebSite","@id":"https:\/\/www.eldiario.net\/portal\/#website","url":"https:\/\/www.eldiario.net\/portal\/","name":"El Diario - Decano de la prensa nacional","description":"El Diario - Decano de la prensa nacional","publisher":{"@id":"https:\/\/www.eldiario.net\/portal\/#organization"},"potentialAction":[{"@type":"SearchAction","target":{"@type":"EntryPoint","urlTemplate":"https:\/\/www.eldiario.net\/portal\/?s={search_term_string}"},"query-input":{"@type":"PropertyValueSpecification","valueRequired":true,"valueName":"search_term_string"}}],"inLanguage":"es"},{"@type":"Organization","@id":"https:\/\/www.eldiario.net\/portal\/#organization","name":"El Diario - Decano de la prensa nacional","url":"https:\/\/www.eldiario.net\/portal\/","logo":{"@type":"ImageObject","inLanguage":"es","@id":"https:\/\/www.eldiario.net\/portal\/#\/schema\/logo\/image\/","url":"https:\/\/www.eldiario.net\/portal\/wp-content\/uploads\/2023\/07\/logo_ED.jpg","contentUrl":"https:\/\/www.eldiario.net\/portal\/wp-content\/uploads\/2023\/07\/logo_ED.jpg","width":272,"height":52,"caption":"El Diario - Decano de la prensa nacional"},"image":{"@id":"https:\/\/www.eldiario.net\/portal\/#\/schema\/logo\/image\/"},"sameAs":["https:\/\/www.facebook.com\/eldiario.bolivia\/","https:\/\/x.com\/eldiario_net"]},{"@type":"Person","@id":"https:\/\/www.eldiario.net\/portal\/#\/schema\/person\/f46445640444750d7d753ccd04ae01b7","name":"Jeanette","image":{"@type":"ImageObject","inLanguage":"es","@id":"https:\/\/secure.gravatar.com\/avatar\/3ea2118a5f7dad2b7138b1187a6b7ee55f160b9968b66013c3a3ef39dd7e5798?s=96&d=mm&r=g","url":"https:\/\/secure.gravatar.com\/avatar\/3ea2118a5f7dad2b7138b1187a6b7ee55f160b9968b66013c3a3ef39dd7e5798?s=96&d=mm&r=g","contentUrl":"https:\/\/secure.gravatar.com\/avatar\/3ea2118a5f7dad2b7138b1187a6b7ee55f160b9968b66013c3a3ef39dd7e5798?s=96&d=mm&r=g","caption":"Jeanette"},"sameAs":["https:\/\/www.eldiario.net\/portal"],"url":"https:\/\/www.eldiario.net\/portal\/author\/jeanette\/"}]}},"_links":{"self":[{"href":"https:\/\/www.eldiario.net\/portal\/wp-json\/wp\/v2\/posts\/6301","targetHints":{"allow":["GET"]}}],"collection":[{"href":"https:\/\/www.eldiario.net\/portal\/wp-json\/wp\/v2\/posts"}],"about":[{"href":"https:\/\/www.eldiario.net\/portal\/wp-json\/wp\/v2\/types\/post"}],"author":[{"embeddable":true,"href":"https:\/\/www.eldiario.net\/portal\/wp-json\/wp\/v2\/users\/1"}],"replies":[{"embeddable":true,"href":"https:\/\/www.eldiario.net\/portal\/wp-json\/wp\/v2\/comments?post=6301"}],"version-history":[{"count":0,"href":"https:\/\/www.eldiario.net\/portal\/wp-json\/wp\/v2\/posts\/6301\/revisions"}],"wp:attachment":[{"href":"https:\/\/www.eldiario.net\/portal\/wp-json\/wp\/v2\/media?parent=6301"}],"wp:term":[{"taxonomy":"category","embeddable":true,"href":"https:\/\/www.eldiario.net\/portal\/wp-json\/wp\/v2\/categories?post=6301"},{"taxonomy":"post_tag","embeddable":true,"href":"https:\/\/www.eldiario.net\/portal\/wp-json\/wp\/v2\/tags?post=6301"}],"curies":[{"name":"wp","href":"https:\/\/api.w.org\/{rel}","templated":true}]}}