{"id":62364,"date":"2022-02-11T05:35:08","date_gmt":"2022-02-11T09:35:08","guid":{"rendered":"https:\/\/www.eldiario.net\/portal\/?p=62364"},"modified":"2022-02-11T05:35:08","modified_gmt":"2022-02-11T09:35:08","slug":"pablo-iturry","status":"publish","type":"post","link":"https:\/\/www.eldiario.net\/portal\/2022\/02\/11\/pablo-iturry\/","title":{"rendered":"Pablo Iturry"},"content":{"rendered":"<p>El invitado de turno hoy en Cvltvral es un dedicado m\u00fasico especializado en las percusiones, cuyo recorrido profesional lo han llevado a ser parte fundamental de las orquestas m\u00e1s importantes del pa\u00eds as\u00ed como de Noruega, donde tuvo un paso importante teniendo varios logros como artista. Hoy tendr\u00e1 lugar una presentaci\u00f3n sin mucho precedente en nuestro medio, donde \u00e9l oficiar\u00e1 como curador percusionista con varios instrumentos invitados, seguramente una cita ineludible para los amantes de la m\u00fasica\u2026 Sean todos bienvenidos al show.<\/p>\n<p><strong>\u00bfQui\u00e9n es Pablo Iturry?<\/strong><br \/>\nEs un m\u00fasico percusionista, es alguien a quien le gusta estudiar percusi\u00f3n y m\u00fasica en general y le gusta hacer caminatas y disfrutar de ver pel\u00edculas o leer un buen libro de vez en cuando; cocinar y criar plantas en casa.<\/p>\n<p><strong>\u00bfC\u00f3mo lleg\u00f3 la m\u00fasica a tu vida?<\/strong><br \/>\nCuando estaba en colegio entr\u00e9 a la banda de marcha, comenc\u00e9 en la banda tocando saxof\u00f3n y unos a\u00f1os despu\u00e9s, al terminar el colegio, ya tocaba la bater\u00eda. As\u00ed fue c\u00f3mo inici\u00e9 mi carrera musical, pero como an\u00e9cdota, cuando era peque\u00f1o mis pap\u00e1s me compraron un Mickey Mouse que ten\u00eda varios instrumentos musicales, supongo que eso influy\u00f3 de manera inconsciente.<\/p>\n<p><strong>\u00bfCon qu\u00e9 artista descubriste tu afici\u00f3n por la percusi\u00f3n?<\/strong><br \/>\nMis pap\u00e1s ten\u00edan un DVD de Carmina Burana de Carl Orff, cuando vi a los percusionistas en ese DVD qued\u00e9 impresionado, todav\u00eda estaba en colegio y desde esa vez que vi esa obra comenz\u00f3 mi amor por la percusi\u00f3n.<\/p>\n<p><strong>\u00bfFue tu primera opci\u00f3n el estudio de percusiones o intercalaste con otros instrumentos?<\/strong><br \/>\nAl principio, en colegio, toqu\u00e9 saxof\u00f3n y bater\u00eda. Tambi\u00e9n aprend\u00ed piano estando en el Conservatorio y en la Universidad. Ahora solo me dedico a la percusi\u00f3n y dej\u00e9 el saxof\u00f3n, pero sigo tocando piano de forma b\u00e1sica.<br \/>\nEs un instrumento complejo y vers\u00e1til, \u00bfcu\u00e1l ha sido el mayor reto en este camino de procurar el dominio de las percusiones?<br \/>\nEl mayor reto fue ir a Noruega y aprender a tocar a un nivel profesional la percusi\u00f3n, el hecho de poder interpretar varios instrumentos y que cada instrumento tenga sus horas de estudio y su propia t\u00e9cnica fue y es un desaf\u00edo continuo, es un reto de d\u00eda a d\u00eda tocar todos los instrumentos de percusi\u00f3n.<\/p>\n<p><strong>\u00bfDe cu\u00e1ntos grupos habr\u00e1s sido parte a lo largo de tu carrera?<\/strong><br \/>\nFui parte de muchos grupos y orquestas, podr\u00eda nombrar las m\u00e1s importantes como la Orquesta Sinf\u00f3nica Nacional de Bolivia, Rodolfo Laruta y la Sonora Final los Andes, Silencio Crom\u00e1tico, Orquesta Sinf\u00f3nica de Stavanger en Noruega, Orquesta sinf\u00f3nica de Sandnes en Noruega, Stavanger Brass Band, Ensamble de Percusi\u00f3n de la Universidad de Stavanger y varios grupos a los que fui invitado para tocar por algunas presentaciones tanto en Bolivia como en Noruega.<\/p>\n<p><strong>Tienes muchas presentaciones en tu haber, \u00bfalguna ha marcado m\u00e1s que las otras tu devenir profesional?<\/strong><br \/>\nEstando en Noruega tuve dos presentaciones que marcaron mi carrera musical. Una fue cuando fui sustituto en la Orquesta Profesional de Stavanger, pude tocar la sinf\u00f3nica 3 de Mahler y despu\u00e9s con la Banda de Bronces de Stavanger, en un concurso nacional donde ganamos el primer premio como banda y los percusionistas ganamos el premio a mejor secci\u00f3n en toda Noruega.<\/p>\n<p><strong>Este viernes se presenta \u201cReflexiones\u201d, un concierto de percusi\u00f3n e instrumentos invitados. \u00bfAludes a una auto reflexi\u00f3n con el nombre o est\u00e1s invitando a una reflexi\u00f3n musical a los asistentes?<\/strong><br \/>\nA una reflexi\u00f3n musical, estoy haciendo este concierto m\u00e1s que todo para que el p\u00fablico pueda conocer m\u00e1s obras de percusi\u00f3n que nunca se tocaron en Bolivia y es muy raro ver conciertos de percusi\u00f3n con obras como las que estoy presentando el d\u00eda de hoy. Quisiera que el p\u00fablico y los m\u00fasicos conozcan m\u00e1s estilos de m\u00fasica en la percusi\u00f3n y as\u00ed poder enriquecernos culturalmente tanto yo como ellos.<\/p>\n<p><strong>\u00bfD\u00f3nde y a qu\u00e9 hora ser\u00e1 este concierto?<\/strong><br \/>\nEl concierto es hoy a las 19:30 horas en el Centro Sinf\u00f3nico Nacional, la entrada ser\u00e1 gratuita.<\/p>\n<p><strong>\u00bfQu\u00e9 tipo de show debe esperar la gente que vaya al concierto?<\/strong><br \/>\nSera como una degustaci\u00f3n de varios estilos en la percusi\u00f3n, podr\u00e1n apreciar jazz, una pieza que tiene extractos de sinf\u00f3nicas cl\u00e1sicas, una pieza de un compositor boliviano y tambi\u00e9n algunas locuras en un solo de tambor que explora t\u00e9cnicas extendidas muy interesantes. Ser\u00e1 algo que no es muy habitual ver en nuestro medio.<\/p>\n<p><strong>\u00bfEstar\u00e1s haciendo m\u00e1s \u201cReflexiones\u201d en otros escenarios y ciudades?<\/strong><br \/>\nPor ahora no, pero espero en un futuro poder dar conciertos o clases magistrales en otros departamentos para poder llevar mi arte a m\u00e1s gente y hacer que se interesen mas por la percusi\u00f3n, ya no es solo tambores, sino es tambi\u00e9n mel\u00f3dico.<\/p>\n\n","protected":false},"excerpt":{"rendered":"<p>El invitado de turno hoy en Cvltvral es un dedicado m\u00fasico especializado en las percusiones, cuyo recorrido profesional lo han llevado a ser parte fundamental de las orquestas m\u00e1s importantes del pa\u00eds as\u00ed como de Noruega, donde tuvo un paso importante teniendo varios logros como artista. Hoy tendr\u00e1 lugar una presentaci\u00f3n sin mucho precedente en [&hellip;]<\/p>\n","protected":false},"author":1,"featured_media":62365,"comment_status":"closed","ping_status":"closed","sticky":false,"template":"","format":"standard","meta":{"_acf_changed":false,"footnotes":""},"categories":[8],"tags":[],"class_list":["post-62364","post","type-post","status-publish","format-standard","has-post-thumbnail","category-cultural"],"acf":{"antetitulo":""},"yoast_head":"<!-- This site is optimized with the Yoast SEO plugin v28.3 - https:\/\/yoast.com\/product\/yoast-seo-wordpress\/ -->\n<title>Pablo Iturry - El Diario - Bolivia<\/title>\n<meta name=\"robots\" content=\"index, follow, max-snippet:-1, max-image-preview:large, max-video-preview:-1\" \/>\n<link rel=\"canonical\" href=\"https:\/\/www.eldiario.net\/portal\/2022\/02\/11\/pablo-iturry\/\" \/>\n<meta property=\"og:locale\" content=\"es_ES\" \/>\n<meta property=\"og:type\" content=\"article\" \/>\n<meta property=\"og:title\" content=\"Pablo Iturry - El Diario - Bolivia\" \/>\n<meta property=\"og:description\" content=\"El invitado de turno hoy en Cvltvral es un dedicado m\u00fasico especializado en las percusiones, cuyo recorrido profesional lo han llevado a ser parte fundamental de las orquestas m\u00e1s importantes del pa\u00eds as\u00ed como de Noruega, donde tuvo un paso importante teniendo varios logros como artista. Hoy tendr\u00e1 lugar una presentaci\u00f3n sin mucho precedente en [&hellip;]\" \/>\n<meta property=\"og:url\" content=\"https:\/\/www.eldiario.net\/portal\/2022\/02\/11\/pablo-iturry\/\" \/>\n<meta property=\"og:site_name\" content=\"El Diario - Bolivia\" \/>\n<meta property=\"article:publisher\" content=\"https:\/\/www.facebook.com\/eldiario.bolivia\/\" \/>\n<meta property=\"article:published_time\" content=\"2022-02-11T09:35:08+00:00\" \/>\n<meta property=\"og:image\" content=\"https:\/\/www.eldiario.net\/portal\/wp-content\/uploads\/2022\/02\/251809100_407968774206413_424490258451073620_n.jpg\" \/>\n\t<meta property=\"og:image:width\" content=\"945\" \/>\n\t<meta property=\"og:image:height\" content=\"953\" \/>\n\t<meta property=\"og:image:type\" content=\"image\/jpeg\" \/>\n<meta name=\"author\" content=\"Jeanette\" \/>\n<meta name=\"twitter:card\" content=\"summary_large_image\" \/>\n<meta name=\"twitter:creator\" content=\"@eldiario_net\" \/>\n<meta name=\"twitter:site\" content=\"@eldiario_net\" \/>\n<meta name=\"twitter:label1\" content=\"Escrito por\" \/>\n\t<meta name=\"twitter:data1\" content=\"Jeanette\" \/>\n\t<meta name=\"twitter:label2\" content=\"Tiempo de lectura\" \/>\n\t<meta name=\"twitter:data2\" content=\"4 minutos\" \/>\n<script type=\"application\/ld+json\" class=\"yoast-schema-graph\">{\"@context\":\"https:\\\/\\\/schema.org\",\"@graph\":[{\"@type\":\"Article\",\"@id\":\"https:\\\/\\\/www.eldiario.net\\\/portal\\\/2022\\\/02\\\/11\\\/pablo-iturry\\\/#article\",\"isPartOf\":{\"@id\":\"https:\\\/\\\/www.eldiario.net\\\/portal\\\/2022\\\/02\\\/11\\\/pablo-iturry\\\/\"},\"author\":{\"name\":\"Jeanette\",\"@id\":\"https:\\\/\\\/www.eldiario.net\\\/portal\\\/#\\\/schema\\\/person\\\/f46445640444750d7d753ccd04ae01b7\"},\"headline\":\"Pablo Iturry\",\"datePublished\":\"2022-02-11T09:35:08+00:00\",\"mainEntityOfPage\":{\"@id\":\"https:\\\/\\\/www.eldiario.net\\\/portal\\\/2022\\\/02\\\/11\\\/pablo-iturry\\\/\"},\"wordCount\":862,\"publisher\":{\"@id\":\"https:\\\/\\\/www.eldiario.net\\\/portal\\\/#organization\"},\"image\":{\"@id\":\"https:\\\/\\\/www.eldiario.net\\\/portal\\\/2022\\\/02\\\/11\\\/pablo-iturry\\\/#primaryimage\"},\"thumbnailUrl\":\"https:\\\/\\\/www.eldiario.net\\\/portal\\\/wp-content\\\/uploads\\\/2022\\\/02\\\/251809100_407968774206413_424490258451073620_n.jpg\",\"articleSection\":[\"Cultural\"],\"inLanguage\":\"es\"},{\"@type\":\"WebPage\",\"@id\":\"https:\\\/\\\/www.eldiario.net\\\/portal\\\/2022\\\/02\\\/11\\\/pablo-iturry\\\/\",\"url\":\"https:\\\/\\\/www.eldiario.net\\\/portal\\\/2022\\\/02\\\/11\\\/pablo-iturry\\\/\",\"name\":\"Pablo Iturry - El Diario - Bolivia\",\"isPartOf\":{\"@id\":\"https:\\\/\\\/www.eldiario.net\\\/portal\\\/#website\"},\"primaryImageOfPage\":{\"@id\":\"https:\\\/\\\/www.eldiario.net\\\/portal\\\/2022\\\/02\\\/11\\\/pablo-iturry\\\/#primaryimage\"},\"image\":{\"@id\":\"https:\\\/\\\/www.eldiario.net\\\/portal\\\/2022\\\/02\\\/11\\\/pablo-iturry\\\/#primaryimage\"},\"thumbnailUrl\":\"https:\\\/\\\/www.eldiario.net\\\/portal\\\/wp-content\\\/uploads\\\/2022\\\/02\\\/251809100_407968774206413_424490258451073620_n.jpg\",\"datePublished\":\"2022-02-11T09:35:08+00:00\",\"breadcrumb\":{\"@id\":\"https:\\\/\\\/www.eldiario.net\\\/portal\\\/2022\\\/02\\\/11\\\/pablo-iturry\\\/#breadcrumb\"},\"inLanguage\":\"es\",\"potentialAction\":[{\"@type\":\"ReadAction\",\"target\":[\"https:\\\/\\\/www.eldiario.net\\\/portal\\\/2022\\\/02\\\/11\\\/pablo-iturry\\\/\"]}]},{\"@type\":\"ImageObject\",\"inLanguage\":\"es\",\"@id\":\"https:\\\/\\\/www.eldiario.net\\\/portal\\\/2022\\\/02\\\/11\\\/pablo-iturry\\\/#primaryimage\",\"url\":\"https:\\\/\\\/www.eldiario.net\\\/portal\\\/wp-content\\\/uploads\\\/2022\\\/02\\\/251809100_407968774206413_424490258451073620_n.jpg\",\"contentUrl\":\"https:\\\/\\\/www.eldiario.net\\\/portal\\\/wp-content\\\/uploads\\\/2022\\\/02\\\/251809100_407968774206413_424490258451073620_n.jpg\",\"width\":945,\"height\":953},{\"@type\":\"BreadcrumbList\",\"@id\":\"https:\\\/\\\/www.eldiario.net\\\/portal\\\/2022\\\/02\\\/11\\\/pablo-iturry\\\/#breadcrumb\",\"itemListElement\":[{\"@type\":\"ListItem\",\"position\":1,\"name\":\"Portada\",\"item\":\"https:\\\/\\\/www.eldiario.net\\\/portal\\\/\"},{\"@type\":\"ListItem\",\"position\":2,\"name\":\"Pablo Iturry\"}]},{\"@type\":\"WebSite\",\"@id\":\"https:\\\/\\\/www.eldiario.net\\\/portal\\\/#website\",\"url\":\"https:\\\/\\\/www.eldiario.net\\\/portal\\\/\",\"name\":\"El Diario - Decano de la prensa nacional\",\"description\":\"El Diario - Decano de la prensa nacional\",\"publisher\":{\"@id\":\"https:\\\/\\\/www.eldiario.net\\\/portal\\\/#organization\"},\"potentialAction\":[{\"@type\":\"SearchAction\",\"target\":{\"@type\":\"EntryPoint\",\"urlTemplate\":\"https:\\\/\\\/www.eldiario.net\\\/portal\\\/?s={search_term_string}\"},\"query-input\":{\"@type\":\"PropertyValueSpecification\",\"valueRequired\":true,\"valueName\":\"search_term_string\"}}],\"inLanguage\":\"es\"},{\"@type\":\"Organization\",\"@id\":\"https:\\\/\\\/www.eldiario.net\\\/portal\\\/#organization\",\"name\":\"El Diario - Decano de la prensa nacional\",\"url\":\"https:\\\/\\\/www.eldiario.net\\\/portal\\\/\",\"logo\":{\"@type\":\"ImageObject\",\"inLanguage\":\"es\",\"@id\":\"https:\\\/\\\/www.eldiario.net\\\/portal\\\/#\\\/schema\\\/logo\\\/image\\\/\",\"url\":\"https:\\\/\\\/www.eldiario.net\\\/portal\\\/wp-content\\\/uploads\\\/2023\\\/07\\\/logo_ED.jpg\",\"contentUrl\":\"https:\\\/\\\/www.eldiario.net\\\/portal\\\/wp-content\\\/uploads\\\/2023\\\/07\\\/logo_ED.jpg\",\"width\":272,\"height\":52,\"caption\":\"El Diario - Decano de la prensa nacional\"},\"image\":{\"@id\":\"https:\\\/\\\/www.eldiario.net\\\/portal\\\/#\\\/schema\\\/logo\\\/image\\\/\"},\"sameAs\":[\"https:\\\/\\\/www.facebook.com\\\/eldiario.bolivia\\\/\",\"https:\\\/\\\/x.com\\\/eldiario_net\"]},{\"@type\":\"Person\",\"@id\":\"https:\\\/\\\/www.eldiario.net\\\/portal\\\/#\\\/schema\\\/person\\\/f46445640444750d7d753ccd04ae01b7\",\"name\":\"Jeanette\",\"image\":{\"@type\":\"ImageObject\",\"inLanguage\":\"es\",\"@id\":\"https:\\\/\\\/secure.gravatar.com\\\/avatar\\\/3ea2118a5f7dad2b7138b1187a6b7ee55f160b9968b66013c3a3ef39dd7e5798?s=96&d=mm&r=g\",\"url\":\"https:\\\/\\\/secure.gravatar.com\\\/avatar\\\/3ea2118a5f7dad2b7138b1187a6b7ee55f160b9968b66013c3a3ef39dd7e5798?s=96&d=mm&r=g\",\"contentUrl\":\"https:\\\/\\\/secure.gravatar.com\\\/avatar\\\/3ea2118a5f7dad2b7138b1187a6b7ee55f160b9968b66013c3a3ef39dd7e5798?s=96&d=mm&r=g\",\"caption\":\"Jeanette\"},\"sameAs\":[\"https:\\\/\\\/www.eldiario.net\\\/portal\"],\"url\":\"https:\\\/\\\/www.eldiario.net\\\/portal\\\/author\\\/jeanette\\\/\"}]}<\/script>\n<!-- \/ Yoast SEO plugin. -->","yoast_head_json":{"title":"Pablo Iturry - El Diario - Bolivia","robots":{"index":"index","follow":"follow","max-snippet":"max-snippet:-1","max-image-preview":"max-image-preview:large","max-video-preview":"max-video-preview:-1"},"canonical":"https:\/\/www.eldiario.net\/portal\/2022\/02\/11\/pablo-iturry\/","og_locale":"es_ES","og_type":"article","og_title":"Pablo Iturry - El Diario - Bolivia","og_description":"El invitado de turno hoy en Cvltvral es un dedicado m\u00fasico especializado en las percusiones, cuyo recorrido profesional lo han llevado a ser parte fundamental de las orquestas m\u00e1s importantes del pa\u00eds as\u00ed como de Noruega, donde tuvo un paso importante teniendo varios logros como artista. Hoy tendr\u00e1 lugar una presentaci\u00f3n sin mucho precedente en [&hellip;]","og_url":"https:\/\/www.eldiario.net\/portal\/2022\/02\/11\/pablo-iturry\/","og_site_name":"El Diario - Bolivia","article_publisher":"https:\/\/www.facebook.com\/eldiario.bolivia\/","article_published_time":"2022-02-11T09:35:08+00:00","og_image":[{"width":945,"height":953,"url":"https:\/\/www.eldiario.net\/portal\/wp-content\/uploads\/2022\/02\/251809100_407968774206413_424490258451073620_n.jpg","type":"image\/jpeg"}],"author":"Jeanette","twitter_card":"summary_large_image","twitter_creator":"@eldiario_net","twitter_site":"@eldiario_net","twitter_misc":{"Escrito por":"Jeanette","Tiempo de lectura":"4 minutos"},"schema":{"@context":"https:\/\/schema.org","@graph":[{"@type":"Article","@id":"https:\/\/www.eldiario.net\/portal\/2022\/02\/11\/pablo-iturry\/#article","isPartOf":{"@id":"https:\/\/www.eldiario.net\/portal\/2022\/02\/11\/pablo-iturry\/"},"author":{"name":"Jeanette","@id":"https:\/\/www.eldiario.net\/portal\/#\/schema\/person\/f46445640444750d7d753ccd04ae01b7"},"headline":"Pablo Iturry","datePublished":"2022-02-11T09:35:08+00:00","mainEntityOfPage":{"@id":"https:\/\/www.eldiario.net\/portal\/2022\/02\/11\/pablo-iturry\/"},"wordCount":862,"publisher":{"@id":"https:\/\/www.eldiario.net\/portal\/#organization"},"image":{"@id":"https:\/\/www.eldiario.net\/portal\/2022\/02\/11\/pablo-iturry\/#primaryimage"},"thumbnailUrl":"https:\/\/www.eldiario.net\/portal\/wp-content\/uploads\/2022\/02\/251809100_407968774206413_424490258451073620_n.jpg","articleSection":["Cultural"],"inLanguage":"es"},{"@type":"WebPage","@id":"https:\/\/www.eldiario.net\/portal\/2022\/02\/11\/pablo-iturry\/","url":"https:\/\/www.eldiario.net\/portal\/2022\/02\/11\/pablo-iturry\/","name":"Pablo Iturry - El Diario - Bolivia","isPartOf":{"@id":"https:\/\/www.eldiario.net\/portal\/#website"},"primaryImageOfPage":{"@id":"https:\/\/www.eldiario.net\/portal\/2022\/02\/11\/pablo-iturry\/#primaryimage"},"image":{"@id":"https:\/\/www.eldiario.net\/portal\/2022\/02\/11\/pablo-iturry\/#primaryimage"},"thumbnailUrl":"https:\/\/www.eldiario.net\/portal\/wp-content\/uploads\/2022\/02\/251809100_407968774206413_424490258451073620_n.jpg","datePublished":"2022-02-11T09:35:08+00:00","breadcrumb":{"@id":"https:\/\/www.eldiario.net\/portal\/2022\/02\/11\/pablo-iturry\/#breadcrumb"},"inLanguage":"es","potentialAction":[{"@type":"ReadAction","target":["https:\/\/www.eldiario.net\/portal\/2022\/02\/11\/pablo-iturry\/"]}]},{"@type":"ImageObject","inLanguage":"es","@id":"https:\/\/www.eldiario.net\/portal\/2022\/02\/11\/pablo-iturry\/#primaryimage","url":"https:\/\/www.eldiario.net\/portal\/wp-content\/uploads\/2022\/02\/251809100_407968774206413_424490258451073620_n.jpg","contentUrl":"https:\/\/www.eldiario.net\/portal\/wp-content\/uploads\/2022\/02\/251809100_407968774206413_424490258451073620_n.jpg","width":945,"height":953},{"@type":"BreadcrumbList","@id":"https:\/\/www.eldiario.net\/portal\/2022\/02\/11\/pablo-iturry\/#breadcrumb","itemListElement":[{"@type":"ListItem","position":1,"name":"Portada","item":"https:\/\/www.eldiario.net\/portal\/"},{"@type":"ListItem","position":2,"name":"Pablo Iturry"}]},{"@type":"WebSite","@id":"https:\/\/www.eldiario.net\/portal\/#website","url":"https:\/\/www.eldiario.net\/portal\/","name":"El Diario - Decano de la prensa nacional","description":"El Diario - Decano de la prensa nacional","publisher":{"@id":"https:\/\/www.eldiario.net\/portal\/#organization"},"potentialAction":[{"@type":"SearchAction","target":{"@type":"EntryPoint","urlTemplate":"https:\/\/www.eldiario.net\/portal\/?s={search_term_string}"},"query-input":{"@type":"PropertyValueSpecification","valueRequired":true,"valueName":"search_term_string"}}],"inLanguage":"es"},{"@type":"Organization","@id":"https:\/\/www.eldiario.net\/portal\/#organization","name":"El Diario - Decano de la prensa nacional","url":"https:\/\/www.eldiario.net\/portal\/","logo":{"@type":"ImageObject","inLanguage":"es","@id":"https:\/\/www.eldiario.net\/portal\/#\/schema\/logo\/image\/","url":"https:\/\/www.eldiario.net\/portal\/wp-content\/uploads\/2023\/07\/logo_ED.jpg","contentUrl":"https:\/\/www.eldiario.net\/portal\/wp-content\/uploads\/2023\/07\/logo_ED.jpg","width":272,"height":52,"caption":"El Diario - Decano de la prensa nacional"},"image":{"@id":"https:\/\/www.eldiario.net\/portal\/#\/schema\/logo\/image\/"},"sameAs":["https:\/\/www.facebook.com\/eldiario.bolivia\/","https:\/\/x.com\/eldiario_net"]},{"@type":"Person","@id":"https:\/\/www.eldiario.net\/portal\/#\/schema\/person\/f46445640444750d7d753ccd04ae01b7","name":"Jeanette","image":{"@type":"ImageObject","inLanguage":"es","@id":"https:\/\/secure.gravatar.com\/avatar\/3ea2118a5f7dad2b7138b1187a6b7ee55f160b9968b66013c3a3ef39dd7e5798?s=96&d=mm&r=g","url":"https:\/\/secure.gravatar.com\/avatar\/3ea2118a5f7dad2b7138b1187a6b7ee55f160b9968b66013c3a3ef39dd7e5798?s=96&d=mm&r=g","contentUrl":"https:\/\/secure.gravatar.com\/avatar\/3ea2118a5f7dad2b7138b1187a6b7ee55f160b9968b66013c3a3ef39dd7e5798?s=96&d=mm&r=g","caption":"Jeanette"},"sameAs":["https:\/\/www.eldiario.net\/portal"],"url":"https:\/\/www.eldiario.net\/portal\/author\/jeanette\/"}]}},"_links":{"self":[{"href":"https:\/\/www.eldiario.net\/portal\/wp-json\/wp\/v2\/posts\/62364","targetHints":{"allow":["GET"]}}],"collection":[{"href":"https:\/\/www.eldiario.net\/portal\/wp-json\/wp\/v2\/posts"}],"about":[{"href":"https:\/\/www.eldiario.net\/portal\/wp-json\/wp\/v2\/types\/post"}],"author":[{"embeddable":true,"href":"https:\/\/www.eldiario.net\/portal\/wp-json\/wp\/v2\/users\/1"}],"replies":[{"embeddable":true,"href":"https:\/\/www.eldiario.net\/portal\/wp-json\/wp\/v2\/comments?post=62364"}],"version-history":[{"count":0,"href":"https:\/\/www.eldiario.net\/portal\/wp-json\/wp\/v2\/posts\/62364\/revisions"}],"wp:featuredmedia":[{"embeddable":true,"href":"https:\/\/www.eldiario.net\/portal\/wp-json\/wp\/v2\/media\/62365"}],"wp:attachment":[{"href":"https:\/\/www.eldiario.net\/portal\/wp-json\/wp\/v2\/media?parent=62364"}],"wp:term":[{"taxonomy":"category","embeddable":true,"href":"https:\/\/www.eldiario.net\/portal\/wp-json\/wp\/v2\/categories?post=62364"},{"taxonomy":"post_tag","embeddable":true,"href":"https:\/\/www.eldiario.net\/portal\/wp-json\/wp\/v2\/tags?post=62364"}],"curies":[{"name":"wp","href":"https:\/\/api.w.org\/{rel}","templated":true}]}}