{"id":6211,"date":"2021-05-25T06:44:18","date_gmt":"2021-05-25T10:44:18","guid":{"rendered":"https:\/\/www.eldiario.net\/portal\/?p=6211"},"modified":"2021-05-25T06:44:18","modified_gmt":"2021-05-25T10:44:18","slug":"eeuu-y-rusia-preparan-cumbre-entre-biden-y-putin","status":"publish","type":"post","link":"https:\/\/www.eldiario.net\/portal\/2021\/05\/25\/eeuu-y-rusia-preparan-cumbre-entre-biden-y-putin\/","title":{"rendered":"EEUU y Rusia preparan  cumbre entre Biden y Putin"},"content":{"rendered":"<p>Estados Unidos y Rusia contin\u00faan avanzando en los preparativos de la cumbre entre los presidentes de ambos pa\u00edses, Joe Biden y Vladimir Putin, aunque a\u00fan no se conocen los detalles de la reuni\u00f3n, como su ubicaci\u00f3n o la fecha en la que va a celebrarse.<\/p>\n<p>El asesor de Seguridad Nacional estadounidense, Jake Sullivan, y el secretario del Consejo de Seguridad ruso, Nikolai Patrushev, han mantenido este lunes una reuni\u00f3n que ha significado un \u00abimportante paso\u00bb en la preparaci\u00f3n de la cumbre, seg\u00fan un comunicado conjunto en el que no han dado m\u00e1s detalles sobre el encuentro, que se anunciar\u00e1n en el futuro.<\/p>\n<p>Biden y Putin mantuvieron una conversaci\u00f3n telef\u00f3nica a principios de abril para discutir las relaciones bilaterales. En la misma, el presidente de Estados Unidos propuso a su hom\u00f3logo ruso mantener una reuni\u00f3n personal en un tercer pa\u00eds en un futuro pr\u00f3ximo. Aunque a\u00fan no hay fecha, se especula con que podr\u00eda tener lugar en junio.<\/p>\n<p>La reuni\u00f3n entre Sullivan y Patrushev ha tenido lugar en el marco de la pertenencia de ambos como miembros permanentes del Consejo de Seguridad de Naciones Unidas y ha sido una \u00abcontinuaci\u00f3n l\u00f3gica\u00bb de las recientes discusiones celebradas en la capital de Islandia, Reikiavik, entre el secretario de Estado estadounidense, Antony Blinken, y el ministro de Exteriores ruso, Sergei Lavrov.<\/p>\n<p>La conversaci\u00f3n se ha celebrado de una manera \u00abconstructiva\u00bb, seg\u00fan el texto y, a pesar de las \u00absobresalientes diferencias\u00bb entre Mosc\u00fa y Washington, ambas partes han podido entender \u00abmejor\u00bb las posiciones del contrario.<\/p>\n<p>En referencia a los temas abordados, Sullivan y Patrushev han detallado que se ha tratado un \u00abamplio rango de asuntos de inter\u00e9s mutuo\u00bb, con el foco puesto en la \u00abestabilidad estrat\u00e9gica\u00bb. \u00abAmbas partes han expresado confianza en que pueden encontrar soluciones mutuamente aceptables en varios \u00e1mbitos\u00bb, seg\u00fan el texto. Asimismo, las partes han acordado una \u00abnormalizaci\u00f3n\u00bb de las relaciones entre ambos pa\u00edses ser\u00eda \u00abde inter\u00e9s\u00bb para ambos y contribuir\u00eda a la \u00abprevisibilidad y estabilidad\u00bb globales. (Europa Press)<\/p>\n<p>&nbsp;<\/p>\n","protected":false},"excerpt":{"rendered":"<p>Estados Unidos y Rusia contin\u00faan avanzando en los preparativos de la cumbre entre los presidentes de ambos pa\u00edses, Joe Biden y Vladimir Putin, aunque a\u00fan no se conocen los detalles de la reuni\u00f3n, como su ubicaci\u00f3n o la fecha en la que va a celebrarse. El asesor de Seguridad Nacional estadounidense, Jake Sullivan, y el [&hellip;]<\/p>\n","protected":false},"author":1,"featured_media":6212,"comment_status":"closed","ping_status":"closed","sticky":false,"template":"","format":"standard","meta":{"_acf_changed":false,"footnotes":""},"categories":[3],"tags":[],"class_list":["post-6211","post","type-post","status-publish","format-standard","has-post-thumbnail","category-internacional"],"acf":{"antetitulo":""},"yoast_head":"<!-- This site is optimized with the Yoast SEO plugin v28.3 - https:\/\/yoast.com\/product\/yoast-seo-wordpress\/ -->\n<title>EEUU y Rusia preparan cumbre entre Biden y Putin - El Diario - Bolivia<\/title>\n<meta name=\"robots\" content=\"index, follow, max-snippet:-1, max-image-preview:large, max-video-preview:-1\" \/>\n<link rel=\"canonical\" href=\"https:\/\/www.eldiario.net\/portal\/2021\/05\/25\/eeuu-y-rusia-preparan-cumbre-entre-biden-y-putin\/\" \/>\n<meta property=\"og:locale\" content=\"es_ES\" \/>\n<meta property=\"og:type\" content=\"article\" \/>\n<meta property=\"og:title\" content=\"EEUU y Rusia preparan cumbre entre Biden y Putin - El Diario - Bolivia\" \/>\n<meta property=\"og:description\" content=\"Estados Unidos y Rusia contin\u00faan avanzando en los preparativos de la cumbre entre los presidentes de ambos pa\u00edses, Joe Biden y Vladimir Putin, aunque a\u00fan no se conocen los detalles de la reuni\u00f3n, como su ubicaci\u00f3n o la fecha en la que va a celebrarse. El asesor de Seguridad Nacional estadounidense, Jake Sullivan, y el [&hellip;]\" \/>\n<meta property=\"og:url\" content=\"https:\/\/www.eldiario.net\/portal\/2021\/05\/25\/eeuu-y-rusia-preparan-cumbre-entre-biden-y-putin\/\" \/>\n<meta property=\"og:site_name\" content=\"El Diario - Bolivia\" \/>\n<meta property=\"article:publisher\" content=\"https:\/\/www.facebook.com\/eldiario.bolivia\/\" \/>\n<meta property=\"article:published_time\" content=\"2021-05-25T10:44:18+00:00\" \/>\n<meta name=\"author\" content=\"Jeanette\" \/>\n<meta name=\"twitter:card\" content=\"summary_large_image\" \/>\n<meta name=\"twitter:creator\" content=\"@eldiario_net\" \/>\n<meta name=\"twitter:site\" content=\"@eldiario_net\" \/>\n<meta name=\"twitter:label1\" content=\"Escrito por\" \/>\n\t<meta name=\"twitter:data1\" content=\"Jeanette\" \/>\n\t<meta name=\"twitter:label2\" content=\"Tiempo de lectura\" \/>\n\t<meta name=\"twitter:data2\" content=\"2 minutos\" \/>\n<script type=\"application\/ld+json\" class=\"yoast-schema-graph\">{\"@context\":\"https:\\\/\\\/schema.org\",\"@graph\":[{\"@type\":\"Article\",\"@id\":\"https:\\\/\\\/www.eldiario.net\\\/portal\\\/2021\\\/05\\\/25\\\/eeuu-y-rusia-preparan-cumbre-entre-biden-y-putin\\\/#article\",\"isPartOf\":{\"@id\":\"https:\\\/\\\/www.eldiario.net\\\/portal\\\/2021\\\/05\\\/25\\\/eeuu-y-rusia-preparan-cumbre-entre-biden-y-putin\\\/\"},\"author\":{\"name\":\"Jeanette\",\"@id\":\"https:\\\/\\\/www.eldiario.net\\\/portal\\\/#\\\/schema\\\/person\\\/f46445640444750d7d753ccd04ae01b7\"},\"headline\":\"EEUU y Rusia preparan cumbre entre Biden y Putin\",\"datePublished\":\"2021-05-25T10:44:18+00:00\",\"mainEntityOfPage\":{\"@id\":\"https:\\\/\\\/www.eldiario.net\\\/portal\\\/2021\\\/05\\\/25\\\/eeuu-y-rusia-preparan-cumbre-entre-biden-y-putin\\\/\"},\"wordCount\":368,\"publisher\":{\"@id\":\"https:\\\/\\\/www.eldiario.net\\\/portal\\\/#organization\"},\"image\":{\"@id\":\"https:\\\/\\\/www.eldiario.net\\\/portal\\\/2021\\\/05\\\/25\\\/eeuu-y-rusia-preparan-cumbre-entre-biden-y-putin\\\/#primaryimage\"},\"thumbnailUrl\":\"\",\"articleSection\":[\"Internacional\"],\"inLanguage\":\"es\"},{\"@type\":\"WebPage\",\"@id\":\"https:\\\/\\\/www.eldiario.net\\\/portal\\\/2021\\\/05\\\/25\\\/eeuu-y-rusia-preparan-cumbre-entre-biden-y-putin\\\/\",\"url\":\"https:\\\/\\\/www.eldiario.net\\\/portal\\\/2021\\\/05\\\/25\\\/eeuu-y-rusia-preparan-cumbre-entre-biden-y-putin\\\/\",\"name\":\"EEUU y Rusia preparan cumbre entre Biden y Putin - El Diario - Bolivia\",\"isPartOf\":{\"@id\":\"https:\\\/\\\/www.eldiario.net\\\/portal\\\/#website\"},\"primaryImageOfPage\":{\"@id\":\"https:\\\/\\\/www.eldiario.net\\\/portal\\\/2021\\\/05\\\/25\\\/eeuu-y-rusia-preparan-cumbre-entre-biden-y-putin\\\/#primaryimage\"},\"image\":{\"@id\":\"https:\\\/\\\/www.eldiario.net\\\/portal\\\/2021\\\/05\\\/25\\\/eeuu-y-rusia-preparan-cumbre-entre-biden-y-putin\\\/#primaryimage\"},\"thumbnailUrl\":\"\",\"datePublished\":\"2021-05-25T10:44:18+00:00\",\"breadcrumb\":{\"@id\":\"https:\\\/\\\/www.eldiario.net\\\/portal\\\/2021\\\/05\\\/25\\\/eeuu-y-rusia-preparan-cumbre-entre-biden-y-putin\\\/#breadcrumb\"},\"inLanguage\":\"es\",\"potentialAction\":[{\"@type\":\"ReadAction\",\"target\":[\"https:\\\/\\\/www.eldiario.net\\\/portal\\\/2021\\\/05\\\/25\\\/eeuu-y-rusia-preparan-cumbre-entre-biden-y-putin\\\/\"]}]},{\"@type\":\"ImageObject\",\"inLanguage\":\"es\",\"@id\":\"https:\\\/\\\/www.eldiario.net\\\/portal\\\/2021\\\/05\\\/25\\\/eeuu-y-rusia-preparan-cumbre-entre-biden-y-putin\\\/#primaryimage\",\"url\":\"\",\"contentUrl\":\"\"},{\"@type\":\"BreadcrumbList\",\"@id\":\"https:\\\/\\\/www.eldiario.net\\\/portal\\\/2021\\\/05\\\/25\\\/eeuu-y-rusia-preparan-cumbre-entre-biden-y-putin\\\/#breadcrumb\",\"itemListElement\":[{\"@type\":\"ListItem\",\"position\":1,\"name\":\"Portada\",\"item\":\"https:\\\/\\\/www.eldiario.net\\\/portal\\\/\"},{\"@type\":\"ListItem\",\"position\":2,\"name\":\"EEUU y Rusia preparan cumbre entre Biden y Putin\"}]},{\"@type\":\"WebSite\",\"@id\":\"https:\\\/\\\/www.eldiario.net\\\/portal\\\/#website\",\"url\":\"https:\\\/\\\/www.eldiario.net\\\/portal\\\/\",\"name\":\"El Diario - Decano de la prensa nacional\",\"description\":\"El Diario - Decano de la prensa nacional\",\"publisher\":{\"@id\":\"https:\\\/\\\/www.eldiario.net\\\/portal\\\/#organization\"},\"potentialAction\":[{\"@type\":\"SearchAction\",\"target\":{\"@type\":\"EntryPoint\",\"urlTemplate\":\"https:\\\/\\\/www.eldiario.net\\\/portal\\\/?s={search_term_string}\"},\"query-input\":{\"@type\":\"PropertyValueSpecification\",\"valueRequired\":true,\"valueName\":\"search_term_string\"}}],\"inLanguage\":\"es\"},{\"@type\":\"Organization\",\"@id\":\"https:\\\/\\\/www.eldiario.net\\\/portal\\\/#organization\",\"name\":\"El Diario - Decano de la prensa nacional\",\"url\":\"https:\\\/\\\/www.eldiario.net\\\/portal\\\/\",\"logo\":{\"@type\":\"ImageObject\",\"inLanguage\":\"es\",\"@id\":\"https:\\\/\\\/www.eldiario.net\\\/portal\\\/#\\\/schema\\\/logo\\\/image\\\/\",\"url\":\"https:\\\/\\\/www.eldiario.net\\\/portal\\\/wp-content\\\/uploads\\\/2023\\\/07\\\/logo_ED.jpg\",\"contentUrl\":\"https:\\\/\\\/www.eldiario.net\\\/portal\\\/wp-content\\\/uploads\\\/2023\\\/07\\\/logo_ED.jpg\",\"width\":272,\"height\":52,\"caption\":\"El Diario - Decano de la prensa nacional\"},\"image\":{\"@id\":\"https:\\\/\\\/www.eldiario.net\\\/portal\\\/#\\\/schema\\\/logo\\\/image\\\/\"},\"sameAs\":[\"https:\\\/\\\/www.facebook.com\\\/eldiario.bolivia\\\/\",\"https:\\\/\\\/x.com\\\/eldiario_net\"]},{\"@type\":\"Person\",\"@id\":\"https:\\\/\\\/www.eldiario.net\\\/portal\\\/#\\\/schema\\\/person\\\/f46445640444750d7d753ccd04ae01b7\",\"name\":\"Jeanette\",\"image\":{\"@type\":\"ImageObject\",\"inLanguage\":\"es\",\"@id\":\"https:\\\/\\\/secure.gravatar.com\\\/avatar\\\/3ea2118a5f7dad2b7138b1187a6b7ee55f160b9968b66013c3a3ef39dd7e5798?s=96&d=mm&r=g\",\"url\":\"https:\\\/\\\/secure.gravatar.com\\\/avatar\\\/3ea2118a5f7dad2b7138b1187a6b7ee55f160b9968b66013c3a3ef39dd7e5798?s=96&d=mm&r=g\",\"contentUrl\":\"https:\\\/\\\/secure.gravatar.com\\\/avatar\\\/3ea2118a5f7dad2b7138b1187a6b7ee55f160b9968b66013c3a3ef39dd7e5798?s=96&d=mm&r=g\",\"caption\":\"Jeanette\"},\"sameAs\":[\"https:\\\/\\\/www.eldiario.net\\\/portal\"],\"url\":\"https:\\\/\\\/www.eldiario.net\\\/portal\\\/author\\\/jeanette\\\/\"}]}<\/script>\n<!-- \/ Yoast SEO plugin. -->","yoast_head_json":{"title":"EEUU y Rusia preparan cumbre entre Biden y Putin - El Diario - Bolivia","robots":{"index":"index","follow":"follow","max-snippet":"max-snippet:-1","max-image-preview":"max-image-preview:large","max-video-preview":"max-video-preview:-1"},"canonical":"https:\/\/www.eldiario.net\/portal\/2021\/05\/25\/eeuu-y-rusia-preparan-cumbre-entre-biden-y-putin\/","og_locale":"es_ES","og_type":"article","og_title":"EEUU y Rusia preparan cumbre entre Biden y Putin - El Diario - Bolivia","og_description":"Estados Unidos y Rusia contin\u00faan avanzando en los preparativos de la cumbre entre los presidentes de ambos pa\u00edses, Joe Biden y Vladimir Putin, aunque a\u00fan no se conocen los detalles de la reuni\u00f3n, como su ubicaci\u00f3n o la fecha en la que va a celebrarse. El asesor de Seguridad Nacional estadounidense, Jake Sullivan, y el [&hellip;]","og_url":"https:\/\/www.eldiario.net\/portal\/2021\/05\/25\/eeuu-y-rusia-preparan-cumbre-entre-biden-y-putin\/","og_site_name":"El Diario - Bolivia","article_publisher":"https:\/\/www.facebook.com\/eldiario.bolivia\/","article_published_time":"2021-05-25T10:44:18+00:00","author":"Jeanette","twitter_card":"summary_large_image","twitter_creator":"@eldiario_net","twitter_site":"@eldiario_net","twitter_misc":{"Escrito por":"Jeanette","Tiempo de lectura":"2 minutos"},"schema":{"@context":"https:\/\/schema.org","@graph":[{"@type":"Article","@id":"https:\/\/www.eldiario.net\/portal\/2021\/05\/25\/eeuu-y-rusia-preparan-cumbre-entre-biden-y-putin\/#article","isPartOf":{"@id":"https:\/\/www.eldiario.net\/portal\/2021\/05\/25\/eeuu-y-rusia-preparan-cumbre-entre-biden-y-putin\/"},"author":{"name":"Jeanette","@id":"https:\/\/www.eldiario.net\/portal\/#\/schema\/person\/f46445640444750d7d753ccd04ae01b7"},"headline":"EEUU y Rusia preparan cumbre entre Biden y Putin","datePublished":"2021-05-25T10:44:18+00:00","mainEntityOfPage":{"@id":"https:\/\/www.eldiario.net\/portal\/2021\/05\/25\/eeuu-y-rusia-preparan-cumbre-entre-biden-y-putin\/"},"wordCount":368,"publisher":{"@id":"https:\/\/www.eldiario.net\/portal\/#organization"},"image":{"@id":"https:\/\/www.eldiario.net\/portal\/2021\/05\/25\/eeuu-y-rusia-preparan-cumbre-entre-biden-y-putin\/#primaryimage"},"thumbnailUrl":"","articleSection":["Internacional"],"inLanguage":"es"},{"@type":"WebPage","@id":"https:\/\/www.eldiario.net\/portal\/2021\/05\/25\/eeuu-y-rusia-preparan-cumbre-entre-biden-y-putin\/","url":"https:\/\/www.eldiario.net\/portal\/2021\/05\/25\/eeuu-y-rusia-preparan-cumbre-entre-biden-y-putin\/","name":"EEUU y Rusia preparan cumbre entre Biden y Putin - El Diario - Bolivia","isPartOf":{"@id":"https:\/\/www.eldiario.net\/portal\/#website"},"primaryImageOfPage":{"@id":"https:\/\/www.eldiario.net\/portal\/2021\/05\/25\/eeuu-y-rusia-preparan-cumbre-entre-biden-y-putin\/#primaryimage"},"image":{"@id":"https:\/\/www.eldiario.net\/portal\/2021\/05\/25\/eeuu-y-rusia-preparan-cumbre-entre-biden-y-putin\/#primaryimage"},"thumbnailUrl":"","datePublished":"2021-05-25T10:44:18+00:00","breadcrumb":{"@id":"https:\/\/www.eldiario.net\/portal\/2021\/05\/25\/eeuu-y-rusia-preparan-cumbre-entre-biden-y-putin\/#breadcrumb"},"inLanguage":"es","potentialAction":[{"@type":"ReadAction","target":["https:\/\/www.eldiario.net\/portal\/2021\/05\/25\/eeuu-y-rusia-preparan-cumbre-entre-biden-y-putin\/"]}]},{"@type":"ImageObject","inLanguage":"es","@id":"https:\/\/www.eldiario.net\/portal\/2021\/05\/25\/eeuu-y-rusia-preparan-cumbre-entre-biden-y-putin\/#primaryimage","url":"","contentUrl":""},{"@type":"BreadcrumbList","@id":"https:\/\/www.eldiario.net\/portal\/2021\/05\/25\/eeuu-y-rusia-preparan-cumbre-entre-biden-y-putin\/#breadcrumb","itemListElement":[{"@type":"ListItem","position":1,"name":"Portada","item":"https:\/\/www.eldiario.net\/portal\/"},{"@type":"ListItem","position":2,"name":"EEUU y Rusia preparan cumbre entre Biden y Putin"}]},{"@type":"WebSite","@id":"https:\/\/www.eldiario.net\/portal\/#website","url":"https:\/\/www.eldiario.net\/portal\/","name":"El Diario - Decano de la prensa nacional","description":"El Diario - Decano de la prensa nacional","publisher":{"@id":"https:\/\/www.eldiario.net\/portal\/#organization"},"potentialAction":[{"@type":"SearchAction","target":{"@type":"EntryPoint","urlTemplate":"https:\/\/www.eldiario.net\/portal\/?s={search_term_string}"},"query-input":{"@type":"PropertyValueSpecification","valueRequired":true,"valueName":"search_term_string"}}],"inLanguage":"es"},{"@type":"Organization","@id":"https:\/\/www.eldiario.net\/portal\/#organization","name":"El Diario - Decano de la prensa nacional","url":"https:\/\/www.eldiario.net\/portal\/","logo":{"@type":"ImageObject","inLanguage":"es","@id":"https:\/\/www.eldiario.net\/portal\/#\/schema\/logo\/image\/","url":"https:\/\/www.eldiario.net\/portal\/wp-content\/uploads\/2023\/07\/logo_ED.jpg","contentUrl":"https:\/\/www.eldiario.net\/portal\/wp-content\/uploads\/2023\/07\/logo_ED.jpg","width":272,"height":52,"caption":"El Diario - Decano de la prensa nacional"},"image":{"@id":"https:\/\/www.eldiario.net\/portal\/#\/schema\/logo\/image\/"},"sameAs":["https:\/\/www.facebook.com\/eldiario.bolivia\/","https:\/\/x.com\/eldiario_net"]},{"@type":"Person","@id":"https:\/\/www.eldiario.net\/portal\/#\/schema\/person\/f46445640444750d7d753ccd04ae01b7","name":"Jeanette","image":{"@type":"ImageObject","inLanguage":"es","@id":"https:\/\/secure.gravatar.com\/avatar\/3ea2118a5f7dad2b7138b1187a6b7ee55f160b9968b66013c3a3ef39dd7e5798?s=96&d=mm&r=g","url":"https:\/\/secure.gravatar.com\/avatar\/3ea2118a5f7dad2b7138b1187a6b7ee55f160b9968b66013c3a3ef39dd7e5798?s=96&d=mm&r=g","contentUrl":"https:\/\/secure.gravatar.com\/avatar\/3ea2118a5f7dad2b7138b1187a6b7ee55f160b9968b66013c3a3ef39dd7e5798?s=96&d=mm&r=g","caption":"Jeanette"},"sameAs":["https:\/\/www.eldiario.net\/portal"],"url":"https:\/\/www.eldiario.net\/portal\/author\/jeanette\/"}]}},"_links":{"self":[{"href":"https:\/\/www.eldiario.net\/portal\/wp-json\/wp\/v2\/posts\/6211","targetHints":{"allow":["GET"]}}],"collection":[{"href":"https:\/\/www.eldiario.net\/portal\/wp-json\/wp\/v2\/posts"}],"about":[{"href":"https:\/\/www.eldiario.net\/portal\/wp-json\/wp\/v2\/types\/post"}],"author":[{"embeddable":true,"href":"https:\/\/www.eldiario.net\/portal\/wp-json\/wp\/v2\/users\/1"}],"replies":[{"embeddable":true,"href":"https:\/\/www.eldiario.net\/portal\/wp-json\/wp\/v2\/comments?post=6211"}],"version-history":[{"count":0,"href":"https:\/\/www.eldiario.net\/portal\/wp-json\/wp\/v2\/posts\/6211\/revisions"}],"wp:attachment":[{"href":"https:\/\/www.eldiario.net\/portal\/wp-json\/wp\/v2\/media?parent=6211"}],"wp:term":[{"taxonomy":"category","embeddable":true,"href":"https:\/\/www.eldiario.net\/portal\/wp-json\/wp\/v2\/categories?post=6211"},{"taxonomy":"post_tag","embeddable":true,"href":"https:\/\/www.eldiario.net\/portal\/wp-json\/wp\/v2\/tags?post=6211"}],"curies":[{"name":"wp","href":"https:\/\/api.w.org\/{rel}","templated":true}]}}