{"id":6208,"date":"2021-05-25T06:42:52","date_gmt":"2021-05-25T10:42:52","guid":{"rendered":"https:\/\/www.eldiario.net\/portal\/?p=6208"},"modified":"2021-05-25T06:42:52","modified_gmt":"2021-05-25T10:42:52","slug":"gobernador-convoca-a-reunion-del-coed-para-27-de-mayo","status":"publish","type":"post","link":"https:\/\/www.eldiario.net\/portal\/2021\/05\/25\/gobernador-convoca-a-reunion-del-coed-para-27-de-mayo\/","title":{"rendered":"Gobernador convoca a reuni\u00f3n del COED para 27 de mayo"},"content":{"rendered":"<p>El gobernador de La Paz, Santos Quispe, dej\u00f3 en manos de los municipios del departamento declarar una cuarentena y convoc\u00f3 al Comit\u00e9 de Operaciones de Emergencia Departamental (COED) para el 27 de mayo.<br \/>\nEn rueda de prensa, la autoridad inform\u00f3 que se declar\u00f3 \u00abemergencia\u00bb en el departamento debido al incremento de contagios. Se prev\u00e9 que en el transcurso de las pr\u00f3ximas horas se env\u00eden misivas a los alcaldes para asistir al encuentro donde se definan las acciones al respecto.<br \/>\nSeg\u00fan Quispe, para esta semana podr\u00eda darse a reuni\u00f3n del COED aunque todo depender\u00e1 de las respuestas que vayan a dar las comunas. El fin de semana, el alcalde de La Paz, Iv\u00e1n Arias, propuso que la fecha de reuni\u00f3n del COED podr\u00eda ser este martes.<\/p>\n<p>\u201cCada municipio es aut\u00f3nomo, ellos deciden si van a hacer una cuarentena r\u00edgida. Yo como Gobernador tambi\u00e9n soy aut\u00f3nomo, pero nosotros ya hemos tomado las medidas que vamos a tomar y aparte cada municipio va a tomar sus propias medidas y cada municipio va a ver si va a entrar en cuarentena r\u00edgida, pero nosotros estamos haciendo alerta sanitaria por el Covid-19\u201d, afirm\u00f3 Quispe consultado al respecto.<br \/>\nEl jefe de la Unidad de Epidemiolog\u00eda del Servicio Departamental de Salud (Sedes), Mayber Aparicio, inform\u00f3 que todas las medidas que se vayan a asumir ser\u00e1n en consenso con todas autoridades ediles del departamento, report\u00f3 Erbol.<br \/>\n\u201cEl COED departamental nosotros vamos a coordinar con los municipios para llegar a un acuerdo cuando ellos tienen tambi\u00e9n la posibilidad de asistir a la reuni\u00f3n. Nosotros seguramente hoy (lunes) vamos a hacer llegar la carta de solicitud a ellos\u201d, a\u00f1adi\u00f3.<br \/>\nUna de las medidas, que se podr\u00eda aplicar es la obligatoriedad del uso del barbijo. Quispe dijo que existe la necesidad que haya una \u201cmulta\u201d o \u201csanci\u00f3n\u201d a los infractores, aunque dej\u00f3 que la reuni\u00f3n convocada a los alcaldes decida esta situaci\u00f3n.<\/p>\n<p>&nbsp;<\/p>\n","protected":false},"excerpt":{"rendered":"<p>El gobernador de La Paz, Santos Quispe, dej\u00f3 en manos de los municipios del departamento declarar una cuarentena y convoc\u00f3 al Comit\u00e9 de Operaciones de Emergencia Departamental (COED) para el 27 de mayo. En rueda de prensa, la autoridad inform\u00f3 que se declar\u00f3 \u00abemergencia\u00bb en el departamento debido al incremento de contagios. Se prev\u00e9 que [&hellip;]<\/p>\n","protected":false},"author":1,"featured_media":6209,"comment_status":"closed","ping_status":"closed","sticky":false,"template":"","format":"standard","meta":{"_acf_changed":false,"footnotes":""},"categories":[12],"tags":[],"class_list":["post-6208","post","type-post","status-publish","format-standard","has-post-thumbnail","category-nacional"],"acf":{"antetitulo":""},"yoast_head":"<!-- This site is optimized with the Yoast SEO plugin v28.3 - https:\/\/yoast.com\/product\/yoast-seo-wordpress\/ -->\n<title>Gobernador convoca a reuni\u00f3n del COED para 27 de mayo - El Diario - Bolivia<\/title>\n<meta name=\"robots\" content=\"index, follow, max-snippet:-1, max-image-preview:large, max-video-preview:-1\" \/>\n<link rel=\"canonical\" href=\"https:\/\/www.eldiario.net\/portal\/2021\/05\/25\/gobernador-convoca-a-reunion-del-coed-para-27-de-mayo\/\" \/>\n<meta property=\"og:locale\" content=\"es_ES\" \/>\n<meta property=\"og:type\" content=\"article\" \/>\n<meta property=\"og:title\" content=\"Gobernador convoca a reuni\u00f3n del COED para 27 de mayo - El Diario - Bolivia\" \/>\n<meta property=\"og:description\" content=\"El gobernador de La Paz, Santos Quispe, dej\u00f3 en manos de los municipios del departamento declarar una cuarentena y convoc\u00f3 al Comit\u00e9 de Operaciones de Emergencia Departamental (COED) para el 27 de mayo. En rueda de prensa, la autoridad inform\u00f3 que se declar\u00f3 \u00abemergencia\u00bb en el departamento debido al incremento de contagios. Se prev\u00e9 que [&hellip;]\" \/>\n<meta property=\"og:url\" content=\"https:\/\/www.eldiario.net\/portal\/2021\/05\/25\/gobernador-convoca-a-reunion-del-coed-para-27-de-mayo\/\" \/>\n<meta property=\"og:site_name\" content=\"El Diario - Bolivia\" \/>\n<meta property=\"article:publisher\" content=\"https:\/\/www.facebook.com\/eldiario.bolivia\/\" \/>\n<meta property=\"article:published_time\" content=\"2021-05-25T10:42:52+00:00\" \/>\n<meta name=\"author\" content=\"Jeanette\" \/>\n<meta name=\"twitter:card\" content=\"summary_large_image\" \/>\n<meta name=\"twitter:creator\" content=\"@eldiario_net\" \/>\n<meta name=\"twitter:site\" content=\"@eldiario_net\" \/>\n<meta name=\"twitter:label1\" content=\"Escrito por\" \/>\n\t<meta name=\"twitter:data1\" content=\"Jeanette\" \/>\n\t<meta name=\"twitter:label2\" content=\"Tiempo de lectura\" \/>\n\t<meta name=\"twitter:data2\" content=\"2 minutos\" \/>\n<script type=\"application\/ld+json\" class=\"yoast-schema-graph\">{\"@context\":\"https:\\\/\\\/schema.org\",\"@graph\":[{\"@type\":\"Article\",\"@id\":\"https:\\\/\\\/www.eldiario.net\\\/portal\\\/2021\\\/05\\\/25\\\/gobernador-convoca-a-reunion-del-coed-para-27-de-mayo\\\/#article\",\"isPartOf\":{\"@id\":\"https:\\\/\\\/www.eldiario.net\\\/portal\\\/2021\\\/05\\\/25\\\/gobernador-convoca-a-reunion-del-coed-para-27-de-mayo\\\/\"},\"author\":{\"name\":\"Jeanette\",\"@id\":\"https:\\\/\\\/www.eldiario.net\\\/portal\\\/#\\\/schema\\\/person\\\/f46445640444750d7d753ccd04ae01b7\"},\"headline\":\"Gobernador convoca a reuni\u00f3n del COED para 27 de mayo\",\"datePublished\":\"2021-05-25T10:42:52+00:00\",\"mainEntityOfPage\":{\"@id\":\"https:\\\/\\\/www.eldiario.net\\\/portal\\\/2021\\\/05\\\/25\\\/gobernador-convoca-a-reunion-del-coed-para-27-de-mayo\\\/\"},\"wordCount\":343,\"publisher\":{\"@id\":\"https:\\\/\\\/www.eldiario.net\\\/portal\\\/#organization\"},\"image\":{\"@id\":\"https:\\\/\\\/www.eldiario.net\\\/portal\\\/2021\\\/05\\\/25\\\/gobernador-convoca-a-reunion-del-coed-para-27-de-mayo\\\/#primaryimage\"},\"thumbnailUrl\":\"\",\"articleSection\":[\"Nacional\"],\"inLanguage\":\"es\"},{\"@type\":\"WebPage\",\"@id\":\"https:\\\/\\\/www.eldiario.net\\\/portal\\\/2021\\\/05\\\/25\\\/gobernador-convoca-a-reunion-del-coed-para-27-de-mayo\\\/\",\"url\":\"https:\\\/\\\/www.eldiario.net\\\/portal\\\/2021\\\/05\\\/25\\\/gobernador-convoca-a-reunion-del-coed-para-27-de-mayo\\\/\",\"name\":\"Gobernador convoca a reuni\u00f3n del COED para 27 de mayo - El Diario - Bolivia\",\"isPartOf\":{\"@id\":\"https:\\\/\\\/www.eldiario.net\\\/portal\\\/#website\"},\"primaryImageOfPage\":{\"@id\":\"https:\\\/\\\/www.eldiario.net\\\/portal\\\/2021\\\/05\\\/25\\\/gobernador-convoca-a-reunion-del-coed-para-27-de-mayo\\\/#primaryimage\"},\"image\":{\"@id\":\"https:\\\/\\\/www.eldiario.net\\\/portal\\\/2021\\\/05\\\/25\\\/gobernador-convoca-a-reunion-del-coed-para-27-de-mayo\\\/#primaryimage\"},\"thumbnailUrl\":\"\",\"datePublished\":\"2021-05-25T10:42:52+00:00\",\"breadcrumb\":{\"@id\":\"https:\\\/\\\/www.eldiario.net\\\/portal\\\/2021\\\/05\\\/25\\\/gobernador-convoca-a-reunion-del-coed-para-27-de-mayo\\\/#breadcrumb\"},\"inLanguage\":\"es\",\"potentialAction\":[{\"@type\":\"ReadAction\",\"target\":[\"https:\\\/\\\/www.eldiario.net\\\/portal\\\/2021\\\/05\\\/25\\\/gobernador-convoca-a-reunion-del-coed-para-27-de-mayo\\\/\"]}]},{\"@type\":\"ImageObject\",\"inLanguage\":\"es\",\"@id\":\"https:\\\/\\\/www.eldiario.net\\\/portal\\\/2021\\\/05\\\/25\\\/gobernador-convoca-a-reunion-del-coed-para-27-de-mayo\\\/#primaryimage\",\"url\":\"\",\"contentUrl\":\"\"},{\"@type\":\"BreadcrumbList\",\"@id\":\"https:\\\/\\\/www.eldiario.net\\\/portal\\\/2021\\\/05\\\/25\\\/gobernador-convoca-a-reunion-del-coed-para-27-de-mayo\\\/#breadcrumb\",\"itemListElement\":[{\"@type\":\"ListItem\",\"position\":1,\"name\":\"Portada\",\"item\":\"https:\\\/\\\/www.eldiario.net\\\/portal\\\/\"},{\"@type\":\"ListItem\",\"position\":2,\"name\":\"Gobernador convoca a reuni\u00f3n del COED para 27 de mayo\"}]},{\"@type\":\"WebSite\",\"@id\":\"https:\\\/\\\/www.eldiario.net\\\/portal\\\/#website\",\"url\":\"https:\\\/\\\/www.eldiario.net\\\/portal\\\/\",\"name\":\"El Diario - Decano de la prensa nacional\",\"description\":\"El Diario - Decano de la prensa nacional\",\"publisher\":{\"@id\":\"https:\\\/\\\/www.eldiario.net\\\/portal\\\/#organization\"},\"potentialAction\":[{\"@type\":\"SearchAction\",\"target\":{\"@type\":\"EntryPoint\",\"urlTemplate\":\"https:\\\/\\\/www.eldiario.net\\\/portal\\\/?s={search_term_string}\"},\"query-input\":{\"@type\":\"PropertyValueSpecification\",\"valueRequired\":true,\"valueName\":\"search_term_string\"}}],\"inLanguage\":\"es\"},{\"@type\":\"Organization\",\"@id\":\"https:\\\/\\\/www.eldiario.net\\\/portal\\\/#organization\",\"name\":\"El Diario - Decano de la prensa nacional\",\"url\":\"https:\\\/\\\/www.eldiario.net\\\/portal\\\/\",\"logo\":{\"@type\":\"ImageObject\",\"inLanguage\":\"es\",\"@id\":\"https:\\\/\\\/www.eldiario.net\\\/portal\\\/#\\\/schema\\\/logo\\\/image\\\/\",\"url\":\"https:\\\/\\\/www.eldiario.net\\\/portal\\\/wp-content\\\/uploads\\\/2023\\\/07\\\/logo_ED.jpg\",\"contentUrl\":\"https:\\\/\\\/www.eldiario.net\\\/portal\\\/wp-content\\\/uploads\\\/2023\\\/07\\\/logo_ED.jpg\",\"width\":272,\"height\":52,\"caption\":\"El Diario - Decano de la prensa nacional\"},\"image\":{\"@id\":\"https:\\\/\\\/www.eldiario.net\\\/portal\\\/#\\\/schema\\\/logo\\\/image\\\/\"},\"sameAs\":[\"https:\\\/\\\/www.facebook.com\\\/eldiario.bolivia\\\/\",\"https:\\\/\\\/x.com\\\/eldiario_net\"]},{\"@type\":\"Person\",\"@id\":\"https:\\\/\\\/www.eldiario.net\\\/portal\\\/#\\\/schema\\\/person\\\/f46445640444750d7d753ccd04ae01b7\",\"name\":\"Jeanette\",\"image\":{\"@type\":\"ImageObject\",\"inLanguage\":\"es\",\"@id\":\"https:\\\/\\\/secure.gravatar.com\\\/avatar\\\/3ea2118a5f7dad2b7138b1187a6b7ee55f160b9968b66013c3a3ef39dd7e5798?s=96&d=mm&r=g\",\"url\":\"https:\\\/\\\/secure.gravatar.com\\\/avatar\\\/3ea2118a5f7dad2b7138b1187a6b7ee55f160b9968b66013c3a3ef39dd7e5798?s=96&d=mm&r=g\",\"contentUrl\":\"https:\\\/\\\/secure.gravatar.com\\\/avatar\\\/3ea2118a5f7dad2b7138b1187a6b7ee55f160b9968b66013c3a3ef39dd7e5798?s=96&d=mm&r=g\",\"caption\":\"Jeanette\"},\"sameAs\":[\"https:\\\/\\\/www.eldiario.net\\\/portal\"],\"url\":\"https:\\\/\\\/www.eldiario.net\\\/portal\\\/author\\\/jeanette\\\/\"}]}<\/script>\n<!-- \/ Yoast SEO plugin. -->","yoast_head_json":{"title":"Gobernador convoca a reuni\u00f3n del COED para 27 de mayo - El Diario - Bolivia","robots":{"index":"index","follow":"follow","max-snippet":"max-snippet:-1","max-image-preview":"max-image-preview:large","max-video-preview":"max-video-preview:-1"},"canonical":"https:\/\/www.eldiario.net\/portal\/2021\/05\/25\/gobernador-convoca-a-reunion-del-coed-para-27-de-mayo\/","og_locale":"es_ES","og_type":"article","og_title":"Gobernador convoca a reuni\u00f3n del COED para 27 de mayo - El Diario - Bolivia","og_description":"El gobernador de La Paz, Santos Quispe, dej\u00f3 en manos de los municipios del departamento declarar una cuarentena y convoc\u00f3 al Comit\u00e9 de Operaciones de Emergencia Departamental (COED) para el 27 de mayo. En rueda de prensa, la autoridad inform\u00f3 que se declar\u00f3 \u00abemergencia\u00bb en el departamento debido al incremento de contagios. Se prev\u00e9 que [&hellip;]","og_url":"https:\/\/www.eldiario.net\/portal\/2021\/05\/25\/gobernador-convoca-a-reunion-del-coed-para-27-de-mayo\/","og_site_name":"El Diario - Bolivia","article_publisher":"https:\/\/www.facebook.com\/eldiario.bolivia\/","article_published_time":"2021-05-25T10:42:52+00:00","author":"Jeanette","twitter_card":"summary_large_image","twitter_creator":"@eldiario_net","twitter_site":"@eldiario_net","twitter_misc":{"Escrito por":"Jeanette","Tiempo de lectura":"2 minutos"},"schema":{"@context":"https:\/\/schema.org","@graph":[{"@type":"Article","@id":"https:\/\/www.eldiario.net\/portal\/2021\/05\/25\/gobernador-convoca-a-reunion-del-coed-para-27-de-mayo\/#article","isPartOf":{"@id":"https:\/\/www.eldiario.net\/portal\/2021\/05\/25\/gobernador-convoca-a-reunion-del-coed-para-27-de-mayo\/"},"author":{"name":"Jeanette","@id":"https:\/\/www.eldiario.net\/portal\/#\/schema\/person\/f46445640444750d7d753ccd04ae01b7"},"headline":"Gobernador convoca a reuni\u00f3n del COED para 27 de mayo","datePublished":"2021-05-25T10:42:52+00:00","mainEntityOfPage":{"@id":"https:\/\/www.eldiario.net\/portal\/2021\/05\/25\/gobernador-convoca-a-reunion-del-coed-para-27-de-mayo\/"},"wordCount":343,"publisher":{"@id":"https:\/\/www.eldiario.net\/portal\/#organization"},"image":{"@id":"https:\/\/www.eldiario.net\/portal\/2021\/05\/25\/gobernador-convoca-a-reunion-del-coed-para-27-de-mayo\/#primaryimage"},"thumbnailUrl":"","articleSection":["Nacional"],"inLanguage":"es"},{"@type":"WebPage","@id":"https:\/\/www.eldiario.net\/portal\/2021\/05\/25\/gobernador-convoca-a-reunion-del-coed-para-27-de-mayo\/","url":"https:\/\/www.eldiario.net\/portal\/2021\/05\/25\/gobernador-convoca-a-reunion-del-coed-para-27-de-mayo\/","name":"Gobernador convoca a reuni\u00f3n del COED para 27 de mayo - El Diario - Bolivia","isPartOf":{"@id":"https:\/\/www.eldiario.net\/portal\/#website"},"primaryImageOfPage":{"@id":"https:\/\/www.eldiario.net\/portal\/2021\/05\/25\/gobernador-convoca-a-reunion-del-coed-para-27-de-mayo\/#primaryimage"},"image":{"@id":"https:\/\/www.eldiario.net\/portal\/2021\/05\/25\/gobernador-convoca-a-reunion-del-coed-para-27-de-mayo\/#primaryimage"},"thumbnailUrl":"","datePublished":"2021-05-25T10:42:52+00:00","breadcrumb":{"@id":"https:\/\/www.eldiario.net\/portal\/2021\/05\/25\/gobernador-convoca-a-reunion-del-coed-para-27-de-mayo\/#breadcrumb"},"inLanguage":"es","potentialAction":[{"@type":"ReadAction","target":["https:\/\/www.eldiario.net\/portal\/2021\/05\/25\/gobernador-convoca-a-reunion-del-coed-para-27-de-mayo\/"]}]},{"@type":"ImageObject","inLanguage":"es","@id":"https:\/\/www.eldiario.net\/portal\/2021\/05\/25\/gobernador-convoca-a-reunion-del-coed-para-27-de-mayo\/#primaryimage","url":"","contentUrl":""},{"@type":"BreadcrumbList","@id":"https:\/\/www.eldiario.net\/portal\/2021\/05\/25\/gobernador-convoca-a-reunion-del-coed-para-27-de-mayo\/#breadcrumb","itemListElement":[{"@type":"ListItem","position":1,"name":"Portada","item":"https:\/\/www.eldiario.net\/portal\/"},{"@type":"ListItem","position":2,"name":"Gobernador convoca a reuni\u00f3n del COED para 27 de mayo"}]},{"@type":"WebSite","@id":"https:\/\/www.eldiario.net\/portal\/#website","url":"https:\/\/www.eldiario.net\/portal\/","name":"El Diario - Decano de la prensa nacional","description":"El Diario - Decano de la prensa nacional","publisher":{"@id":"https:\/\/www.eldiario.net\/portal\/#organization"},"potentialAction":[{"@type":"SearchAction","target":{"@type":"EntryPoint","urlTemplate":"https:\/\/www.eldiario.net\/portal\/?s={search_term_string}"},"query-input":{"@type":"PropertyValueSpecification","valueRequired":true,"valueName":"search_term_string"}}],"inLanguage":"es"},{"@type":"Organization","@id":"https:\/\/www.eldiario.net\/portal\/#organization","name":"El Diario - Decano de la prensa nacional","url":"https:\/\/www.eldiario.net\/portal\/","logo":{"@type":"ImageObject","inLanguage":"es","@id":"https:\/\/www.eldiario.net\/portal\/#\/schema\/logo\/image\/","url":"https:\/\/www.eldiario.net\/portal\/wp-content\/uploads\/2023\/07\/logo_ED.jpg","contentUrl":"https:\/\/www.eldiario.net\/portal\/wp-content\/uploads\/2023\/07\/logo_ED.jpg","width":272,"height":52,"caption":"El Diario - Decano de la prensa nacional"},"image":{"@id":"https:\/\/www.eldiario.net\/portal\/#\/schema\/logo\/image\/"},"sameAs":["https:\/\/www.facebook.com\/eldiario.bolivia\/","https:\/\/x.com\/eldiario_net"]},{"@type":"Person","@id":"https:\/\/www.eldiario.net\/portal\/#\/schema\/person\/f46445640444750d7d753ccd04ae01b7","name":"Jeanette","image":{"@type":"ImageObject","inLanguage":"es","@id":"https:\/\/secure.gravatar.com\/avatar\/3ea2118a5f7dad2b7138b1187a6b7ee55f160b9968b66013c3a3ef39dd7e5798?s=96&d=mm&r=g","url":"https:\/\/secure.gravatar.com\/avatar\/3ea2118a5f7dad2b7138b1187a6b7ee55f160b9968b66013c3a3ef39dd7e5798?s=96&d=mm&r=g","contentUrl":"https:\/\/secure.gravatar.com\/avatar\/3ea2118a5f7dad2b7138b1187a6b7ee55f160b9968b66013c3a3ef39dd7e5798?s=96&d=mm&r=g","caption":"Jeanette"},"sameAs":["https:\/\/www.eldiario.net\/portal"],"url":"https:\/\/www.eldiario.net\/portal\/author\/jeanette\/"}]}},"_links":{"self":[{"href":"https:\/\/www.eldiario.net\/portal\/wp-json\/wp\/v2\/posts\/6208","targetHints":{"allow":["GET"]}}],"collection":[{"href":"https:\/\/www.eldiario.net\/portal\/wp-json\/wp\/v2\/posts"}],"about":[{"href":"https:\/\/www.eldiario.net\/portal\/wp-json\/wp\/v2\/types\/post"}],"author":[{"embeddable":true,"href":"https:\/\/www.eldiario.net\/portal\/wp-json\/wp\/v2\/users\/1"}],"replies":[{"embeddable":true,"href":"https:\/\/www.eldiario.net\/portal\/wp-json\/wp\/v2\/comments?post=6208"}],"version-history":[{"count":0,"href":"https:\/\/www.eldiario.net\/portal\/wp-json\/wp\/v2\/posts\/6208\/revisions"}],"wp:attachment":[{"href":"https:\/\/www.eldiario.net\/portal\/wp-json\/wp\/v2\/media?parent=6208"}],"wp:term":[{"taxonomy":"category","embeddable":true,"href":"https:\/\/www.eldiario.net\/portal\/wp-json\/wp\/v2\/categories?post=6208"},{"taxonomy":"post_tag","embeddable":true,"href":"https:\/\/www.eldiario.net\/portal\/wp-json\/wp\/v2\/tags?post=6208"}],"curies":[{"name":"wp","href":"https:\/\/api.w.org\/{rel}","templated":true}]}}