{"id":6202,"date":"2021-05-25T06:41:35","date_gmt":"2021-05-25T10:41:35","guid":{"rendered":"https:\/\/www.eldiario.net\/portal\/?p=6202"},"modified":"2021-05-25T06:41:35","modified_gmt":"2021-05-25T10:41:35","slug":"montero-pone-en-marcha-2da-bienal-infanto-juvenil","status":"publish","type":"post","link":"https:\/\/www.eldiario.net\/portal\/2021\/05\/25\/montero-pone-en-marcha-2da-bienal-infanto-juvenil\/","title":{"rendered":"Montero pone en marcha 2da. Bienal Infanto Juvenil"},"content":{"rendered":"<p>El municipio cruce\u00f1o de Montero inaugur\u00f3 el pasado viernes la 2da. Bienal Infanto Juvenil de Artes y Expresiones Socio Culturales, exposici\u00f3n o manifestaci\u00f3n art\u00edstica cultural a trav\u00e9s de la cual ni\u00f1as, ni\u00f1os y adolescentes (NNA) de esa regi\u00f3n, participar\u00e1n en once concursos sobre diversas \u00e1reas tem\u00e1ticas cuyo eje en com\u00fan es la prevenci\u00f3n de la violencia y situaciones de riesgo, as\u00ed como la preservaci\u00f3n del medio ambiente.<\/p>\n<p>\u201cLa bienal est\u00e1 focalizada en el fortalecimiento de las relaciones familiares, la prevenci\u00f3n de la violencia, en generar una convivencia pac\u00edfica arm\u00f3nica en el \u00e1mbito familiar, escolar y comunitario; y una convivencia amigable con el entorno y el medio ambiente a trav\u00e9s del arte y expresiones socioculturales\u201d, inform\u00f3 Guillermo D\u00e1valos, Coordinador de Proyectos de la \u200eFundaci\u00f3n SEPA.<\/p>\n<p>El acto de lanzamiento de las convocatorias de la 2da. Bienal Infanto Juvenil se realiz\u00f3 en la Casa Municipal de Cultura \u201cCamba Florencio\u201d bajo el lema: \u201cDescubriendo mis talentos ejerzo mis derechos\u201d.<\/p>\n<p>Esta 2da. Bienal se desarrollar\u00e1 hasta\u00a0 el 20 de noviembre de 2021, d\u00eda de la Convenci\u00f3n sobre los Derechos del Ni\u00f1o, en esa fecha se entregar\u00e1n los reconocimientos a las y los participantes que se destaquen en cada una de las once \u00e1reas y concursos, como: dibujo, pintura, concurso audiovisual, composici\u00f3n po\u00e9tica, far\u00e1ndulas socioculturales, declamaci\u00f3n virtual, de cuentos, fotograf\u00eda, canto, producci\u00f3n de aplicaciones inform\u00e1ticas innovadoras, proyectos socioculturales expo- joven y concurso de programaci\u00f3n.<\/p>\n<p>Podr\u00e1n inscribirse de manera gratuita en los concursos los estudiantes de colegios p\u00fablicos, privados y de convenio en las categor\u00edas de inicial, primaria y secundaria. En la mayor\u00eda de los eventos los participantes podr\u00e1n ser de todos esos ciclos, en otros y dependiendo de la complejidad de la actividad, algunos de los concursos estar\u00e1n reservados s\u00f3lo para el nivel primario y otros al secundario.<\/p>\n<p>La actividad se realiza en el marco del \u201cPrograma integral de protecci\u00f3n de la ni\u00f1ez y adolescencia y resiliencia clim\u00e1tica\u201d, que impulsa UNICEF en el marco del \u201cPrograma de saneamiento y sostenibilidad descentralizado urbano en el municipio de Montero\u201d, con el apoyo financiero de la Embajada de Suecia.<\/p>\n<p>La Fundaci\u00f3n SEPA es la impulsora de la Bienal con el apoyo del Gobierno Aut\u00f3nomo Municipal de Montero y su Comit\u00e9 Municipal de Ni\u00f1os, Ni\u00f1as y Adolescentes, la Direcci\u00f3n Distrital de Educaci\u00f3n, la Facultad Integral del Norte de la Universidad Aut\u00f3noma Gabriel Ren\u00e9 Moreno (UAGR) y su Carrera de Ingenier\u00eda Agr\u00edcola, Rotarac Norte Integrado y Club Montero, Interac Club Montero, y la Unidad Educativa (UE) Mar\u00eda Auxiliadora.<\/p>\n<p>La 1ra. Bienal Infanto Juvenil de Artes y Ex- presiones Socio Culturales se desarroll\u00f3 en Montero entre diciembre de 2020 y marzo de 2021, replic\u00f3 la larga y exitosa experiencia de la Bienal que se organiza en la ciudad de Santa Cruz de la Sierra desde hace m\u00e1s de una d\u00e9cada.<\/p>\n<p>\u201cEn la primera bienal participaron 127 NNA la mayor parte de los barrios Guadalupe II, COFADENA, donde UNICEF est\u00e1 desarrollando el programa integral de protecci\u00f3n de la ni\u00f1ez y adolescencia y cambio clim\u00e1tico. La primera bienal tuvo siete \u00e1reas: pintura y dibujo, canto, m\u00fasica, declamaci\u00f3n po\u00e9tica, composici\u00f3n po\u00e9tica, fotograf\u00eda, videos; destacaron en ella 20 participantes que recibieron reconocimientos el 26 de marzo de 2021\u201d, precis\u00f3 D\u00e1valos.<\/p>\n<p>\u201cPara ser una bienal corta o focalizada fundamentalmente en el barrio Guadalupe II, tuvo una significativa relevancia y participaci\u00f3n\u201d, explic\u00f3 al evaluar esa primera actividad de artes y expresiones socio culturales.<\/p>\n<p>&nbsp;<\/p>\n<p>Links y contactos para inscripciones en los diferentes\u00a0 concursos:<\/p>\n<p>&nbsp;<\/p>\n<ul>\n<li>Concurso de dibujo y pintura: <a href=\"http:\/\/www.bienalinfantojuvenil.com\">www.bienalinfantojuvenil.com<\/a>,<\/li>\n<li>Concurso audiovisual; <a href=\"https:\/\/www.bienalinfantojuvenil.com\/pu-blic\/convmontero\/\">https:\/\/www.bienalinfantojuvenil.com\/pu-blic\/convmontero\/<\/a>,<\/li>\n<li>Concurso de composici\u00f3n po\u00e9tica:\u00a0 <a href=\"http:\/\/www.bienalinfantoju-venil.com\">www.bienalinfantoju-venil.com<\/a> o<\/li>\n<\/ul>\n<p><a href=\"https:\/\/www.bienalinfantojuvenil.com\/public\/convmontero\/\">https:\/\/www.bienalinfantojuvenil.com\/public\/convmontero\/<\/a> ,<\/p>\n<ul>\n<li>Far\u00e1ndulas socioculturales: <a href=\"http:\/\/www.bienalinfantojuvenil.com\">www.bienalinfantojuvenil.com<\/a> ,\u00a0 o en el siguiente enlace<\/li>\n<li><a href=\"https:\/\/www.bienalinfantojuvenil.com\/pu-blic\/convmontero\/\">https:\/\/www.bienalinfantojuvenil.com\/pu-blic\/convmontero\/<\/a> ,<\/li>\n<li>Declamaci\u00f3n virtual: <a href=\"http:\/\/www.bienalinfan-tojuvenil.com\">www.bienalinfan-tojuvenil.com<\/a> ,<\/li>\n<li>Concurso de cuentos: <a href=\"https:\/\/www.bienalinfantojuvenil.com\/public\/convmontero\/\">https:\/\/www.bienalinfantojuvenil.com\/public\/convmontero\/<\/a> ,<\/li>\n<li>Concurso de canto: <a href=\"http:\/\/www.bienalinfan-tojuvenil.com\">www.bienalinfan-tojuvenil.com<\/a>,<\/li>\n<li>Concurso de producci\u00f3n de aplicaciones tecnol\u00f3gicas: scz.fac.ingenieria@ upds.edu.bo.<\/li>\n<li>Expojoven: <a href=\"https:\/\/www.bienalinfantojuvenil.com\/public\/convmontero\/\">https:\/\/www.bienalinfantojuvenil.com\/public\/convmontero\/<\/a><\/li>\n<li>Concurso de programaci\u00f3n: <a href=\"mailto:hola@richardosinaga.com\">hola@richardosinaga.com<\/a>.<\/li>\n<\/ul>\n<figure id=\"attachment_6204\" aria-describedby=\"caption-attachment-6204\" style=\"width: 300px\" class=\"wp-caption alignleft\"><img loading=\"lazy\" decoding=\"async\" class=\"size-medium wp-image-6204\" src=\"https:\/\/www.eldiario.net\/portal\/wp-content\/uploads\/2021\/05\/NACI-Montero-pone-en-marcha-foto2-300x220.jpg\" alt=\"\" width=\"300\" height=\"220\" srcset=\"https:\/\/www.eldiario.net\/portal\/wp-content\/uploads\/2021\/05\/NACI-Montero-pone-en-marcha-foto2-300x220.jpg 300w, https:\/\/www.eldiario.net\/portal\/wp-content\/uploads\/2021\/05\/NACI-Montero-pone-en-marcha-foto2.jpg 690w\" sizes=\"auto, (max-width: 300px) 100vw, 300px\" \/><figcaption id=\"caption-attachment-6204\" class=\"wp-caption-text\">Concurso de pintura en la primera bienal.<\/figcaption><\/figure>\n<figure id=\"attachment_6205\" aria-describedby=\"caption-attachment-6205\" style=\"width: 300px\" class=\"wp-caption alignleft\"><img loading=\"lazy\" decoding=\"async\" class=\"size-medium wp-image-6205\" src=\"https:\/\/www.eldiario.net\/portal\/wp-content\/uploads\/2021\/05\/NACI-Montero-pone-en-marcha-foto3-300x220.jpg\" alt=\"\" width=\"300\" height=\"220\" \/><figcaption id=\"caption-attachment-6205\" class=\"wp-caption-text\">Una expresi\u00f3n en pro de un mejor medio ambiente.<\/figcaption><\/figure>\n<p>&nbsp;<\/p>\n","protected":false},"excerpt":{"rendered":"<p>El municipio cruce\u00f1o de Montero inaugur\u00f3 el pasado viernes la 2da. Bienal Infanto Juvenil de Artes y Expresiones Socio Culturales, exposici\u00f3n o manifestaci\u00f3n art\u00edstica cultural a trav\u00e9s de la cual ni\u00f1as, ni\u00f1os y adolescentes (NNA) de esa regi\u00f3n, participar\u00e1n en once concursos sobre diversas \u00e1reas tem\u00e1ticas cuyo eje en com\u00fan es la prevenci\u00f3n de la [&hellip;]<\/p>\n","protected":false},"author":1,"featured_media":6203,"comment_status":"closed","ping_status":"closed","sticky":false,"template":"","format":"standard","meta":{"_acf_changed":false,"footnotes":""},"categories":[12],"tags":[],"class_list":["post-6202","post","type-post","status-publish","format-standard","has-post-thumbnail","category-nacional"],"acf":{"antetitulo":""},"yoast_head":"<!-- This site is optimized with the Yoast SEO plugin v28.3 - https:\/\/yoast.com\/product\/yoast-seo-wordpress\/ -->\n<title>Montero pone en marcha 2da. Bienal Infanto Juvenil - El Diario - Bolivia<\/title>\n<meta name=\"robots\" content=\"index, follow, max-snippet:-1, max-image-preview:large, max-video-preview:-1\" \/>\n<link rel=\"canonical\" href=\"https:\/\/www.eldiario.net\/portal\/2021\/05\/25\/montero-pone-en-marcha-2da-bienal-infanto-juvenil\/\" \/>\n<meta property=\"og:locale\" content=\"es_ES\" \/>\n<meta property=\"og:type\" content=\"article\" \/>\n<meta property=\"og:title\" content=\"Montero pone en marcha 2da. Bienal Infanto Juvenil - El Diario - Bolivia\" \/>\n<meta property=\"og:description\" content=\"El municipio cruce\u00f1o de Montero inaugur\u00f3 el pasado viernes la 2da. Bienal Infanto Juvenil de Artes y Expresiones Socio Culturales, exposici\u00f3n o manifestaci\u00f3n art\u00edstica cultural a trav\u00e9s de la cual ni\u00f1as, ni\u00f1os y adolescentes (NNA) de esa regi\u00f3n, participar\u00e1n en once concursos sobre diversas \u00e1reas tem\u00e1ticas cuyo eje en com\u00fan es la prevenci\u00f3n de la [&hellip;]\" \/>\n<meta property=\"og:url\" content=\"https:\/\/www.eldiario.net\/portal\/2021\/05\/25\/montero-pone-en-marcha-2da-bienal-infanto-juvenil\/\" \/>\n<meta property=\"og:site_name\" content=\"El Diario - Bolivia\" \/>\n<meta property=\"article:publisher\" content=\"https:\/\/www.facebook.com\/eldiario.bolivia\/\" \/>\n<meta property=\"article:published_time\" content=\"2021-05-25T10:41:35+00:00\" \/>\n<meta property=\"og:image\" content=\"https:\/\/www.eldiario.net\/portal\/wp-content\/uploads\/2021\/05\/NACI-Montero-pone-en-marcha-foto1.jpg\" \/>\n\t<meta property=\"og:image:width\" content=\"1011\" \/>\n\t<meta property=\"og:image:height\" content=\"751\" \/>\n\t<meta property=\"og:image:type\" content=\"image\/jpeg\" \/>\n<meta name=\"author\" content=\"Jeanette\" \/>\n<meta name=\"twitter:card\" content=\"summary_large_image\" \/>\n<meta name=\"twitter:creator\" content=\"@eldiario_net\" \/>\n<meta name=\"twitter:site\" content=\"@eldiario_net\" \/>\n<meta name=\"twitter:label1\" content=\"Escrito por\" \/>\n\t<meta name=\"twitter:data1\" content=\"Jeanette\" \/>\n\t<meta name=\"twitter:label2\" content=\"Tiempo de lectura\" \/>\n\t<meta name=\"twitter:data2\" content=\"4 minutos\" \/>\n<script type=\"application\/ld+json\" class=\"yoast-schema-graph\">{\"@context\":\"https:\\\/\\\/schema.org\",\"@graph\":[{\"@type\":\"Article\",\"@id\":\"https:\\\/\\\/www.eldiario.net\\\/portal\\\/2021\\\/05\\\/25\\\/montero-pone-en-marcha-2da-bienal-infanto-juvenil\\\/#article\",\"isPartOf\":{\"@id\":\"https:\\\/\\\/www.eldiario.net\\\/portal\\\/2021\\\/05\\\/25\\\/montero-pone-en-marcha-2da-bienal-infanto-juvenil\\\/\"},\"author\":{\"name\":\"Jeanette\",\"@id\":\"https:\\\/\\\/www.eldiario.net\\\/portal\\\/#\\\/schema\\\/person\\\/f46445640444750d7d753ccd04ae01b7\"},\"headline\":\"Montero pone en marcha 2da. Bienal Infanto Juvenil\",\"datePublished\":\"2021-05-25T10:41:35+00:00\",\"mainEntityOfPage\":{\"@id\":\"https:\\\/\\\/www.eldiario.net\\\/portal\\\/2021\\\/05\\\/25\\\/montero-pone-en-marcha-2da-bienal-infanto-juvenil\\\/\"},\"wordCount\":761,\"publisher\":{\"@id\":\"https:\\\/\\\/www.eldiario.net\\\/portal\\\/#organization\"},\"image\":{\"@id\":\"https:\\\/\\\/www.eldiario.net\\\/portal\\\/2021\\\/05\\\/25\\\/montero-pone-en-marcha-2da-bienal-infanto-juvenil\\\/#primaryimage\"},\"thumbnailUrl\":\"https:\\\/\\\/www.eldiario.net\\\/portal\\\/wp-content\\\/uploads\\\/2021\\\/05\\\/NACI-Montero-pone-en-marcha-foto1.jpg\",\"articleSection\":[\"Nacional\"],\"inLanguage\":\"es\"},{\"@type\":\"WebPage\",\"@id\":\"https:\\\/\\\/www.eldiario.net\\\/portal\\\/2021\\\/05\\\/25\\\/montero-pone-en-marcha-2da-bienal-infanto-juvenil\\\/\",\"url\":\"https:\\\/\\\/www.eldiario.net\\\/portal\\\/2021\\\/05\\\/25\\\/montero-pone-en-marcha-2da-bienal-infanto-juvenil\\\/\",\"name\":\"Montero pone en marcha 2da. Bienal Infanto Juvenil - El Diario - Bolivia\",\"isPartOf\":{\"@id\":\"https:\\\/\\\/www.eldiario.net\\\/portal\\\/#website\"},\"primaryImageOfPage\":{\"@id\":\"https:\\\/\\\/www.eldiario.net\\\/portal\\\/2021\\\/05\\\/25\\\/montero-pone-en-marcha-2da-bienal-infanto-juvenil\\\/#primaryimage\"},\"image\":{\"@id\":\"https:\\\/\\\/www.eldiario.net\\\/portal\\\/2021\\\/05\\\/25\\\/montero-pone-en-marcha-2da-bienal-infanto-juvenil\\\/#primaryimage\"},\"thumbnailUrl\":\"https:\\\/\\\/www.eldiario.net\\\/portal\\\/wp-content\\\/uploads\\\/2021\\\/05\\\/NACI-Montero-pone-en-marcha-foto1.jpg\",\"datePublished\":\"2021-05-25T10:41:35+00:00\",\"breadcrumb\":{\"@id\":\"https:\\\/\\\/www.eldiario.net\\\/portal\\\/2021\\\/05\\\/25\\\/montero-pone-en-marcha-2da-bienal-infanto-juvenil\\\/#breadcrumb\"},\"inLanguage\":\"es\",\"potentialAction\":[{\"@type\":\"ReadAction\",\"target\":[\"https:\\\/\\\/www.eldiario.net\\\/portal\\\/2021\\\/05\\\/25\\\/montero-pone-en-marcha-2da-bienal-infanto-juvenil\\\/\"]}]},{\"@type\":\"ImageObject\",\"inLanguage\":\"es\",\"@id\":\"https:\\\/\\\/www.eldiario.net\\\/portal\\\/2021\\\/05\\\/25\\\/montero-pone-en-marcha-2da-bienal-infanto-juvenil\\\/#primaryimage\",\"url\":\"https:\\\/\\\/www.eldiario.net\\\/portal\\\/wp-content\\\/uploads\\\/2021\\\/05\\\/NACI-Montero-pone-en-marcha-foto1.jpg\",\"contentUrl\":\"https:\\\/\\\/www.eldiario.net\\\/portal\\\/wp-content\\\/uploads\\\/2021\\\/05\\\/NACI-Montero-pone-en-marcha-foto1.jpg\",\"width\":1011,\"height\":751},{\"@type\":\"BreadcrumbList\",\"@id\":\"https:\\\/\\\/www.eldiario.net\\\/portal\\\/2021\\\/05\\\/25\\\/montero-pone-en-marcha-2da-bienal-infanto-juvenil\\\/#breadcrumb\",\"itemListElement\":[{\"@type\":\"ListItem\",\"position\":1,\"name\":\"Portada\",\"item\":\"https:\\\/\\\/www.eldiario.net\\\/portal\\\/\"},{\"@type\":\"ListItem\",\"position\":2,\"name\":\"Montero pone en marcha 2da. Bienal Infanto Juvenil\"}]},{\"@type\":\"WebSite\",\"@id\":\"https:\\\/\\\/www.eldiario.net\\\/portal\\\/#website\",\"url\":\"https:\\\/\\\/www.eldiario.net\\\/portal\\\/\",\"name\":\"El Diario - Decano de la prensa nacional\",\"description\":\"El Diario - Decano de la prensa nacional\",\"publisher\":{\"@id\":\"https:\\\/\\\/www.eldiario.net\\\/portal\\\/#organization\"},\"potentialAction\":[{\"@type\":\"SearchAction\",\"target\":{\"@type\":\"EntryPoint\",\"urlTemplate\":\"https:\\\/\\\/www.eldiario.net\\\/portal\\\/?s={search_term_string}\"},\"query-input\":{\"@type\":\"PropertyValueSpecification\",\"valueRequired\":true,\"valueName\":\"search_term_string\"}}],\"inLanguage\":\"es\"},{\"@type\":\"Organization\",\"@id\":\"https:\\\/\\\/www.eldiario.net\\\/portal\\\/#organization\",\"name\":\"El Diario - Decano de la prensa nacional\",\"url\":\"https:\\\/\\\/www.eldiario.net\\\/portal\\\/\",\"logo\":{\"@type\":\"ImageObject\",\"inLanguage\":\"es\",\"@id\":\"https:\\\/\\\/www.eldiario.net\\\/portal\\\/#\\\/schema\\\/logo\\\/image\\\/\",\"url\":\"https:\\\/\\\/www.eldiario.net\\\/portal\\\/wp-content\\\/uploads\\\/2023\\\/07\\\/logo_ED.jpg\",\"contentUrl\":\"https:\\\/\\\/www.eldiario.net\\\/portal\\\/wp-content\\\/uploads\\\/2023\\\/07\\\/logo_ED.jpg\",\"width\":272,\"height\":52,\"caption\":\"El Diario - Decano de la prensa nacional\"},\"image\":{\"@id\":\"https:\\\/\\\/www.eldiario.net\\\/portal\\\/#\\\/schema\\\/logo\\\/image\\\/\"},\"sameAs\":[\"https:\\\/\\\/www.facebook.com\\\/eldiario.bolivia\\\/\",\"https:\\\/\\\/x.com\\\/eldiario_net\"]},{\"@type\":\"Person\",\"@id\":\"https:\\\/\\\/www.eldiario.net\\\/portal\\\/#\\\/schema\\\/person\\\/f46445640444750d7d753ccd04ae01b7\",\"name\":\"Jeanette\",\"image\":{\"@type\":\"ImageObject\",\"inLanguage\":\"es\",\"@id\":\"https:\\\/\\\/secure.gravatar.com\\\/avatar\\\/3ea2118a5f7dad2b7138b1187a6b7ee55f160b9968b66013c3a3ef39dd7e5798?s=96&d=mm&r=g\",\"url\":\"https:\\\/\\\/secure.gravatar.com\\\/avatar\\\/3ea2118a5f7dad2b7138b1187a6b7ee55f160b9968b66013c3a3ef39dd7e5798?s=96&d=mm&r=g\",\"contentUrl\":\"https:\\\/\\\/secure.gravatar.com\\\/avatar\\\/3ea2118a5f7dad2b7138b1187a6b7ee55f160b9968b66013c3a3ef39dd7e5798?s=96&d=mm&r=g\",\"caption\":\"Jeanette\"},\"sameAs\":[\"https:\\\/\\\/www.eldiario.net\\\/portal\"],\"url\":\"https:\\\/\\\/www.eldiario.net\\\/portal\\\/author\\\/jeanette\\\/\"}]}<\/script>\n<!-- \/ Yoast SEO plugin. -->","yoast_head_json":{"title":"Montero pone en marcha 2da. Bienal Infanto Juvenil - El Diario - Bolivia","robots":{"index":"index","follow":"follow","max-snippet":"max-snippet:-1","max-image-preview":"max-image-preview:large","max-video-preview":"max-video-preview:-1"},"canonical":"https:\/\/www.eldiario.net\/portal\/2021\/05\/25\/montero-pone-en-marcha-2da-bienal-infanto-juvenil\/","og_locale":"es_ES","og_type":"article","og_title":"Montero pone en marcha 2da. Bienal Infanto Juvenil - El Diario - Bolivia","og_description":"El municipio cruce\u00f1o de Montero inaugur\u00f3 el pasado viernes la 2da. Bienal Infanto Juvenil de Artes y Expresiones Socio Culturales, exposici\u00f3n o manifestaci\u00f3n art\u00edstica cultural a trav\u00e9s de la cual ni\u00f1as, ni\u00f1os y adolescentes (NNA) de esa regi\u00f3n, participar\u00e1n en once concursos sobre diversas \u00e1reas tem\u00e1ticas cuyo eje en com\u00fan es la prevenci\u00f3n de la [&hellip;]","og_url":"https:\/\/www.eldiario.net\/portal\/2021\/05\/25\/montero-pone-en-marcha-2da-bienal-infanto-juvenil\/","og_site_name":"El Diario - Bolivia","article_publisher":"https:\/\/www.facebook.com\/eldiario.bolivia\/","article_published_time":"2021-05-25T10:41:35+00:00","og_image":[{"width":1011,"height":751,"url":"https:\/\/www.eldiario.net\/portal\/wp-content\/uploads\/2021\/05\/NACI-Montero-pone-en-marcha-foto1.jpg","type":"image\/jpeg"}],"author":"Jeanette","twitter_card":"summary_large_image","twitter_creator":"@eldiario_net","twitter_site":"@eldiario_net","twitter_misc":{"Escrito por":"Jeanette","Tiempo de lectura":"4 minutos"},"schema":{"@context":"https:\/\/schema.org","@graph":[{"@type":"Article","@id":"https:\/\/www.eldiario.net\/portal\/2021\/05\/25\/montero-pone-en-marcha-2da-bienal-infanto-juvenil\/#article","isPartOf":{"@id":"https:\/\/www.eldiario.net\/portal\/2021\/05\/25\/montero-pone-en-marcha-2da-bienal-infanto-juvenil\/"},"author":{"name":"Jeanette","@id":"https:\/\/www.eldiario.net\/portal\/#\/schema\/person\/f46445640444750d7d753ccd04ae01b7"},"headline":"Montero pone en marcha 2da. Bienal Infanto Juvenil","datePublished":"2021-05-25T10:41:35+00:00","mainEntityOfPage":{"@id":"https:\/\/www.eldiario.net\/portal\/2021\/05\/25\/montero-pone-en-marcha-2da-bienal-infanto-juvenil\/"},"wordCount":761,"publisher":{"@id":"https:\/\/www.eldiario.net\/portal\/#organization"},"image":{"@id":"https:\/\/www.eldiario.net\/portal\/2021\/05\/25\/montero-pone-en-marcha-2da-bienal-infanto-juvenil\/#primaryimage"},"thumbnailUrl":"https:\/\/www.eldiario.net\/portal\/wp-content\/uploads\/2021\/05\/NACI-Montero-pone-en-marcha-foto1.jpg","articleSection":["Nacional"],"inLanguage":"es"},{"@type":"WebPage","@id":"https:\/\/www.eldiario.net\/portal\/2021\/05\/25\/montero-pone-en-marcha-2da-bienal-infanto-juvenil\/","url":"https:\/\/www.eldiario.net\/portal\/2021\/05\/25\/montero-pone-en-marcha-2da-bienal-infanto-juvenil\/","name":"Montero pone en marcha 2da. Bienal Infanto Juvenil - El Diario - Bolivia","isPartOf":{"@id":"https:\/\/www.eldiario.net\/portal\/#website"},"primaryImageOfPage":{"@id":"https:\/\/www.eldiario.net\/portal\/2021\/05\/25\/montero-pone-en-marcha-2da-bienal-infanto-juvenil\/#primaryimage"},"image":{"@id":"https:\/\/www.eldiario.net\/portal\/2021\/05\/25\/montero-pone-en-marcha-2da-bienal-infanto-juvenil\/#primaryimage"},"thumbnailUrl":"https:\/\/www.eldiario.net\/portal\/wp-content\/uploads\/2021\/05\/NACI-Montero-pone-en-marcha-foto1.jpg","datePublished":"2021-05-25T10:41:35+00:00","breadcrumb":{"@id":"https:\/\/www.eldiario.net\/portal\/2021\/05\/25\/montero-pone-en-marcha-2da-bienal-infanto-juvenil\/#breadcrumb"},"inLanguage":"es","potentialAction":[{"@type":"ReadAction","target":["https:\/\/www.eldiario.net\/portal\/2021\/05\/25\/montero-pone-en-marcha-2da-bienal-infanto-juvenil\/"]}]},{"@type":"ImageObject","inLanguage":"es","@id":"https:\/\/www.eldiario.net\/portal\/2021\/05\/25\/montero-pone-en-marcha-2da-bienal-infanto-juvenil\/#primaryimage","url":"https:\/\/www.eldiario.net\/portal\/wp-content\/uploads\/2021\/05\/NACI-Montero-pone-en-marcha-foto1.jpg","contentUrl":"https:\/\/www.eldiario.net\/portal\/wp-content\/uploads\/2021\/05\/NACI-Montero-pone-en-marcha-foto1.jpg","width":1011,"height":751},{"@type":"BreadcrumbList","@id":"https:\/\/www.eldiario.net\/portal\/2021\/05\/25\/montero-pone-en-marcha-2da-bienal-infanto-juvenil\/#breadcrumb","itemListElement":[{"@type":"ListItem","position":1,"name":"Portada","item":"https:\/\/www.eldiario.net\/portal\/"},{"@type":"ListItem","position":2,"name":"Montero pone en marcha 2da. Bienal Infanto Juvenil"}]},{"@type":"WebSite","@id":"https:\/\/www.eldiario.net\/portal\/#website","url":"https:\/\/www.eldiario.net\/portal\/","name":"El Diario - Decano de la prensa nacional","description":"El Diario - Decano de la prensa nacional","publisher":{"@id":"https:\/\/www.eldiario.net\/portal\/#organization"},"potentialAction":[{"@type":"SearchAction","target":{"@type":"EntryPoint","urlTemplate":"https:\/\/www.eldiario.net\/portal\/?s={search_term_string}"},"query-input":{"@type":"PropertyValueSpecification","valueRequired":true,"valueName":"search_term_string"}}],"inLanguage":"es"},{"@type":"Organization","@id":"https:\/\/www.eldiario.net\/portal\/#organization","name":"El Diario - Decano de la prensa nacional","url":"https:\/\/www.eldiario.net\/portal\/","logo":{"@type":"ImageObject","inLanguage":"es","@id":"https:\/\/www.eldiario.net\/portal\/#\/schema\/logo\/image\/","url":"https:\/\/www.eldiario.net\/portal\/wp-content\/uploads\/2023\/07\/logo_ED.jpg","contentUrl":"https:\/\/www.eldiario.net\/portal\/wp-content\/uploads\/2023\/07\/logo_ED.jpg","width":272,"height":52,"caption":"El Diario - Decano de la prensa nacional"},"image":{"@id":"https:\/\/www.eldiario.net\/portal\/#\/schema\/logo\/image\/"},"sameAs":["https:\/\/www.facebook.com\/eldiario.bolivia\/","https:\/\/x.com\/eldiario_net"]},{"@type":"Person","@id":"https:\/\/www.eldiario.net\/portal\/#\/schema\/person\/f46445640444750d7d753ccd04ae01b7","name":"Jeanette","image":{"@type":"ImageObject","inLanguage":"es","@id":"https:\/\/secure.gravatar.com\/avatar\/3ea2118a5f7dad2b7138b1187a6b7ee55f160b9968b66013c3a3ef39dd7e5798?s=96&d=mm&r=g","url":"https:\/\/secure.gravatar.com\/avatar\/3ea2118a5f7dad2b7138b1187a6b7ee55f160b9968b66013c3a3ef39dd7e5798?s=96&d=mm&r=g","contentUrl":"https:\/\/secure.gravatar.com\/avatar\/3ea2118a5f7dad2b7138b1187a6b7ee55f160b9968b66013c3a3ef39dd7e5798?s=96&d=mm&r=g","caption":"Jeanette"},"sameAs":["https:\/\/www.eldiario.net\/portal"],"url":"https:\/\/www.eldiario.net\/portal\/author\/jeanette\/"}]}},"_links":{"self":[{"href":"https:\/\/www.eldiario.net\/portal\/wp-json\/wp\/v2\/posts\/6202","targetHints":{"allow":["GET"]}}],"collection":[{"href":"https:\/\/www.eldiario.net\/portal\/wp-json\/wp\/v2\/posts"}],"about":[{"href":"https:\/\/www.eldiario.net\/portal\/wp-json\/wp\/v2\/types\/post"}],"author":[{"embeddable":true,"href":"https:\/\/www.eldiario.net\/portal\/wp-json\/wp\/v2\/users\/1"}],"replies":[{"embeddable":true,"href":"https:\/\/www.eldiario.net\/portal\/wp-json\/wp\/v2\/comments?post=6202"}],"version-history":[{"count":0,"href":"https:\/\/www.eldiario.net\/portal\/wp-json\/wp\/v2\/posts\/6202\/revisions"}],"wp:featuredmedia":[{"embeddable":true,"href":"https:\/\/www.eldiario.net\/portal\/wp-json\/wp\/v2\/media\/6203"}],"wp:attachment":[{"href":"https:\/\/www.eldiario.net\/portal\/wp-json\/wp\/v2\/media?parent=6202"}],"wp:term":[{"taxonomy":"category","embeddable":true,"href":"https:\/\/www.eldiario.net\/portal\/wp-json\/wp\/v2\/categories?post=6202"},{"taxonomy":"post_tag","embeddable":true,"href":"https:\/\/www.eldiario.net\/portal\/wp-json\/wp\/v2\/tags?post=6202"}],"curies":[{"name":"wp","href":"https:\/\/api.w.org\/{rel}","templated":true}]}}