{"id":6196,"date":"2021-05-25T06:37:50","date_gmt":"2021-05-25T10:37:50","guid":{"rendered":"https:\/\/www.eldiario.net\/portal\/?p=6196"},"modified":"2021-05-25T06:37:50","modified_gmt":"2021-05-25T10:37:50","slug":"se-agotan-medicamentos-para-tratar-a-pacientes-con-covid-19","status":"publish","type":"post","link":"https:\/\/www.eldiario.net\/portal\/2021\/05\/25\/se-agotan-medicamentos-para-tratar-a-pacientes-con-covid-19\/","title":{"rendered":"Se agotan medicamentos para tratar a pacientes con Covid-19"},"content":{"rendered":"<p>Los familiares de pacientes internados en terapias intensivas e intermedias peregrinan por las farmacias, buscando adquirir los medicamentos recetados para tratar a los pacientes con coronavirus en Santa Cruz. En ocasiones acuden a las redes sociales para conseguir los remedios\u00a0requeridos, pero a precios exorbitantes y sin control alguno.<\/p>\n<p>Desde el Colegio de Bioqu\u00edmica y farmacia de Santa Cruz, su presidente, Freddy Ceballos, confirma que esta es \u00abuna noticia de nunca acabar, pues venimos denunciando la especulaci\u00f3n desde hace varios a\u00f1os, no solo por los medicamentos referidos al Covid-19\u00bb.<\/p>\n<p>Un comunicado de la Asociaci\u00f3n de Cadenas de Farmacias (ACAF) apunta a \u00abla falta de provisi\u00f3n por parte de\u00a0los proveedores hacia las farmacias\u00bb.<\/p>\n<p>Sin embargo, este hecho es rechazado por Karina Ortu\u00f1o,\u00a0presidenta de la Asociaci\u00f3n de Distribuidores e importadores de Medicamentos reconocidos por ley (Asofar). Ortu\u00f1o considera la creciente demanda como el detonante de la\u00a0carencia de medicamentos para tratar a pacientes con coronavirus.<\/p>\n<p>Compromete los \u00abmayores esfuerzos para tener fluidez\u00bb aunque quedar\u00e1n supeditados a los laboratorios productores para \u00abpoder importar mayores vol\u00famenes\u00bb.<\/p>\n<p>Leonardo Salvatierra, presidente de ACAF, dijo que \u00abla escasez de medicamentos genera una especulaci\u00f3n de precios en el mercado negro y alienta el contrabando, de ah\u00ed que se oferten medicamentos de manera ilegal con precios muy elevados y carentes de toda l\u00f3gica\u00bb.<\/p>\n<p>Esta realidad tambi\u00e9n es identificada por Ceballos, que no descarta que alguna que otra farmacia pueda desviar los medicamentos al mercado negro para generar mayor ganancia.<\/p>\n<p>Asofar tambi\u00e9n cree que esta desviaci\u00f3n de los remedios a un mercado negro hace que se incrementen los precios. Como importadores, Ortu\u00f1o asegura que denuncian estas situaciones ante la Agemed\u00a0para que intervenga como autoridad responsable.<\/p>\n<p>En todo caso, el responsable del Colegio de Bioqu\u00edmica y Farmacia apela al control que pueda realizar la Agemed y el Sedes para identificar a quienes recurren a estas artima\u00f1as. \u00abLa importaci\u00f3n de medicamentos cuenta con el registro del c\u00f3digo sanitario, por lo cual es factible seguir ese rastro en la distribuci\u00f3n\u00bb.<\/p>\n<p>Salvatierra compromete la colaboraci\u00f3n de las farmacias para los controles. \u00abLas cadenas de farmacias se encuentran plenamente reguladas por el Agemed y el Sedes, con lo que se cumple con toda la normativa vigente para la comercializaci\u00f3n de medicamentos\u00bb.<\/p>\n<p>Finalmente, el presidente de ACAF apela a los programas de Responsabilidad Social de las cadenas que proponen descuentos o planes de acceso a los medicamentos de manera m\u00e1s econ\u00f3mica. (El Deber)<\/p>\n","protected":false},"excerpt":{"rendered":"<p>Los familiares de pacientes internados en terapias intensivas e intermedias peregrinan por las farmacias, buscando adquirir los medicamentos recetados para tratar a los pacientes con coronavirus en Santa Cruz. En ocasiones acuden a las redes sociales para conseguir los remedios\u00a0requeridos, pero a precios exorbitantes y sin control alguno. Desde el Colegio de Bioqu\u00edmica y farmacia [&hellip;]<\/p>\n","protected":false},"author":1,"featured_media":6197,"comment_status":"closed","ping_status":"closed","sticky":false,"template":"","format":"standard","meta":{"_acf_changed":false,"footnotes":""},"categories":[39],"tags":[],"class_list":["post-6196","post","type-post","status-publish","format-standard","has-post-thumbnail","category-sociedad"],"acf":{"antetitulo":""},"yoast_head":"<!-- This site is optimized with the Yoast SEO plugin v28.3 - https:\/\/yoast.com\/product\/yoast-seo-wordpress\/ -->\n<title>Se agotan medicamentos para tratar a pacientes con Covid-19 - El Diario - Bolivia<\/title>\n<meta name=\"robots\" content=\"index, follow, max-snippet:-1, max-image-preview:large, max-video-preview:-1\" \/>\n<link rel=\"canonical\" href=\"https:\/\/www.eldiario.net\/portal\/2021\/05\/25\/se-agotan-medicamentos-para-tratar-a-pacientes-con-covid-19\/\" \/>\n<meta property=\"og:locale\" content=\"es_ES\" \/>\n<meta property=\"og:type\" content=\"article\" \/>\n<meta property=\"og:title\" content=\"Se agotan medicamentos para tratar a pacientes con Covid-19 - El Diario - Bolivia\" \/>\n<meta property=\"og:description\" content=\"Los familiares de pacientes internados en terapias intensivas e intermedias peregrinan por las farmacias, buscando adquirir los medicamentos recetados para tratar a los pacientes con coronavirus en Santa Cruz. En ocasiones acuden a las redes sociales para conseguir los remedios\u00a0requeridos, pero a precios exorbitantes y sin control alguno. Desde el Colegio de Bioqu\u00edmica y farmacia [&hellip;]\" \/>\n<meta property=\"og:url\" content=\"https:\/\/www.eldiario.net\/portal\/2021\/05\/25\/se-agotan-medicamentos-para-tratar-a-pacientes-con-covid-19\/\" \/>\n<meta property=\"og:site_name\" content=\"El Diario - Bolivia\" \/>\n<meta property=\"article:publisher\" content=\"https:\/\/www.facebook.com\/eldiario.bolivia\/\" \/>\n<meta property=\"article:published_time\" content=\"2021-05-25T10:37:50+00:00\" \/>\n<meta property=\"og:image\" content=\"https:\/\/www.eldiario.net\/portal\/wp-content\/uploads\/2021\/05\/NACI-Se-agotan-medicamentos-para.jpg\" \/>\n\t<meta property=\"og:image:width\" content=\"1140\" \/>\n\t<meta property=\"og:image:height\" content=\"520\" \/>\n\t<meta property=\"og:image:type\" content=\"image\/jpeg\" \/>\n<meta name=\"author\" content=\"Jeanette\" \/>\n<meta name=\"twitter:card\" content=\"summary_large_image\" \/>\n<meta name=\"twitter:creator\" content=\"@eldiario_net\" \/>\n<meta name=\"twitter:site\" content=\"@eldiario_net\" \/>\n<meta name=\"twitter:label1\" content=\"Escrito por\" \/>\n\t<meta name=\"twitter:data1\" content=\"Jeanette\" \/>\n\t<meta name=\"twitter:label2\" content=\"Tiempo de lectura\" \/>\n\t<meta name=\"twitter:data2\" content=\"2 minutos\" \/>\n<script type=\"application\/ld+json\" class=\"yoast-schema-graph\">{\"@context\":\"https:\\\/\\\/schema.org\",\"@graph\":[{\"@type\":\"Article\",\"@id\":\"https:\\\/\\\/www.eldiario.net\\\/portal\\\/2021\\\/05\\\/25\\\/se-agotan-medicamentos-para-tratar-a-pacientes-con-covid-19\\\/#article\",\"isPartOf\":{\"@id\":\"https:\\\/\\\/www.eldiario.net\\\/portal\\\/2021\\\/05\\\/25\\\/se-agotan-medicamentos-para-tratar-a-pacientes-con-covid-19\\\/\"},\"author\":{\"name\":\"Jeanette\",\"@id\":\"https:\\\/\\\/www.eldiario.net\\\/portal\\\/#\\\/schema\\\/person\\\/f46445640444750d7d753ccd04ae01b7\"},\"headline\":\"Se agotan medicamentos para tratar a pacientes con Covid-19\",\"datePublished\":\"2021-05-25T10:37:50+00:00\",\"mainEntityOfPage\":{\"@id\":\"https:\\\/\\\/www.eldiario.net\\\/portal\\\/2021\\\/05\\\/25\\\/se-agotan-medicamentos-para-tratar-a-pacientes-con-covid-19\\\/\"},\"wordCount\":434,\"publisher\":{\"@id\":\"https:\\\/\\\/www.eldiario.net\\\/portal\\\/#organization\"},\"image\":{\"@id\":\"https:\\\/\\\/www.eldiario.net\\\/portal\\\/2021\\\/05\\\/25\\\/se-agotan-medicamentos-para-tratar-a-pacientes-con-covid-19\\\/#primaryimage\"},\"thumbnailUrl\":\"https:\\\/\\\/www.eldiario.net\\\/portal\\\/wp-content\\\/uploads\\\/2021\\\/05\\\/NACI-Se-agotan-medicamentos-para.jpg\",\"articleSection\":[\"Sociedad - Seguridad\"],\"inLanguage\":\"es\"},{\"@type\":\"WebPage\",\"@id\":\"https:\\\/\\\/www.eldiario.net\\\/portal\\\/2021\\\/05\\\/25\\\/se-agotan-medicamentos-para-tratar-a-pacientes-con-covid-19\\\/\",\"url\":\"https:\\\/\\\/www.eldiario.net\\\/portal\\\/2021\\\/05\\\/25\\\/se-agotan-medicamentos-para-tratar-a-pacientes-con-covid-19\\\/\",\"name\":\"Se agotan medicamentos para tratar a pacientes con Covid-19 - El Diario - Bolivia\",\"isPartOf\":{\"@id\":\"https:\\\/\\\/www.eldiario.net\\\/portal\\\/#website\"},\"primaryImageOfPage\":{\"@id\":\"https:\\\/\\\/www.eldiario.net\\\/portal\\\/2021\\\/05\\\/25\\\/se-agotan-medicamentos-para-tratar-a-pacientes-con-covid-19\\\/#primaryimage\"},\"image\":{\"@id\":\"https:\\\/\\\/www.eldiario.net\\\/portal\\\/2021\\\/05\\\/25\\\/se-agotan-medicamentos-para-tratar-a-pacientes-con-covid-19\\\/#primaryimage\"},\"thumbnailUrl\":\"https:\\\/\\\/www.eldiario.net\\\/portal\\\/wp-content\\\/uploads\\\/2021\\\/05\\\/NACI-Se-agotan-medicamentos-para.jpg\",\"datePublished\":\"2021-05-25T10:37:50+00:00\",\"breadcrumb\":{\"@id\":\"https:\\\/\\\/www.eldiario.net\\\/portal\\\/2021\\\/05\\\/25\\\/se-agotan-medicamentos-para-tratar-a-pacientes-con-covid-19\\\/#breadcrumb\"},\"inLanguage\":\"es\",\"potentialAction\":[{\"@type\":\"ReadAction\",\"target\":[\"https:\\\/\\\/www.eldiario.net\\\/portal\\\/2021\\\/05\\\/25\\\/se-agotan-medicamentos-para-tratar-a-pacientes-con-covid-19\\\/\"]}]},{\"@type\":\"ImageObject\",\"inLanguage\":\"es\",\"@id\":\"https:\\\/\\\/www.eldiario.net\\\/portal\\\/2021\\\/05\\\/25\\\/se-agotan-medicamentos-para-tratar-a-pacientes-con-covid-19\\\/#primaryimage\",\"url\":\"https:\\\/\\\/www.eldiario.net\\\/portal\\\/wp-content\\\/uploads\\\/2021\\\/05\\\/NACI-Se-agotan-medicamentos-para.jpg\",\"contentUrl\":\"https:\\\/\\\/www.eldiario.net\\\/portal\\\/wp-content\\\/uploads\\\/2021\\\/05\\\/NACI-Se-agotan-medicamentos-para.jpg\",\"width\":1140,\"height\":520},{\"@type\":\"BreadcrumbList\",\"@id\":\"https:\\\/\\\/www.eldiario.net\\\/portal\\\/2021\\\/05\\\/25\\\/se-agotan-medicamentos-para-tratar-a-pacientes-con-covid-19\\\/#breadcrumb\",\"itemListElement\":[{\"@type\":\"ListItem\",\"position\":1,\"name\":\"Portada\",\"item\":\"https:\\\/\\\/www.eldiario.net\\\/portal\\\/\"},{\"@type\":\"ListItem\",\"position\":2,\"name\":\"Se agotan medicamentos para tratar a pacientes con Covid-19\"}]},{\"@type\":\"WebSite\",\"@id\":\"https:\\\/\\\/www.eldiario.net\\\/portal\\\/#website\",\"url\":\"https:\\\/\\\/www.eldiario.net\\\/portal\\\/\",\"name\":\"El Diario - Decano de la prensa nacional\",\"description\":\"El Diario - Decano de la prensa nacional\",\"publisher\":{\"@id\":\"https:\\\/\\\/www.eldiario.net\\\/portal\\\/#organization\"},\"potentialAction\":[{\"@type\":\"SearchAction\",\"target\":{\"@type\":\"EntryPoint\",\"urlTemplate\":\"https:\\\/\\\/www.eldiario.net\\\/portal\\\/?s={search_term_string}\"},\"query-input\":{\"@type\":\"PropertyValueSpecification\",\"valueRequired\":true,\"valueName\":\"search_term_string\"}}],\"inLanguage\":\"es\"},{\"@type\":\"Organization\",\"@id\":\"https:\\\/\\\/www.eldiario.net\\\/portal\\\/#organization\",\"name\":\"El Diario - Decano de la prensa nacional\",\"url\":\"https:\\\/\\\/www.eldiario.net\\\/portal\\\/\",\"logo\":{\"@type\":\"ImageObject\",\"inLanguage\":\"es\",\"@id\":\"https:\\\/\\\/www.eldiario.net\\\/portal\\\/#\\\/schema\\\/logo\\\/image\\\/\",\"url\":\"https:\\\/\\\/www.eldiario.net\\\/portal\\\/wp-content\\\/uploads\\\/2023\\\/07\\\/logo_ED.jpg\",\"contentUrl\":\"https:\\\/\\\/www.eldiario.net\\\/portal\\\/wp-content\\\/uploads\\\/2023\\\/07\\\/logo_ED.jpg\",\"width\":272,\"height\":52,\"caption\":\"El Diario - Decano de la prensa nacional\"},\"image\":{\"@id\":\"https:\\\/\\\/www.eldiario.net\\\/portal\\\/#\\\/schema\\\/logo\\\/image\\\/\"},\"sameAs\":[\"https:\\\/\\\/www.facebook.com\\\/eldiario.bolivia\\\/\",\"https:\\\/\\\/x.com\\\/eldiario_net\"]},{\"@type\":\"Person\",\"@id\":\"https:\\\/\\\/www.eldiario.net\\\/portal\\\/#\\\/schema\\\/person\\\/f46445640444750d7d753ccd04ae01b7\",\"name\":\"Jeanette\",\"image\":{\"@type\":\"ImageObject\",\"inLanguage\":\"es\",\"@id\":\"https:\\\/\\\/secure.gravatar.com\\\/avatar\\\/3ea2118a5f7dad2b7138b1187a6b7ee55f160b9968b66013c3a3ef39dd7e5798?s=96&d=mm&r=g\",\"url\":\"https:\\\/\\\/secure.gravatar.com\\\/avatar\\\/3ea2118a5f7dad2b7138b1187a6b7ee55f160b9968b66013c3a3ef39dd7e5798?s=96&d=mm&r=g\",\"contentUrl\":\"https:\\\/\\\/secure.gravatar.com\\\/avatar\\\/3ea2118a5f7dad2b7138b1187a6b7ee55f160b9968b66013c3a3ef39dd7e5798?s=96&d=mm&r=g\",\"caption\":\"Jeanette\"},\"sameAs\":[\"https:\\\/\\\/www.eldiario.net\\\/portal\"],\"url\":\"https:\\\/\\\/www.eldiario.net\\\/portal\\\/author\\\/jeanette\\\/\"}]}<\/script>\n<!-- \/ Yoast SEO plugin. -->","yoast_head_json":{"title":"Se agotan medicamentos para tratar a pacientes con Covid-19 - El Diario - Bolivia","robots":{"index":"index","follow":"follow","max-snippet":"max-snippet:-1","max-image-preview":"max-image-preview:large","max-video-preview":"max-video-preview:-1"},"canonical":"https:\/\/www.eldiario.net\/portal\/2021\/05\/25\/se-agotan-medicamentos-para-tratar-a-pacientes-con-covid-19\/","og_locale":"es_ES","og_type":"article","og_title":"Se agotan medicamentos para tratar a pacientes con Covid-19 - El Diario - Bolivia","og_description":"Los familiares de pacientes internados en terapias intensivas e intermedias peregrinan por las farmacias, buscando adquirir los medicamentos recetados para tratar a los pacientes con coronavirus en Santa Cruz. En ocasiones acuden a las redes sociales para conseguir los remedios\u00a0requeridos, pero a precios exorbitantes y sin control alguno. Desde el Colegio de Bioqu\u00edmica y farmacia [&hellip;]","og_url":"https:\/\/www.eldiario.net\/portal\/2021\/05\/25\/se-agotan-medicamentos-para-tratar-a-pacientes-con-covid-19\/","og_site_name":"El Diario - Bolivia","article_publisher":"https:\/\/www.facebook.com\/eldiario.bolivia\/","article_published_time":"2021-05-25T10:37:50+00:00","og_image":[{"width":1140,"height":520,"url":"https:\/\/www.eldiario.net\/portal\/wp-content\/uploads\/2021\/05\/NACI-Se-agotan-medicamentos-para.jpg","type":"image\/jpeg"}],"author":"Jeanette","twitter_card":"summary_large_image","twitter_creator":"@eldiario_net","twitter_site":"@eldiario_net","twitter_misc":{"Escrito por":"Jeanette","Tiempo de lectura":"2 minutos"},"schema":{"@context":"https:\/\/schema.org","@graph":[{"@type":"Article","@id":"https:\/\/www.eldiario.net\/portal\/2021\/05\/25\/se-agotan-medicamentos-para-tratar-a-pacientes-con-covid-19\/#article","isPartOf":{"@id":"https:\/\/www.eldiario.net\/portal\/2021\/05\/25\/se-agotan-medicamentos-para-tratar-a-pacientes-con-covid-19\/"},"author":{"name":"Jeanette","@id":"https:\/\/www.eldiario.net\/portal\/#\/schema\/person\/f46445640444750d7d753ccd04ae01b7"},"headline":"Se agotan medicamentos para tratar a pacientes con Covid-19","datePublished":"2021-05-25T10:37:50+00:00","mainEntityOfPage":{"@id":"https:\/\/www.eldiario.net\/portal\/2021\/05\/25\/se-agotan-medicamentos-para-tratar-a-pacientes-con-covid-19\/"},"wordCount":434,"publisher":{"@id":"https:\/\/www.eldiario.net\/portal\/#organization"},"image":{"@id":"https:\/\/www.eldiario.net\/portal\/2021\/05\/25\/se-agotan-medicamentos-para-tratar-a-pacientes-con-covid-19\/#primaryimage"},"thumbnailUrl":"https:\/\/www.eldiario.net\/portal\/wp-content\/uploads\/2021\/05\/NACI-Se-agotan-medicamentos-para.jpg","articleSection":["Sociedad - Seguridad"],"inLanguage":"es"},{"@type":"WebPage","@id":"https:\/\/www.eldiario.net\/portal\/2021\/05\/25\/se-agotan-medicamentos-para-tratar-a-pacientes-con-covid-19\/","url":"https:\/\/www.eldiario.net\/portal\/2021\/05\/25\/se-agotan-medicamentos-para-tratar-a-pacientes-con-covid-19\/","name":"Se agotan medicamentos para tratar a pacientes con Covid-19 - El Diario - Bolivia","isPartOf":{"@id":"https:\/\/www.eldiario.net\/portal\/#website"},"primaryImageOfPage":{"@id":"https:\/\/www.eldiario.net\/portal\/2021\/05\/25\/se-agotan-medicamentos-para-tratar-a-pacientes-con-covid-19\/#primaryimage"},"image":{"@id":"https:\/\/www.eldiario.net\/portal\/2021\/05\/25\/se-agotan-medicamentos-para-tratar-a-pacientes-con-covid-19\/#primaryimage"},"thumbnailUrl":"https:\/\/www.eldiario.net\/portal\/wp-content\/uploads\/2021\/05\/NACI-Se-agotan-medicamentos-para.jpg","datePublished":"2021-05-25T10:37:50+00:00","breadcrumb":{"@id":"https:\/\/www.eldiario.net\/portal\/2021\/05\/25\/se-agotan-medicamentos-para-tratar-a-pacientes-con-covid-19\/#breadcrumb"},"inLanguage":"es","potentialAction":[{"@type":"ReadAction","target":["https:\/\/www.eldiario.net\/portal\/2021\/05\/25\/se-agotan-medicamentos-para-tratar-a-pacientes-con-covid-19\/"]}]},{"@type":"ImageObject","inLanguage":"es","@id":"https:\/\/www.eldiario.net\/portal\/2021\/05\/25\/se-agotan-medicamentos-para-tratar-a-pacientes-con-covid-19\/#primaryimage","url":"https:\/\/www.eldiario.net\/portal\/wp-content\/uploads\/2021\/05\/NACI-Se-agotan-medicamentos-para.jpg","contentUrl":"https:\/\/www.eldiario.net\/portal\/wp-content\/uploads\/2021\/05\/NACI-Se-agotan-medicamentos-para.jpg","width":1140,"height":520},{"@type":"BreadcrumbList","@id":"https:\/\/www.eldiario.net\/portal\/2021\/05\/25\/se-agotan-medicamentos-para-tratar-a-pacientes-con-covid-19\/#breadcrumb","itemListElement":[{"@type":"ListItem","position":1,"name":"Portada","item":"https:\/\/www.eldiario.net\/portal\/"},{"@type":"ListItem","position":2,"name":"Se agotan medicamentos para tratar a pacientes con Covid-19"}]},{"@type":"WebSite","@id":"https:\/\/www.eldiario.net\/portal\/#website","url":"https:\/\/www.eldiario.net\/portal\/","name":"El Diario - Decano de la prensa nacional","description":"El Diario - Decano de la prensa nacional","publisher":{"@id":"https:\/\/www.eldiario.net\/portal\/#organization"},"potentialAction":[{"@type":"SearchAction","target":{"@type":"EntryPoint","urlTemplate":"https:\/\/www.eldiario.net\/portal\/?s={search_term_string}"},"query-input":{"@type":"PropertyValueSpecification","valueRequired":true,"valueName":"search_term_string"}}],"inLanguage":"es"},{"@type":"Organization","@id":"https:\/\/www.eldiario.net\/portal\/#organization","name":"El Diario - Decano de la prensa nacional","url":"https:\/\/www.eldiario.net\/portal\/","logo":{"@type":"ImageObject","inLanguage":"es","@id":"https:\/\/www.eldiario.net\/portal\/#\/schema\/logo\/image\/","url":"https:\/\/www.eldiario.net\/portal\/wp-content\/uploads\/2023\/07\/logo_ED.jpg","contentUrl":"https:\/\/www.eldiario.net\/portal\/wp-content\/uploads\/2023\/07\/logo_ED.jpg","width":272,"height":52,"caption":"El Diario - Decano de la prensa nacional"},"image":{"@id":"https:\/\/www.eldiario.net\/portal\/#\/schema\/logo\/image\/"},"sameAs":["https:\/\/www.facebook.com\/eldiario.bolivia\/","https:\/\/x.com\/eldiario_net"]},{"@type":"Person","@id":"https:\/\/www.eldiario.net\/portal\/#\/schema\/person\/f46445640444750d7d753ccd04ae01b7","name":"Jeanette","image":{"@type":"ImageObject","inLanguage":"es","@id":"https:\/\/secure.gravatar.com\/avatar\/3ea2118a5f7dad2b7138b1187a6b7ee55f160b9968b66013c3a3ef39dd7e5798?s=96&d=mm&r=g","url":"https:\/\/secure.gravatar.com\/avatar\/3ea2118a5f7dad2b7138b1187a6b7ee55f160b9968b66013c3a3ef39dd7e5798?s=96&d=mm&r=g","contentUrl":"https:\/\/secure.gravatar.com\/avatar\/3ea2118a5f7dad2b7138b1187a6b7ee55f160b9968b66013c3a3ef39dd7e5798?s=96&d=mm&r=g","caption":"Jeanette"},"sameAs":["https:\/\/www.eldiario.net\/portal"],"url":"https:\/\/www.eldiario.net\/portal\/author\/jeanette\/"}]}},"_links":{"self":[{"href":"https:\/\/www.eldiario.net\/portal\/wp-json\/wp\/v2\/posts\/6196","targetHints":{"allow":["GET"]}}],"collection":[{"href":"https:\/\/www.eldiario.net\/portal\/wp-json\/wp\/v2\/posts"}],"about":[{"href":"https:\/\/www.eldiario.net\/portal\/wp-json\/wp\/v2\/types\/post"}],"author":[{"embeddable":true,"href":"https:\/\/www.eldiario.net\/portal\/wp-json\/wp\/v2\/users\/1"}],"replies":[{"embeddable":true,"href":"https:\/\/www.eldiario.net\/portal\/wp-json\/wp\/v2\/comments?post=6196"}],"version-history":[{"count":0,"href":"https:\/\/www.eldiario.net\/portal\/wp-json\/wp\/v2\/posts\/6196\/revisions"}],"wp:featuredmedia":[{"embeddable":true,"href":"https:\/\/www.eldiario.net\/portal\/wp-json\/wp\/v2\/media\/6197"}],"wp:attachment":[{"href":"https:\/\/www.eldiario.net\/portal\/wp-json\/wp\/v2\/media?parent=6196"}],"wp:term":[{"taxonomy":"category","embeddable":true,"href":"https:\/\/www.eldiario.net\/portal\/wp-json\/wp\/v2\/categories?post=6196"},{"taxonomy":"post_tag","embeddable":true,"href":"https:\/\/www.eldiario.net\/portal\/wp-json\/wp\/v2\/tags?post=6196"}],"curies":[{"name":"wp","href":"https:\/\/api.w.org\/{rel}","templated":true}]}}