{"id":6190,"date":"2021-05-25T06:35:30","date_gmt":"2021-05-25T10:35:30","guid":{"rendered":"https:\/\/www.eldiario.net\/portal\/?p=6190"},"modified":"2021-05-25T06:35:30","modified_gmt":"2021-05-25T10:35:30","slug":"juez-blanco-declarara-por-caso-bebe-alexander","status":"publish","type":"post","link":"https:\/\/www.eldiario.net\/portal\/2021\/05\/25\/juez-blanco-declarara-por-caso-bebe-alexander\/","title":{"rendered":"Juez Blanco declarar\u00e1  por caso beb\u00e9 Alexander"},"content":{"rendered":"<p>El fiscal general, Juan Lanchipa, inform\u00f3 este lunes que todas las personas, entre ellas el nuevo juez Edwin Blanco, que hubieran participado en el proceso investigativo del caso beb\u00e9 Alexander y que promovieron la sentencia del m\u00e9dico Jhiery Fern\u00e1ndez sin tener pruebas cient\u00edficas que demuestra la culpabilidad en el hecho, ser\u00e1n convocadas a declarar por las presuntas irregularidades en el caso.<\/p>\n<p>\u201cA ra\u00edz del retiro de la acusaci\u00f3n en el caso del m\u00e9dico Jhiery Fern\u00e1ndez, el Ministerio P\u00fablico procedi\u00f3 a realizar una investigaci\u00f3n en contra de todas las personas que tuvieron que ver con este caso. Durante el proceso de investigaci\u00f3n se va a ampliar y tomar declaraciones a todas las personas que hayan participado en este hecho injusto, para establecer responsabilidades\u201d, dijo Lanchipa.<\/p>\n<p>Lanchipa explic\u00f3 que el caso es investigado en la Fiscal\u00eda Departamental de La Paz donde se determinar\u00e1 a qu\u00e9 personas o exautoridades se convocar\u00e1 a declarar.<\/p>\n<p>\u201cPor el momento se tiene una investigaci\u00f3n en contra de los exfiscales (Susana) Boyan y Blanco en la Fiscal\u00eda Departamental de La Paz. Nosotros hemos mantenido nuestro criterio de objetividad y ecuanimidad, no tenemos el deseo de perjudicar ni favorecer a nadie, simplemente pretendemos que se haga justicia y que se conozca la verdad material de los hechos\u201d, sostuvo.<\/p>\n<p>La Fiscal\u00eda abri\u00f3 un proceso investigativo por la presunta comisi\u00f3n de los delitos de incumplimiento de deberes y resoluciones contrarias a la ley y la Constituci\u00f3n en contra del exfiscal departamental de La Paz, Edwin Blanco y la exfiscal de materia, Susana Boyan y anunci\u00f3 la ampliaci\u00f3n de la investigaci\u00f3n contra otros involucrados.<\/p>\n<p>Por otro lado, Lanchipa asegur\u00f3 que la designaci\u00f3n como Juez de uno de los investigados no impide que el Ministerio P\u00fablico desarrolle el proceso investigativo conforme lo establece el C\u00f3digo de Procedimiento Penal.<\/p>\n","protected":false},"excerpt":{"rendered":"<p>El fiscal general, Juan Lanchipa, inform\u00f3 este lunes que todas las personas, entre ellas el nuevo juez Edwin Blanco, que hubieran participado en el proceso investigativo del caso beb\u00e9 Alexander y que promovieron la sentencia del m\u00e9dico Jhiery Fern\u00e1ndez sin tener pruebas cient\u00edficas que demuestra la culpabilidad en el hecho, ser\u00e1n convocadas a declarar por [&hellip;]<\/p>\n","protected":false},"author":1,"featured_media":6191,"comment_status":"closed","ping_status":"closed","sticky":false,"template":"","format":"standard","meta":{"_acf_changed":false,"footnotes":""},"categories":[39],"tags":[],"class_list":["post-6190","post","type-post","status-publish","format-standard","has-post-thumbnail","category-sociedad"],"acf":{"antetitulo":""},"yoast_head":"<!-- This site is optimized with the Yoast SEO plugin v28.3 - https:\/\/yoast.com\/product\/yoast-seo-wordpress\/ -->\n<title>Juez Blanco declarar\u00e1 por caso beb\u00e9 Alexander - El Diario - Bolivia<\/title>\n<meta name=\"robots\" content=\"index, follow, max-snippet:-1, max-image-preview:large, max-video-preview:-1\" \/>\n<link rel=\"canonical\" href=\"https:\/\/www.eldiario.net\/portal\/2021\/05\/25\/juez-blanco-declarara-por-caso-bebe-alexander\/\" \/>\n<meta property=\"og:locale\" content=\"es_ES\" \/>\n<meta property=\"og:type\" content=\"article\" \/>\n<meta property=\"og:title\" content=\"Juez Blanco declarar\u00e1 por caso beb\u00e9 Alexander - El Diario - Bolivia\" \/>\n<meta property=\"og:description\" content=\"El fiscal general, Juan Lanchipa, inform\u00f3 este lunes que todas las personas, entre ellas el nuevo juez Edwin Blanco, que hubieran participado en el proceso investigativo del caso beb\u00e9 Alexander y que promovieron la sentencia del m\u00e9dico Jhiery Fern\u00e1ndez sin tener pruebas cient\u00edficas que demuestra la culpabilidad en el hecho, ser\u00e1n convocadas a declarar por [&hellip;]\" \/>\n<meta property=\"og:url\" content=\"https:\/\/www.eldiario.net\/portal\/2021\/05\/25\/juez-blanco-declarara-por-caso-bebe-alexander\/\" \/>\n<meta property=\"og:site_name\" content=\"El Diario - Bolivia\" \/>\n<meta property=\"article:publisher\" content=\"https:\/\/www.facebook.com\/eldiario.bolivia\/\" \/>\n<meta property=\"article:published_time\" content=\"2021-05-25T10:35:30+00:00\" \/>\n<meta name=\"author\" content=\"Jeanette\" \/>\n<meta name=\"twitter:card\" content=\"summary_large_image\" \/>\n<meta name=\"twitter:creator\" content=\"@eldiario_net\" \/>\n<meta name=\"twitter:site\" content=\"@eldiario_net\" \/>\n<meta name=\"twitter:label1\" content=\"Escrito por\" \/>\n\t<meta name=\"twitter:data1\" content=\"Jeanette\" \/>\n\t<meta name=\"twitter:label2\" content=\"Tiempo de lectura\" \/>\n\t<meta name=\"twitter:data2\" content=\"2 minutos\" \/>\n<script type=\"application\/ld+json\" class=\"yoast-schema-graph\">{\"@context\":\"https:\\\/\\\/schema.org\",\"@graph\":[{\"@type\":\"Article\",\"@id\":\"https:\\\/\\\/www.eldiario.net\\\/portal\\\/2021\\\/05\\\/25\\\/juez-blanco-declarara-por-caso-bebe-alexander\\\/#article\",\"isPartOf\":{\"@id\":\"https:\\\/\\\/www.eldiario.net\\\/portal\\\/2021\\\/05\\\/25\\\/juez-blanco-declarara-por-caso-bebe-alexander\\\/\"},\"author\":{\"name\":\"Jeanette\",\"@id\":\"https:\\\/\\\/www.eldiario.net\\\/portal\\\/#\\\/schema\\\/person\\\/f46445640444750d7d753ccd04ae01b7\"},\"headline\":\"Juez Blanco declarar\u00e1 por caso beb\u00e9 Alexander\",\"datePublished\":\"2021-05-25T10:35:30+00:00\",\"mainEntityOfPage\":{\"@id\":\"https:\\\/\\\/www.eldiario.net\\\/portal\\\/2021\\\/05\\\/25\\\/juez-blanco-declarara-por-caso-bebe-alexander\\\/\"},\"wordCount\":324,\"publisher\":{\"@id\":\"https:\\\/\\\/www.eldiario.net\\\/portal\\\/#organization\"},\"image\":{\"@id\":\"https:\\\/\\\/www.eldiario.net\\\/portal\\\/2021\\\/05\\\/25\\\/juez-blanco-declarara-por-caso-bebe-alexander\\\/#primaryimage\"},\"thumbnailUrl\":\"\",\"articleSection\":[\"Sociedad - Seguridad\"],\"inLanguage\":\"es\"},{\"@type\":\"WebPage\",\"@id\":\"https:\\\/\\\/www.eldiario.net\\\/portal\\\/2021\\\/05\\\/25\\\/juez-blanco-declarara-por-caso-bebe-alexander\\\/\",\"url\":\"https:\\\/\\\/www.eldiario.net\\\/portal\\\/2021\\\/05\\\/25\\\/juez-blanco-declarara-por-caso-bebe-alexander\\\/\",\"name\":\"Juez Blanco declarar\u00e1 por caso beb\u00e9 Alexander - El Diario - Bolivia\",\"isPartOf\":{\"@id\":\"https:\\\/\\\/www.eldiario.net\\\/portal\\\/#website\"},\"primaryImageOfPage\":{\"@id\":\"https:\\\/\\\/www.eldiario.net\\\/portal\\\/2021\\\/05\\\/25\\\/juez-blanco-declarara-por-caso-bebe-alexander\\\/#primaryimage\"},\"image\":{\"@id\":\"https:\\\/\\\/www.eldiario.net\\\/portal\\\/2021\\\/05\\\/25\\\/juez-blanco-declarara-por-caso-bebe-alexander\\\/#primaryimage\"},\"thumbnailUrl\":\"\",\"datePublished\":\"2021-05-25T10:35:30+00:00\",\"breadcrumb\":{\"@id\":\"https:\\\/\\\/www.eldiario.net\\\/portal\\\/2021\\\/05\\\/25\\\/juez-blanco-declarara-por-caso-bebe-alexander\\\/#breadcrumb\"},\"inLanguage\":\"es\",\"potentialAction\":[{\"@type\":\"ReadAction\",\"target\":[\"https:\\\/\\\/www.eldiario.net\\\/portal\\\/2021\\\/05\\\/25\\\/juez-blanco-declarara-por-caso-bebe-alexander\\\/\"]}]},{\"@type\":\"ImageObject\",\"inLanguage\":\"es\",\"@id\":\"https:\\\/\\\/www.eldiario.net\\\/portal\\\/2021\\\/05\\\/25\\\/juez-blanco-declarara-por-caso-bebe-alexander\\\/#primaryimage\",\"url\":\"\",\"contentUrl\":\"\"},{\"@type\":\"BreadcrumbList\",\"@id\":\"https:\\\/\\\/www.eldiario.net\\\/portal\\\/2021\\\/05\\\/25\\\/juez-blanco-declarara-por-caso-bebe-alexander\\\/#breadcrumb\",\"itemListElement\":[{\"@type\":\"ListItem\",\"position\":1,\"name\":\"Portada\",\"item\":\"https:\\\/\\\/www.eldiario.net\\\/portal\\\/\"},{\"@type\":\"ListItem\",\"position\":2,\"name\":\"Juez Blanco declarar\u00e1 por caso beb\u00e9 Alexander\"}]},{\"@type\":\"WebSite\",\"@id\":\"https:\\\/\\\/www.eldiario.net\\\/portal\\\/#website\",\"url\":\"https:\\\/\\\/www.eldiario.net\\\/portal\\\/\",\"name\":\"El Diario - Decano de la prensa nacional\",\"description\":\"El Diario - Decano de la prensa nacional\",\"publisher\":{\"@id\":\"https:\\\/\\\/www.eldiario.net\\\/portal\\\/#organization\"},\"potentialAction\":[{\"@type\":\"SearchAction\",\"target\":{\"@type\":\"EntryPoint\",\"urlTemplate\":\"https:\\\/\\\/www.eldiario.net\\\/portal\\\/?s={search_term_string}\"},\"query-input\":{\"@type\":\"PropertyValueSpecification\",\"valueRequired\":true,\"valueName\":\"search_term_string\"}}],\"inLanguage\":\"es\"},{\"@type\":\"Organization\",\"@id\":\"https:\\\/\\\/www.eldiario.net\\\/portal\\\/#organization\",\"name\":\"El Diario - Decano de la prensa nacional\",\"url\":\"https:\\\/\\\/www.eldiario.net\\\/portal\\\/\",\"logo\":{\"@type\":\"ImageObject\",\"inLanguage\":\"es\",\"@id\":\"https:\\\/\\\/www.eldiario.net\\\/portal\\\/#\\\/schema\\\/logo\\\/image\\\/\",\"url\":\"https:\\\/\\\/www.eldiario.net\\\/portal\\\/wp-content\\\/uploads\\\/2023\\\/07\\\/logo_ED.jpg\",\"contentUrl\":\"https:\\\/\\\/www.eldiario.net\\\/portal\\\/wp-content\\\/uploads\\\/2023\\\/07\\\/logo_ED.jpg\",\"width\":272,\"height\":52,\"caption\":\"El Diario - Decano de la prensa nacional\"},\"image\":{\"@id\":\"https:\\\/\\\/www.eldiario.net\\\/portal\\\/#\\\/schema\\\/logo\\\/image\\\/\"},\"sameAs\":[\"https:\\\/\\\/www.facebook.com\\\/eldiario.bolivia\\\/\",\"https:\\\/\\\/x.com\\\/eldiario_net\"]},{\"@type\":\"Person\",\"@id\":\"https:\\\/\\\/www.eldiario.net\\\/portal\\\/#\\\/schema\\\/person\\\/f46445640444750d7d753ccd04ae01b7\",\"name\":\"Jeanette\",\"image\":{\"@type\":\"ImageObject\",\"inLanguage\":\"es\",\"@id\":\"https:\\\/\\\/secure.gravatar.com\\\/avatar\\\/3ea2118a5f7dad2b7138b1187a6b7ee55f160b9968b66013c3a3ef39dd7e5798?s=96&d=mm&r=g\",\"url\":\"https:\\\/\\\/secure.gravatar.com\\\/avatar\\\/3ea2118a5f7dad2b7138b1187a6b7ee55f160b9968b66013c3a3ef39dd7e5798?s=96&d=mm&r=g\",\"contentUrl\":\"https:\\\/\\\/secure.gravatar.com\\\/avatar\\\/3ea2118a5f7dad2b7138b1187a6b7ee55f160b9968b66013c3a3ef39dd7e5798?s=96&d=mm&r=g\",\"caption\":\"Jeanette\"},\"sameAs\":[\"https:\\\/\\\/www.eldiario.net\\\/portal\"],\"url\":\"https:\\\/\\\/www.eldiario.net\\\/portal\\\/author\\\/jeanette\\\/\"}]}<\/script>\n<!-- \/ Yoast SEO plugin. -->","yoast_head_json":{"title":"Juez Blanco declarar\u00e1 por caso beb\u00e9 Alexander - El Diario - Bolivia","robots":{"index":"index","follow":"follow","max-snippet":"max-snippet:-1","max-image-preview":"max-image-preview:large","max-video-preview":"max-video-preview:-1"},"canonical":"https:\/\/www.eldiario.net\/portal\/2021\/05\/25\/juez-blanco-declarara-por-caso-bebe-alexander\/","og_locale":"es_ES","og_type":"article","og_title":"Juez Blanco declarar\u00e1 por caso beb\u00e9 Alexander - El Diario - Bolivia","og_description":"El fiscal general, Juan Lanchipa, inform\u00f3 este lunes que todas las personas, entre ellas el nuevo juez Edwin Blanco, que hubieran participado en el proceso investigativo del caso beb\u00e9 Alexander y que promovieron la sentencia del m\u00e9dico Jhiery Fern\u00e1ndez sin tener pruebas cient\u00edficas que demuestra la culpabilidad en el hecho, ser\u00e1n convocadas a declarar por [&hellip;]","og_url":"https:\/\/www.eldiario.net\/portal\/2021\/05\/25\/juez-blanco-declarara-por-caso-bebe-alexander\/","og_site_name":"El Diario - Bolivia","article_publisher":"https:\/\/www.facebook.com\/eldiario.bolivia\/","article_published_time":"2021-05-25T10:35:30+00:00","author":"Jeanette","twitter_card":"summary_large_image","twitter_creator":"@eldiario_net","twitter_site":"@eldiario_net","twitter_misc":{"Escrito por":"Jeanette","Tiempo de lectura":"2 minutos"},"schema":{"@context":"https:\/\/schema.org","@graph":[{"@type":"Article","@id":"https:\/\/www.eldiario.net\/portal\/2021\/05\/25\/juez-blanco-declarara-por-caso-bebe-alexander\/#article","isPartOf":{"@id":"https:\/\/www.eldiario.net\/portal\/2021\/05\/25\/juez-blanco-declarara-por-caso-bebe-alexander\/"},"author":{"name":"Jeanette","@id":"https:\/\/www.eldiario.net\/portal\/#\/schema\/person\/f46445640444750d7d753ccd04ae01b7"},"headline":"Juez Blanco declarar\u00e1 por caso beb\u00e9 Alexander","datePublished":"2021-05-25T10:35:30+00:00","mainEntityOfPage":{"@id":"https:\/\/www.eldiario.net\/portal\/2021\/05\/25\/juez-blanco-declarara-por-caso-bebe-alexander\/"},"wordCount":324,"publisher":{"@id":"https:\/\/www.eldiario.net\/portal\/#organization"},"image":{"@id":"https:\/\/www.eldiario.net\/portal\/2021\/05\/25\/juez-blanco-declarara-por-caso-bebe-alexander\/#primaryimage"},"thumbnailUrl":"","articleSection":["Sociedad - Seguridad"],"inLanguage":"es"},{"@type":"WebPage","@id":"https:\/\/www.eldiario.net\/portal\/2021\/05\/25\/juez-blanco-declarara-por-caso-bebe-alexander\/","url":"https:\/\/www.eldiario.net\/portal\/2021\/05\/25\/juez-blanco-declarara-por-caso-bebe-alexander\/","name":"Juez Blanco declarar\u00e1 por caso beb\u00e9 Alexander - El Diario - Bolivia","isPartOf":{"@id":"https:\/\/www.eldiario.net\/portal\/#website"},"primaryImageOfPage":{"@id":"https:\/\/www.eldiario.net\/portal\/2021\/05\/25\/juez-blanco-declarara-por-caso-bebe-alexander\/#primaryimage"},"image":{"@id":"https:\/\/www.eldiario.net\/portal\/2021\/05\/25\/juez-blanco-declarara-por-caso-bebe-alexander\/#primaryimage"},"thumbnailUrl":"","datePublished":"2021-05-25T10:35:30+00:00","breadcrumb":{"@id":"https:\/\/www.eldiario.net\/portal\/2021\/05\/25\/juez-blanco-declarara-por-caso-bebe-alexander\/#breadcrumb"},"inLanguage":"es","potentialAction":[{"@type":"ReadAction","target":["https:\/\/www.eldiario.net\/portal\/2021\/05\/25\/juez-blanco-declarara-por-caso-bebe-alexander\/"]}]},{"@type":"ImageObject","inLanguage":"es","@id":"https:\/\/www.eldiario.net\/portal\/2021\/05\/25\/juez-blanco-declarara-por-caso-bebe-alexander\/#primaryimage","url":"","contentUrl":""},{"@type":"BreadcrumbList","@id":"https:\/\/www.eldiario.net\/portal\/2021\/05\/25\/juez-blanco-declarara-por-caso-bebe-alexander\/#breadcrumb","itemListElement":[{"@type":"ListItem","position":1,"name":"Portada","item":"https:\/\/www.eldiario.net\/portal\/"},{"@type":"ListItem","position":2,"name":"Juez Blanco declarar\u00e1 por caso beb\u00e9 Alexander"}]},{"@type":"WebSite","@id":"https:\/\/www.eldiario.net\/portal\/#website","url":"https:\/\/www.eldiario.net\/portal\/","name":"El Diario - Decano de la prensa nacional","description":"El Diario - Decano de la prensa nacional","publisher":{"@id":"https:\/\/www.eldiario.net\/portal\/#organization"},"potentialAction":[{"@type":"SearchAction","target":{"@type":"EntryPoint","urlTemplate":"https:\/\/www.eldiario.net\/portal\/?s={search_term_string}"},"query-input":{"@type":"PropertyValueSpecification","valueRequired":true,"valueName":"search_term_string"}}],"inLanguage":"es"},{"@type":"Organization","@id":"https:\/\/www.eldiario.net\/portal\/#organization","name":"El Diario - Decano de la prensa nacional","url":"https:\/\/www.eldiario.net\/portal\/","logo":{"@type":"ImageObject","inLanguage":"es","@id":"https:\/\/www.eldiario.net\/portal\/#\/schema\/logo\/image\/","url":"https:\/\/www.eldiario.net\/portal\/wp-content\/uploads\/2023\/07\/logo_ED.jpg","contentUrl":"https:\/\/www.eldiario.net\/portal\/wp-content\/uploads\/2023\/07\/logo_ED.jpg","width":272,"height":52,"caption":"El Diario - Decano de la prensa nacional"},"image":{"@id":"https:\/\/www.eldiario.net\/portal\/#\/schema\/logo\/image\/"},"sameAs":["https:\/\/www.facebook.com\/eldiario.bolivia\/","https:\/\/x.com\/eldiario_net"]},{"@type":"Person","@id":"https:\/\/www.eldiario.net\/portal\/#\/schema\/person\/f46445640444750d7d753ccd04ae01b7","name":"Jeanette","image":{"@type":"ImageObject","inLanguage":"es","@id":"https:\/\/secure.gravatar.com\/avatar\/3ea2118a5f7dad2b7138b1187a6b7ee55f160b9968b66013c3a3ef39dd7e5798?s=96&d=mm&r=g","url":"https:\/\/secure.gravatar.com\/avatar\/3ea2118a5f7dad2b7138b1187a6b7ee55f160b9968b66013c3a3ef39dd7e5798?s=96&d=mm&r=g","contentUrl":"https:\/\/secure.gravatar.com\/avatar\/3ea2118a5f7dad2b7138b1187a6b7ee55f160b9968b66013c3a3ef39dd7e5798?s=96&d=mm&r=g","caption":"Jeanette"},"sameAs":["https:\/\/www.eldiario.net\/portal"],"url":"https:\/\/www.eldiario.net\/portal\/author\/jeanette\/"}]}},"_links":{"self":[{"href":"https:\/\/www.eldiario.net\/portal\/wp-json\/wp\/v2\/posts\/6190","targetHints":{"allow":["GET"]}}],"collection":[{"href":"https:\/\/www.eldiario.net\/portal\/wp-json\/wp\/v2\/posts"}],"about":[{"href":"https:\/\/www.eldiario.net\/portal\/wp-json\/wp\/v2\/types\/post"}],"author":[{"embeddable":true,"href":"https:\/\/www.eldiario.net\/portal\/wp-json\/wp\/v2\/users\/1"}],"replies":[{"embeddable":true,"href":"https:\/\/www.eldiario.net\/portal\/wp-json\/wp\/v2\/comments?post=6190"}],"version-history":[{"count":0,"href":"https:\/\/www.eldiario.net\/portal\/wp-json\/wp\/v2\/posts\/6190\/revisions"}],"wp:attachment":[{"href":"https:\/\/www.eldiario.net\/portal\/wp-json\/wp\/v2\/media?parent=6190"}],"wp:term":[{"taxonomy":"category","embeddable":true,"href":"https:\/\/www.eldiario.net\/portal\/wp-json\/wp\/v2\/categories?post=6190"},{"taxonomy":"post_tag","embeddable":true,"href":"https:\/\/www.eldiario.net\/portal\/wp-json\/wp\/v2\/tags?post=6190"}],"curies":[{"name":"wp","href":"https:\/\/api.w.org\/{rel}","templated":true}]}}