{"id":61886,"date":"2022-02-08T06:08:30","date_gmt":"2022-02-08T10:08:30","guid":{"rendered":"https:\/\/www.eldiario.net\/portal\/?p=61886"},"modified":"2022-02-08T06:08:30","modified_gmt":"2022-02-08T10:08:30","slug":"martins-chau-cruzeiro-bienvenido-cerro","status":"publish","type":"post","link":"https:\/\/www.eldiario.net\/portal\/2022\/02\/08\/martins-chau-cruzeiro-bienvenido-cerro\/","title":{"rendered":"Martins, chau Cruzeiro. bienvenido Cerro"},"content":{"rendered":"<p class=\"v1MsoNormal\">El delantero de la Selecci\u00f3n Nacional, Marcelo Martins dio por concluido su tercer ciclo en Cruzeiro y por estas horas est\u00e1 cerrando los detalles finales antes de firmar su vinculaci\u00f3n por dos a\u00f1os con Cerro Porte\u00f1o, de Paraguay.<\/p>\n<p class=\"v1MsoNormal\">Entre Martins y Cruzeiro no fue posible llegar a un entendimiento en el aspecto econ\u00f3mico por lo cual el goleador de las clasificatorias a la Copa Mundial Qatar 2022 prefiri\u00f3 acercarse a Cerro Porte\u00f1o, cuya dirigencia espera su llegada a Asunci\u00f3n para las siguientes horas.<\/p>\n<p class=\"v1MsoNormal\">Cerro se ha reforzado con lo justo, ni m\u00e1s ni menos lo que se necesita y esperamos liquidar hoy (lunes) con Marcelo Moreno Martins, tenemos un plantel respetable\u00b4, fueron las declaraciones del presidente de Cerro Porte\u00f1o, Juan Jos\u00e9 Zapag en entrevista con radio Urbana, de Asunci\u00f3n.<\/p>\n<p class=\"v1MsoNormal\">El sueldo de Martins supera los m\u00e1rgenes presupuestarios del club brasile\u00f1o. De acuerdo con los medios deportivos de Belo Horizonte, el futbolista boliviano acept\u00f3 la reducci\u00f3n; sin embargo, el club s\u00f3lo quer\u00eda contar con sus servicios hasta la conclusi\u00f3n del torneo estadual, pese a que hay un contrato hasta diciembre de este a\u00f1o.<\/p>\n<p class=\"v1MsoNormal\">Desde mediados de enero, Martins estuvo entren\u00e1ndose con el seleccionado boliviano para los cotejos de las eliminatorias. Finalizado el encuentro frente a Chile (2-3) lleg\u00f3 a Brasil para conversar con los dirigentes, aunque ya ten\u00eda avanzando las negociaciones con Cerro Porte\u00f1o.<\/p>\n<p class=\"v1MsoNormal\">El tercer per\u00edodo de Martins en Cruzeiro dej\u00f3 un registro de 54 partidos disputados con nueve goles. La c\u00faspide alcanzada con los azules en su primer ciclo (2007-2008) anot\u00f3 nueve goles en 33 partidos, siendo uno de los goleadores de la Copa Libertadores de Am\u00e9rica. En 2014 actu\u00f3 en 42 compromisos, dejando 23 conquistas por su paso.(APG)<\/p>\n","protected":false},"excerpt":{"rendered":"<p>El delantero de la Selecci\u00f3n Nacional, Marcelo Martins dio por concluido su tercer ciclo en Cruzeiro y por estas horas est\u00e1 cerrando los detalles finales antes de firmar su vinculaci\u00f3n por dos a\u00f1os con Cerro Porte\u00f1o, de Paraguay. Entre Martins y Cruzeiro no fue posible llegar a un entendimiento en el aspecto econ\u00f3mico por lo [&hellip;]<\/p>\n","protected":false},"author":1,"featured_media":61887,"comment_status":"closed","ping_status":"closed","sticky":false,"template":"","format":"standard","meta":{"_acf_changed":false,"footnotes":""},"categories":[6],"tags":[],"class_list":["post-61886","post","type-post","status-publish","format-standard","has-post-thumbnail","category-deportes"],"acf":{"antetitulo":""},"yoast_head":"<!-- This site is optimized with the Yoast SEO plugin v28.4 - https:\/\/yoast.com\/product\/yoast-seo-wordpress\/ -->\n<title>Martins, chau Cruzeiro. bienvenido Cerro - El Diario - Bolivia<\/title>\n<meta name=\"robots\" content=\"index, follow, max-snippet:-1, max-image-preview:large, max-video-preview:-1\" \/>\n<link rel=\"canonical\" href=\"https:\/\/www.eldiario.net\/portal\/2022\/02\/08\/martins-chau-cruzeiro-bienvenido-cerro\/\" \/>\n<meta property=\"og:locale\" content=\"es_ES\" \/>\n<meta property=\"og:type\" content=\"article\" \/>\n<meta property=\"og:title\" content=\"Martins, chau Cruzeiro. bienvenido Cerro - El Diario - Bolivia\" \/>\n<meta property=\"og:description\" content=\"El delantero de la Selecci\u00f3n Nacional, Marcelo Martins dio por concluido su tercer ciclo en Cruzeiro y por estas horas est\u00e1 cerrando los detalles finales antes de firmar su vinculaci\u00f3n por dos a\u00f1os con Cerro Porte\u00f1o, de Paraguay. Entre Martins y Cruzeiro no fue posible llegar a un entendimiento en el aspecto econ\u00f3mico por lo [&hellip;]\" \/>\n<meta property=\"og:url\" content=\"https:\/\/www.eldiario.net\/portal\/2022\/02\/08\/martins-chau-cruzeiro-bienvenido-cerro\/\" \/>\n<meta property=\"og:site_name\" content=\"El Diario - Bolivia\" \/>\n<meta property=\"article:publisher\" content=\"https:\/\/www.facebook.com\/eldiario.bolivia\/\" \/>\n<meta property=\"article:published_time\" content=\"2022-02-08T10:08:30+00:00\" \/>\n<meta name=\"author\" content=\"Jeanette\" \/>\n<meta name=\"twitter:card\" content=\"summary_large_image\" \/>\n<meta name=\"twitter:creator\" content=\"@eldiario_net\" \/>\n<meta name=\"twitter:site\" content=\"@eldiario_net\" \/>\n<meta name=\"twitter:label1\" content=\"Escrito por\" \/>\n\t<meta name=\"twitter:data1\" content=\"Jeanette\" \/>\n\t<meta name=\"twitter:label2\" content=\"Tiempo de lectura\" \/>\n\t<meta name=\"twitter:data2\" content=\"2 minutos\" \/>\n<script type=\"application\/ld+json\" class=\"yoast-schema-graph\">{\"@context\":\"https:\\\/\\\/schema.org\",\"@graph\":[{\"@type\":\"Article\",\"@id\":\"https:\\\/\\\/www.eldiario.net\\\/portal\\\/2022\\\/02\\\/08\\\/martins-chau-cruzeiro-bienvenido-cerro\\\/#article\",\"isPartOf\":{\"@id\":\"https:\\\/\\\/www.eldiario.net\\\/portal\\\/2022\\\/02\\\/08\\\/martins-chau-cruzeiro-bienvenido-cerro\\\/\"},\"author\":{\"name\":\"Jeanette\",\"@id\":\"https:\\\/\\\/www.eldiario.net\\\/portal\\\/#\\\/schema\\\/person\\\/2c57cf2b7a7ae032e449e4c9b1019eac\"},\"headline\":\"Martins, chau Cruzeiro. bienvenido Cerro\",\"datePublished\":\"2022-02-08T10:08:30+00:00\",\"mainEntityOfPage\":{\"@id\":\"https:\\\/\\\/www.eldiario.net\\\/portal\\\/2022\\\/02\\\/08\\\/martins-chau-cruzeiro-bienvenido-cerro\\\/\"},\"wordCount\":303,\"publisher\":{\"@id\":\"https:\\\/\\\/www.eldiario.net\\\/portal\\\/#organization\"},\"image\":{\"@id\":\"https:\\\/\\\/www.eldiario.net\\\/portal\\\/2022\\\/02\\\/08\\\/martins-chau-cruzeiro-bienvenido-cerro\\\/#primaryimage\"},\"thumbnailUrl\":\"\",\"articleSection\":[\"Deportes\"],\"inLanguage\":\"es\"},{\"@type\":\"WebPage\",\"@id\":\"https:\\\/\\\/www.eldiario.net\\\/portal\\\/2022\\\/02\\\/08\\\/martins-chau-cruzeiro-bienvenido-cerro\\\/\",\"url\":\"https:\\\/\\\/www.eldiario.net\\\/portal\\\/2022\\\/02\\\/08\\\/martins-chau-cruzeiro-bienvenido-cerro\\\/\",\"name\":\"Martins, chau Cruzeiro. bienvenido Cerro - El Diario - Bolivia\",\"isPartOf\":{\"@id\":\"https:\\\/\\\/www.eldiario.net\\\/portal\\\/#website\"},\"primaryImageOfPage\":{\"@id\":\"https:\\\/\\\/www.eldiario.net\\\/portal\\\/2022\\\/02\\\/08\\\/martins-chau-cruzeiro-bienvenido-cerro\\\/#primaryimage\"},\"image\":{\"@id\":\"https:\\\/\\\/www.eldiario.net\\\/portal\\\/2022\\\/02\\\/08\\\/martins-chau-cruzeiro-bienvenido-cerro\\\/#primaryimage\"},\"thumbnailUrl\":\"\",\"datePublished\":\"2022-02-08T10:08:30+00:00\",\"breadcrumb\":{\"@id\":\"https:\\\/\\\/www.eldiario.net\\\/portal\\\/2022\\\/02\\\/08\\\/martins-chau-cruzeiro-bienvenido-cerro\\\/#breadcrumb\"},\"inLanguage\":\"es\",\"potentialAction\":[{\"@type\":\"ReadAction\",\"target\":[\"https:\\\/\\\/www.eldiario.net\\\/portal\\\/2022\\\/02\\\/08\\\/martins-chau-cruzeiro-bienvenido-cerro\\\/\"]}]},{\"@type\":\"ImageObject\",\"inLanguage\":\"es\",\"@id\":\"https:\\\/\\\/www.eldiario.net\\\/portal\\\/2022\\\/02\\\/08\\\/martins-chau-cruzeiro-bienvenido-cerro\\\/#primaryimage\",\"url\":\"\",\"contentUrl\":\"\"},{\"@type\":\"BreadcrumbList\",\"@id\":\"https:\\\/\\\/www.eldiario.net\\\/portal\\\/2022\\\/02\\\/08\\\/martins-chau-cruzeiro-bienvenido-cerro\\\/#breadcrumb\",\"itemListElement\":[{\"@type\":\"ListItem\",\"position\":1,\"name\":\"Portada\",\"item\":\"https:\\\/\\\/www.eldiario.net\\\/portal\\\/\"},{\"@type\":\"ListItem\",\"position\":2,\"name\":\"Martins, chau Cruzeiro. bienvenido Cerro\"}]},{\"@type\":\"WebSite\",\"@id\":\"https:\\\/\\\/www.eldiario.net\\\/portal\\\/#website\",\"url\":\"https:\\\/\\\/www.eldiario.net\\\/portal\\\/\",\"name\":\"El Diario - Decano de la prensa nacional\",\"description\":\"El Diario - Decano de la prensa nacional\",\"publisher\":{\"@id\":\"https:\\\/\\\/www.eldiario.net\\\/portal\\\/#organization\"},\"potentialAction\":[{\"@type\":\"SearchAction\",\"target\":{\"@type\":\"EntryPoint\",\"urlTemplate\":\"https:\\\/\\\/www.eldiario.net\\\/portal\\\/?s={search_term_string}\"},\"query-input\":{\"@type\":\"PropertyValueSpecification\",\"valueRequired\":true,\"valueName\":\"search_term_string\"}}],\"inLanguage\":\"es\"},{\"@type\":\"Organization\",\"@id\":\"https:\\\/\\\/www.eldiario.net\\\/portal\\\/#organization\",\"name\":\"El Diario - Decano de la prensa nacional\",\"url\":\"https:\\\/\\\/www.eldiario.net\\\/portal\\\/\",\"logo\":{\"@type\":\"ImageObject\",\"inLanguage\":\"es\",\"@id\":\"https:\\\/\\\/www.eldiario.net\\\/portal\\\/#\\\/schema\\\/logo\\\/image\\\/\",\"url\":\"https:\\\/\\\/www.eldiario.net\\\/portal\\\/wp-content\\\/uploads\\\/2023\\\/07\\\/logo_ED.jpg\",\"contentUrl\":\"https:\\\/\\\/www.eldiario.net\\\/portal\\\/wp-content\\\/uploads\\\/2023\\\/07\\\/logo_ED.jpg\",\"width\":272,\"height\":52,\"caption\":\"El Diario - Decano de la prensa nacional\"},\"image\":{\"@id\":\"https:\\\/\\\/www.eldiario.net\\\/portal\\\/#\\\/schema\\\/logo\\\/image\\\/\"},\"sameAs\":[\"https:\\\/\\\/www.facebook.com\\\/eldiario.bolivia\\\/\",\"https:\\\/\\\/x.com\\\/eldiario_net\"]},{\"@type\":\"Person\",\"@id\":\"https:\\\/\\\/www.eldiario.net\\\/portal\\\/#\\\/schema\\\/person\\\/2c57cf2b7a7ae032e449e4c9b1019eac\",\"name\":\"Jeanette\",\"image\":{\"@type\":\"ImageObject\",\"inLanguage\":\"es\",\"@id\":\"https:\\\/\\\/secure.gravatar.com\\\/avatar\\\/3ea2118a5f7dad2b7138b1187a6b7ee55f160b9968b66013c3a3ef39dd7e5798?s=96&d=mm&r=g\",\"url\":\"https:\\\/\\\/secure.gravatar.com\\\/avatar\\\/3ea2118a5f7dad2b7138b1187a6b7ee55f160b9968b66013c3a3ef39dd7e5798?s=96&d=mm&r=g\",\"contentUrl\":\"https:\\\/\\\/secure.gravatar.com\\\/avatar\\\/3ea2118a5f7dad2b7138b1187a6b7ee55f160b9968b66013c3a3ef39dd7e5798?s=96&d=mm&r=g\",\"caption\":\"Jeanette\"},\"sameAs\":[\"https:\\\/\\\/www.eldiario.net\\\/portal\"],\"url\":\"https:\\\/\\\/www.eldiario.net\\\/portal\\\/author\\\/jeanette\\\/\"}]}<\/script>\n<!-- \/ Yoast SEO plugin. -->","yoast_head_json":{"title":"Martins, chau Cruzeiro. bienvenido Cerro - El Diario - Bolivia","robots":{"index":"index","follow":"follow","max-snippet":"max-snippet:-1","max-image-preview":"max-image-preview:large","max-video-preview":"max-video-preview:-1"},"canonical":"https:\/\/www.eldiario.net\/portal\/2022\/02\/08\/martins-chau-cruzeiro-bienvenido-cerro\/","og_locale":"es_ES","og_type":"article","og_title":"Martins, chau Cruzeiro. bienvenido Cerro - El Diario - Bolivia","og_description":"El delantero de la Selecci\u00f3n Nacional, Marcelo Martins dio por concluido su tercer ciclo en Cruzeiro y por estas horas est\u00e1 cerrando los detalles finales antes de firmar su vinculaci\u00f3n por dos a\u00f1os con Cerro Porte\u00f1o, de Paraguay. Entre Martins y Cruzeiro no fue posible llegar a un entendimiento en el aspecto econ\u00f3mico por lo [&hellip;]","og_url":"https:\/\/www.eldiario.net\/portal\/2022\/02\/08\/martins-chau-cruzeiro-bienvenido-cerro\/","og_site_name":"El Diario - Bolivia","article_publisher":"https:\/\/www.facebook.com\/eldiario.bolivia\/","article_published_time":"2022-02-08T10:08:30+00:00","author":"Jeanette","twitter_card":"summary_large_image","twitter_creator":"@eldiario_net","twitter_site":"@eldiario_net","twitter_misc":{"Escrito por":"Jeanette","Tiempo de lectura":"2 minutos"},"schema":{"@context":"https:\/\/schema.org","@graph":[{"@type":"Article","@id":"https:\/\/www.eldiario.net\/portal\/2022\/02\/08\/martins-chau-cruzeiro-bienvenido-cerro\/#article","isPartOf":{"@id":"https:\/\/www.eldiario.net\/portal\/2022\/02\/08\/martins-chau-cruzeiro-bienvenido-cerro\/"},"author":{"name":"Jeanette","@id":"https:\/\/www.eldiario.net\/portal\/#\/schema\/person\/2c57cf2b7a7ae032e449e4c9b1019eac"},"headline":"Martins, chau Cruzeiro. bienvenido Cerro","datePublished":"2022-02-08T10:08:30+00:00","mainEntityOfPage":{"@id":"https:\/\/www.eldiario.net\/portal\/2022\/02\/08\/martins-chau-cruzeiro-bienvenido-cerro\/"},"wordCount":303,"publisher":{"@id":"https:\/\/www.eldiario.net\/portal\/#organization"},"image":{"@id":"https:\/\/www.eldiario.net\/portal\/2022\/02\/08\/martins-chau-cruzeiro-bienvenido-cerro\/#primaryimage"},"thumbnailUrl":"","articleSection":["Deportes"],"inLanguage":"es"},{"@type":"WebPage","@id":"https:\/\/www.eldiario.net\/portal\/2022\/02\/08\/martins-chau-cruzeiro-bienvenido-cerro\/","url":"https:\/\/www.eldiario.net\/portal\/2022\/02\/08\/martins-chau-cruzeiro-bienvenido-cerro\/","name":"Martins, chau Cruzeiro. bienvenido Cerro - El Diario - Bolivia","isPartOf":{"@id":"https:\/\/www.eldiario.net\/portal\/#website"},"primaryImageOfPage":{"@id":"https:\/\/www.eldiario.net\/portal\/2022\/02\/08\/martins-chau-cruzeiro-bienvenido-cerro\/#primaryimage"},"image":{"@id":"https:\/\/www.eldiario.net\/portal\/2022\/02\/08\/martins-chau-cruzeiro-bienvenido-cerro\/#primaryimage"},"thumbnailUrl":"","datePublished":"2022-02-08T10:08:30+00:00","breadcrumb":{"@id":"https:\/\/www.eldiario.net\/portal\/2022\/02\/08\/martins-chau-cruzeiro-bienvenido-cerro\/#breadcrumb"},"inLanguage":"es","potentialAction":[{"@type":"ReadAction","target":["https:\/\/www.eldiario.net\/portal\/2022\/02\/08\/martins-chau-cruzeiro-bienvenido-cerro\/"]}]},{"@type":"ImageObject","inLanguage":"es","@id":"https:\/\/www.eldiario.net\/portal\/2022\/02\/08\/martins-chau-cruzeiro-bienvenido-cerro\/#primaryimage","url":"","contentUrl":""},{"@type":"BreadcrumbList","@id":"https:\/\/www.eldiario.net\/portal\/2022\/02\/08\/martins-chau-cruzeiro-bienvenido-cerro\/#breadcrumb","itemListElement":[{"@type":"ListItem","position":1,"name":"Portada","item":"https:\/\/www.eldiario.net\/portal\/"},{"@type":"ListItem","position":2,"name":"Martins, chau Cruzeiro. bienvenido Cerro"}]},{"@type":"WebSite","@id":"https:\/\/www.eldiario.net\/portal\/#website","url":"https:\/\/www.eldiario.net\/portal\/","name":"El Diario - Decano de la prensa nacional","description":"El Diario - Decano de la prensa nacional","publisher":{"@id":"https:\/\/www.eldiario.net\/portal\/#organization"},"potentialAction":[{"@type":"SearchAction","target":{"@type":"EntryPoint","urlTemplate":"https:\/\/www.eldiario.net\/portal\/?s={search_term_string}"},"query-input":{"@type":"PropertyValueSpecification","valueRequired":true,"valueName":"search_term_string"}}],"inLanguage":"es"},{"@type":"Organization","@id":"https:\/\/www.eldiario.net\/portal\/#organization","name":"El Diario - Decano de la prensa nacional","url":"https:\/\/www.eldiario.net\/portal\/","logo":{"@type":"ImageObject","inLanguage":"es","@id":"https:\/\/www.eldiario.net\/portal\/#\/schema\/logo\/image\/","url":"https:\/\/www.eldiario.net\/portal\/wp-content\/uploads\/2023\/07\/logo_ED.jpg","contentUrl":"https:\/\/www.eldiario.net\/portal\/wp-content\/uploads\/2023\/07\/logo_ED.jpg","width":272,"height":52,"caption":"El Diario - Decano de la prensa nacional"},"image":{"@id":"https:\/\/www.eldiario.net\/portal\/#\/schema\/logo\/image\/"},"sameAs":["https:\/\/www.facebook.com\/eldiario.bolivia\/","https:\/\/x.com\/eldiario_net"]},{"@type":"Person","@id":"https:\/\/www.eldiario.net\/portal\/#\/schema\/person\/2c57cf2b7a7ae032e449e4c9b1019eac","name":"Jeanette","image":{"@type":"ImageObject","inLanguage":"es","@id":"https:\/\/secure.gravatar.com\/avatar\/3ea2118a5f7dad2b7138b1187a6b7ee55f160b9968b66013c3a3ef39dd7e5798?s=96&d=mm&r=g","url":"https:\/\/secure.gravatar.com\/avatar\/3ea2118a5f7dad2b7138b1187a6b7ee55f160b9968b66013c3a3ef39dd7e5798?s=96&d=mm&r=g","contentUrl":"https:\/\/secure.gravatar.com\/avatar\/3ea2118a5f7dad2b7138b1187a6b7ee55f160b9968b66013c3a3ef39dd7e5798?s=96&d=mm&r=g","caption":"Jeanette"},"sameAs":["https:\/\/www.eldiario.net\/portal"],"url":"https:\/\/www.eldiario.net\/portal\/author\/jeanette\/"}]}},"_links":{"self":[{"href":"https:\/\/www.eldiario.net\/portal\/wp-json\/wp\/v2\/posts\/61886","targetHints":{"allow":["GET"]}}],"collection":[{"href":"https:\/\/www.eldiario.net\/portal\/wp-json\/wp\/v2\/posts"}],"about":[{"href":"https:\/\/www.eldiario.net\/portal\/wp-json\/wp\/v2\/types\/post"}],"author":[{"embeddable":true,"href":"https:\/\/www.eldiario.net\/portal\/wp-json\/wp\/v2\/users\/1"}],"replies":[{"embeddable":true,"href":"https:\/\/www.eldiario.net\/portal\/wp-json\/wp\/v2\/comments?post=61886"}],"version-history":[{"count":0,"href":"https:\/\/www.eldiario.net\/portal\/wp-json\/wp\/v2\/posts\/61886\/revisions"}],"wp:attachment":[{"href":"https:\/\/www.eldiario.net\/portal\/wp-json\/wp\/v2\/media?parent=61886"}],"wp:term":[{"taxonomy":"category","embeddable":true,"href":"https:\/\/www.eldiario.net\/portal\/wp-json\/wp\/v2\/categories?post=61886"},{"taxonomy":"post_tag","embeddable":true,"href":"https:\/\/www.eldiario.net\/portal\/wp-json\/wp\/v2\/tags?post=61886"}],"curies":[{"name":"wp","href":"https:\/\/api.w.org\/{rel}","templated":true}]}}