{"id":61880,"date":"2022-02-08T06:07:05","date_gmt":"2022-02-08T10:07:05","guid":{"rendered":"https:\/\/www.eldiario.net\/portal\/?p=61880"},"modified":"2022-02-08T06:07:05","modified_gmt":"2022-02-08T10:07:05","slug":"gutierrez-el-boliviano-que-arbitro-la-final-de-la-copa-america","status":"publish","type":"post","link":"https:\/\/www.eldiario.net\/portal\/2022\/02\/08\/gutierrez-el-boliviano-que-arbitro-la-final-de-la-copa-america\/","title":{"rendered":"Guti\u00e9rrez, el boliviano que arbitr\u00f3 la final de la Copa Am\u00e9rica"},"content":{"rendered":"<p>Henry Guti\u00e9rrez hizo historia al convertirse en el primer \u00e1rbitro boliviano en dirigir una final de la Copa Am\u00e9rica de f\u00fatbol de sal\u00f3n al ser uno de los dos jueces principales en el t\u00edtulo que gan\u00f3 Argentina a Paraguay (1-0) el domingo por el torneo que se disput\u00f3 en Asunci\u00f3n. \u00abMe siento feliz y contento por representar a Bolivia. Son a\u00f1os de mucho trabajo y sacrificio\u00bb, dijo el juez boliviano. Guti\u00e9rrez, de 40 a\u00f1os y nacido en Sucre, fue el \u00fanico \u00e1rbitro del pa\u00eds en ser nominado por la Conmebol para ser parte del certamen continental. En total dirigi\u00f3 cuatro partidos: tres por la fase de grupos y la gran final en el SND Arena. Los tres cotejos en los que estuvo como principal fueron: Ecuador vs. Chile, Uruguay vs Chile y Colombia vs. Ecuador. Aparte de ello tambi\u00e9n fue tercer y cuarto \u00e1rbitro en otros compromisos, adem\u00e1s de cronometrista. Gran performance Su buen desempe\u00f1o en cada uno de esos cotejos hizo que sea designado como tercer juez de la semifinal entre Argentina y Brasil, partido en el que \u2014seg\u00fan cuenta\u2014 cobr\u00f3 una jugada de forma acertada que nadie m\u00e1s vio y que gracias a ello lo pusieron a dirigir la final. \u00abExisti\u00f3 una jugada en el que el arquero de Brasil sale de su \u00e1rea y evita un gol con la mano y los \u00e1rbitros centrales no se percatan de esta acci\u00f3n, los llam\u00e9 para avisarles que era una falta con arco desguarnecido y que era tarjeta roja y procedieron a hacerlo\u00bb. En la final tambi\u00e9n tuvo un buen desempe\u00f1o, como en la jugada previa al \u00fanico tanto del compromiso. \u00abHa sido un partido muy cerrado. En el \u00fanico gol me pidieron que se cobre una falta a favor de Paraguay, pero yo decido que no es as\u00ed, dejo seguir y se convierte el gol de Argentina. Al final del partido me dieron la raz\u00f3n y el gol fue l\u00edcito, es decir que el arbitraje no ha incidido para que Argentina salga campe\u00f3n\u00bb, apunt\u00f3. Dilatada trayectoria Guti\u00e9rrez tiene una amplia experiencia en el referato nacional e internacional. Es juez a nivel Bolivia desde hace 27 a\u00f1os, mientras que en los \u00faltimos siete a\u00f1os tiene el aval de la FIFA, lo que le permiti\u00f3 participar en diferentes torneos. \u00abFue mi tercera Copa Am\u00e9rica. Dirig\u00ed las semifinales de 2015 que se jug\u00f3 en Argentina. Tambi\u00e9n estuve en torneos Sub-20, Sudamericanos y Juegos Bolivarianos. De igual forma ya llevo dos Copas del Mundo: del 2016 en Colombia y del 2021 en Lituania, donde dirig\u00ed los octavos de final. Con trabajo y humildad los profesores de Conmebol y FIFA me est\u00e1n dando de manera consecutiva las oportunidades y creo que no estoy defraudando\u00bb. Gracias a su experiencia apoya a los nuevos jueces bolivianos pasando sus conocimientos y desea dejarles la batuta en 2024. \u00abSue\u00f1o con estar en el Mundial de 2024 y luego dejarlo para dar oportunidad a otra gente joven que est\u00e1 proceso de aprendizaje. Hemos llegado a la c\u00faspide de mi profesi\u00f3n y toca seguir ense\u00f1ando al futuro\u00bb. En la Verde Olivo Guti\u00e9rrez es Sargento Mayor de la Fuerza Especial de la Lucha Contra el Crimen (Felcc) y para asistir a este torneo internacional, al igual que otros en el pasado, recibi\u00f3 el permiso de las autoridades bolivianas. \u00abSoy investigador y gracias al Comandante General (de la Polic\u00eda) Johnny Aguilera y al ministro de Gobierno (Eduardo Del Castillo) sea ha podido dar mi permiso para viajar y representar a Bolivia en el arbitraje y a mi amada instituci\u00f3n\u00bb.<\/p>\n","protected":false},"excerpt":{"rendered":"<p>Henry Guti\u00e9rrez hizo historia al convertirse en el primer \u00e1rbitro boliviano en dirigir una final de la Copa Am\u00e9rica de f\u00fatbol de sal\u00f3n al ser uno de los dos jueces principales en el t\u00edtulo que gan\u00f3 Argentina a Paraguay (1-0) el domingo por el torneo que se disput\u00f3 en Asunci\u00f3n. \u00abMe siento feliz y contento [&hellip;]<\/p>\n","protected":false},"author":1,"featured_media":61881,"comment_status":"closed","ping_status":"closed","sticky":false,"template":"","format":"standard","meta":{"_acf_changed":false,"footnotes":""},"categories":[6],"tags":[],"class_list":["post-61880","post","type-post","status-publish","format-standard","has-post-thumbnail","category-deportes"],"acf":{"antetitulo":""},"yoast_head":"<!-- This site is optimized with the Yoast SEO plugin v28.4 - https:\/\/yoast.com\/product\/yoast-seo-wordpress\/ -->\n<title>Guti\u00e9rrez, el boliviano que arbitr\u00f3 la final de la Copa Am\u00e9rica - El Diario - Bolivia<\/title>\n<meta name=\"robots\" content=\"index, follow, max-snippet:-1, max-image-preview:large, max-video-preview:-1\" \/>\n<link rel=\"canonical\" href=\"https:\/\/www.eldiario.net\/portal\/2022\/02\/08\/gutierrez-el-boliviano-que-arbitro-la-final-de-la-copa-america\/\" \/>\n<meta property=\"og:locale\" content=\"es_ES\" \/>\n<meta property=\"og:type\" content=\"article\" \/>\n<meta property=\"og:title\" content=\"Guti\u00e9rrez, el boliviano que arbitr\u00f3 la final de la Copa Am\u00e9rica - El Diario - Bolivia\" \/>\n<meta property=\"og:description\" content=\"Henry Guti\u00e9rrez hizo historia al convertirse en el primer \u00e1rbitro boliviano en dirigir una final de la Copa Am\u00e9rica de f\u00fatbol de sal\u00f3n al ser uno de los dos jueces principales en el t\u00edtulo que gan\u00f3 Argentina a Paraguay (1-0) el domingo por el torneo que se disput\u00f3 en Asunci\u00f3n. \u00abMe siento feliz y contento [&hellip;]\" \/>\n<meta property=\"og:url\" content=\"https:\/\/www.eldiario.net\/portal\/2022\/02\/08\/gutierrez-el-boliviano-que-arbitro-la-final-de-la-copa-america\/\" \/>\n<meta property=\"og:site_name\" content=\"El Diario - Bolivia\" \/>\n<meta property=\"article:publisher\" content=\"https:\/\/www.facebook.com\/eldiario.bolivia\/\" \/>\n<meta property=\"article:published_time\" content=\"2022-02-08T10:07:05+00:00\" \/>\n<meta name=\"author\" content=\"Jeanette\" \/>\n<meta name=\"twitter:card\" content=\"summary_large_image\" \/>\n<meta name=\"twitter:creator\" content=\"@eldiario_net\" \/>\n<meta name=\"twitter:site\" content=\"@eldiario_net\" \/>\n<meta name=\"twitter:label1\" content=\"Escrito por\" \/>\n\t<meta name=\"twitter:data1\" content=\"Jeanette\" \/>\n\t<meta name=\"twitter:label2\" content=\"Tiempo de lectura\" \/>\n\t<meta name=\"twitter:data2\" content=\"3 minutos\" \/>\n<script type=\"application\/ld+json\" class=\"yoast-schema-graph\">{\"@context\":\"https:\\\/\\\/schema.org\",\"@graph\":[{\"@type\":\"Article\",\"@id\":\"https:\\\/\\\/www.eldiario.net\\\/portal\\\/2022\\\/02\\\/08\\\/gutierrez-el-boliviano-que-arbitro-la-final-de-la-copa-america\\\/#article\",\"isPartOf\":{\"@id\":\"https:\\\/\\\/www.eldiario.net\\\/portal\\\/2022\\\/02\\\/08\\\/gutierrez-el-boliviano-que-arbitro-la-final-de-la-copa-america\\\/\"},\"author\":{\"name\":\"Jeanette\",\"@id\":\"https:\\\/\\\/www.eldiario.net\\\/portal\\\/#\\\/schema\\\/person\\\/2c57cf2b7a7ae032e449e4c9b1019eac\"},\"headline\":\"Guti\u00e9rrez, el boliviano que arbitr\u00f3 la final de la Copa Am\u00e9rica\",\"datePublished\":\"2022-02-08T10:07:05+00:00\",\"mainEntityOfPage\":{\"@id\":\"https:\\\/\\\/www.eldiario.net\\\/portal\\\/2022\\\/02\\\/08\\\/gutierrez-el-boliviano-que-arbitro-la-final-de-la-copa-america\\\/\"},\"wordCount\":627,\"publisher\":{\"@id\":\"https:\\\/\\\/www.eldiario.net\\\/portal\\\/#organization\"},\"image\":{\"@id\":\"https:\\\/\\\/www.eldiario.net\\\/portal\\\/2022\\\/02\\\/08\\\/gutierrez-el-boliviano-que-arbitro-la-final-de-la-copa-america\\\/#primaryimage\"},\"thumbnailUrl\":\"\",\"articleSection\":[\"Deportes\"],\"inLanguage\":\"es\"},{\"@type\":\"WebPage\",\"@id\":\"https:\\\/\\\/www.eldiario.net\\\/portal\\\/2022\\\/02\\\/08\\\/gutierrez-el-boliviano-que-arbitro-la-final-de-la-copa-america\\\/\",\"url\":\"https:\\\/\\\/www.eldiario.net\\\/portal\\\/2022\\\/02\\\/08\\\/gutierrez-el-boliviano-que-arbitro-la-final-de-la-copa-america\\\/\",\"name\":\"Guti\u00e9rrez, el boliviano que arbitr\u00f3 la final de la Copa Am\u00e9rica - El Diario - Bolivia\",\"isPartOf\":{\"@id\":\"https:\\\/\\\/www.eldiario.net\\\/portal\\\/#website\"},\"primaryImageOfPage\":{\"@id\":\"https:\\\/\\\/www.eldiario.net\\\/portal\\\/2022\\\/02\\\/08\\\/gutierrez-el-boliviano-que-arbitro-la-final-de-la-copa-america\\\/#primaryimage\"},\"image\":{\"@id\":\"https:\\\/\\\/www.eldiario.net\\\/portal\\\/2022\\\/02\\\/08\\\/gutierrez-el-boliviano-que-arbitro-la-final-de-la-copa-america\\\/#primaryimage\"},\"thumbnailUrl\":\"\",\"datePublished\":\"2022-02-08T10:07:05+00:00\",\"breadcrumb\":{\"@id\":\"https:\\\/\\\/www.eldiario.net\\\/portal\\\/2022\\\/02\\\/08\\\/gutierrez-el-boliviano-que-arbitro-la-final-de-la-copa-america\\\/#breadcrumb\"},\"inLanguage\":\"es\",\"potentialAction\":[{\"@type\":\"ReadAction\",\"target\":[\"https:\\\/\\\/www.eldiario.net\\\/portal\\\/2022\\\/02\\\/08\\\/gutierrez-el-boliviano-que-arbitro-la-final-de-la-copa-america\\\/\"]}]},{\"@type\":\"ImageObject\",\"inLanguage\":\"es\",\"@id\":\"https:\\\/\\\/www.eldiario.net\\\/portal\\\/2022\\\/02\\\/08\\\/gutierrez-el-boliviano-que-arbitro-la-final-de-la-copa-america\\\/#primaryimage\",\"url\":\"\",\"contentUrl\":\"\"},{\"@type\":\"BreadcrumbList\",\"@id\":\"https:\\\/\\\/www.eldiario.net\\\/portal\\\/2022\\\/02\\\/08\\\/gutierrez-el-boliviano-que-arbitro-la-final-de-la-copa-america\\\/#breadcrumb\",\"itemListElement\":[{\"@type\":\"ListItem\",\"position\":1,\"name\":\"Portada\",\"item\":\"https:\\\/\\\/www.eldiario.net\\\/portal\\\/\"},{\"@type\":\"ListItem\",\"position\":2,\"name\":\"Guti\u00e9rrez, el boliviano que arbitr\u00f3 la final de la Copa Am\u00e9rica\"}]},{\"@type\":\"WebSite\",\"@id\":\"https:\\\/\\\/www.eldiario.net\\\/portal\\\/#website\",\"url\":\"https:\\\/\\\/www.eldiario.net\\\/portal\\\/\",\"name\":\"El Diario - Decano de la prensa nacional\",\"description\":\"El Diario - Decano de la prensa nacional\",\"publisher\":{\"@id\":\"https:\\\/\\\/www.eldiario.net\\\/portal\\\/#organization\"},\"potentialAction\":[{\"@type\":\"SearchAction\",\"target\":{\"@type\":\"EntryPoint\",\"urlTemplate\":\"https:\\\/\\\/www.eldiario.net\\\/portal\\\/?s={search_term_string}\"},\"query-input\":{\"@type\":\"PropertyValueSpecification\",\"valueRequired\":true,\"valueName\":\"search_term_string\"}}],\"inLanguage\":\"es\"},{\"@type\":\"Organization\",\"@id\":\"https:\\\/\\\/www.eldiario.net\\\/portal\\\/#organization\",\"name\":\"El Diario - Decano de la prensa nacional\",\"url\":\"https:\\\/\\\/www.eldiario.net\\\/portal\\\/\",\"logo\":{\"@type\":\"ImageObject\",\"inLanguage\":\"es\",\"@id\":\"https:\\\/\\\/www.eldiario.net\\\/portal\\\/#\\\/schema\\\/logo\\\/image\\\/\",\"url\":\"https:\\\/\\\/www.eldiario.net\\\/portal\\\/wp-content\\\/uploads\\\/2023\\\/07\\\/logo_ED.jpg\",\"contentUrl\":\"https:\\\/\\\/www.eldiario.net\\\/portal\\\/wp-content\\\/uploads\\\/2023\\\/07\\\/logo_ED.jpg\",\"width\":272,\"height\":52,\"caption\":\"El Diario - Decano de la prensa nacional\"},\"image\":{\"@id\":\"https:\\\/\\\/www.eldiario.net\\\/portal\\\/#\\\/schema\\\/logo\\\/image\\\/\"},\"sameAs\":[\"https:\\\/\\\/www.facebook.com\\\/eldiario.bolivia\\\/\",\"https:\\\/\\\/x.com\\\/eldiario_net\"]},{\"@type\":\"Person\",\"@id\":\"https:\\\/\\\/www.eldiario.net\\\/portal\\\/#\\\/schema\\\/person\\\/2c57cf2b7a7ae032e449e4c9b1019eac\",\"name\":\"Jeanette\",\"image\":{\"@type\":\"ImageObject\",\"inLanguage\":\"es\",\"@id\":\"https:\\\/\\\/secure.gravatar.com\\\/avatar\\\/3ea2118a5f7dad2b7138b1187a6b7ee55f160b9968b66013c3a3ef39dd7e5798?s=96&d=mm&r=g\",\"url\":\"https:\\\/\\\/secure.gravatar.com\\\/avatar\\\/3ea2118a5f7dad2b7138b1187a6b7ee55f160b9968b66013c3a3ef39dd7e5798?s=96&d=mm&r=g\",\"contentUrl\":\"https:\\\/\\\/secure.gravatar.com\\\/avatar\\\/3ea2118a5f7dad2b7138b1187a6b7ee55f160b9968b66013c3a3ef39dd7e5798?s=96&d=mm&r=g\",\"caption\":\"Jeanette\"},\"sameAs\":[\"https:\\\/\\\/www.eldiario.net\\\/portal\"],\"url\":\"https:\\\/\\\/www.eldiario.net\\\/portal\\\/author\\\/jeanette\\\/\"}]}<\/script>\n<!-- \/ Yoast SEO plugin. -->","yoast_head_json":{"title":"Guti\u00e9rrez, el boliviano que arbitr\u00f3 la final de la Copa Am\u00e9rica - El Diario - Bolivia","robots":{"index":"index","follow":"follow","max-snippet":"max-snippet:-1","max-image-preview":"max-image-preview:large","max-video-preview":"max-video-preview:-1"},"canonical":"https:\/\/www.eldiario.net\/portal\/2022\/02\/08\/gutierrez-el-boliviano-que-arbitro-la-final-de-la-copa-america\/","og_locale":"es_ES","og_type":"article","og_title":"Guti\u00e9rrez, el boliviano que arbitr\u00f3 la final de la Copa Am\u00e9rica - El Diario - Bolivia","og_description":"Henry Guti\u00e9rrez hizo historia al convertirse en el primer \u00e1rbitro boliviano en dirigir una final de la Copa Am\u00e9rica de f\u00fatbol de sal\u00f3n al ser uno de los dos jueces principales en el t\u00edtulo que gan\u00f3 Argentina a Paraguay (1-0) el domingo por el torneo que se disput\u00f3 en Asunci\u00f3n. \u00abMe siento feliz y contento [&hellip;]","og_url":"https:\/\/www.eldiario.net\/portal\/2022\/02\/08\/gutierrez-el-boliviano-que-arbitro-la-final-de-la-copa-america\/","og_site_name":"El Diario - Bolivia","article_publisher":"https:\/\/www.facebook.com\/eldiario.bolivia\/","article_published_time":"2022-02-08T10:07:05+00:00","author":"Jeanette","twitter_card":"summary_large_image","twitter_creator":"@eldiario_net","twitter_site":"@eldiario_net","twitter_misc":{"Escrito por":"Jeanette","Tiempo de lectura":"3 minutos"},"schema":{"@context":"https:\/\/schema.org","@graph":[{"@type":"Article","@id":"https:\/\/www.eldiario.net\/portal\/2022\/02\/08\/gutierrez-el-boliviano-que-arbitro-la-final-de-la-copa-america\/#article","isPartOf":{"@id":"https:\/\/www.eldiario.net\/portal\/2022\/02\/08\/gutierrez-el-boliviano-que-arbitro-la-final-de-la-copa-america\/"},"author":{"name":"Jeanette","@id":"https:\/\/www.eldiario.net\/portal\/#\/schema\/person\/2c57cf2b7a7ae032e449e4c9b1019eac"},"headline":"Guti\u00e9rrez, el boliviano que arbitr\u00f3 la final de la Copa Am\u00e9rica","datePublished":"2022-02-08T10:07:05+00:00","mainEntityOfPage":{"@id":"https:\/\/www.eldiario.net\/portal\/2022\/02\/08\/gutierrez-el-boliviano-que-arbitro-la-final-de-la-copa-america\/"},"wordCount":627,"publisher":{"@id":"https:\/\/www.eldiario.net\/portal\/#organization"},"image":{"@id":"https:\/\/www.eldiario.net\/portal\/2022\/02\/08\/gutierrez-el-boliviano-que-arbitro-la-final-de-la-copa-america\/#primaryimage"},"thumbnailUrl":"","articleSection":["Deportes"],"inLanguage":"es"},{"@type":"WebPage","@id":"https:\/\/www.eldiario.net\/portal\/2022\/02\/08\/gutierrez-el-boliviano-que-arbitro-la-final-de-la-copa-america\/","url":"https:\/\/www.eldiario.net\/portal\/2022\/02\/08\/gutierrez-el-boliviano-que-arbitro-la-final-de-la-copa-america\/","name":"Guti\u00e9rrez, el boliviano que arbitr\u00f3 la final de la Copa Am\u00e9rica - El Diario - Bolivia","isPartOf":{"@id":"https:\/\/www.eldiario.net\/portal\/#website"},"primaryImageOfPage":{"@id":"https:\/\/www.eldiario.net\/portal\/2022\/02\/08\/gutierrez-el-boliviano-que-arbitro-la-final-de-la-copa-america\/#primaryimage"},"image":{"@id":"https:\/\/www.eldiario.net\/portal\/2022\/02\/08\/gutierrez-el-boliviano-que-arbitro-la-final-de-la-copa-america\/#primaryimage"},"thumbnailUrl":"","datePublished":"2022-02-08T10:07:05+00:00","breadcrumb":{"@id":"https:\/\/www.eldiario.net\/portal\/2022\/02\/08\/gutierrez-el-boliviano-que-arbitro-la-final-de-la-copa-america\/#breadcrumb"},"inLanguage":"es","potentialAction":[{"@type":"ReadAction","target":["https:\/\/www.eldiario.net\/portal\/2022\/02\/08\/gutierrez-el-boliviano-que-arbitro-la-final-de-la-copa-america\/"]}]},{"@type":"ImageObject","inLanguage":"es","@id":"https:\/\/www.eldiario.net\/portal\/2022\/02\/08\/gutierrez-el-boliviano-que-arbitro-la-final-de-la-copa-america\/#primaryimage","url":"","contentUrl":""},{"@type":"BreadcrumbList","@id":"https:\/\/www.eldiario.net\/portal\/2022\/02\/08\/gutierrez-el-boliviano-que-arbitro-la-final-de-la-copa-america\/#breadcrumb","itemListElement":[{"@type":"ListItem","position":1,"name":"Portada","item":"https:\/\/www.eldiario.net\/portal\/"},{"@type":"ListItem","position":2,"name":"Guti\u00e9rrez, el boliviano que arbitr\u00f3 la final de la Copa Am\u00e9rica"}]},{"@type":"WebSite","@id":"https:\/\/www.eldiario.net\/portal\/#website","url":"https:\/\/www.eldiario.net\/portal\/","name":"El Diario - Decano de la prensa nacional","description":"El Diario - Decano de la prensa nacional","publisher":{"@id":"https:\/\/www.eldiario.net\/portal\/#organization"},"potentialAction":[{"@type":"SearchAction","target":{"@type":"EntryPoint","urlTemplate":"https:\/\/www.eldiario.net\/portal\/?s={search_term_string}"},"query-input":{"@type":"PropertyValueSpecification","valueRequired":true,"valueName":"search_term_string"}}],"inLanguage":"es"},{"@type":"Organization","@id":"https:\/\/www.eldiario.net\/portal\/#organization","name":"El Diario - Decano de la prensa nacional","url":"https:\/\/www.eldiario.net\/portal\/","logo":{"@type":"ImageObject","inLanguage":"es","@id":"https:\/\/www.eldiario.net\/portal\/#\/schema\/logo\/image\/","url":"https:\/\/www.eldiario.net\/portal\/wp-content\/uploads\/2023\/07\/logo_ED.jpg","contentUrl":"https:\/\/www.eldiario.net\/portal\/wp-content\/uploads\/2023\/07\/logo_ED.jpg","width":272,"height":52,"caption":"El Diario - Decano de la prensa nacional"},"image":{"@id":"https:\/\/www.eldiario.net\/portal\/#\/schema\/logo\/image\/"},"sameAs":["https:\/\/www.facebook.com\/eldiario.bolivia\/","https:\/\/x.com\/eldiario_net"]},{"@type":"Person","@id":"https:\/\/www.eldiario.net\/portal\/#\/schema\/person\/2c57cf2b7a7ae032e449e4c9b1019eac","name":"Jeanette","image":{"@type":"ImageObject","inLanguage":"es","@id":"https:\/\/secure.gravatar.com\/avatar\/3ea2118a5f7dad2b7138b1187a6b7ee55f160b9968b66013c3a3ef39dd7e5798?s=96&d=mm&r=g","url":"https:\/\/secure.gravatar.com\/avatar\/3ea2118a5f7dad2b7138b1187a6b7ee55f160b9968b66013c3a3ef39dd7e5798?s=96&d=mm&r=g","contentUrl":"https:\/\/secure.gravatar.com\/avatar\/3ea2118a5f7dad2b7138b1187a6b7ee55f160b9968b66013c3a3ef39dd7e5798?s=96&d=mm&r=g","caption":"Jeanette"},"sameAs":["https:\/\/www.eldiario.net\/portal"],"url":"https:\/\/www.eldiario.net\/portal\/author\/jeanette\/"}]}},"_links":{"self":[{"href":"https:\/\/www.eldiario.net\/portal\/wp-json\/wp\/v2\/posts\/61880","targetHints":{"allow":["GET"]}}],"collection":[{"href":"https:\/\/www.eldiario.net\/portal\/wp-json\/wp\/v2\/posts"}],"about":[{"href":"https:\/\/www.eldiario.net\/portal\/wp-json\/wp\/v2\/types\/post"}],"author":[{"embeddable":true,"href":"https:\/\/www.eldiario.net\/portal\/wp-json\/wp\/v2\/users\/1"}],"replies":[{"embeddable":true,"href":"https:\/\/www.eldiario.net\/portal\/wp-json\/wp\/v2\/comments?post=61880"}],"version-history":[{"count":0,"href":"https:\/\/www.eldiario.net\/portal\/wp-json\/wp\/v2\/posts\/61880\/revisions"}],"wp:attachment":[{"href":"https:\/\/www.eldiario.net\/portal\/wp-json\/wp\/v2\/media?parent=61880"}],"wp:term":[{"taxonomy":"category","embeddable":true,"href":"https:\/\/www.eldiario.net\/portal\/wp-json\/wp\/v2\/categories?post=61880"},{"taxonomy":"post_tag","embeddable":true,"href":"https:\/\/www.eldiario.net\/portal\/wp-json\/wp\/v2\/tags?post=61880"}],"curies":[{"name":"wp","href":"https:\/\/api.w.org\/{rel}","templated":true}]}}