{"id":61877,"date":"2022-02-08T06:06:03","date_gmt":"2022-02-08T10:06:03","guid":{"rendered":"https:\/\/www.eldiario.net\/portal\/?p=61877"},"modified":"2022-02-08T06:06:03","modified_gmt":"2022-02-08T10:06:03","slug":"bolivar-listo-para-el-operativo-venezuela","status":"publish","type":"post","link":"https:\/\/www.eldiario.net\/portal\/2022\/02\/08\/bolivar-listo-para-el-operativo-venezuela\/","title":{"rendered":"Bol\u00edvar listo para el operativo Venezuela"},"content":{"rendered":"<p>Bol\u00edvar viajar\u00e1 este martes hacia la ciudad de Barinas, Venezuela, para disputar el mi\u00e9rcoles (18:15 hb) el partido de ida contra Deportivo Lara en un compromiso que dar\u00e1 inicio a la participaci\u00f3n n\u00famero 32 de los celestes en la Copa Libertadores de Am\u00e9rica.<\/p>\n<div><\/div>\n<div><\/div>\n<div><\/div>\n<div>La Academia se qued\u00f3 en Santa Cruz, despu\u00e9s de la goleada propinada sobre Blooming (7-0) en la primera fecha del torneo Apertura. En horas de la ma\u00f1ana el equipo cumpli\u00f3 una labor regenerativa con la cual cerr\u00f3 su preparaci\u00f3n antes del viaje a territorio llanero.<\/div>\n<div><\/div>\n<div><\/div>\n<div><\/div>\n<div>La delegaci\u00f3n saldr\u00e1 este martes por la ma\u00f1ana (08:00) hacia Barinas en un vuelo ch\u00e1rter, llegar\u00e1 a la ciudad del Estado de Lara aproximadamente al mediod\u00eda y en horas de la tarde har\u00e1 un reconocimiento al estadio Agust\u00edn Tovar.<\/div>\n<div><\/div>\n<div><\/div>\n<div><\/div>\n<div>Dejando de lado los partidos de preparaci\u00f3n, Bol\u00edvar tiene un cotejo de ventaja en relaci\u00f3n a Deportivo Lara. Este domingo, el cuadro de Tembladerani jug\u00f3 el partido oficial ante un plantel en su mayor\u00eda juvenil de Blooming, que dio ritmo de juego. Mientras, Deportivo Lara reci\u00e9n ingresar\u00e1 en competencia oficial en su pa\u00eds desde el 24 de febrero.<\/div>\n<div><\/div>\n<div><\/div>\n<div><\/div>\n<div>La Academia envi\u00f3 la lista de buena fe con los nombres de los 29 futbolistas con los cuales encarar\u00e1 la Libertadores, entre los cuales est\u00e1n los refuerzos: Bruno S\u00e1vio, Patricio Rodr\u00edguez, Carlos Melgar y Francisco da Costa.<\/div>\n<div><\/div>\n<div><\/div>\n<div><\/div>\n<div>MARTINS<\/div>\n<div><\/div>\n<div>El defensor brasile\u00f1o C\u00e9sar Martins est\u00e1 bajo observaci\u00f3n m\u00e9dica. El zaguero sufri\u00f3 una lesi\u00f3n en el cotejo contra Blooming, fue reemplazado por Alberto Guitian. Martins qued\u00f3 al margen del trabajo matinal de lunes para someterse a ex\u00e1menes m\u00e9dicos.<\/div>\n<div><\/div>\n<div><\/div>\n<div><\/div>\n<div>De momento, su participaci\u00f3n en el cotejo contra los venezolanos est\u00e1 en duda. El cuerpo t\u00e9cnico analizar\u00e1 si lo tomar\u00e1 en cuenta o abrir\u00e1 espacio a otro futbolista en la formaci\u00f3n titular. La lesi\u00f3n muscular de Martins es un problema que viene arrastrando desde la pretemporada.<\/div>\n<div><\/div>\n<div><\/div>\n<div><\/div>\n<div>Esta llave de la primera fecha comenzar\u00e1 el mi\u00e9rcoles y quedar\u00e1 resuelto el mi\u00e9rcoles 16 de febrero en el estadio Hernando Siles. El ganador al final de estos encuentros avanzar\u00e1 a la segunda fase, donde jugar\u00e1 ante Universidad Cat\u00f3lica (Ecuador).<\/div>\n<div><\/div>\n<div><\/div>\n<div><\/div>\n<div>\u00c1RBITROS<\/div>\n<div><\/div>\n<div>La Comisi\u00f3n de Arbitraje de la Conmebol dio a conocer que el \u00e1rbitro paraguayo \u00c9ber Aquino dirigir\u00e1 las acciones del compromiso de Bol\u00edvar y contar\u00e1 con la asistencia desde los costados de sus coterr\u00e1neos Eduardo Cardozo y Jos\u00e9 Cuevas.<\/div>\n","protected":false},"excerpt":{"rendered":"<p>Bol\u00edvar viajar\u00e1 este martes hacia la ciudad de Barinas, Venezuela, para disputar el mi\u00e9rcoles (18:15 hb) el partido de ida contra Deportivo Lara en un compromiso que dar\u00e1 inicio a la participaci\u00f3n n\u00famero 32 de los celestes en la Copa Libertadores de Am\u00e9rica. La Academia se qued\u00f3 en Santa Cruz, despu\u00e9s de la goleada propinada [&hellip;]<\/p>\n","protected":false},"author":1,"featured_media":61878,"comment_status":"closed","ping_status":"closed","sticky":false,"template":"","format":"standard","meta":{"_acf_changed":false,"footnotes":""},"categories":[6],"tags":[],"class_list":["post-61877","post","type-post","status-publish","format-standard","has-post-thumbnail","category-deportes"],"acf":{"antetitulo":""},"yoast_head":"<!-- This site is optimized with the Yoast SEO plugin v28.4 - https:\/\/yoast.com\/product\/yoast-seo-wordpress\/ -->\n<title>Bol\u00edvar listo para el operativo Venezuela - El Diario - Bolivia<\/title>\n<meta name=\"robots\" content=\"index, follow, max-snippet:-1, max-image-preview:large, max-video-preview:-1\" \/>\n<link rel=\"canonical\" href=\"https:\/\/www.eldiario.net\/portal\/2022\/02\/08\/bolivar-listo-para-el-operativo-venezuela\/\" \/>\n<meta property=\"og:locale\" content=\"es_ES\" \/>\n<meta property=\"og:type\" content=\"article\" \/>\n<meta property=\"og:title\" content=\"Bol\u00edvar listo para el operativo Venezuela - El Diario - Bolivia\" \/>\n<meta property=\"og:description\" content=\"Bol\u00edvar viajar\u00e1 este martes hacia la ciudad de Barinas, Venezuela, para disputar el mi\u00e9rcoles (18:15 hb) el partido de ida contra Deportivo Lara en un compromiso que dar\u00e1 inicio a la participaci\u00f3n n\u00famero 32 de los celestes en la Copa Libertadores de Am\u00e9rica. La Academia se qued\u00f3 en Santa Cruz, despu\u00e9s de la goleada propinada [&hellip;]\" \/>\n<meta property=\"og:url\" content=\"https:\/\/www.eldiario.net\/portal\/2022\/02\/08\/bolivar-listo-para-el-operativo-venezuela\/\" \/>\n<meta property=\"og:site_name\" content=\"El Diario - Bolivia\" \/>\n<meta property=\"article:publisher\" content=\"https:\/\/www.facebook.com\/eldiario.bolivia\/\" \/>\n<meta property=\"article:published_time\" content=\"2022-02-08T10:06:03+00:00\" \/>\n<meta name=\"author\" content=\"Jeanette\" \/>\n<meta name=\"twitter:card\" content=\"summary_large_image\" \/>\n<meta name=\"twitter:creator\" content=\"@eldiario_net\" \/>\n<meta name=\"twitter:site\" content=\"@eldiario_net\" \/>\n<meta name=\"twitter:label1\" content=\"Escrito por\" \/>\n\t<meta name=\"twitter:data1\" content=\"Jeanette\" \/>\n\t<meta name=\"twitter:label2\" content=\"Tiempo de lectura\" \/>\n\t<meta name=\"twitter:data2\" content=\"2 minutos\" \/>\n<script type=\"application\/ld+json\" class=\"yoast-schema-graph\">{\"@context\":\"https:\\\/\\\/schema.org\",\"@graph\":[{\"@type\":\"Article\",\"@id\":\"https:\\\/\\\/www.eldiario.net\\\/portal\\\/2022\\\/02\\\/08\\\/bolivar-listo-para-el-operativo-venezuela\\\/#article\",\"isPartOf\":{\"@id\":\"https:\\\/\\\/www.eldiario.net\\\/portal\\\/2022\\\/02\\\/08\\\/bolivar-listo-para-el-operativo-venezuela\\\/\"},\"author\":{\"name\":\"Jeanette\",\"@id\":\"https:\\\/\\\/www.eldiario.net\\\/portal\\\/#\\\/schema\\\/person\\\/2c57cf2b7a7ae032e449e4c9b1019eac\"},\"headline\":\"Bol\u00edvar listo para el operativo Venezuela\",\"datePublished\":\"2022-02-08T10:06:03+00:00\",\"mainEntityOfPage\":{\"@id\":\"https:\\\/\\\/www.eldiario.net\\\/portal\\\/2022\\\/02\\\/08\\\/bolivar-listo-para-el-operativo-venezuela\\\/\"},\"wordCount\":427,\"publisher\":{\"@id\":\"https:\\\/\\\/www.eldiario.net\\\/portal\\\/#organization\"},\"image\":{\"@id\":\"https:\\\/\\\/www.eldiario.net\\\/portal\\\/2022\\\/02\\\/08\\\/bolivar-listo-para-el-operativo-venezuela\\\/#primaryimage\"},\"thumbnailUrl\":\"\",\"articleSection\":[\"Deportes\"],\"inLanguage\":\"es\"},{\"@type\":\"WebPage\",\"@id\":\"https:\\\/\\\/www.eldiario.net\\\/portal\\\/2022\\\/02\\\/08\\\/bolivar-listo-para-el-operativo-venezuela\\\/\",\"url\":\"https:\\\/\\\/www.eldiario.net\\\/portal\\\/2022\\\/02\\\/08\\\/bolivar-listo-para-el-operativo-venezuela\\\/\",\"name\":\"Bol\u00edvar listo para el operativo Venezuela - El Diario - Bolivia\",\"isPartOf\":{\"@id\":\"https:\\\/\\\/www.eldiario.net\\\/portal\\\/#website\"},\"primaryImageOfPage\":{\"@id\":\"https:\\\/\\\/www.eldiario.net\\\/portal\\\/2022\\\/02\\\/08\\\/bolivar-listo-para-el-operativo-venezuela\\\/#primaryimage\"},\"image\":{\"@id\":\"https:\\\/\\\/www.eldiario.net\\\/portal\\\/2022\\\/02\\\/08\\\/bolivar-listo-para-el-operativo-venezuela\\\/#primaryimage\"},\"thumbnailUrl\":\"\",\"datePublished\":\"2022-02-08T10:06:03+00:00\",\"breadcrumb\":{\"@id\":\"https:\\\/\\\/www.eldiario.net\\\/portal\\\/2022\\\/02\\\/08\\\/bolivar-listo-para-el-operativo-venezuela\\\/#breadcrumb\"},\"inLanguage\":\"es\",\"potentialAction\":[{\"@type\":\"ReadAction\",\"target\":[\"https:\\\/\\\/www.eldiario.net\\\/portal\\\/2022\\\/02\\\/08\\\/bolivar-listo-para-el-operativo-venezuela\\\/\"]}]},{\"@type\":\"ImageObject\",\"inLanguage\":\"es\",\"@id\":\"https:\\\/\\\/www.eldiario.net\\\/portal\\\/2022\\\/02\\\/08\\\/bolivar-listo-para-el-operativo-venezuela\\\/#primaryimage\",\"url\":\"\",\"contentUrl\":\"\"},{\"@type\":\"BreadcrumbList\",\"@id\":\"https:\\\/\\\/www.eldiario.net\\\/portal\\\/2022\\\/02\\\/08\\\/bolivar-listo-para-el-operativo-venezuela\\\/#breadcrumb\",\"itemListElement\":[{\"@type\":\"ListItem\",\"position\":1,\"name\":\"Portada\",\"item\":\"https:\\\/\\\/www.eldiario.net\\\/portal\\\/\"},{\"@type\":\"ListItem\",\"position\":2,\"name\":\"Bol\u00edvar listo para el operativo Venezuela\"}]},{\"@type\":\"WebSite\",\"@id\":\"https:\\\/\\\/www.eldiario.net\\\/portal\\\/#website\",\"url\":\"https:\\\/\\\/www.eldiario.net\\\/portal\\\/\",\"name\":\"El Diario - Decano de la prensa nacional\",\"description\":\"El Diario - Decano de la prensa nacional\",\"publisher\":{\"@id\":\"https:\\\/\\\/www.eldiario.net\\\/portal\\\/#organization\"},\"potentialAction\":[{\"@type\":\"SearchAction\",\"target\":{\"@type\":\"EntryPoint\",\"urlTemplate\":\"https:\\\/\\\/www.eldiario.net\\\/portal\\\/?s={search_term_string}\"},\"query-input\":{\"@type\":\"PropertyValueSpecification\",\"valueRequired\":true,\"valueName\":\"search_term_string\"}}],\"inLanguage\":\"es\"},{\"@type\":\"Organization\",\"@id\":\"https:\\\/\\\/www.eldiario.net\\\/portal\\\/#organization\",\"name\":\"El Diario - Decano de la prensa nacional\",\"url\":\"https:\\\/\\\/www.eldiario.net\\\/portal\\\/\",\"logo\":{\"@type\":\"ImageObject\",\"inLanguage\":\"es\",\"@id\":\"https:\\\/\\\/www.eldiario.net\\\/portal\\\/#\\\/schema\\\/logo\\\/image\\\/\",\"url\":\"https:\\\/\\\/www.eldiario.net\\\/portal\\\/wp-content\\\/uploads\\\/2023\\\/07\\\/logo_ED.jpg\",\"contentUrl\":\"https:\\\/\\\/www.eldiario.net\\\/portal\\\/wp-content\\\/uploads\\\/2023\\\/07\\\/logo_ED.jpg\",\"width\":272,\"height\":52,\"caption\":\"El Diario - Decano de la prensa nacional\"},\"image\":{\"@id\":\"https:\\\/\\\/www.eldiario.net\\\/portal\\\/#\\\/schema\\\/logo\\\/image\\\/\"},\"sameAs\":[\"https:\\\/\\\/www.facebook.com\\\/eldiario.bolivia\\\/\",\"https:\\\/\\\/x.com\\\/eldiario_net\"]},{\"@type\":\"Person\",\"@id\":\"https:\\\/\\\/www.eldiario.net\\\/portal\\\/#\\\/schema\\\/person\\\/2c57cf2b7a7ae032e449e4c9b1019eac\",\"name\":\"Jeanette\",\"image\":{\"@type\":\"ImageObject\",\"inLanguage\":\"es\",\"@id\":\"https:\\\/\\\/secure.gravatar.com\\\/avatar\\\/3ea2118a5f7dad2b7138b1187a6b7ee55f160b9968b66013c3a3ef39dd7e5798?s=96&d=mm&r=g\",\"url\":\"https:\\\/\\\/secure.gravatar.com\\\/avatar\\\/3ea2118a5f7dad2b7138b1187a6b7ee55f160b9968b66013c3a3ef39dd7e5798?s=96&d=mm&r=g\",\"contentUrl\":\"https:\\\/\\\/secure.gravatar.com\\\/avatar\\\/3ea2118a5f7dad2b7138b1187a6b7ee55f160b9968b66013c3a3ef39dd7e5798?s=96&d=mm&r=g\",\"caption\":\"Jeanette\"},\"sameAs\":[\"https:\\\/\\\/www.eldiario.net\\\/portal\"],\"url\":\"https:\\\/\\\/www.eldiario.net\\\/portal\\\/author\\\/jeanette\\\/\"}]}<\/script>\n<!-- \/ Yoast SEO plugin. -->","yoast_head_json":{"title":"Bol\u00edvar listo para el operativo Venezuela - El Diario - Bolivia","robots":{"index":"index","follow":"follow","max-snippet":"max-snippet:-1","max-image-preview":"max-image-preview:large","max-video-preview":"max-video-preview:-1"},"canonical":"https:\/\/www.eldiario.net\/portal\/2022\/02\/08\/bolivar-listo-para-el-operativo-venezuela\/","og_locale":"es_ES","og_type":"article","og_title":"Bol\u00edvar listo para el operativo Venezuela - El Diario - Bolivia","og_description":"Bol\u00edvar viajar\u00e1 este martes hacia la ciudad de Barinas, Venezuela, para disputar el mi\u00e9rcoles (18:15 hb) el partido de ida contra Deportivo Lara en un compromiso que dar\u00e1 inicio a la participaci\u00f3n n\u00famero 32 de los celestes en la Copa Libertadores de Am\u00e9rica. La Academia se qued\u00f3 en Santa Cruz, despu\u00e9s de la goleada propinada [&hellip;]","og_url":"https:\/\/www.eldiario.net\/portal\/2022\/02\/08\/bolivar-listo-para-el-operativo-venezuela\/","og_site_name":"El Diario - Bolivia","article_publisher":"https:\/\/www.facebook.com\/eldiario.bolivia\/","article_published_time":"2022-02-08T10:06:03+00:00","author":"Jeanette","twitter_card":"summary_large_image","twitter_creator":"@eldiario_net","twitter_site":"@eldiario_net","twitter_misc":{"Escrito por":"Jeanette","Tiempo de lectura":"2 minutos"},"schema":{"@context":"https:\/\/schema.org","@graph":[{"@type":"Article","@id":"https:\/\/www.eldiario.net\/portal\/2022\/02\/08\/bolivar-listo-para-el-operativo-venezuela\/#article","isPartOf":{"@id":"https:\/\/www.eldiario.net\/portal\/2022\/02\/08\/bolivar-listo-para-el-operativo-venezuela\/"},"author":{"name":"Jeanette","@id":"https:\/\/www.eldiario.net\/portal\/#\/schema\/person\/2c57cf2b7a7ae032e449e4c9b1019eac"},"headline":"Bol\u00edvar listo para el operativo Venezuela","datePublished":"2022-02-08T10:06:03+00:00","mainEntityOfPage":{"@id":"https:\/\/www.eldiario.net\/portal\/2022\/02\/08\/bolivar-listo-para-el-operativo-venezuela\/"},"wordCount":427,"publisher":{"@id":"https:\/\/www.eldiario.net\/portal\/#organization"},"image":{"@id":"https:\/\/www.eldiario.net\/portal\/2022\/02\/08\/bolivar-listo-para-el-operativo-venezuela\/#primaryimage"},"thumbnailUrl":"","articleSection":["Deportes"],"inLanguage":"es"},{"@type":"WebPage","@id":"https:\/\/www.eldiario.net\/portal\/2022\/02\/08\/bolivar-listo-para-el-operativo-venezuela\/","url":"https:\/\/www.eldiario.net\/portal\/2022\/02\/08\/bolivar-listo-para-el-operativo-venezuela\/","name":"Bol\u00edvar listo para el operativo Venezuela - El Diario - Bolivia","isPartOf":{"@id":"https:\/\/www.eldiario.net\/portal\/#website"},"primaryImageOfPage":{"@id":"https:\/\/www.eldiario.net\/portal\/2022\/02\/08\/bolivar-listo-para-el-operativo-venezuela\/#primaryimage"},"image":{"@id":"https:\/\/www.eldiario.net\/portal\/2022\/02\/08\/bolivar-listo-para-el-operativo-venezuela\/#primaryimage"},"thumbnailUrl":"","datePublished":"2022-02-08T10:06:03+00:00","breadcrumb":{"@id":"https:\/\/www.eldiario.net\/portal\/2022\/02\/08\/bolivar-listo-para-el-operativo-venezuela\/#breadcrumb"},"inLanguage":"es","potentialAction":[{"@type":"ReadAction","target":["https:\/\/www.eldiario.net\/portal\/2022\/02\/08\/bolivar-listo-para-el-operativo-venezuela\/"]}]},{"@type":"ImageObject","inLanguage":"es","@id":"https:\/\/www.eldiario.net\/portal\/2022\/02\/08\/bolivar-listo-para-el-operativo-venezuela\/#primaryimage","url":"","contentUrl":""},{"@type":"BreadcrumbList","@id":"https:\/\/www.eldiario.net\/portal\/2022\/02\/08\/bolivar-listo-para-el-operativo-venezuela\/#breadcrumb","itemListElement":[{"@type":"ListItem","position":1,"name":"Portada","item":"https:\/\/www.eldiario.net\/portal\/"},{"@type":"ListItem","position":2,"name":"Bol\u00edvar listo para el operativo Venezuela"}]},{"@type":"WebSite","@id":"https:\/\/www.eldiario.net\/portal\/#website","url":"https:\/\/www.eldiario.net\/portal\/","name":"El Diario - Decano de la prensa nacional","description":"El Diario - Decano de la prensa nacional","publisher":{"@id":"https:\/\/www.eldiario.net\/portal\/#organization"},"potentialAction":[{"@type":"SearchAction","target":{"@type":"EntryPoint","urlTemplate":"https:\/\/www.eldiario.net\/portal\/?s={search_term_string}"},"query-input":{"@type":"PropertyValueSpecification","valueRequired":true,"valueName":"search_term_string"}}],"inLanguage":"es"},{"@type":"Organization","@id":"https:\/\/www.eldiario.net\/portal\/#organization","name":"El Diario - Decano de la prensa nacional","url":"https:\/\/www.eldiario.net\/portal\/","logo":{"@type":"ImageObject","inLanguage":"es","@id":"https:\/\/www.eldiario.net\/portal\/#\/schema\/logo\/image\/","url":"https:\/\/www.eldiario.net\/portal\/wp-content\/uploads\/2023\/07\/logo_ED.jpg","contentUrl":"https:\/\/www.eldiario.net\/portal\/wp-content\/uploads\/2023\/07\/logo_ED.jpg","width":272,"height":52,"caption":"El Diario - Decano de la prensa nacional"},"image":{"@id":"https:\/\/www.eldiario.net\/portal\/#\/schema\/logo\/image\/"},"sameAs":["https:\/\/www.facebook.com\/eldiario.bolivia\/","https:\/\/x.com\/eldiario_net"]},{"@type":"Person","@id":"https:\/\/www.eldiario.net\/portal\/#\/schema\/person\/2c57cf2b7a7ae032e449e4c9b1019eac","name":"Jeanette","image":{"@type":"ImageObject","inLanguage":"es","@id":"https:\/\/secure.gravatar.com\/avatar\/3ea2118a5f7dad2b7138b1187a6b7ee55f160b9968b66013c3a3ef39dd7e5798?s=96&d=mm&r=g","url":"https:\/\/secure.gravatar.com\/avatar\/3ea2118a5f7dad2b7138b1187a6b7ee55f160b9968b66013c3a3ef39dd7e5798?s=96&d=mm&r=g","contentUrl":"https:\/\/secure.gravatar.com\/avatar\/3ea2118a5f7dad2b7138b1187a6b7ee55f160b9968b66013c3a3ef39dd7e5798?s=96&d=mm&r=g","caption":"Jeanette"},"sameAs":["https:\/\/www.eldiario.net\/portal"],"url":"https:\/\/www.eldiario.net\/portal\/author\/jeanette\/"}]}},"_links":{"self":[{"href":"https:\/\/www.eldiario.net\/portal\/wp-json\/wp\/v2\/posts\/61877","targetHints":{"allow":["GET"]}}],"collection":[{"href":"https:\/\/www.eldiario.net\/portal\/wp-json\/wp\/v2\/posts"}],"about":[{"href":"https:\/\/www.eldiario.net\/portal\/wp-json\/wp\/v2\/types\/post"}],"author":[{"embeddable":true,"href":"https:\/\/www.eldiario.net\/portal\/wp-json\/wp\/v2\/users\/1"}],"replies":[{"embeddable":true,"href":"https:\/\/www.eldiario.net\/portal\/wp-json\/wp\/v2\/comments?post=61877"}],"version-history":[{"count":0,"href":"https:\/\/www.eldiario.net\/portal\/wp-json\/wp\/v2\/posts\/61877\/revisions"}],"wp:attachment":[{"href":"https:\/\/www.eldiario.net\/portal\/wp-json\/wp\/v2\/media?parent=61877"}],"wp:term":[{"taxonomy":"category","embeddable":true,"href":"https:\/\/www.eldiario.net\/portal\/wp-json\/wp\/v2\/categories?post=61877"},{"taxonomy":"post_tag","embeddable":true,"href":"https:\/\/www.eldiario.net\/portal\/wp-json\/wp\/v2\/tags?post=61877"}],"curies":[{"name":"wp","href":"https:\/\/api.w.org\/{rel}","templated":true}]}}