{"id":6187,"date":"2021-05-25T06:34:15","date_gmt":"2021-05-25T10:34:15","guid":{"rendered":"https:\/\/www.eldiario.net\/portal\/?p=6187"},"modified":"2021-05-25T06:34:15","modified_gmt":"2021-05-25T10:34:15","slug":"ministerio-publico-registra-48-feminicidios-en-el-pais","status":"publish","type":"post","link":"https:\/\/www.eldiario.net\/portal\/2021\/05\/25\/ministerio-publico-registra-48-feminicidios-en-el-pais\/","title":{"rendered":"Ministerio P\u00fablico registra 48 feminicidios en el pa\u00eds"},"content":{"rendered":"<p>Entre el 1 de enero al 23 de mayo del presente a\u00f1o, el Ministerio P\u00fablico registr\u00f3 48 feminicidios a nivel nacional. El \u00faltimo hecho se dio en la ciudad de El Alto, la fallecida es una mujer de 18 a\u00f1os de edad, que se presume fue victimada por su pareja, quien junto a otra persona se encuentran en calidad de aprehendidos con fines investigativos.<\/p>\n<p>\u201cLo que caracteriza en todos los hechos de feminicidio es el consumo excesivo de bebidas alcoh\u00f3licas, en el \u00faltimo caso tenemos a la v\u00edctima y al presunto feminicida en estado de ebriedad. En el tema de prevenci\u00f3n se tiene que ver muchos factores como, por ejemplo, el consumo de bebidas alcoh\u00f3licas termina en hechos tr\u00e1gicos que enlutan a la familia boliviana\u201d, dijo Lanchipa a tiempo de sostener que el Ministerio P\u00fablico coordina con el \u00d3rgano Ejecutivo temas de prevenci\u00f3n.<\/p>\n<p>De acuerdo con los antecedentes, el \u00faltimo caso de feminicidio se registr\u00f3 el 24 de mayo en horas de la madrugada en la zona San Roque de la ciudad de El Alto, el personal del centro de salud report\u00f3 a la Polic\u00eda que a horas 22:30 ingres\u00f3 al nosocomio una mujer de 18 a\u00f1os identificada como Marisol B. C. A., quien habr\u00eda sido auxiliada por dos personas, Ludwing P. L y \u00c1ngel R. C. H., ambos con aliento alcoh\u00f3lico, quienes se encontraban en un veh\u00edculo tipo minib\u00fas.<\/p>\n<p>Seg\u00fan la versi\u00f3n del m\u00e9dico del centro de salud \u201cSan Roque\u201d, al momento de la recepci\u00f3n, los dos sujetos indicaron que no conoc\u00edan a la joven y que la encontraron en la calle, posteriormente Ludwing se identific\u00f3 como concubino de Marisol. El examen f\u00edsico a la v\u00edctima se\u00f1ala como probable causa de muerte Traumatismo Enc\u00e9falo Craneal (TEC).<\/p>\n<p>&nbsp;<\/p>\n<p>DATOS<\/p>\n<p>De acuerdo, con los datos de la Fiscal\u00eda Especializada en Delitos contra la Vida y la Integridad Personal, en el pa\u00eds se registran 48 feminicidios, con mayor incidencia en el departamento de La Paz con 14 casos, Cochabamba 9, Santa Cruz 9, Oruro 6, Potos\u00ed 3, Chuquisaca 3, Beni 2, Pando 1 y Tarija 1.<\/p>\n<p>&nbsp;<\/p>\n","protected":false},"excerpt":{"rendered":"<p>Entre el 1 de enero al 23 de mayo del presente a\u00f1o, el Ministerio P\u00fablico registr\u00f3 48 feminicidios a nivel nacional. El \u00faltimo hecho se dio en la ciudad de El Alto, la fallecida es una mujer de 18 a\u00f1os de edad, que se presume fue victimada por su pareja, quien junto a otra persona [&hellip;]<\/p>\n","protected":false},"author":1,"featured_media":6188,"comment_status":"closed","ping_status":"closed","sticky":false,"template":"","format":"standard","meta":{"_acf_changed":false,"footnotes":""},"categories":[39],"tags":[],"class_list":["post-6187","post","type-post","status-publish","format-standard","has-post-thumbnail","category-sociedad"],"acf":{"antetitulo":""},"yoast_head":"<!-- This site is optimized with the Yoast SEO plugin v28.3 - https:\/\/yoast.com\/product\/yoast-seo-wordpress\/ -->\n<title>Ministerio P\u00fablico registra 48 feminicidios en el pa\u00eds - El Diario - Bolivia<\/title>\n<meta name=\"robots\" content=\"index, follow, max-snippet:-1, max-image-preview:large, max-video-preview:-1\" \/>\n<link rel=\"canonical\" href=\"https:\/\/www.eldiario.net\/portal\/2021\/05\/25\/ministerio-publico-registra-48-feminicidios-en-el-pais\/\" \/>\n<meta property=\"og:locale\" content=\"es_ES\" \/>\n<meta property=\"og:type\" content=\"article\" \/>\n<meta property=\"og:title\" content=\"Ministerio P\u00fablico registra 48 feminicidios en el pa\u00eds - El Diario - Bolivia\" \/>\n<meta property=\"og:description\" content=\"Entre el 1 de enero al 23 de mayo del presente a\u00f1o, el Ministerio P\u00fablico registr\u00f3 48 feminicidios a nivel nacional. El \u00faltimo hecho se dio en la ciudad de El Alto, la fallecida es una mujer de 18 a\u00f1os de edad, que se presume fue victimada por su pareja, quien junto a otra persona [&hellip;]\" \/>\n<meta property=\"og:url\" content=\"https:\/\/www.eldiario.net\/portal\/2021\/05\/25\/ministerio-publico-registra-48-feminicidios-en-el-pais\/\" \/>\n<meta property=\"og:site_name\" content=\"El Diario - Bolivia\" \/>\n<meta property=\"article:publisher\" content=\"https:\/\/www.facebook.com\/eldiario.bolivia\/\" \/>\n<meta property=\"article:published_time\" content=\"2021-05-25T10:34:15+00:00\" \/>\n<meta name=\"author\" content=\"Jeanette\" \/>\n<meta name=\"twitter:card\" content=\"summary_large_image\" \/>\n<meta name=\"twitter:creator\" content=\"@eldiario_net\" \/>\n<meta name=\"twitter:site\" content=\"@eldiario_net\" \/>\n<meta name=\"twitter:label1\" content=\"Escrito por\" \/>\n\t<meta name=\"twitter:data1\" content=\"Jeanette\" \/>\n\t<meta name=\"twitter:label2\" content=\"Tiempo de lectura\" \/>\n\t<meta name=\"twitter:data2\" content=\"2 minutos\" \/>\n<script type=\"application\/ld+json\" class=\"yoast-schema-graph\">{\"@context\":\"https:\\\/\\\/schema.org\",\"@graph\":[{\"@type\":\"Article\",\"@id\":\"https:\\\/\\\/www.eldiario.net\\\/portal\\\/2021\\\/05\\\/25\\\/ministerio-publico-registra-48-feminicidios-en-el-pais\\\/#article\",\"isPartOf\":{\"@id\":\"https:\\\/\\\/www.eldiario.net\\\/portal\\\/2021\\\/05\\\/25\\\/ministerio-publico-registra-48-feminicidios-en-el-pais\\\/\"},\"author\":{\"name\":\"Jeanette\",\"@id\":\"https:\\\/\\\/www.eldiario.net\\\/portal\\\/#\\\/schema\\\/person\\\/f46445640444750d7d753ccd04ae01b7\"},\"headline\":\"Ministerio P\u00fablico registra 48 feminicidios en el pa\u00eds\",\"datePublished\":\"2021-05-25T10:34:15+00:00\",\"mainEntityOfPage\":{\"@id\":\"https:\\\/\\\/www.eldiario.net\\\/portal\\\/2021\\\/05\\\/25\\\/ministerio-publico-registra-48-feminicidios-en-el-pais\\\/\"},\"wordCount\":364,\"publisher\":{\"@id\":\"https:\\\/\\\/www.eldiario.net\\\/portal\\\/#organization\"},\"image\":{\"@id\":\"https:\\\/\\\/www.eldiario.net\\\/portal\\\/2021\\\/05\\\/25\\\/ministerio-publico-registra-48-feminicidios-en-el-pais\\\/#primaryimage\"},\"thumbnailUrl\":\"\",\"articleSection\":[\"Sociedad - Seguridad\"],\"inLanguage\":\"es\"},{\"@type\":\"WebPage\",\"@id\":\"https:\\\/\\\/www.eldiario.net\\\/portal\\\/2021\\\/05\\\/25\\\/ministerio-publico-registra-48-feminicidios-en-el-pais\\\/\",\"url\":\"https:\\\/\\\/www.eldiario.net\\\/portal\\\/2021\\\/05\\\/25\\\/ministerio-publico-registra-48-feminicidios-en-el-pais\\\/\",\"name\":\"Ministerio P\u00fablico registra 48 feminicidios en el pa\u00eds - El Diario - Bolivia\",\"isPartOf\":{\"@id\":\"https:\\\/\\\/www.eldiario.net\\\/portal\\\/#website\"},\"primaryImageOfPage\":{\"@id\":\"https:\\\/\\\/www.eldiario.net\\\/portal\\\/2021\\\/05\\\/25\\\/ministerio-publico-registra-48-feminicidios-en-el-pais\\\/#primaryimage\"},\"image\":{\"@id\":\"https:\\\/\\\/www.eldiario.net\\\/portal\\\/2021\\\/05\\\/25\\\/ministerio-publico-registra-48-feminicidios-en-el-pais\\\/#primaryimage\"},\"thumbnailUrl\":\"\",\"datePublished\":\"2021-05-25T10:34:15+00:00\",\"breadcrumb\":{\"@id\":\"https:\\\/\\\/www.eldiario.net\\\/portal\\\/2021\\\/05\\\/25\\\/ministerio-publico-registra-48-feminicidios-en-el-pais\\\/#breadcrumb\"},\"inLanguage\":\"es\",\"potentialAction\":[{\"@type\":\"ReadAction\",\"target\":[\"https:\\\/\\\/www.eldiario.net\\\/portal\\\/2021\\\/05\\\/25\\\/ministerio-publico-registra-48-feminicidios-en-el-pais\\\/\"]}]},{\"@type\":\"ImageObject\",\"inLanguage\":\"es\",\"@id\":\"https:\\\/\\\/www.eldiario.net\\\/portal\\\/2021\\\/05\\\/25\\\/ministerio-publico-registra-48-feminicidios-en-el-pais\\\/#primaryimage\",\"url\":\"\",\"contentUrl\":\"\"},{\"@type\":\"BreadcrumbList\",\"@id\":\"https:\\\/\\\/www.eldiario.net\\\/portal\\\/2021\\\/05\\\/25\\\/ministerio-publico-registra-48-feminicidios-en-el-pais\\\/#breadcrumb\",\"itemListElement\":[{\"@type\":\"ListItem\",\"position\":1,\"name\":\"Portada\",\"item\":\"https:\\\/\\\/www.eldiario.net\\\/portal\\\/\"},{\"@type\":\"ListItem\",\"position\":2,\"name\":\"Ministerio P\u00fablico registra 48 feminicidios en el pa\u00eds\"}]},{\"@type\":\"WebSite\",\"@id\":\"https:\\\/\\\/www.eldiario.net\\\/portal\\\/#website\",\"url\":\"https:\\\/\\\/www.eldiario.net\\\/portal\\\/\",\"name\":\"El Diario - Decano de la prensa nacional\",\"description\":\"El Diario - Decano de la prensa nacional\",\"publisher\":{\"@id\":\"https:\\\/\\\/www.eldiario.net\\\/portal\\\/#organization\"},\"potentialAction\":[{\"@type\":\"SearchAction\",\"target\":{\"@type\":\"EntryPoint\",\"urlTemplate\":\"https:\\\/\\\/www.eldiario.net\\\/portal\\\/?s={search_term_string}\"},\"query-input\":{\"@type\":\"PropertyValueSpecification\",\"valueRequired\":true,\"valueName\":\"search_term_string\"}}],\"inLanguage\":\"es\"},{\"@type\":\"Organization\",\"@id\":\"https:\\\/\\\/www.eldiario.net\\\/portal\\\/#organization\",\"name\":\"El Diario - Decano de la prensa nacional\",\"url\":\"https:\\\/\\\/www.eldiario.net\\\/portal\\\/\",\"logo\":{\"@type\":\"ImageObject\",\"inLanguage\":\"es\",\"@id\":\"https:\\\/\\\/www.eldiario.net\\\/portal\\\/#\\\/schema\\\/logo\\\/image\\\/\",\"url\":\"https:\\\/\\\/www.eldiario.net\\\/portal\\\/wp-content\\\/uploads\\\/2023\\\/07\\\/logo_ED.jpg\",\"contentUrl\":\"https:\\\/\\\/www.eldiario.net\\\/portal\\\/wp-content\\\/uploads\\\/2023\\\/07\\\/logo_ED.jpg\",\"width\":272,\"height\":52,\"caption\":\"El Diario - Decano de la prensa nacional\"},\"image\":{\"@id\":\"https:\\\/\\\/www.eldiario.net\\\/portal\\\/#\\\/schema\\\/logo\\\/image\\\/\"},\"sameAs\":[\"https:\\\/\\\/www.facebook.com\\\/eldiario.bolivia\\\/\",\"https:\\\/\\\/x.com\\\/eldiario_net\"]},{\"@type\":\"Person\",\"@id\":\"https:\\\/\\\/www.eldiario.net\\\/portal\\\/#\\\/schema\\\/person\\\/f46445640444750d7d753ccd04ae01b7\",\"name\":\"Jeanette\",\"image\":{\"@type\":\"ImageObject\",\"inLanguage\":\"es\",\"@id\":\"https:\\\/\\\/secure.gravatar.com\\\/avatar\\\/3ea2118a5f7dad2b7138b1187a6b7ee55f160b9968b66013c3a3ef39dd7e5798?s=96&d=mm&r=g\",\"url\":\"https:\\\/\\\/secure.gravatar.com\\\/avatar\\\/3ea2118a5f7dad2b7138b1187a6b7ee55f160b9968b66013c3a3ef39dd7e5798?s=96&d=mm&r=g\",\"contentUrl\":\"https:\\\/\\\/secure.gravatar.com\\\/avatar\\\/3ea2118a5f7dad2b7138b1187a6b7ee55f160b9968b66013c3a3ef39dd7e5798?s=96&d=mm&r=g\",\"caption\":\"Jeanette\"},\"sameAs\":[\"https:\\\/\\\/www.eldiario.net\\\/portal\"],\"url\":\"https:\\\/\\\/www.eldiario.net\\\/portal\\\/author\\\/jeanette\\\/\"}]}<\/script>\n<!-- \/ Yoast SEO plugin. -->","yoast_head_json":{"title":"Ministerio P\u00fablico registra 48 feminicidios en el pa\u00eds - El Diario - Bolivia","robots":{"index":"index","follow":"follow","max-snippet":"max-snippet:-1","max-image-preview":"max-image-preview:large","max-video-preview":"max-video-preview:-1"},"canonical":"https:\/\/www.eldiario.net\/portal\/2021\/05\/25\/ministerio-publico-registra-48-feminicidios-en-el-pais\/","og_locale":"es_ES","og_type":"article","og_title":"Ministerio P\u00fablico registra 48 feminicidios en el pa\u00eds - El Diario - Bolivia","og_description":"Entre el 1 de enero al 23 de mayo del presente a\u00f1o, el Ministerio P\u00fablico registr\u00f3 48 feminicidios a nivel nacional. El \u00faltimo hecho se dio en la ciudad de El Alto, la fallecida es una mujer de 18 a\u00f1os de edad, que se presume fue victimada por su pareja, quien junto a otra persona [&hellip;]","og_url":"https:\/\/www.eldiario.net\/portal\/2021\/05\/25\/ministerio-publico-registra-48-feminicidios-en-el-pais\/","og_site_name":"El Diario - Bolivia","article_publisher":"https:\/\/www.facebook.com\/eldiario.bolivia\/","article_published_time":"2021-05-25T10:34:15+00:00","author":"Jeanette","twitter_card":"summary_large_image","twitter_creator":"@eldiario_net","twitter_site":"@eldiario_net","twitter_misc":{"Escrito por":"Jeanette","Tiempo de lectura":"2 minutos"},"schema":{"@context":"https:\/\/schema.org","@graph":[{"@type":"Article","@id":"https:\/\/www.eldiario.net\/portal\/2021\/05\/25\/ministerio-publico-registra-48-feminicidios-en-el-pais\/#article","isPartOf":{"@id":"https:\/\/www.eldiario.net\/portal\/2021\/05\/25\/ministerio-publico-registra-48-feminicidios-en-el-pais\/"},"author":{"name":"Jeanette","@id":"https:\/\/www.eldiario.net\/portal\/#\/schema\/person\/f46445640444750d7d753ccd04ae01b7"},"headline":"Ministerio P\u00fablico registra 48 feminicidios en el pa\u00eds","datePublished":"2021-05-25T10:34:15+00:00","mainEntityOfPage":{"@id":"https:\/\/www.eldiario.net\/portal\/2021\/05\/25\/ministerio-publico-registra-48-feminicidios-en-el-pais\/"},"wordCount":364,"publisher":{"@id":"https:\/\/www.eldiario.net\/portal\/#organization"},"image":{"@id":"https:\/\/www.eldiario.net\/portal\/2021\/05\/25\/ministerio-publico-registra-48-feminicidios-en-el-pais\/#primaryimage"},"thumbnailUrl":"","articleSection":["Sociedad - Seguridad"],"inLanguage":"es"},{"@type":"WebPage","@id":"https:\/\/www.eldiario.net\/portal\/2021\/05\/25\/ministerio-publico-registra-48-feminicidios-en-el-pais\/","url":"https:\/\/www.eldiario.net\/portal\/2021\/05\/25\/ministerio-publico-registra-48-feminicidios-en-el-pais\/","name":"Ministerio P\u00fablico registra 48 feminicidios en el pa\u00eds - El Diario - Bolivia","isPartOf":{"@id":"https:\/\/www.eldiario.net\/portal\/#website"},"primaryImageOfPage":{"@id":"https:\/\/www.eldiario.net\/portal\/2021\/05\/25\/ministerio-publico-registra-48-feminicidios-en-el-pais\/#primaryimage"},"image":{"@id":"https:\/\/www.eldiario.net\/portal\/2021\/05\/25\/ministerio-publico-registra-48-feminicidios-en-el-pais\/#primaryimage"},"thumbnailUrl":"","datePublished":"2021-05-25T10:34:15+00:00","breadcrumb":{"@id":"https:\/\/www.eldiario.net\/portal\/2021\/05\/25\/ministerio-publico-registra-48-feminicidios-en-el-pais\/#breadcrumb"},"inLanguage":"es","potentialAction":[{"@type":"ReadAction","target":["https:\/\/www.eldiario.net\/portal\/2021\/05\/25\/ministerio-publico-registra-48-feminicidios-en-el-pais\/"]}]},{"@type":"ImageObject","inLanguage":"es","@id":"https:\/\/www.eldiario.net\/portal\/2021\/05\/25\/ministerio-publico-registra-48-feminicidios-en-el-pais\/#primaryimage","url":"","contentUrl":""},{"@type":"BreadcrumbList","@id":"https:\/\/www.eldiario.net\/portal\/2021\/05\/25\/ministerio-publico-registra-48-feminicidios-en-el-pais\/#breadcrumb","itemListElement":[{"@type":"ListItem","position":1,"name":"Portada","item":"https:\/\/www.eldiario.net\/portal\/"},{"@type":"ListItem","position":2,"name":"Ministerio P\u00fablico registra 48 feminicidios en el pa\u00eds"}]},{"@type":"WebSite","@id":"https:\/\/www.eldiario.net\/portal\/#website","url":"https:\/\/www.eldiario.net\/portal\/","name":"El Diario - Decano de la prensa nacional","description":"El Diario - Decano de la prensa nacional","publisher":{"@id":"https:\/\/www.eldiario.net\/portal\/#organization"},"potentialAction":[{"@type":"SearchAction","target":{"@type":"EntryPoint","urlTemplate":"https:\/\/www.eldiario.net\/portal\/?s={search_term_string}"},"query-input":{"@type":"PropertyValueSpecification","valueRequired":true,"valueName":"search_term_string"}}],"inLanguage":"es"},{"@type":"Organization","@id":"https:\/\/www.eldiario.net\/portal\/#organization","name":"El Diario - Decano de la prensa nacional","url":"https:\/\/www.eldiario.net\/portal\/","logo":{"@type":"ImageObject","inLanguage":"es","@id":"https:\/\/www.eldiario.net\/portal\/#\/schema\/logo\/image\/","url":"https:\/\/www.eldiario.net\/portal\/wp-content\/uploads\/2023\/07\/logo_ED.jpg","contentUrl":"https:\/\/www.eldiario.net\/portal\/wp-content\/uploads\/2023\/07\/logo_ED.jpg","width":272,"height":52,"caption":"El Diario - Decano de la prensa nacional"},"image":{"@id":"https:\/\/www.eldiario.net\/portal\/#\/schema\/logo\/image\/"},"sameAs":["https:\/\/www.facebook.com\/eldiario.bolivia\/","https:\/\/x.com\/eldiario_net"]},{"@type":"Person","@id":"https:\/\/www.eldiario.net\/portal\/#\/schema\/person\/f46445640444750d7d753ccd04ae01b7","name":"Jeanette","image":{"@type":"ImageObject","inLanguage":"es","@id":"https:\/\/secure.gravatar.com\/avatar\/3ea2118a5f7dad2b7138b1187a6b7ee55f160b9968b66013c3a3ef39dd7e5798?s=96&d=mm&r=g","url":"https:\/\/secure.gravatar.com\/avatar\/3ea2118a5f7dad2b7138b1187a6b7ee55f160b9968b66013c3a3ef39dd7e5798?s=96&d=mm&r=g","contentUrl":"https:\/\/secure.gravatar.com\/avatar\/3ea2118a5f7dad2b7138b1187a6b7ee55f160b9968b66013c3a3ef39dd7e5798?s=96&d=mm&r=g","caption":"Jeanette"},"sameAs":["https:\/\/www.eldiario.net\/portal"],"url":"https:\/\/www.eldiario.net\/portal\/author\/jeanette\/"}]}},"_links":{"self":[{"href":"https:\/\/www.eldiario.net\/portal\/wp-json\/wp\/v2\/posts\/6187","targetHints":{"allow":["GET"]}}],"collection":[{"href":"https:\/\/www.eldiario.net\/portal\/wp-json\/wp\/v2\/posts"}],"about":[{"href":"https:\/\/www.eldiario.net\/portal\/wp-json\/wp\/v2\/types\/post"}],"author":[{"embeddable":true,"href":"https:\/\/www.eldiario.net\/portal\/wp-json\/wp\/v2\/users\/1"}],"replies":[{"embeddable":true,"href":"https:\/\/www.eldiario.net\/portal\/wp-json\/wp\/v2\/comments?post=6187"}],"version-history":[{"count":0,"href":"https:\/\/www.eldiario.net\/portal\/wp-json\/wp\/v2\/posts\/6187\/revisions"}],"wp:attachment":[{"href":"https:\/\/www.eldiario.net\/portal\/wp-json\/wp\/v2\/media?parent=6187"}],"wp:term":[{"taxonomy":"category","embeddable":true,"href":"https:\/\/www.eldiario.net\/portal\/wp-json\/wp\/v2\/categories?post=6187"},{"taxonomy":"post_tag","embeddable":true,"href":"https:\/\/www.eldiario.net\/portal\/wp-json\/wp\/v2\/tags?post=6187"}],"curies":[{"name":"wp","href":"https:\/\/api.w.org\/{rel}","templated":true}]}}