{"id":6184,"date":"2021-05-25T06:32:50","date_gmt":"2021-05-25T10:32:50","guid":{"rendered":"https:\/\/www.eldiario.net\/portal\/?p=6184"},"modified":"2021-05-25T06:32:50","modified_gmt":"2021-05-25T10:32:50","slug":"farmacias-seran-controladas-ante-escasez-de-medicamentos","status":"publish","type":"post","link":"https:\/\/www.eldiario.net\/portal\/2021\/05\/25\/farmacias-seran-controladas-ante-escasez-de-medicamentos\/","title":{"rendered":"Farmacias ser\u00e1n controladas ante escasez de medicamentos"},"content":{"rendered":"<p>Las autoridades prev\u00e9n incrementar el control en farmacias para evitar el agio y la especulaci\u00f3n en los precios de medicamentos contra el Covid-19, luego que la Asociaci\u00f3n de Cadenas de Farmacias (ACAF) advirti\u00f3 sobre la falta de m\u00e1s de 20 f\u00e1rmacos, inform\u00f3 el viceministro de Defensa de Derechos del Usuario y del Consumidor, Jorge Silva.<br \/>\n\u201cA partir de hoy (lunes), vamos estar en todo el pa\u00eds realizando este control; reitero, con el fin de evitar que cualquier farmacia, cualquier centro de salud o establecimiento que preste estos servicios de salud, alguna funeraria se pueda constituir en un espacio para pretender generar cierta especulaci\u00f3n con medicamentos\u201d, se\u00f1al\u00f3 Silva en un canal de TV.<br \/>\nEn coordinaci\u00f3n con el Ministerio de Salud y los gobiernos municipales se incrementar\u00e1n los controles, para evitar el agio y especulaci\u00f3n y llam\u00f3 a la poblaci\u00f3n a que denuncie a las autoridades si ven irregularidades en la venta de medicamentos o en la prestaci\u00f3n de cualquier otro servicio.<br \/>\nLa ACAF comunic\u00f3 de la escasez de 22 medicamentos en el pa\u00eds \u201cprincipalmente por la falta de provisi\u00f3n por parte de proveedores (importadores y\/o laboratorio) hacia las farmacias\u201d.<br \/>\nEl director del Servicio Departamental de Salud (Sedes) cruce\u00f1o, Erwin Viruez, manifest\u00f3 en entrevista que la escasez de medicamentos no solo se ve en Bolivia, sino en todos los pa\u00edses del mundo, por la falta de materia prima.<br \/>\n\u201cNormalmente la materia prima est\u00e1 siendo protegida por estos pa\u00edses que producen estos medicamentos y evitan su exportaci\u00f3n, entonces hay una escasez a nivel nacional, hay una escasez de la liberaci\u00f3n de la materia prima para que la industria farmac\u00e9utica pueda producir estos medicamentos\u00bb, se\u00f1al\u00f3 Viruez, reflej\u00f3 ANF.<br \/>\nRecord\u00f3 que est\u00e1 disponible la l\u00ednea gratuita 800 10 0202 y las oficinas de la Polic\u00eda Boliviana para las denuncias.<\/p>\n<p>&nbsp;<\/p>\n","protected":false},"excerpt":{"rendered":"<p>Las autoridades prev\u00e9n incrementar el control en farmacias para evitar el agio y la especulaci\u00f3n en los precios de medicamentos contra el Covid-19, luego que la Asociaci\u00f3n de Cadenas de Farmacias (ACAF) advirti\u00f3 sobre la falta de m\u00e1s de 20 f\u00e1rmacos, inform\u00f3 el viceministro de Defensa de Derechos del Usuario y del Consumidor, Jorge Silva. [&hellip;]<\/p>\n","protected":false},"author":1,"featured_media":6185,"comment_status":"closed","ping_status":"closed","sticky":false,"template":"","format":"standard","meta":{"_acf_changed":false,"footnotes":""},"categories":[39],"tags":[],"class_list":["post-6184","post","type-post","status-publish","format-standard","has-post-thumbnail","category-sociedad"],"acf":{"antetitulo":""},"yoast_head":"<!-- This site is optimized with the Yoast SEO plugin v28.3 - https:\/\/yoast.com\/product\/yoast-seo-wordpress\/ -->\n<title>Farmacias ser\u00e1n controladas ante escasez de medicamentos - El Diario - Bolivia<\/title>\n<meta name=\"robots\" content=\"index, follow, max-snippet:-1, max-image-preview:large, max-video-preview:-1\" \/>\n<link rel=\"canonical\" href=\"https:\/\/www.eldiario.net\/portal\/2021\/05\/25\/farmacias-seran-controladas-ante-escasez-de-medicamentos\/\" \/>\n<meta property=\"og:locale\" content=\"es_ES\" \/>\n<meta property=\"og:type\" content=\"article\" \/>\n<meta property=\"og:title\" content=\"Farmacias ser\u00e1n controladas ante escasez de medicamentos - El Diario - Bolivia\" \/>\n<meta property=\"og:description\" content=\"Las autoridades prev\u00e9n incrementar el control en farmacias para evitar el agio y la especulaci\u00f3n en los precios de medicamentos contra el Covid-19, luego que la Asociaci\u00f3n de Cadenas de Farmacias (ACAF) advirti\u00f3 sobre la falta de m\u00e1s de 20 f\u00e1rmacos, inform\u00f3 el viceministro de Defensa de Derechos del Usuario y del Consumidor, Jorge Silva. [&hellip;]\" \/>\n<meta property=\"og:url\" content=\"https:\/\/www.eldiario.net\/portal\/2021\/05\/25\/farmacias-seran-controladas-ante-escasez-de-medicamentos\/\" \/>\n<meta property=\"og:site_name\" content=\"El Diario - Bolivia\" \/>\n<meta property=\"article:publisher\" content=\"https:\/\/www.facebook.com\/eldiario.bolivia\/\" \/>\n<meta property=\"article:published_time\" content=\"2021-05-25T10:32:50+00:00\" \/>\n<meta name=\"author\" content=\"Jeanette\" \/>\n<meta name=\"twitter:card\" content=\"summary_large_image\" \/>\n<meta name=\"twitter:creator\" content=\"@eldiario_net\" \/>\n<meta name=\"twitter:site\" content=\"@eldiario_net\" \/>\n<meta name=\"twitter:label1\" content=\"Escrito por\" \/>\n\t<meta name=\"twitter:data1\" content=\"Jeanette\" \/>\n\t<meta name=\"twitter:label2\" content=\"Tiempo de lectura\" \/>\n\t<meta name=\"twitter:data2\" content=\"2 minutos\" \/>\n<script type=\"application\/ld+json\" class=\"yoast-schema-graph\">{\"@context\":\"https:\\\/\\\/schema.org\",\"@graph\":[{\"@type\":\"Article\",\"@id\":\"https:\\\/\\\/www.eldiario.net\\\/portal\\\/2021\\\/05\\\/25\\\/farmacias-seran-controladas-ante-escasez-de-medicamentos\\\/#article\",\"isPartOf\":{\"@id\":\"https:\\\/\\\/www.eldiario.net\\\/portal\\\/2021\\\/05\\\/25\\\/farmacias-seran-controladas-ante-escasez-de-medicamentos\\\/\"},\"author\":{\"name\":\"Jeanette\",\"@id\":\"https:\\\/\\\/www.eldiario.net\\\/portal\\\/#\\\/schema\\\/person\\\/f46445640444750d7d753ccd04ae01b7\"},\"headline\":\"Farmacias ser\u00e1n controladas ante escasez de medicamentos\",\"datePublished\":\"2021-05-25T10:32:50+00:00\",\"mainEntityOfPage\":{\"@id\":\"https:\\\/\\\/www.eldiario.net\\\/portal\\\/2021\\\/05\\\/25\\\/farmacias-seran-controladas-ante-escasez-de-medicamentos\\\/\"},\"wordCount\":323,\"publisher\":{\"@id\":\"https:\\\/\\\/www.eldiario.net\\\/portal\\\/#organization\"},\"image\":{\"@id\":\"https:\\\/\\\/www.eldiario.net\\\/portal\\\/2021\\\/05\\\/25\\\/farmacias-seran-controladas-ante-escasez-de-medicamentos\\\/#primaryimage\"},\"thumbnailUrl\":\"\",\"articleSection\":[\"Sociedad - Seguridad\"],\"inLanguage\":\"es\"},{\"@type\":\"WebPage\",\"@id\":\"https:\\\/\\\/www.eldiario.net\\\/portal\\\/2021\\\/05\\\/25\\\/farmacias-seran-controladas-ante-escasez-de-medicamentos\\\/\",\"url\":\"https:\\\/\\\/www.eldiario.net\\\/portal\\\/2021\\\/05\\\/25\\\/farmacias-seran-controladas-ante-escasez-de-medicamentos\\\/\",\"name\":\"Farmacias ser\u00e1n controladas ante escasez de medicamentos - El Diario - Bolivia\",\"isPartOf\":{\"@id\":\"https:\\\/\\\/www.eldiario.net\\\/portal\\\/#website\"},\"primaryImageOfPage\":{\"@id\":\"https:\\\/\\\/www.eldiario.net\\\/portal\\\/2021\\\/05\\\/25\\\/farmacias-seran-controladas-ante-escasez-de-medicamentos\\\/#primaryimage\"},\"image\":{\"@id\":\"https:\\\/\\\/www.eldiario.net\\\/portal\\\/2021\\\/05\\\/25\\\/farmacias-seran-controladas-ante-escasez-de-medicamentos\\\/#primaryimage\"},\"thumbnailUrl\":\"\",\"datePublished\":\"2021-05-25T10:32:50+00:00\",\"breadcrumb\":{\"@id\":\"https:\\\/\\\/www.eldiario.net\\\/portal\\\/2021\\\/05\\\/25\\\/farmacias-seran-controladas-ante-escasez-de-medicamentos\\\/#breadcrumb\"},\"inLanguage\":\"es\",\"potentialAction\":[{\"@type\":\"ReadAction\",\"target\":[\"https:\\\/\\\/www.eldiario.net\\\/portal\\\/2021\\\/05\\\/25\\\/farmacias-seran-controladas-ante-escasez-de-medicamentos\\\/\"]}]},{\"@type\":\"ImageObject\",\"inLanguage\":\"es\",\"@id\":\"https:\\\/\\\/www.eldiario.net\\\/portal\\\/2021\\\/05\\\/25\\\/farmacias-seran-controladas-ante-escasez-de-medicamentos\\\/#primaryimage\",\"url\":\"\",\"contentUrl\":\"\"},{\"@type\":\"BreadcrumbList\",\"@id\":\"https:\\\/\\\/www.eldiario.net\\\/portal\\\/2021\\\/05\\\/25\\\/farmacias-seran-controladas-ante-escasez-de-medicamentos\\\/#breadcrumb\",\"itemListElement\":[{\"@type\":\"ListItem\",\"position\":1,\"name\":\"Portada\",\"item\":\"https:\\\/\\\/www.eldiario.net\\\/portal\\\/\"},{\"@type\":\"ListItem\",\"position\":2,\"name\":\"Farmacias ser\u00e1n controladas ante escasez de medicamentos\"}]},{\"@type\":\"WebSite\",\"@id\":\"https:\\\/\\\/www.eldiario.net\\\/portal\\\/#website\",\"url\":\"https:\\\/\\\/www.eldiario.net\\\/portal\\\/\",\"name\":\"El Diario - Decano de la prensa nacional\",\"description\":\"El Diario - Decano de la prensa nacional\",\"publisher\":{\"@id\":\"https:\\\/\\\/www.eldiario.net\\\/portal\\\/#organization\"},\"potentialAction\":[{\"@type\":\"SearchAction\",\"target\":{\"@type\":\"EntryPoint\",\"urlTemplate\":\"https:\\\/\\\/www.eldiario.net\\\/portal\\\/?s={search_term_string}\"},\"query-input\":{\"@type\":\"PropertyValueSpecification\",\"valueRequired\":true,\"valueName\":\"search_term_string\"}}],\"inLanguage\":\"es\"},{\"@type\":\"Organization\",\"@id\":\"https:\\\/\\\/www.eldiario.net\\\/portal\\\/#organization\",\"name\":\"El Diario - Decano de la prensa nacional\",\"url\":\"https:\\\/\\\/www.eldiario.net\\\/portal\\\/\",\"logo\":{\"@type\":\"ImageObject\",\"inLanguage\":\"es\",\"@id\":\"https:\\\/\\\/www.eldiario.net\\\/portal\\\/#\\\/schema\\\/logo\\\/image\\\/\",\"url\":\"https:\\\/\\\/www.eldiario.net\\\/portal\\\/wp-content\\\/uploads\\\/2023\\\/07\\\/logo_ED.jpg\",\"contentUrl\":\"https:\\\/\\\/www.eldiario.net\\\/portal\\\/wp-content\\\/uploads\\\/2023\\\/07\\\/logo_ED.jpg\",\"width\":272,\"height\":52,\"caption\":\"El Diario - Decano de la prensa nacional\"},\"image\":{\"@id\":\"https:\\\/\\\/www.eldiario.net\\\/portal\\\/#\\\/schema\\\/logo\\\/image\\\/\"},\"sameAs\":[\"https:\\\/\\\/www.facebook.com\\\/eldiario.bolivia\\\/\",\"https:\\\/\\\/x.com\\\/eldiario_net\"]},{\"@type\":\"Person\",\"@id\":\"https:\\\/\\\/www.eldiario.net\\\/portal\\\/#\\\/schema\\\/person\\\/f46445640444750d7d753ccd04ae01b7\",\"name\":\"Jeanette\",\"image\":{\"@type\":\"ImageObject\",\"inLanguage\":\"es\",\"@id\":\"https:\\\/\\\/secure.gravatar.com\\\/avatar\\\/3ea2118a5f7dad2b7138b1187a6b7ee55f160b9968b66013c3a3ef39dd7e5798?s=96&d=mm&r=g\",\"url\":\"https:\\\/\\\/secure.gravatar.com\\\/avatar\\\/3ea2118a5f7dad2b7138b1187a6b7ee55f160b9968b66013c3a3ef39dd7e5798?s=96&d=mm&r=g\",\"contentUrl\":\"https:\\\/\\\/secure.gravatar.com\\\/avatar\\\/3ea2118a5f7dad2b7138b1187a6b7ee55f160b9968b66013c3a3ef39dd7e5798?s=96&d=mm&r=g\",\"caption\":\"Jeanette\"},\"sameAs\":[\"https:\\\/\\\/www.eldiario.net\\\/portal\"],\"url\":\"https:\\\/\\\/www.eldiario.net\\\/portal\\\/author\\\/jeanette\\\/\"}]}<\/script>\n<!-- \/ Yoast SEO plugin. -->","yoast_head_json":{"title":"Farmacias ser\u00e1n controladas ante escasez de medicamentos - El Diario - Bolivia","robots":{"index":"index","follow":"follow","max-snippet":"max-snippet:-1","max-image-preview":"max-image-preview:large","max-video-preview":"max-video-preview:-1"},"canonical":"https:\/\/www.eldiario.net\/portal\/2021\/05\/25\/farmacias-seran-controladas-ante-escasez-de-medicamentos\/","og_locale":"es_ES","og_type":"article","og_title":"Farmacias ser\u00e1n controladas ante escasez de medicamentos - El Diario - Bolivia","og_description":"Las autoridades prev\u00e9n incrementar el control en farmacias para evitar el agio y la especulaci\u00f3n en los precios de medicamentos contra el Covid-19, luego que la Asociaci\u00f3n de Cadenas de Farmacias (ACAF) advirti\u00f3 sobre la falta de m\u00e1s de 20 f\u00e1rmacos, inform\u00f3 el viceministro de Defensa de Derechos del Usuario y del Consumidor, Jorge Silva. [&hellip;]","og_url":"https:\/\/www.eldiario.net\/portal\/2021\/05\/25\/farmacias-seran-controladas-ante-escasez-de-medicamentos\/","og_site_name":"El Diario - Bolivia","article_publisher":"https:\/\/www.facebook.com\/eldiario.bolivia\/","article_published_time":"2021-05-25T10:32:50+00:00","author":"Jeanette","twitter_card":"summary_large_image","twitter_creator":"@eldiario_net","twitter_site":"@eldiario_net","twitter_misc":{"Escrito por":"Jeanette","Tiempo de lectura":"2 minutos"},"schema":{"@context":"https:\/\/schema.org","@graph":[{"@type":"Article","@id":"https:\/\/www.eldiario.net\/portal\/2021\/05\/25\/farmacias-seran-controladas-ante-escasez-de-medicamentos\/#article","isPartOf":{"@id":"https:\/\/www.eldiario.net\/portal\/2021\/05\/25\/farmacias-seran-controladas-ante-escasez-de-medicamentos\/"},"author":{"name":"Jeanette","@id":"https:\/\/www.eldiario.net\/portal\/#\/schema\/person\/f46445640444750d7d753ccd04ae01b7"},"headline":"Farmacias ser\u00e1n controladas ante escasez de medicamentos","datePublished":"2021-05-25T10:32:50+00:00","mainEntityOfPage":{"@id":"https:\/\/www.eldiario.net\/portal\/2021\/05\/25\/farmacias-seran-controladas-ante-escasez-de-medicamentos\/"},"wordCount":323,"publisher":{"@id":"https:\/\/www.eldiario.net\/portal\/#organization"},"image":{"@id":"https:\/\/www.eldiario.net\/portal\/2021\/05\/25\/farmacias-seran-controladas-ante-escasez-de-medicamentos\/#primaryimage"},"thumbnailUrl":"","articleSection":["Sociedad - Seguridad"],"inLanguage":"es"},{"@type":"WebPage","@id":"https:\/\/www.eldiario.net\/portal\/2021\/05\/25\/farmacias-seran-controladas-ante-escasez-de-medicamentos\/","url":"https:\/\/www.eldiario.net\/portal\/2021\/05\/25\/farmacias-seran-controladas-ante-escasez-de-medicamentos\/","name":"Farmacias ser\u00e1n controladas ante escasez de medicamentos - El Diario - Bolivia","isPartOf":{"@id":"https:\/\/www.eldiario.net\/portal\/#website"},"primaryImageOfPage":{"@id":"https:\/\/www.eldiario.net\/portal\/2021\/05\/25\/farmacias-seran-controladas-ante-escasez-de-medicamentos\/#primaryimage"},"image":{"@id":"https:\/\/www.eldiario.net\/portal\/2021\/05\/25\/farmacias-seran-controladas-ante-escasez-de-medicamentos\/#primaryimage"},"thumbnailUrl":"","datePublished":"2021-05-25T10:32:50+00:00","breadcrumb":{"@id":"https:\/\/www.eldiario.net\/portal\/2021\/05\/25\/farmacias-seran-controladas-ante-escasez-de-medicamentos\/#breadcrumb"},"inLanguage":"es","potentialAction":[{"@type":"ReadAction","target":["https:\/\/www.eldiario.net\/portal\/2021\/05\/25\/farmacias-seran-controladas-ante-escasez-de-medicamentos\/"]}]},{"@type":"ImageObject","inLanguage":"es","@id":"https:\/\/www.eldiario.net\/portal\/2021\/05\/25\/farmacias-seran-controladas-ante-escasez-de-medicamentos\/#primaryimage","url":"","contentUrl":""},{"@type":"BreadcrumbList","@id":"https:\/\/www.eldiario.net\/portal\/2021\/05\/25\/farmacias-seran-controladas-ante-escasez-de-medicamentos\/#breadcrumb","itemListElement":[{"@type":"ListItem","position":1,"name":"Portada","item":"https:\/\/www.eldiario.net\/portal\/"},{"@type":"ListItem","position":2,"name":"Farmacias ser\u00e1n controladas ante escasez de medicamentos"}]},{"@type":"WebSite","@id":"https:\/\/www.eldiario.net\/portal\/#website","url":"https:\/\/www.eldiario.net\/portal\/","name":"El Diario - Decano de la prensa nacional","description":"El Diario - Decano de la prensa nacional","publisher":{"@id":"https:\/\/www.eldiario.net\/portal\/#organization"},"potentialAction":[{"@type":"SearchAction","target":{"@type":"EntryPoint","urlTemplate":"https:\/\/www.eldiario.net\/portal\/?s={search_term_string}"},"query-input":{"@type":"PropertyValueSpecification","valueRequired":true,"valueName":"search_term_string"}}],"inLanguage":"es"},{"@type":"Organization","@id":"https:\/\/www.eldiario.net\/portal\/#organization","name":"El Diario - Decano de la prensa nacional","url":"https:\/\/www.eldiario.net\/portal\/","logo":{"@type":"ImageObject","inLanguage":"es","@id":"https:\/\/www.eldiario.net\/portal\/#\/schema\/logo\/image\/","url":"https:\/\/www.eldiario.net\/portal\/wp-content\/uploads\/2023\/07\/logo_ED.jpg","contentUrl":"https:\/\/www.eldiario.net\/portal\/wp-content\/uploads\/2023\/07\/logo_ED.jpg","width":272,"height":52,"caption":"El Diario - Decano de la prensa nacional"},"image":{"@id":"https:\/\/www.eldiario.net\/portal\/#\/schema\/logo\/image\/"},"sameAs":["https:\/\/www.facebook.com\/eldiario.bolivia\/","https:\/\/x.com\/eldiario_net"]},{"@type":"Person","@id":"https:\/\/www.eldiario.net\/portal\/#\/schema\/person\/f46445640444750d7d753ccd04ae01b7","name":"Jeanette","image":{"@type":"ImageObject","inLanguage":"es","@id":"https:\/\/secure.gravatar.com\/avatar\/3ea2118a5f7dad2b7138b1187a6b7ee55f160b9968b66013c3a3ef39dd7e5798?s=96&d=mm&r=g","url":"https:\/\/secure.gravatar.com\/avatar\/3ea2118a5f7dad2b7138b1187a6b7ee55f160b9968b66013c3a3ef39dd7e5798?s=96&d=mm&r=g","contentUrl":"https:\/\/secure.gravatar.com\/avatar\/3ea2118a5f7dad2b7138b1187a6b7ee55f160b9968b66013c3a3ef39dd7e5798?s=96&d=mm&r=g","caption":"Jeanette"},"sameAs":["https:\/\/www.eldiario.net\/portal"],"url":"https:\/\/www.eldiario.net\/portal\/author\/jeanette\/"}]}},"_links":{"self":[{"href":"https:\/\/www.eldiario.net\/portal\/wp-json\/wp\/v2\/posts\/6184","targetHints":{"allow":["GET"]}}],"collection":[{"href":"https:\/\/www.eldiario.net\/portal\/wp-json\/wp\/v2\/posts"}],"about":[{"href":"https:\/\/www.eldiario.net\/portal\/wp-json\/wp\/v2\/types\/post"}],"author":[{"embeddable":true,"href":"https:\/\/www.eldiario.net\/portal\/wp-json\/wp\/v2\/users\/1"}],"replies":[{"embeddable":true,"href":"https:\/\/www.eldiario.net\/portal\/wp-json\/wp\/v2\/comments?post=6184"}],"version-history":[{"count":0,"href":"https:\/\/www.eldiario.net\/portal\/wp-json\/wp\/v2\/posts\/6184\/revisions"}],"wp:attachment":[{"href":"https:\/\/www.eldiario.net\/portal\/wp-json\/wp\/v2\/media?parent=6184"}],"wp:term":[{"taxonomy":"category","embeddable":true,"href":"https:\/\/www.eldiario.net\/portal\/wp-json\/wp\/v2\/categories?post=6184"},{"taxonomy":"post_tag","embeddable":true,"href":"https:\/\/www.eldiario.net\/portal\/wp-json\/wp\/v2\/tags?post=6184"}],"curies":[{"name":"wp","href":"https:\/\/api.w.org\/{rel}","templated":true}]}}