{"id":6172,"date":"2021-05-25T06:28:40","date_gmt":"2021-05-25T10:28:40","guid":{"rendered":"https:\/\/www.eldiario.net\/portal\/?p=6172"},"modified":"2021-05-25T06:28:40","modified_gmt":"2021-05-25T10:28:40","slug":"costa-vamos-a-seguir-trabajando-por-el-futbol-boliviano","status":"publish","type":"post","link":"https:\/\/www.eldiario.net\/portal\/2021\/05\/25\/costa-vamos-a-seguir-trabajando-por-el-futbol-boliviano\/","title":{"rendered":"Costa: \u201cVamos a seguir trabajando por el f\u00fatbol boliviano\u201d"},"content":{"rendered":"<p>El presidente de la Federaci\u00f3n Boliviana de F\u00fatbol (FBF), Fernando Costa, asegur\u00f3 ayer que seguir\u00e1 trabajando por el bien del f\u00fatbol nacional esto tras el rechazo de la Sala Constitucional Cuarta del Tribunal Departamental de Justicia de Santa Cruz al recurso de Amparo Constitucional que interpuso Robert Blanco.<\/p>\n<p>\u201cEst\u00e1bamos atravesando momentos muy cr\u00edticos dentro del f\u00fatbol nacional. Nosotros vamos a seguir trabajando en la mejora de nuestro f\u00fatbol. Esperemos contar con todos los actores que buscan el bien de este deporte. Nos queda ahora salir adelante\u201d, dijo Costa en conferencia de prensa virtual.<\/p>\n<p>En una audiencia que dur\u00f3 alrededor de tres horas, el tribunal cruce\u00f1o rechaz\u00f3 la tutela de la FBF a Blanco quien exig\u00eda asumir como titular de la Federaci\u00f3n en lugar de Costa. Dicho tribunal afirm\u00f3 que el dirigente cruce\u00f1o no agot\u00f3 todas las instancias que regulan la actividad dirigencial y deportiva.<\/p>\n<p>Esto adem\u00e1s signific\u00f3 que Costa pueda realizar diferentes acciones administrativas dentro de la Federaci\u00f3n lo que qued\u00f3 hace dos semanas congeladas debido a una decisi\u00f3n de esta sala constitucional. \u201cNosotros no vamos a realizar una cacer\u00eda de brujas. Vamos a trabajar por el f\u00fatbol\u201d, sostuvo Costa refiri\u00e9ndose a seg\u00fan \u00e9l a actores que estuvieron detr\u00e1s de este amparo.<\/p>\n<p>Por otro lado, el titular federativo indic\u00f3 que tuvo una reuni\u00f3n previa con el director t\u00e9cnico de la Selecci\u00f3n Boliviana e indic\u00f3 que en esta semana saldr\u00e1 la n\u00f3mina de la convocatoria para los partidos de Eliminatorias que se disputar\u00e1n en los primeros d\u00edas de junio. Y sobre el retorno del balompi\u00e9 nacional aclar\u00f3 que volver\u00e1 en julio tras la participaci\u00f3n de la Verde en la Copa Am\u00e9rica.<\/p>\n<p><strong>NO DESCARTA MODIFICAR EL ESTATUTO DE LA FBF <\/strong><\/p>\n<p>Fernando Costa propondr\u00e1 en un pr\u00f3ximo congreso ordinario de la FBF la modificaci\u00f3n del estatuto de esta instituci\u00f3n para poner un candado a futuros amparos constitucionales que se puedan presentar en el balompi\u00e9 nacional.<\/p>\n<p>\u201cVamos a trabajar en convocar un congreso ordinario donde propondremos la modificaci\u00f3n estatutaria y en esta modificaci\u00f3n deber\u00e1 ser incluida \u00e1giles tratamientos y sanciones duras para los dirigentes que act\u00faen como actu\u00f3 Robert Blanco\u201d, dijo Costa.<\/p>\n<p>En tanto, el presidente de la FBF indic\u00f3 que como primera medida continuar\u00e1 realizando las gestiones para las vacunas contra el Covid-19 para los futbolistas. \u201cLo prioritario es contar con esas vacunas. Hay que lograr inmunizar a todo el sistema del f\u00fatbol boliviano.\u00a0 Principalmente a todos los componentes de la delegaci\u00f3n boliviana en la participaci\u00f3n de las Eliminatorias y Copa Am\u00e9rica\u201d, subray\u00f3.<\/p>\n","protected":false},"excerpt":{"rendered":"<p>El presidente de la Federaci\u00f3n Boliviana de F\u00fatbol (FBF), Fernando Costa, asegur\u00f3 ayer que seguir\u00e1 trabajando por el bien del f\u00fatbol nacional esto tras el rechazo de la Sala Constitucional Cuarta del Tribunal Departamental de Justicia de Santa Cruz al recurso de Amparo Constitucional que interpuso Robert Blanco. \u201cEst\u00e1bamos atravesando momentos muy cr\u00edticos dentro del [&hellip;]<\/p>\n","protected":false},"author":1,"featured_media":6173,"comment_status":"closed","ping_status":"closed","sticky":false,"template":"","format":"standard","meta":{"_acf_changed":false,"footnotes":""},"categories":[6],"tags":[],"class_list":["post-6172","post","type-post","status-publish","format-standard","has-post-thumbnail","category-deportes"],"acf":{"antetitulo":""},"yoast_head":"<!-- This site is optimized with the Yoast SEO plugin v28.3 - https:\/\/yoast.com\/product\/yoast-seo-wordpress\/ -->\n<title>Costa: \u201cVamos a seguir trabajando por el f\u00fatbol boliviano\u201d - El Diario - Bolivia<\/title>\n<meta name=\"robots\" content=\"index, follow, max-snippet:-1, max-image-preview:large, max-video-preview:-1\" \/>\n<link rel=\"canonical\" href=\"https:\/\/www.eldiario.net\/portal\/2021\/05\/25\/costa-vamos-a-seguir-trabajando-por-el-futbol-boliviano\/\" \/>\n<meta property=\"og:locale\" content=\"es_ES\" \/>\n<meta property=\"og:type\" content=\"article\" \/>\n<meta property=\"og:title\" content=\"Costa: \u201cVamos a seguir trabajando por el f\u00fatbol boliviano\u201d - El Diario - Bolivia\" \/>\n<meta property=\"og:description\" content=\"El presidente de la Federaci\u00f3n Boliviana de F\u00fatbol (FBF), Fernando Costa, asegur\u00f3 ayer que seguir\u00e1 trabajando por el bien del f\u00fatbol nacional esto tras el rechazo de la Sala Constitucional Cuarta del Tribunal Departamental de Justicia de Santa Cruz al recurso de Amparo Constitucional que interpuso Robert Blanco. \u201cEst\u00e1bamos atravesando momentos muy cr\u00edticos dentro del [&hellip;]\" \/>\n<meta property=\"og:url\" content=\"https:\/\/www.eldiario.net\/portal\/2021\/05\/25\/costa-vamos-a-seguir-trabajando-por-el-futbol-boliviano\/\" \/>\n<meta property=\"og:site_name\" content=\"El Diario - Bolivia\" \/>\n<meta property=\"article:publisher\" content=\"https:\/\/www.facebook.com\/eldiario.bolivia\/\" \/>\n<meta property=\"article:published_time\" content=\"2021-05-25T10:28:40+00:00\" \/>\n<meta property=\"og:image\" content=\"https:\/\/www.eldiario.net\/portal\/wp-content\/uploads\/2021\/05\/DEPO-Costa-Vamos-a-seguir-trabajando-scaled-1.jpg\" \/>\n\t<meta property=\"og:image:width\" content=\"2560\" \/>\n\t<meta property=\"og:image:height\" content=\"1755\" \/>\n\t<meta property=\"og:image:type\" content=\"image\/jpeg\" \/>\n<meta name=\"author\" content=\"Jeanette\" \/>\n<meta name=\"twitter:card\" content=\"summary_large_image\" \/>\n<meta name=\"twitter:creator\" content=\"@eldiario_net\" \/>\n<meta name=\"twitter:site\" content=\"@eldiario_net\" \/>\n<meta name=\"twitter:label1\" content=\"Escrito por\" \/>\n\t<meta name=\"twitter:data1\" content=\"Jeanette\" \/>\n\t<meta name=\"twitter:label2\" content=\"Tiempo de lectura\" \/>\n\t<meta name=\"twitter:data2\" content=\"2 minutos\" \/>\n<script type=\"application\/ld+json\" class=\"yoast-schema-graph\">{\"@context\":\"https:\\\/\\\/schema.org\",\"@graph\":[{\"@type\":\"Article\",\"@id\":\"https:\\\/\\\/www.eldiario.net\\\/portal\\\/2021\\\/05\\\/25\\\/costa-vamos-a-seguir-trabajando-por-el-futbol-boliviano\\\/#article\",\"isPartOf\":{\"@id\":\"https:\\\/\\\/www.eldiario.net\\\/portal\\\/2021\\\/05\\\/25\\\/costa-vamos-a-seguir-trabajando-por-el-futbol-boliviano\\\/\"},\"author\":{\"name\":\"Jeanette\",\"@id\":\"https:\\\/\\\/www.eldiario.net\\\/portal\\\/#\\\/schema\\\/person\\\/f46445640444750d7d753ccd04ae01b7\"},\"headline\":\"Costa: \u201cVamos a seguir trabajando por el f\u00fatbol boliviano\u201d\",\"datePublished\":\"2021-05-25T10:28:40+00:00\",\"mainEntityOfPage\":{\"@id\":\"https:\\\/\\\/www.eldiario.net\\\/portal\\\/2021\\\/05\\\/25\\\/costa-vamos-a-seguir-trabajando-por-el-futbol-boliviano\\\/\"},\"wordCount\":457,\"publisher\":{\"@id\":\"https:\\\/\\\/www.eldiario.net\\\/portal\\\/#organization\"},\"image\":{\"@id\":\"https:\\\/\\\/www.eldiario.net\\\/portal\\\/2021\\\/05\\\/25\\\/costa-vamos-a-seguir-trabajando-por-el-futbol-boliviano\\\/#primaryimage\"},\"thumbnailUrl\":\"https:\\\/\\\/www.eldiario.net\\\/portal\\\/wp-content\\\/uploads\\\/2021\\\/05\\\/DEPO-Costa-Vamos-a-seguir-trabajando-scaled-1.jpg\",\"articleSection\":[\"Deportes\"],\"inLanguage\":\"es\"},{\"@type\":\"WebPage\",\"@id\":\"https:\\\/\\\/www.eldiario.net\\\/portal\\\/2021\\\/05\\\/25\\\/costa-vamos-a-seguir-trabajando-por-el-futbol-boliviano\\\/\",\"url\":\"https:\\\/\\\/www.eldiario.net\\\/portal\\\/2021\\\/05\\\/25\\\/costa-vamos-a-seguir-trabajando-por-el-futbol-boliviano\\\/\",\"name\":\"Costa: \u201cVamos a seguir trabajando por el f\u00fatbol boliviano\u201d - El Diario - Bolivia\",\"isPartOf\":{\"@id\":\"https:\\\/\\\/www.eldiario.net\\\/portal\\\/#website\"},\"primaryImageOfPage\":{\"@id\":\"https:\\\/\\\/www.eldiario.net\\\/portal\\\/2021\\\/05\\\/25\\\/costa-vamos-a-seguir-trabajando-por-el-futbol-boliviano\\\/#primaryimage\"},\"image\":{\"@id\":\"https:\\\/\\\/www.eldiario.net\\\/portal\\\/2021\\\/05\\\/25\\\/costa-vamos-a-seguir-trabajando-por-el-futbol-boliviano\\\/#primaryimage\"},\"thumbnailUrl\":\"https:\\\/\\\/www.eldiario.net\\\/portal\\\/wp-content\\\/uploads\\\/2021\\\/05\\\/DEPO-Costa-Vamos-a-seguir-trabajando-scaled-1.jpg\",\"datePublished\":\"2021-05-25T10:28:40+00:00\",\"breadcrumb\":{\"@id\":\"https:\\\/\\\/www.eldiario.net\\\/portal\\\/2021\\\/05\\\/25\\\/costa-vamos-a-seguir-trabajando-por-el-futbol-boliviano\\\/#breadcrumb\"},\"inLanguage\":\"es\",\"potentialAction\":[{\"@type\":\"ReadAction\",\"target\":[\"https:\\\/\\\/www.eldiario.net\\\/portal\\\/2021\\\/05\\\/25\\\/costa-vamos-a-seguir-trabajando-por-el-futbol-boliviano\\\/\"]}]},{\"@type\":\"ImageObject\",\"inLanguage\":\"es\",\"@id\":\"https:\\\/\\\/www.eldiario.net\\\/portal\\\/2021\\\/05\\\/25\\\/costa-vamos-a-seguir-trabajando-por-el-futbol-boliviano\\\/#primaryimage\",\"url\":\"https:\\\/\\\/www.eldiario.net\\\/portal\\\/wp-content\\\/uploads\\\/2021\\\/05\\\/DEPO-Costa-Vamos-a-seguir-trabajando-scaled-1.jpg\",\"contentUrl\":\"https:\\\/\\\/www.eldiario.net\\\/portal\\\/wp-content\\\/uploads\\\/2021\\\/05\\\/DEPO-Costa-Vamos-a-seguir-trabajando-scaled-1.jpg\",\"width\":2560,\"height\":1755},{\"@type\":\"BreadcrumbList\",\"@id\":\"https:\\\/\\\/www.eldiario.net\\\/portal\\\/2021\\\/05\\\/25\\\/costa-vamos-a-seguir-trabajando-por-el-futbol-boliviano\\\/#breadcrumb\",\"itemListElement\":[{\"@type\":\"ListItem\",\"position\":1,\"name\":\"Portada\",\"item\":\"https:\\\/\\\/www.eldiario.net\\\/portal\\\/\"},{\"@type\":\"ListItem\",\"position\":2,\"name\":\"Costa: \u201cVamos a seguir trabajando por el f\u00fatbol boliviano\u201d\"}]},{\"@type\":\"WebSite\",\"@id\":\"https:\\\/\\\/www.eldiario.net\\\/portal\\\/#website\",\"url\":\"https:\\\/\\\/www.eldiario.net\\\/portal\\\/\",\"name\":\"El Diario - Decano de la prensa nacional\",\"description\":\"El Diario - Decano de la prensa nacional\",\"publisher\":{\"@id\":\"https:\\\/\\\/www.eldiario.net\\\/portal\\\/#organization\"},\"potentialAction\":[{\"@type\":\"SearchAction\",\"target\":{\"@type\":\"EntryPoint\",\"urlTemplate\":\"https:\\\/\\\/www.eldiario.net\\\/portal\\\/?s={search_term_string}\"},\"query-input\":{\"@type\":\"PropertyValueSpecification\",\"valueRequired\":true,\"valueName\":\"search_term_string\"}}],\"inLanguage\":\"es\"},{\"@type\":\"Organization\",\"@id\":\"https:\\\/\\\/www.eldiario.net\\\/portal\\\/#organization\",\"name\":\"El Diario - Decano de la prensa nacional\",\"url\":\"https:\\\/\\\/www.eldiario.net\\\/portal\\\/\",\"logo\":{\"@type\":\"ImageObject\",\"inLanguage\":\"es\",\"@id\":\"https:\\\/\\\/www.eldiario.net\\\/portal\\\/#\\\/schema\\\/logo\\\/image\\\/\",\"url\":\"https:\\\/\\\/www.eldiario.net\\\/portal\\\/wp-content\\\/uploads\\\/2023\\\/07\\\/logo_ED.jpg\",\"contentUrl\":\"https:\\\/\\\/www.eldiario.net\\\/portal\\\/wp-content\\\/uploads\\\/2023\\\/07\\\/logo_ED.jpg\",\"width\":272,\"height\":52,\"caption\":\"El Diario - Decano de la prensa nacional\"},\"image\":{\"@id\":\"https:\\\/\\\/www.eldiario.net\\\/portal\\\/#\\\/schema\\\/logo\\\/image\\\/\"},\"sameAs\":[\"https:\\\/\\\/www.facebook.com\\\/eldiario.bolivia\\\/\",\"https:\\\/\\\/x.com\\\/eldiario_net\"]},{\"@type\":\"Person\",\"@id\":\"https:\\\/\\\/www.eldiario.net\\\/portal\\\/#\\\/schema\\\/person\\\/f46445640444750d7d753ccd04ae01b7\",\"name\":\"Jeanette\",\"image\":{\"@type\":\"ImageObject\",\"inLanguage\":\"es\",\"@id\":\"https:\\\/\\\/secure.gravatar.com\\\/avatar\\\/3ea2118a5f7dad2b7138b1187a6b7ee55f160b9968b66013c3a3ef39dd7e5798?s=96&d=mm&r=g\",\"url\":\"https:\\\/\\\/secure.gravatar.com\\\/avatar\\\/3ea2118a5f7dad2b7138b1187a6b7ee55f160b9968b66013c3a3ef39dd7e5798?s=96&d=mm&r=g\",\"contentUrl\":\"https:\\\/\\\/secure.gravatar.com\\\/avatar\\\/3ea2118a5f7dad2b7138b1187a6b7ee55f160b9968b66013c3a3ef39dd7e5798?s=96&d=mm&r=g\",\"caption\":\"Jeanette\"},\"sameAs\":[\"https:\\\/\\\/www.eldiario.net\\\/portal\"],\"url\":\"https:\\\/\\\/www.eldiario.net\\\/portal\\\/author\\\/jeanette\\\/\"}]}<\/script>\n<!-- \/ Yoast SEO plugin. -->","yoast_head_json":{"title":"Costa: \u201cVamos a seguir trabajando por el f\u00fatbol boliviano\u201d - El Diario - Bolivia","robots":{"index":"index","follow":"follow","max-snippet":"max-snippet:-1","max-image-preview":"max-image-preview:large","max-video-preview":"max-video-preview:-1"},"canonical":"https:\/\/www.eldiario.net\/portal\/2021\/05\/25\/costa-vamos-a-seguir-trabajando-por-el-futbol-boliviano\/","og_locale":"es_ES","og_type":"article","og_title":"Costa: \u201cVamos a seguir trabajando por el f\u00fatbol boliviano\u201d - El Diario - Bolivia","og_description":"El presidente de la Federaci\u00f3n Boliviana de F\u00fatbol (FBF), Fernando Costa, asegur\u00f3 ayer que seguir\u00e1 trabajando por el bien del f\u00fatbol nacional esto tras el rechazo de la Sala Constitucional Cuarta del Tribunal Departamental de Justicia de Santa Cruz al recurso de Amparo Constitucional que interpuso Robert Blanco. \u201cEst\u00e1bamos atravesando momentos muy cr\u00edticos dentro del [&hellip;]","og_url":"https:\/\/www.eldiario.net\/portal\/2021\/05\/25\/costa-vamos-a-seguir-trabajando-por-el-futbol-boliviano\/","og_site_name":"El Diario - Bolivia","article_publisher":"https:\/\/www.facebook.com\/eldiario.bolivia\/","article_published_time":"2021-05-25T10:28:40+00:00","og_image":[{"width":2560,"height":1755,"url":"https:\/\/www.eldiario.net\/portal\/wp-content\/uploads\/2021\/05\/DEPO-Costa-Vamos-a-seguir-trabajando-scaled-1.jpg","type":"image\/jpeg"}],"author":"Jeanette","twitter_card":"summary_large_image","twitter_creator":"@eldiario_net","twitter_site":"@eldiario_net","twitter_misc":{"Escrito por":"Jeanette","Tiempo de lectura":"2 minutos"},"schema":{"@context":"https:\/\/schema.org","@graph":[{"@type":"Article","@id":"https:\/\/www.eldiario.net\/portal\/2021\/05\/25\/costa-vamos-a-seguir-trabajando-por-el-futbol-boliviano\/#article","isPartOf":{"@id":"https:\/\/www.eldiario.net\/portal\/2021\/05\/25\/costa-vamos-a-seguir-trabajando-por-el-futbol-boliviano\/"},"author":{"name":"Jeanette","@id":"https:\/\/www.eldiario.net\/portal\/#\/schema\/person\/f46445640444750d7d753ccd04ae01b7"},"headline":"Costa: \u201cVamos a seguir trabajando por el f\u00fatbol boliviano\u201d","datePublished":"2021-05-25T10:28:40+00:00","mainEntityOfPage":{"@id":"https:\/\/www.eldiario.net\/portal\/2021\/05\/25\/costa-vamos-a-seguir-trabajando-por-el-futbol-boliviano\/"},"wordCount":457,"publisher":{"@id":"https:\/\/www.eldiario.net\/portal\/#organization"},"image":{"@id":"https:\/\/www.eldiario.net\/portal\/2021\/05\/25\/costa-vamos-a-seguir-trabajando-por-el-futbol-boliviano\/#primaryimage"},"thumbnailUrl":"https:\/\/www.eldiario.net\/portal\/wp-content\/uploads\/2021\/05\/DEPO-Costa-Vamos-a-seguir-trabajando-scaled-1.jpg","articleSection":["Deportes"],"inLanguage":"es"},{"@type":"WebPage","@id":"https:\/\/www.eldiario.net\/portal\/2021\/05\/25\/costa-vamos-a-seguir-trabajando-por-el-futbol-boliviano\/","url":"https:\/\/www.eldiario.net\/portal\/2021\/05\/25\/costa-vamos-a-seguir-trabajando-por-el-futbol-boliviano\/","name":"Costa: \u201cVamos a seguir trabajando por el f\u00fatbol boliviano\u201d - El Diario - Bolivia","isPartOf":{"@id":"https:\/\/www.eldiario.net\/portal\/#website"},"primaryImageOfPage":{"@id":"https:\/\/www.eldiario.net\/portal\/2021\/05\/25\/costa-vamos-a-seguir-trabajando-por-el-futbol-boliviano\/#primaryimage"},"image":{"@id":"https:\/\/www.eldiario.net\/portal\/2021\/05\/25\/costa-vamos-a-seguir-trabajando-por-el-futbol-boliviano\/#primaryimage"},"thumbnailUrl":"https:\/\/www.eldiario.net\/portal\/wp-content\/uploads\/2021\/05\/DEPO-Costa-Vamos-a-seguir-trabajando-scaled-1.jpg","datePublished":"2021-05-25T10:28:40+00:00","breadcrumb":{"@id":"https:\/\/www.eldiario.net\/portal\/2021\/05\/25\/costa-vamos-a-seguir-trabajando-por-el-futbol-boliviano\/#breadcrumb"},"inLanguage":"es","potentialAction":[{"@type":"ReadAction","target":["https:\/\/www.eldiario.net\/portal\/2021\/05\/25\/costa-vamos-a-seguir-trabajando-por-el-futbol-boliviano\/"]}]},{"@type":"ImageObject","inLanguage":"es","@id":"https:\/\/www.eldiario.net\/portal\/2021\/05\/25\/costa-vamos-a-seguir-trabajando-por-el-futbol-boliviano\/#primaryimage","url":"https:\/\/www.eldiario.net\/portal\/wp-content\/uploads\/2021\/05\/DEPO-Costa-Vamos-a-seguir-trabajando-scaled-1.jpg","contentUrl":"https:\/\/www.eldiario.net\/portal\/wp-content\/uploads\/2021\/05\/DEPO-Costa-Vamos-a-seguir-trabajando-scaled-1.jpg","width":2560,"height":1755},{"@type":"BreadcrumbList","@id":"https:\/\/www.eldiario.net\/portal\/2021\/05\/25\/costa-vamos-a-seguir-trabajando-por-el-futbol-boliviano\/#breadcrumb","itemListElement":[{"@type":"ListItem","position":1,"name":"Portada","item":"https:\/\/www.eldiario.net\/portal\/"},{"@type":"ListItem","position":2,"name":"Costa: \u201cVamos a seguir trabajando por el f\u00fatbol boliviano\u201d"}]},{"@type":"WebSite","@id":"https:\/\/www.eldiario.net\/portal\/#website","url":"https:\/\/www.eldiario.net\/portal\/","name":"El Diario - Decano de la prensa nacional","description":"El Diario - Decano de la prensa nacional","publisher":{"@id":"https:\/\/www.eldiario.net\/portal\/#organization"},"potentialAction":[{"@type":"SearchAction","target":{"@type":"EntryPoint","urlTemplate":"https:\/\/www.eldiario.net\/portal\/?s={search_term_string}"},"query-input":{"@type":"PropertyValueSpecification","valueRequired":true,"valueName":"search_term_string"}}],"inLanguage":"es"},{"@type":"Organization","@id":"https:\/\/www.eldiario.net\/portal\/#organization","name":"El Diario - Decano de la prensa nacional","url":"https:\/\/www.eldiario.net\/portal\/","logo":{"@type":"ImageObject","inLanguage":"es","@id":"https:\/\/www.eldiario.net\/portal\/#\/schema\/logo\/image\/","url":"https:\/\/www.eldiario.net\/portal\/wp-content\/uploads\/2023\/07\/logo_ED.jpg","contentUrl":"https:\/\/www.eldiario.net\/portal\/wp-content\/uploads\/2023\/07\/logo_ED.jpg","width":272,"height":52,"caption":"El Diario - Decano de la prensa nacional"},"image":{"@id":"https:\/\/www.eldiario.net\/portal\/#\/schema\/logo\/image\/"},"sameAs":["https:\/\/www.facebook.com\/eldiario.bolivia\/","https:\/\/x.com\/eldiario_net"]},{"@type":"Person","@id":"https:\/\/www.eldiario.net\/portal\/#\/schema\/person\/f46445640444750d7d753ccd04ae01b7","name":"Jeanette","image":{"@type":"ImageObject","inLanguage":"es","@id":"https:\/\/secure.gravatar.com\/avatar\/3ea2118a5f7dad2b7138b1187a6b7ee55f160b9968b66013c3a3ef39dd7e5798?s=96&d=mm&r=g","url":"https:\/\/secure.gravatar.com\/avatar\/3ea2118a5f7dad2b7138b1187a6b7ee55f160b9968b66013c3a3ef39dd7e5798?s=96&d=mm&r=g","contentUrl":"https:\/\/secure.gravatar.com\/avatar\/3ea2118a5f7dad2b7138b1187a6b7ee55f160b9968b66013c3a3ef39dd7e5798?s=96&d=mm&r=g","caption":"Jeanette"},"sameAs":["https:\/\/www.eldiario.net\/portal"],"url":"https:\/\/www.eldiario.net\/portal\/author\/jeanette\/"}]}},"_links":{"self":[{"href":"https:\/\/www.eldiario.net\/portal\/wp-json\/wp\/v2\/posts\/6172","targetHints":{"allow":["GET"]}}],"collection":[{"href":"https:\/\/www.eldiario.net\/portal\/wp-json\/wp\/v2\/posts"}],"about":[{"href":"https:\/\/www.eldiario.net\/portal\/wp-json\/wp\/v2\/types\/post"}],"author":[{"embeddable":true,"href":"https:\/\/www.eldiario.net\/portal\/wp-json\/wp\/v2\/users\/1"}],"replies":[{"embeddable":true,"href":"https:\/\/www.eldiario.net\/portal\/wp-json\/wp\/v2\/comments?post=6172"}],"version-history":[{"count":0,"href":"https:\/\/www.eldiario.net\/portal\/wp-json\/wp\/v2\/posts\/6172\/revisions"}],"wp:featuredmedia":[{"embeddable":true,"href":"https:\/\/www.eldiario.net\/portal\/wp-json\/wp\/v2\/media\/6173"}],"wp:attachment":[{"href":"https:\/\/www.eldiario.net\/portal\/wp-json\/wp\/v2\/media?parent=6172"}],"wp:term":[{"taxonomy":"category","embeddable":true,"href":"https:\/\/www.eldiario.net\/portal\/wp-json\/wp\/v2\/categories?post=6172"},{"taxonomy":"post_tag","embeddable":true,"href":"https:\/\/www.eldiario.net\/portal\/wp-json\/wp\/v2\/tags?post=6172"}],"curies":[{"name":"wp","href":"https:\/\/api.w.org\/{rel}","templated":true}]}}